{"id":83598,"date":"2024-09-03T01:33:32","date_gmt":"2024-09-03T05:33:32","guid":{"rendered":"https:\/\/www.ludwig-van.com\/montreal\/?p=83598"},"modified":"2024-09-03T08:00:04","modified_gmt":"2024-09-03T12:00:04","slug":"choix-de-la-redaction-beatles-anime-vampires-creatures-mythiques-et-legendaires-se-donnent-en-concert","status":"publish","type":"post","link":"https:\/\/www.ludwig-van.com\/montreal\/2024\/09\/03\/choix-de-la-redaction-beatles-anime-vampires-creatures-mythiques-et-legendaires-se-donnent-en-concert\/","title":{"rendered":"CHOIX DE LA R\u00c9DACTION | Beatles, anime, vampires : cr\u00e9atures mythiques et l\u00e9gendaires se donnent en concert!"},"content":{"rendered":"<figure id=\"attachment_83601\" aria-describedby=\"caption-attachment-83601\" style=\"width: 1200px\" class=\"wp-caption aligncenter\"><img decoding=\"async\" loading=\"lazy\" class=\"size-full wp-image-83601\" src=\"https:\/\/www.ludwig-van.com\/montreal\/wp-content\/uploads\/sites\/3\/2024\/09\/Copie-de-CONCERTS39.jpg\" alt=\"Journ\u00e9es du patrimoine religieux; Rafael Payare (Photo : Gabriel Fournier); Symphonic anime\" width=\"1200\" height=\"628\" srcset=\"https:\/\/www.ludwig-van.com\/montreal\/wp-content\/uploads\/sites\/3\/2024\/09\/Copie-de-CONCERTS39.jpg 1200w, https:\/\/www.ludwig-van.com\/montreal\/wp-content\/uploads\/sites\/3\/2024\/09\/Copie-de-CONCERTS39-300x157.jpg 300w, https:\/\/www.ludwig-van.com\/montreal\/wp-content\/uploads\/sites\/3\/2024\/09\/Copie-de-CONCERTS39-1024x536.jpg 1024w, https:\/\/www.ludwig-van.com\/montreal\/wp-content\/uploads\/sites\/3\/2024\/09\/Copie-de-CONCERTS39-768x402.jpg 768w\" sizes=\"(max-width: 1200px) 100vw, 1200px\" \/><figcaption id=\"caption-attachment-83601\" class=\"wp-caption-text\">Journ\u00e9es du patrimoine religieux; Rafael Payare (Photo : Gabriel Fournier); Symphonic anime<\/figcaption><\/figure>\n<p>Entre la fin des festivals estivaux et le d\u00e9but de la saison r\u00e9guli\u00e8re s&rsquo;est cr\u00e9\u00e9e une br\u00e8che spatio-temporelle : l&rsquo;<strong>Orchestre FILMharmonique<\/strong> remonte le temps pour faire revivre l&rsquo;engouement pour les Beatles, l&rsquo;<strong>OSM<\/strong> fait un saut dans le futur avec des \u00e9chantillons de sa saison \u00e0 venir et des vampires, confus, s&rsquo;aventurent \u00e0 la lumi\u00e8re &#8230; \u00c7a va prendre quelques visites dans des \u00e9glises pour exorciser le tout!<\/p>\n<p>&nbsp;<\/p>\n<figure id=\"attachment_78617\" aria-describedby=\"caption-attachment-78617\" style=\"width: 2048px\" class=\"wp-caption aligncenter\"><img decoding=\"async\" loading=\"lazy\" class=\"size-full wp-image-78617\" src=\"https:\/\/www.ludwig-van.com\/montreal\/wp-content\/uploads\/sites\/3\/2023\/10\/OSM-X-Andrew-Wan-25-octobre-2023_Medias-1.jpg\" alt=\"Rafael Payare dirigeant l'OSM (photo : Gabriel Fournier)\" width=\"2048\" height=\"1365\" srcset=\"https:\/\/www.ludwig-van.com\/montreal\/wp-content\/uploads\/sites\/3\/2023\/10\/OSM-X-Andrew-Wan-25-octobre-2023_Medias-1.jpg 2048w, https:\/\/www.ludwig-van.com\/montreal\/wp-content\/uploads\/sites\/3\/2023\/10\/OSM-X-Andrew-Wan-25-octobre-2023_Medias-1-300x200.jpg 300w, https:\/\/www.ludwig-van.com\/montreal\/wp-content\/uploads\/sites\/3\/2023\/10\/OSM-X-Andrew-Wan-25-octobre-2023_Medias-1-1024x683.jpg 1024w, https:\/\/www.ludwig-van.com\/montreal\/wp-content\/uploads\/sites\/3\/2023\/10\/OSM-X-Andrew-Wan-25-octobre-2023_Medias-1-768x512.jpg 768w, https:\/\/www.ludwig-van.com\/montreal\/wp-content\/uploads\/sites\/3\/2023\/10\/OSM-X-Andrew-Wan-25-octobre-2023_Medias-1-1536x1024.jpg 1536w\" sizes=\"(max-width: 2048px) 100vw, 2048px\" \/><figcaption id=\"caption-attachment-78617\" class=\"wp-caption-text\">Rafael Payare dirigeant l&rsquo;OSM (photo : Gabriel Fournier)<\/figcaption><\/figure>\n<h3>OSM360<\/h3>\n<p>Couper votre semaine en deux en assistant \u00e0 OSM360, mercredi \u00e0 19 h 30. Ce tout nouveau concept de l\u2019<strong>OSM<\/strong> a pour but de vous donner l\u2019eau \u00e0 la bouche en interpr\u00e9tant des extraits de sa programmation annuelle, le tout en 60 minutes. Profitez-en pour d\u00e9couvrir de nouvelles \u0153uvres ou pour r\u00e9entendre de grands classiques de Mozart et Tcha\u00efkovski. Le concert est gratuit, mais les places sont limit\u00e9es. D\u2019ailleurs, pas plus de deux places ne peuvent \u00eatre r\u00e9serv\u00e9es par personne.<\/p>\n<p>LE 4 SEPTEMBRE, 19 H 30, MAISON SYMPHONIQUE DE MONTR\u00c9AL\u00a0 <a href=\"https:\/\/www.osm.ca\/fr\/concert\/osm360\/\" target=\"_blank\" rel=\"noopener\">D\u00c9TAILS ET BILLETS<\/a><\/p>\n<p>&nbsp;<\/p>\n<figure id=\"attachment_70367\" aria-describedby=\"caption-attachment-70367\" style=\"width: 1200px\" class=\"wp-caption aligncenter\"><img decoding=\"async\" loading=\"lazy\" class=\"size-full wp-image-70367\" src=\"https:\/\/www.ludwig-van.com\/montreal\/wp-content\/uploads\/sites\/3\/2022\/03\/Orchestre-FILMharmonique-Tam-Photography.jpg\" alt=\"L'Orchestre FILMharmonique (Photo : Tam Photography)\" width=\"1200\" height=\"800\" \/><figcaption id=\"caption-attachment-70367\" class=\"wp-caption-text\">L&rsquo;Orchestre FILMharmonique (Photo : Tam Photography)<\/figcaption><\/figure>\n<h3>Beatles symphonique<\/h3>\n<p>C\u00e9l\u00e9brez le 60e anniversaire de la premi\u00e8re tourn\u00e9e nord-am\u00e9ricaine des Beatles en faisant l&rsquo;exp\u00e9rience de leurs plus grands succ\u00e8s en version symphonique. L&rsquo;<strong>Orchestre FILMharmonique<\/strong>, dirig\u00e9 par <strong>Francis Choini\u00e8re,<\/strong> se joint au <strong>Classical Mystery Tour<\/strong> pour un vaste programme comprenant les airs bien connus <em>Penny Lane<\/em>, <em>Yesterday<\/em>,<em> Here Comes the Sun<\/em>, <em>Let It Be<\/em>, <em>Twist and Shout<\/em> et bien d&rsquo;autres!<\/p>\n<p>LE 4 SEPTEMBRE, 19 H 30; LE 7 SEPTEMBRE, 15 H ET 19 H 30, SALLE WILFRID-PELLETIER <a href=\"https:\/\/gfnproductions.ca\/fr\/productions\/beatles-hommage-symphonique\/?gad_source=1&amp;gclid=CjwKCAjwxNW2BhAkEiwA24Cm9KFA7GrqPUT5qIeEwbVzkXnZsv-lr07i2qKnaOJMHT1WZCVGfIGeJBoCo1IQAvD_BwE\" target=\"_blank\" rel=\"noopener\">D\u00c9TAILS ET BILLLETS<\/a><\/p>\n<p>&nbsp;<\/p>\n<figure id=\"attachment_55140\" aria-describedby=\"caption-attachment-55140\" style=\"width: 1024px\" class=\"wp-caption aligncenter\"><img decoding=\"async\" loading=\"lazy\" class=\"size-full wp-image-55140\" src=\"https:\/\/www.ludwig-van.com\/montreal\/wp-content\/uploads\/sites\/3\/2018\/06\/Pierre-Beaudry3_MG_1375.jpg\" alt=\"Pierre Beaudry, trombone-basse \u00e0 l'OSM. (Photo : courtoisie de l'OSM)\" width=\"1024\" height=\"1146\" srcset=\"https:\/\/www.ludwig-van.com\/montreal\/wp-content\/uploads\/sites\/3\/2018\/06\/Pierre-Beaudry3_MG_1375.jpg 1024w, https:\/\/www.ludwig-van.com\/montreal\/wp-content\/uploads\/sites\/3\/2018\/06\/Pierre-Beaudry3_MG_1375-268x300.jpg 268w, https:\/\/www.ludwig-van.com\/montreal\/wp-content\/uploads\/sites\/3\/2018\/06\/Pierre-Beaudry3_MG_1375-768x860.jpg 768w, https:\/\/www.ludwig-van.com\/montreal\/wp-content\/uploads\/sites\/3\/2018\/06\/Pierre-Beaudry3_MG_1375-915x1024.jpg 915w\" sizes=\"(max-width: 1024px) 100vw, 1024px\" \/><figcaption id=\"caption-attachment-55140\" class=\"wp-caption-text\">Pierre Beaudry, trombone-basse \u00e0 l&rsquo;OSM. (Photo : courtoisie de l&rsquo;OSM)<\/figcaption><\/figure>\n<h3>S\u00e9rie Intermezzo du Conservatoire de musique de Montr\u00e9al<\/h3>\n<p>La s\u00e9rie Intermezzo vous invite \u00e0 des rencontres musicales entre des professeur\u00b7e\u00b7s du Conservatoire de musique, d&rsquo;ancien\u00b7ne\u00b7s \u00e9tudiant\u00b7e\u00b7s de l&rsquo;institution, ainsi que des invit\u00e9\u00b7e\u00b7s. Cette semaine, vous y entendrez le tromboniste <strong>Pierre Beaudry<\/strong>, membre de l&rsquo;<strong>OSM<\/strong>, et la pianiste <strong>Anne-Marie Dubois<\/strong> interpr\u00e9ter entre autres Bach, Liszt et Saint-Sa\u00ebns dans un programme intitul\u00e9 \u00ab Rendez-vous spirituel \u00bb.<\/p>\n<p>LE 5 SEPTEMBRE, 19 H 30, SALLE DE CONCERT DU CONSERVATOIRE DE MUSIQUE\u00a0 <a href=\"https:\/\/conservatoire-montreal.tuxedobillet.com\/Conservatoire%20Montr%C3%A9al\/rendez-vous-spirituel\" target=\"_blank\" rel=\"noopener\">D\u00c9TAILS ET BILLETS<\/a><\/p>\n<p>&nbsp;<\/p>\n<figure id=\"attachment_81618\" aria-describedby=\"caption-attachment-81618\" style=\"width: 1200px\" class=\"wp-caption aligncenter\"><img decoding=\"async\" loading=\"lazy\" class=\"size-full wp-image-81618\" src=\"https:\/\/www.ludwig-van.com\/montreal\/wp-content\/uploads\/sites\/3\/2024\/05\/MusicattheMovies-TamPhotography-59.jpg\" alt=\"Francis Choini\u00e8re et l'orchestre FILMharmonique (Photo : Tam Photography)\" width=\"1200\" height=\"675\" srcset=\"https:\/\/www.ludwig-van.com\/montreal\/wp-content\/uploads\/sites\/3\/2024\/05\/MusicattheMovies-TamPhotography-59.jpg 1200w, https:\/\/www.ludwig-van.com\/montreal\/wp-content\/uploads\/sites\/3\/2024\/05\/MusicattheMovies-TamPhotography-59-300x169.jpg 300w, https:\/\/www.ludwig-van.com\/montreal\/wp-content\/uploads\/sites\/3\/2024\/05\/MusicattheMovies-TamPhotography-59-1024x576.jpg 1024w, https:\/\/www.ludwig-van.com\/montreal\/wp-content\/uploads\/sites\/3\/2024\/05\/MusicattheMovies-TamPhotography-59-768x432.jpg 768w\" sizes=\"(max-width: 1200px) 100vw, 1200px\" \/><figcaption id=\"caption-attachment-81618\" class=\"wp-caption-text\">Francis Choini\u00e8re et l&rsquo;orchestre FILMharmonique (Photo : Tam Photography)<\/figcaption><\/figure>\n<h3>Twilight en cin\u00e9-concert<\/h3>\n<p>Entre deux concerts de Beatles symphonique, l&rsquo;O<strong>rchestre FILMharmonique<\/strong> offre une \u00e9vasion dans un autre type d&rsquo;univers avec un \u00e9v\u00e9nement unique pour les amateurs de la saga <em>Twilight<\/em>! Visionnez le film original sur grand \u00e9cran tandis que l&rsquo;orchestre interpr\u00e8te la bande sonore en direct, le tout \u00e0 la lueur de 1 000 bougies. L\u2019ambiance parfaite pour inviter votre vampire pr\u00e9f\u00e9r\u00e9\u00b7e!<\/p>\n<p>LE 5 SEPTEMBRE, 19 H 30, SALLE WILFRID-PELLETIER\u00a0<a href=\"https:\/\/placedesarts.com\/fr\/evenement\/twilight-en-concert#presentation\" target=\"_blank\" rel=\"noopener\"> D\u00c9TAILS ET BILLETS<\/a><\/p>\n<p>&nbsp;<\/p>\n<figure id=\"attachment_83599\" aria-describedby=\"caption-attachment-83599\" style=\"width: 1026px\" class=\"wp-caption aligncenter\"><img decoding=\"async\" loading=\"lazy\" class=\"size-full wp-image-83599\" src=\"https:\/\/www.ludwig-van.com\/montreal\/wp-content\/uploads\/sites\/3\/2024\/09\/symphonic-anime.jpg\" alt=\"\" width=\"1026\" height=\"535\" srcset=\"https:\/\/www.ludwig-van.com\/montreal\/wp-content\/uploads\/sites\/3\/2024\/09\/symphonic-anime.jpg 1026w, https:\/\/www.ludwig-van.com\/montreal\/wp-content\/uploads\/sites\/3\/2024\/09\/symphonic-anime-300x156.jpg 300w, https:\/\/www.ludwig-van.com\/montreal\/wp-content\/uploads\/sites\/3\/2024\/09\/symphonic-anime-1024x534.jpg 1024w, https:\/\/www.ludwig-van.com\/montreal\/wp-content\/uploads\/sites\/3\/2024\/09\/symphonic-anime-768x400.jpg 768w\" sizes=\"(max-width: 1026px) 100vw, 1026px\" \/><figcaption id=\"caption-attachment-83599\" class=\"wp-caption-text\">Symphonic Anime live (Photo : courtoisie de Symphonic Anime)<\/figcaption><\/figure>\n<h3>Symphonic Anime<\/h3>\n<p>Les amateurs d\u2019anime, et surtout de leurs musiques, seront combl\u00e9\u00b7e\u00b7s ce vendredi! Parez-vous de votre plus beau <i>cosplay <\/i>et rendez-vous \u00e0 la salle Wilfrid-Pelletier pour y \u00e9couter plus de 100 musiciens interpr\u00e9ter les musiques les plus embl\u00e9matiques des grands animes tels que <i>Naruto, Attack on Titan <\/i>et <i>Demon Slayer. <\/i>Trois compositeurs c\u00e9l\u00e8bres seront pr\u00e9sents lors de cette soir\u00e9e : <strong>Yasuharu Takanashi<\/strong> (<i>Naruto, Fairy Tail<\/i>), <strong>Yuki<\/strong> <strong>Hayashi<\/strong> (<i>My Hero Academia<\/i>) et <strong>Makoto Miyazaki<\/strong> (<i>One Punch Man<\/i>, <i>Spy x Family<\/i>). Un concert qui promet d\u2019\u00eatre \u00e9pique!<\/p>\n<p>LE 6 SEPTEMBRE, 19 H 30, SALLE WILFRID-PELLETIER\u00a0 <a href=\"https:\/\/placedesarts.com\/fr\/evenement\/symphonic-anime-2024\" target=\"_blank\" rel=\"noopener\">D\u00c9TAILS ET BILLETS<\/a><\/p>\n<p>&nbsp;<\/p>\n<p><img decoding=\"async\" loading=\"lazy\" class=\"aligncenter size-full wp-image-83600\" src=\"https:\/\/www.ludwig-van.com\/montreal\/wp-content\/uploads\/sites\/3\/2024\/09\/Journees-du-patrimoine-religieux.jpg\" alt=\"\" width=\"915\" height=\"916\" srcset=\"https:\/\/www.ludwig-van.com\/montreal\/wp-content\/uploads\/sites\/3\/2024\/09\/Journees-du-patrimoine-religieux.jpg 915w, https:\/\/www.ludwig-van.com\/montreal\/wp-content\/uploads\/sites\/3\/2024\/09\/Journees-du-patrimoine-religieux-300x300.jpg 300w, https:\/\/www.ludwig-van.com\/montreal\/wp-content\/uploads\/sites\/3\/2024\/09\/Journees-du-patrimoine-religieux-150x150.jpg 150w, https:\/\/www.ludwig-van.com\/montreal\/wp-content\/uploads\/sites\/3\/2024\/09\/Journees-du-patrimoine-religieux-768x769.jpg 768w\" sizes=\"(max-width: 915px) 100vw, 915px\" \/><\/p>\n<h3>Concerts gratuits dans le cadre des Journ\u00e9es du patrimoine religieux<\/h3>\n<p>Le <strong>Conseil du patrimoine religieux du Qu\u00e9bec<\/strong>, coordonnateur des <strong>Journ\u00e9es du patrimoine religieux<\/strong>, \u00e9nonce le but de l&rsquo;\u00e9v\u00e9nement comme \u00e9tant de viser \u00ab\u00a0\u00e0 faire d\u00e9couvrir des t\u00e9moins (\u00e9difices de diff\u00e9rentes \u00e9poques et techniques de contstruction, \u0153uvres d&rsquo;art, archives, monuments, cimeti\u00e8res, etc.) qui informent sur les savoirs, actions, rituels et id\u00e9es qui ont anim\u00e9 nos pr\u00e9d\u00e9cesseurs\u00a0\u00bb. Dans ce but, plusieurs activit\u00e9s gratuites de m\u00e9diation culturelles, dont des concerts, sont organis\u00e9es dans des sites r\u00e9partis \u00e0 travers la province et relevant de sept confessions religieuses diff\u00e9rentes. Voici quelques \u00e9v\u00e9nements et rencontres musicales ayant lieu dans la r\u00e9gion montr\u00e9alaise :<\/p>\n<p>\u00c9GLISE SAINT-\u00c9DOUARD DE MONTR\u00c9AL<\/p>\n<p>Vendredi 6 septembre, 18 h 30-19 h 30 : Concert d&rsquo;orgue classique avec <strong>Nina De Sole<\/strong><\/p>\n<p>Samedi 7 septembre, 19 h-20 h (introduction \u00e0 18 h 30) : Concert d&rsquo;orgue contemporain avec <strong>Kjel Sidlaski<\/strong><\/p>\n<p>\u00c9GLISE SAINT-JOACHIM DE POINTE-CLAIRE<\/p>\n<p>Vendredi 6 septembre, 19 h-21 h : Moment musical, d\u00e9couverte comment\u00e9e de l&rsquo;orgue et visites fuid\u00e9es en fran\u00e7ais et en anglais.<\/p>\n<p>\u00c9GLISE DU TR\u00c8S-SAINT-NOM-DE-J\u00c9SUS<\/p>\n<p>Samedi 7 septembre, 11 h-15 h : Rencontres avec des membres de l&rsquo;<strong>Ensemble vocal Vox<\/strong>. Possibilit\u00e9 d&rsquo;auditionner sur place pour rejoindre l&rsquo;ensemble.<\/p>\n<p>PAROISE SAINT-REN\u00c9-GOUPIL<\/p>\n<p>Samedi 7 septembre et dimanche 8 septembre, 13 h 30-15 h : Concert d&rsquo;orgue avec<strong> Kuan Su<\/strong><\/p>\n<p>\u00c9GLISE DES SAINTS-ANGES-GARDIENS DE LACHINE<\/p>\n<p>Samedi 7 septembre, 15 h-15 h 30 : Concert d&rsquo;orgue avec <strong>Yves Garand<\/strong><\/p>\n<p>\u00c9GLISE NOTRE-DAME-DES-VICTOIRES<\/p>\n<p>Samedi 7 septembre, 15 h 50-16 h 20 : Concert d&rsquo;orgue par <strong>Charles Dallaire<\/strong><\/p>\n<p>\u00c9GLISE SAINT-VIATEUR D&rsquo;OUTREMONT<\/p>\n<p>Dimanche 8 septembre, 13 h-18 h : visites guid\u00e9es et concert d&rsquo;orgue<\/p>\n<p>\u00c9GLISE ASCENSION OF OUR LORD, WESTMOUNT<\/p>\n<p>Dimanche 8 septembre, 15 h : R\u00e9cital pour voix, orgue, piano et \u00e9lectronique par l&rsquo;organiste <strong>Joel Peters<\/strong> et la soprano<strong> L\u00e9a Weilbrenner Lebeau<\/strong><\/p>\n<p>\u00c9GLISE SAINT-RAPHA\u00cbL-ARCHANGE DE L&rsquo;\u00ceLE BIZARD<\/p>\n<p>Dimanche 8 septembre, 19 h 30-20 h 45 : Moment musical orgue et chant avec <strong>Antoine Gibelleau<\/strong> et <strong>\u00c9ric Tsogo<\/strong><\/p>\n<p>JOURN\u00c9ES DU PATRIMOINE RELIGIEUX LES 6, 7 ET 8 SEPTEMBRE <a href=\"https:\/\/www.journeesdupatrimoinereligieux.ca\/\" target=\"_blank\" rel=\"noopener\">PROGRAMMATION COMPL\u00c8TE<\/a><\/p>\n<p>&nbsp;<\/p>\n<figure id=\"attachment_83205\" aria-describedby=\"caption-attachment-83205\" style=\"width: 1200px\" class=\"wp-caption aligncenter\"><img decoding=\"async\" loading=\"lazy\" class=\"size-full wp-image-83205\" src=\"https:\/\/www.ludwig-van.com\/montreal\/wp-content\/uploads\/sites\/3\/2017\/12\/Calidore-String-Quartett_Marco-Borggreve.jpg\" alt=\"Calidore String Quartet (Photo : Marco Borggreve)\" width=\"1200\" height=\"773\" srcset=\"https:\/\/www.ludwig-van.com\/montreal\/wp-content\/uploads\/sites\/3\/2017\/12\/Calidore-String-Quartett_Marco-Borggreve.jpg 1200w, https:\/\/www.ludwig-van.com\/montreal\/wp-content\/uploads\/sites\/3\/2017\/12\/Calidore-String-Quartett_Marco-Borggreve-300x193.jpg 300w, https:\/\/www.ludwig-van.com\/montreal\/wp-content\/uploads\/sites\/3\/2017\/12\/Calidore-String-Quartett_Marco-Borggreve-1024x660.jpg 1024w, https:\/\/www.ludwig-van.com\/montreal\/wp-content\/uploads\/sites\/3\/2017\/12\/Calidore-String-Quartett_Marco-Borggreve-768x495.jpg 768w\" sizes=\"(max-width: 1200px) 100vw, 1200px\" \/><figcaption id=\"caption-attachment-83205\" class=\"wp-caption-text\">Calidore String Quartet (Photo : Marco Borggreve)<\/figcaption><\/figure>\n<h3>Ladies&rsquo; Morning Musical Club : Calidore String Quartet<\/h3>\n<p>Vous \u00eates plut\u00f4t du type musique de chambre? Ne manquez pas le premier concert de la 133<sup>e<\/sup> saison du v\u00e9n\u00e9rable <strong>Ladies&rsquo; Morning Musical Club<\/strong>, offert par le<strong> Calidore String Quartet<\/strong>. Compos\u00e9 de <strong>Jeffrey Myers<\/strong> et <strong>Ryan Meehan<\/strong> au violon, <strong>Jeremy Berry<\/strong> \u00e0 l\u2019alto ainsi que d&rsquo;<strong>Estelle<\/strong> <strong>Choi<\/strong> au violoncelle, le <strong>Calidore String Quartet<\/strong> a remport\u00e9 en 2016 le prestigieux prix de la M-Prize Chamber Music Competition, la plus haute distinction pour un ensemble de musique de chambre. Cette m\u00eame ann\u00e9e, il a \u00e9galement \u00e9t\u00e9 le premier ensemble nord-am\u00e9ricain \u00e0 remporter le Borletti-Buitoni Trust Fellowship \u00e0 Londres. Pour leur quatri\u00e8me pr\u00e9sence au LMMC, les membres du quatuor interpr\u00e9teront Beethoven et\u00a0 Korngold. Tous les concerts du LMMC auront lieu cette saison \u00e0 la salle Oscar Peterson de l&rsquo;universit\u00e9 Concordia, la salle Pollack \u00e9tant en r\u00e9novation.<\/p>\n<p>LE 8 SEPTEMBRE, 15 H 30, SALLE OSCAR PETERSON &#8211; UNIVERSIT\u00c9 CONCORDIA\u00a0 <a href=\"https:\/\/www.lmmc.ca\/fr\/calidore-quartet-2\" target=\"_blank\" rel=\"noopener\">D\u00c9TAILS ET BILLETS<\/a><\/p>\n<h2><em>Inscrivez-vous \u00e0 notre infolettre! La musique classique et l\u2019op\u00e9ra en 5 minutes, chaque jour<\/em> <a href=\"https:\/\/ludwig-van.us9.list-manage.com\/subscribe?u=4f785cb3f9058f2393ccad035&amp;id=b9b160c032\" target=\"_blank\" rel=\"noopener noreferrer\">ICI<\/a><\/h2>\n","protected":false},"excerpt":{"rendered":"<p>Entre la fin des festivals estivaux et le d\u00e9but de la saison r\u00e9guli\u00e8re s&rsquo;est cr\u00e9\u00e9e une br\u00e8che spatio-temporelle : l&rsquo;Orchestre FILMharmonique remonte le temps pour faire revivre l&rsquo;engouement pour les Beatles, l&rsquo;OSM fait un saut dans le futur avec des \u00e9chantillons de sa saison \u00e0 venir et des vampires, confus, s&rsquo;aventurent \u00e0 la lumi\u00e8re &#8230; \u00c7a va prendre quelques visites dans des \u00e9glises pour exorciser le tout!<\/p>\n","protected":false},"author":1,"featured_media":83601,"comment_status":"open","ping_status":"open","sticky":false,"template":"","format":"standard","meta":{"om_disable_all_campaigns":false,"jetpack_post_was_ever_published":false},"categories":[42107,10994],"tags":[42106,21652,42019,5352,2542],"yst_prominent_words":[9878,9863,13120,38502,9877,13123,33836,19984,26017,26016,26019],"acf":[],"jetpack_featured_media_url":"https:\/\/www.ludwig-van.com\/montreal\/wp-content\/uploads\/sites\/3\/2024\/09\/Copie-de-CONCERTS39.jpg","jetpack_sharing_enabled":true,"jetpack_shortlink":"https:\/\/wp.me\/p9bdYt-lKm","amp_enabled":true,"_links":{"self":[{"href":"https:\/\/www.ludwig-van.com\/montreal\/wp-json\/wp\/v2\/posts\/83598"}],"collection":[{"href":"https:\/\/www.ludwig-van.com\/montreal\/wp-json\/wp\/v2\/posts"}],"about":[{"href":"https:\/\/www.ludwig-van.com\/montreal\/wp-json\/wp\/v2\/types\/post"}],"author":[{"embeddable":true,"href":"https:\/\/www.ludwig-van.com\/montreal\/wp-json\/wp\/v2\/users\/1"}],"replies":[{"embeddable":true,"href":"https:\/\/www.ludwig-van.com\/montreal\/wp-json\/wp\/v2\/comments?post=83598"}],"version-history":[{"count":6,"href":"https:\/\/www.ludwig-van.com\/montreal\/wp-json\/wp\/v2\/posts\/83598\/revisions"}],"predecessor-version":[{"id":83607,"href":"https:\/\/www.ludwig-van.com\/montreal\/wp-json\/wp\/v2\/posts\/83598\/revisions\/83607"}],"wp:featuredmedia":[{"embeddable":true,"href":"https:\/\/www.ludwig-van.com\/montreal\/wp-json\/wp\/v2\/media\/83601"}],"wp:attachment":[{"href":"https:\/\/www.ludwig-van.com\/montreal\/wp-json\/wp\/v2\/media?parent=83598"}],"wp:term":[{"taxonomy":"category","embeddable":true,"href":"https:\/\/www.ludwig-van.com\/montreal\/wp-json\/wp\/v2\/categories?post=83598"},{"taxonomy":"post_tag","embeddable":true,"href":"https:\/\/www.ludwig-van.com\/montreal\/wp-json\/wp\/v2\/tags?post=83598"},{"taxonomy":"yst_prominent_words","embeddable":true,"href":"https:\/\/www.ludwig-van.com\/montreal\/wp-json\/wp\/v2\/yst_prominent_words?post=83598"}],"curies":[{"name":"wp","href":"https:\/\/api.w.org\/{rel}","templated":true}]}}