{"id":83595,"date":"2024-09-03T11:12:36","date_gmt":"2024-09-03T15:12:36","guid":{"rendered":"https:\/\/www.ludwig-van.com\/montreal\/?p=83595"},"modified":"2024-09-03T11:12:36","modified_gmt":"2024-09-03T15:12:36","slug":"communaute-les-idees-heureuses-devoilent-leur-38e-saison-les-talents-dici-a-lhonneur","status":"publish","type":"post","link":"https:\/\/www.ludwig-van.com\/montreal\/2024\/09\/03\/communaute-les-idees-heureuses-devoilent-leur-38e-saison-les-talents-dici-a-lhonneur\/","title":{"rendered":"COMMUNAUT\u00c9 | Les Id\u00e9es heureuses d\u00e9voilent leur 38e saison : Les talents d&rsquo;ici \u00e0 l&rsquo;honneur!"},"content":{"rendered":"<p><img decoding=\"async\" loading=\"lazy\" class=\"aligncenter size-full wp-image-83609\" src=\"https:\/\/www.ludwig-van.com\/montreal\/wp-content\/uploads\/sites\/3\/2024\/09\/Copie-de-CONCOURS1.jpg\" alt=\"\" width=\"1200\" height=\"628\" srcset=\"https:\/\/www.ludwig-van.com\/montreal\/wp-content\/uploads\/sites\/3\/2024\/09\/Copie-de-CONCOURS1.jpg 1200w, https:\/\/www.ludwig-van.com\/montreal\/wp-content\/uploads\/sites\/3\/2024\/09\/Copie-de-CONCOURS1-300x157.jpg 300w, https:\/\/www.ludwig-van.com\/montreal\/wp-content\/uploads\/sites\/3\/2024\/09\/Copie-de-CONCOURS1-1024x536.jpg 1024w, https:\/\/www.ludwig-van.com\/montreal\/wp-content\/uploads\/sites\/3\/2024\/09\/Copie-de-CONCOURS1-768x402.jpg 768w\" sizes=\"(max-width: 1200px) 100vw, 1200px\" \/><\/p>\n<h1 style=\"text-align: center;\"><del>Un message de Les Id\u00e9es heureuses<br \/>\n<\/del><\/h1>\n<p>Fortes d\u2019une premi\u00e8re saison r\u00e9ussie sous la direction artistique de <strong>Doroth\u00e9a Ventura<\/strong>, <strong>Les Id\u00e9es heureuses<\/strong> sont fi\u00e8res de vous d\u00e9voiler<br \/>\nleur <strong>38<sup>e<\/sup> saison<\/strong>, compos\u00e9e de quatre concerts qui se tiendront \u00e0 la salle Bourgie!<\/p>\n<p>Cette saison fera entendre une diversit\u00e9 impressionnante de <strong>solistes et instrumentistes qu\u00e9b\u00e9cois et canadiens<\/strong> dans un riche r\u00e9pertoire, allant de la <strong>chaconne anglaise<\/strong> aux cantates du Vendredi saint de <strong>Graupner<\/strong>, en passant par une vari\u00e9t\u00e9 de<strong> musique baroque fran\u00e7aise, m\u00e9di\u00e9vale, de la Renaissance<\/strong> et de <strong>r\u00e9pertoire folklorique canadien-fran\u00e7ais<\/strong>.<\/p>\n<p>Tous les concerts auront lieu dans l\u2019exceptionnelle salle Bourgie du Mus\u00e9e des Beaux-Arts.Vous pourr ez vous procurer tr\u00e8s bient\u00f4t vos billets directement sur le site Internet de la salle Bourgie ou par t\u00e9l\u00e9phone.<\/p>\n<p>Depuis 1987, Les Id\u00e9es heureuses font vibrer le c\u0153ur du public avec des interpr\u00e9tations d\u2019une passion incomparable. Soyez des n\u00f4tres le 6 octobre prochain \u00e0 14h30 pour le premier concert de la saison!<\/p>\n<h3 style=\"text-align: center;\">Chaconne et chocolat : d\u00e9lectations anglaises<br \/>\nDIMANCHE 6 OCTOBRE 2024 &#8211; 14 H 30<\/h3>\n<p>Apr\u00e8s le d\u00e9licieux succ\u00e8s des trois premi\u00e8res \u00e9ditions de la s\u00e9rie Chaconne et chocolat, ce concert vous plongera dans le r\u00e9pertoire magn\u00e9tique des chaconnes de l\u2019<strong>Angleterre des 17<sup>e<\/sup> et 18<sup>e<\/sup> si\u00e8cles<\/strong>.<\/p>\n<p><strong>Avec<\/strong> : Janelle Lucyk (soprano), Ian Sabourin (alto), Kerry Bursey (t\u00e9nor), William Kraushaar (basse), Tanya LaPerri\u00e8re et Julie Rivest (violons), Sari Tsuji (alto), Andrea Stewart (violoncelle), Dominic Girard (contrebasse), Doroth\u00e9a Ventura (clavecin, direction musicale).<\/p>\n<h3 style=\"text-align: center;\">Jamais je ne t&rsquo;oublierai : \u00e9chos du Moyen \u00e2ge sur nos chants du terroir<br \/>\nMARDI 12 NOVEMBRE 2024 &#8211; 19 H 30<\/h3>\n<p>Les Id\u00e9es heureuses confient \u00e0 <strong>Jean-Fran\u00e7ois Daignault<\/strong> ce concert de la s\u00e9rie <em>Carte blanche<\/em> au cours duquel vous entendrez une ludique juxtaposition de <strong>musiques m\u00e9di\u00e9vale et de la Renaissance<\/strong> aux <strong>airs folkloriques canadiens-fran\u00e7ais<\/strong>, soulignant leurs similitudes dans les techniques d\u2019\u00e9criture, les sonorit\u00e9s, les th\u00e8mes et les personnages.<\/p>\n<p>Avec: Doroth\u00e9a Ventura (voix), Ghislaine Deschambault (voix), Leah Weitzner (voix, viole de gambe, vi\u00e8le), Antoine<br \/>\nMalette\u2010Ch\u00e9nier (harpe et fl\u00fbte de la Renaissance), Jean-Fran\u00e7ois Daignault (voix, fl\u00fbtes, chalumeau, arrangements,<br \/>\ndirection musicale).<\/p>\n<p>En collaboration avec l\u2019<strong>Ensemble ALKEMIA<\/strong>.<\/p>\n<h3 style=\"text-align: center;\">Musique et danse en Nouvelle-France<br \/>\nJEUDI 12 JANVIER 2025 &#8211; 19 H 30<\/h3>\n<p>Un spectacle rafra\u00eechissant autour de la <strong>vie musicale en Nouvelle-France au 18<sup>e<\/sup> si\u00e8cle<\/strong>. Six interpr\u00e8tes \u2013 \u00e0 la fois instrumentistes, chanteurs, danseurs et com\u00e9diens \u2013 feront revivre l\u2019histoire d\u2019<strong>\u00c9lisabeth B\u00e9gon<\/strong> (1696-1755), dont les \u00e9crits constituent un pr\u00e9cieux h\u00e9ritage historique.<\/p>\n<p>Au programme : \u0153uvres musicales du vieux continent retrouv\u00e9es en Nouvelle-France.<\/p>\n<p>Avec: Catherine St-Arnaud (soprano, clavecin, percussions, danse), Olivier Brault (violon, danse, chant), Gr\u00e9goire Jeay (traverso, percussions, danse, chant), M\u00e9lisande Corriveau (viole de gambe, danse), Doroth\u00e9a Ventura (clavecin, soprano, danse), Marie-Nathalie Lacoursi\u00e8re (danse, chant, fl\u00fbte, mise en sc\u00e8ne).<\/p>\n<p>En collaboration avec le <strong>Festival de Saintes<\/strong> et <strong>Sonate 1704<\/strong>.<\/p>\n<h3 style=\"text-align: center;\">Concert de la Passion<br \/>\nVENDREDI SAINT 18 AVRIL 2025 &#8211; 15 H<\/h3>\n<p>L\u2019ensemble <strong>Les Id\u00e9es heureuses<\/strong>, sous la direction musicale de l\u2019instigatrice du projet, <strong>Genevi\u00e8ve Soly<\/strong>, r\u00e9unit les m\u00eames collaborateurs qui, depuis 2023, participent \u00e0 cette majestueuse int\u00e9grale des <strong>cantates pour le Vendredi Saint de Christoph Graupner<\/strong>.<\/p>\n<p>Au programme : les cantates datant de 1720, 1729 et 1750.<\/p>\n<p>Avec: Genevi\u00e8ve Soly (direction musicale), Od\u00e9i Bergeron et Andr\u00e9anne Brisson Paquin (sopranos), William Duffy alto), Arthur Tanguay-Labrosse (t\u00e9nor) et Dion Mazerolle (baryton), H\u00e9l\u00e8ne Plouffe (violon solo), Sari Tsuji (violon), Jacques-Andr\u00e9 Houle (alto), Amanda Keesmaat (violoncelle), Dominic Girard (contrebasse), Doroth\u00e9a Ventura (orgue).<\/p>\n<p>En collaboration avec la salle Bourgie.<\/p>\n<h3>\u00c0 propos de l\u2019ensemble Les Id\u00e9es heureuses<\/h3>\n<p>\u0152uvrant dans le domaine de l\u2019interpr\u00e9tation de la musique baroque, l\u2019ensemble <strong>Les Id\u00e9es heureuses<\/strong> tire son nom d\u2019une pi\u00e8ce de clavecin du compositeur Fran\u00e7ois Couperin, grand musicien du si\u00e8cle de Louis XIV. Depuis sa fondation en 1987 par <strong>Genevi\u00e8ve Soly<\/strong>, l\u2019ensemble s\u2019est taill\u00e9 une place privil\u00e9gi\u00e9e au Qu\u00e9bec et rassemble les meilleurs musicien\u00b7ne\u00b7s sp\u00e9cialis\u00e9\u00b7e\u00b7s dans l\u2019interpr\u00e9tation du r\u00e9pertoire baroque jouant en formation de musique de chambre, sur des instruments de facture historique, selon l\u2019esth\u00e9tique propre \u00e0 cette \u00e9poque.<\/p>\n<p>En 2023, un nouvel \u00e9lan est insuffl\u00e9 \u00e0 l\u2019organisme : la nomination de la claveciniste, chanteuse, danseuse et com\u00e9dienne Doroth\u00e9a Ventura comme directrice artistique.<\/p>\n<p>S\u2019appuyant sur des recherches musicologiques, Les Id\u00e9es heureuses pr\u00e9sentent avec cran et brio des \u00ab red\u00e9couvertes \u00bb de la musique baroque qui font de ses concerts des lieux importants et vivants de la culture au Qu\u00e9bec.<\/p>\n<h3 style=\"text-align: center;\">Billetterie<\/h3>\n<p style=\"text-align: center;\">EN LIGNE : <a href=\"http:\/\/www.sallebourgie.ca\" target=\"_blank\" rel=\"noopener\">www.sallebourgie.ca<\/a><br \/>\nPAR T\u00c9L\u00c9PHONE : au 514 285-2000, option 1, ou 1 800 899-6873<br \/>\nEN PERSONNE \u00e0 la billetterie du MBAM (durant les heures d\u2019ouverture)<br \/>\net \u00e0 la salle Bourgie (dans l\u2019heure qui pr\u00e9c\u00e8de les concerts)<\/p>\n<p style=\"text-align: center;\">La salle Bourgie est situ\u00e9e au 1339, rue Sherbrooke Ouest \u00e0 Montr\u00e9al.<\/p>\n<p>&nbsp;<\/p>\n<p><em>La publication de ce communiqu\u00e9 est un avantage offert \u00e0 nos membres. Pour en savoir plus, veuillez \u00e9crire \u00e0 <a href=\"mailto:beatrice@ludwig-van.com\" target=\"_blank\" rel=\"noopener\">beatrice@ludwig-van.com<\/a>.<\/em><\/p>\n<h2><em>Inscrivez-vous \u00e0 notre infolettre! La musique classique et l\u2019op\u00e9ra en 5 minutes, chaque jour<\/em> <a href=\"https:\/\/ludwig-van.us9.list-manage.com\/subscribe?u=4f785cb3f9058f2393ccad035&amp;id=b9b160c032\" target=\"_blank\" rel=\"noopener noreferrer\">ICI<\/a><\/h2>\n<p>&nbsp;<\/p>\n","protected":false},"excerpt":{"rendered":"<p>Fortes d\u2019une premi\u00e8re saison r\u00e9ussie sous la direction artistique de Doroth\u00e9a Ventura, Les Id\u00e9es heureuses sont fi\u00e8res de vous d\u00e9voiler<br \/>\nleur 38e saison, compos\u00e9e de quatre concerts qui se tiendront \u00e0 la salle Bourgie!<\/p>\n","protected":false},"author":1,"featured_media":83609,"comment_status":"open","ping_status":"open","sticky":false,"template":"","format":"standard","meta":{"om_disable_all_campaigns":false,"jetpack_post_was_ever_published":false},"categories":[42107,13504],"tags":[42106,1947],"yst_prominent_words":[9863,38179,34209,14489,9877,13794,9956,30828],"acf":[],"jetpack_featured_media_url":"https:\/\/www.ludwig-van.com\/montreal\/wp-content\/uploads\/sites\/3\/2024\/09\/Copie-de-CONCOURS1.jpg","jetpack_sharing_enabled":true,"jetpack_shortlink":"https:\/\/wp.me\/p9bdYt-lKj","amp_enabled":true,"_links":{"self":[{"href":"https:\/\/www.ludwig-van.com\/montreal\/wp-json\/wp\/v2\/posts\/83595"}],"collection":[{"href":"https:\/\/www.ludwig-van.com\/montreal\/wp-json\/wp\/v2\/posts"}],"about":[{"href":"https:\/\/www.ludwig-van.com\/montreal\/wp-json\/wp\/v2\/types\/post"}],"author":[{"embeddable":true,"href":"https:\/\/www.ludwig-van.com\/montreal\/wp-json\/wp\/v2\/users\/1"}],"replies":[{"embeddable":true,"href":"https:\/\/www.ludwig-van.com\/montreal\/wp-json\/wp\/v2\/comments?post=83595"}],"version-history":[{"count":2,"href":"https:\/\/www.ludwig-van.com\/montreal\/wp-json\/wp\/v2\/posts\/83595\/revisions"}],"predecessor-version":[{"id":83611,"href":"https:\/\/www.ludwig-van.com\/montreal\/wp-json\/wp\/v2\/posts\/83595\/revisions\/83611"}],"wp:featuredmedia":[{"embeddable":true,"href":"https:\/\/www.ludwig-van.com\/montreal\/wp-json\/wp\/v2\/media\/83609"}],"wp:attachment":[{"href":"https:\/\/www.ludwig-van.com\/montreal\/wp-json\/wp\/v2\/media?parent=83595"}],"wp:term":[{"taxonomy":"category","embeddable":true,"href":"https:\/\/www.ludwig-van.com\/montreal\/wp-json\/wp\/v2\/categories?post=83595"},{"taxonomy":"post_tag","embeddable":true,"href":"https:\/\/www.ludwig-van.com\/montreal\/wp-json\/wp\/v2\/tags?post=83595"},{"taxonomy":"yst_prominent_words","embeddable":true,"href":"https:\/\/www.ludwig-van.com\/montreal\/wp-json\/wp\/v2\/yst_prominent_words?post=83595"}],"curies":[{"name":"wp","href":"https:\/\/api.w.org\/{rel}","templated":true}]}}