{"id":83525,"date":"2024-08-30T00:30:34","date_gmt":"2024-08-30T04:30:34","guid":{"rendered":"https:\/\/www.ludwig-van.com\/montreal\/?p=83525"},"modified":"2024-08-30T14:00:02","modified_gmt":"2024-08-30T18:00:02","slug":"nouvelle-billets-pour-jordi-savall-en-vente-partir-daujourdhui-10-h","status":"publish","type":"post","link":"https:\/\/www.ludwig-van.com\/montreal\/2024\/08\/30\/nouvelle-billets-pour-jordi-savall-en-vente-partir-daujourdhui-10-h\/","title":{"rendered":"NOUVELLE | Billets pour Jordi Savall en vente \u00e0 partir d&rsquo;aujourd&rsquo;hui 10 h!"},"content":{"rendered":"<figure id=\"attachment_83526\" aria-describedby=\"caption-attachment-83526\" style=\"width: 1200px\" class=\"wp-caption aligncenter\"><img decoding=\"async\" loading=\"lazy\" class=\"size-full wp-image-83526\" src=\"https:\/\/www.ludwig-van.com\/montreal\/wp-content\/uploads\/sites\/3\/2024\/08\/Copie-de-NOUVELLE83.jpg\" alt=\"Jordi Savall (Photo : Herv\u00e9 Pouyfourcat)\" width=\"1200\" height=\"628\" srcset=\"https:\/\/www.ludwig-van.com\/montreal\/wp-content\/uploads\/sites\/3\/2024\/08\/Copie-de-NOUVELLE83.jpg 1200w, https:\/\/www.ludwig-van.com\/montreal\/wp-content\/uploads\/sites\/3\/2024\/08\/Copie-de-NOUVELLE83-300x157.jpg 300w, https:\/\/www.ludwig-van.com\/montreal\/wp-content\/uploads\/sites\/3\/2024\/08\/Copie-de-NOUVELLE83-1024x536.jpg 1024w, https:\/\/www.ludwig-van.com\/montreal\/wp-content\/uploads\/sites\/3\/2024\/08\/Copie-de-NOUVELLE83-768x402.jpg 768w\" sizes=\"(max-width: 1200px) 100vw, 1200px\" \/><figcaption id=\"caption-attachment-83526\" class=\"wp-caption-text\">Jordi Savall (Photo : Herv\u00e9 Pouyfourcat)<\/figcaption><\/figure>\n<p>La r\u00e9putation du gambiste <strong>Jordi Savall<\/strong> n&rsquo;est plus \u00e0 faire : l&rsquo;exceptionnel musicien attire des foules \u00e0 chacune de ses apparitions au Qu\u00e9bec. Il sera \u00e0 Qu\u00e9bec et \u00e0 Montr\u00e9al en octobre prochain dans le cadre d&rsquo;une tourn\u00e9e nord-am\u00e9ricaine consacr\u00e9e \u00e0 son programme <strong>Jordi Savall &#8211; Claudio Monteverdi <em>R\u00e9volution<\/em>, Les larmes et le feu des muses<\/strong>.<\/p>\n<p>Dans ce programme, <strong>Jordi Savall<\/strong>, son groupe <strong>Hesp\u00e8rion XXI<\/strong> et les voix de <strong>La Capella Reial de Catalunya<\/strong> explorent l&rsquo;influence de Claudio Monteverdi \u00e0 travers une s\u00e9lection d&rsquo;\u0153uvres sacr\u00e9es et profanes. Des \u0153uvres des compositeurs John Dowland, Samuel Scheidt, Anthony Holborne et Jacomo de Gorzanis, contemporains de Monteverdi, sont \u00e9galement au programme.<\/p>\n<p><strong>Jordi Savall<\/strong> et <strong>Hesp\u00e8rion XXI<\/strong>, qui c\u00e9l\u00e8bre cette saison-ci son cinquanti\u00e8me anniversaire de fondation, \u00e9taient venus au Qu\u00e9bec en 2022 avec un programme intitul\u00e9 <em>L&rsquo;\u00e2ge d&rsquo;or de la musique pour consort<\/em>. \u00c0 cette occasion, l&rsquo;ancienne r\u00e9dactrice en chef de Ludwig van Montr\u00e9al Caroline Rodgers <a href=\"https:\/\/www.ludwig-van.com\/montreal\/2022\/11\/06\/entrevue-jordi-savall-quand-on-apprend-on-est-heureux\/\" target=\"_blank\" rel=\"noopener\">avait pu poser quelques questions<\/a> \u00e0 l&rsquo;octog\u00e9naire toujours avide d&rsquo;apprentissages.<\/p>\n<p>Les arr\u00eats qu\u00e9b\u00e9cois de la tourn\u00e9e de cette ann\u00e9e sont pr\u00e9vus le 6 octobre \u00e0 16 h au Palais Montcalm de Qu\u00e9bec et le 7 octobre \u00e0 19 h 30 \u00e0 la Maison symphonique de Montr\u00e9al. D\u00e8s le lendemain, les artistes traverseront la fronti\u00e8re vers les \u00c9tats-unis pour se produire le soir m\u00eame \u00e0 Chicago.<\/p>\n<p>Les billets sont mis simultan\u00e9ment en vente d\u00e8s aujourd&rsquo;hui, 30 ao\u00fbt, \u00e0 partir de 10 h, pour les concerts \u00e0 Qu\u00e9bec et \u00e0 Montr\u00e9al.<\/p>\n<p>LE 6 OCTOBRE, 16 H, PALAIS MONTCALM D\u00c9TAILS ET BILLETS<\/p>\n<h2><em>Inscrivez-vous \u00e0 notre infolettre! La musique classique et l\u2019op\u00e9ra en 5 minutes, chaque jour<\/em> <a href=\"https:\/\/ludwig-van.us9.list-manage.com\/subscribe?u=4f785cb3f9058f2393ccad035&amp;id=b9b160c032\" target=\"_blank\" rel=\"noopener noreferrer\">ICI<\/a><\/h2>\n","protected":false},"excerpt":{"rendered":"<p>L&rsquo;exceptionnel gambiste et chef d&rsquo;orchestre Jordi Savall sera en octobre \u00e0 Qu\u00e9bec et \u00e0 Montr\u00e9al avec son groupe Hesp\u00e9rion XXI et les voix de La Capella de Catalunya dans le cadre d&rsquo;une tourn\u00e9e nord-am\u00e9ricaine consacr\u00e9e \u00e0 son programme Jordi Savall &#8211; Claudio Monteverdi R\u00e9volution, Les larmes et le feu des muses.<\/p>\n","protected":false},"author":55,"featured_media":83526,"comment_status":"open","ping_status":"open","sticky":false,"template":"","format":"standard","meta":{"om_disable_all_campaigns":false,"jetpack_post_was_ever_published":false},"categories":[42107,10956,10992],"tags":[42106,42269,14717],"yst_prominent_words":[16402,19182,9958,34445,35395,11447,11441,10065,7694,11219,18766,8313,9838,22808,11444,11707],"acf":[],"jetpack_featured_media_url":"https:\/\/www.ludwig-van.com\/montreal\/wp-content\/uploads\/sites\/3\/2024\/08\/Copie-de-NOUVELLE83.jpg","jetpack_sharing_enabled":true,"jetpack_shortlink":"https:\/\/wp.me\/p9bdYt-lJb","amp_enabled":true,"_links":{"self":[{"href":"https:\/\/www.ludwig-van.com\/montreal\/wp-json\/wp\/v2\/posts\/83525"}],"collection":[{"href":"https:\/\/www.ludwig-van.com\/montreal\/wp-json\/wp\/v2\/posts"}],"about":[{"href":"https:\/\/www.ludwig-van.com\/montreal\/wp-json\/wp\/v2\/types\/post"}],"author":[{"embeddable":true,"href":"https:\/\/www.ludwig-van.com\/montreal\/wp-json\/wp\/v2\/users\/55"}],"replies":[{"embeddable":true,"href":"https:\/\/www.ludwig-van.com\/montreal\/wp-json\/wp\/v2\/comments?post=83525"}],"version-history":[{"count":9,"href":"https:\/\/www.ludwig-van.com\/montreal\/wp-json\/wp\/v2\/posts\/83525\/revisions"}],"predecessor-version":[{"id":83540,"href":"https:\/\/www.ludwig-van.com\/montreal\/wp-json\/wp\/v2\/posts\/83525\/revisions\/83540"}],"wp:featuredmedia":[{"embeddable":true,"href":"https:\/\/www.ludwig-van.com\/montreal\/wp-json\/wp\/v2\/media\/83526"}],"wp:attachment":[{"href":"https:\/\/www.ludwig-van.com\/montreal\/wp-json\/wp\/v2\/media?parent=83525"}],"wp:term":[{"taxonomy":"category","embeddable":true,"href":"https:\/\/www.ludwig-van.com\/montreal\/wp-json\/wp\/v2\/categories?post=83525"},{"taxonomy":"post_tag","embeddable":true,"href":"https:\/\/www.ludwig-van.com\/montreal\/wp-json\/wp\/v2\/tags?post=83525"},{"taxonomy":"yst_prominent_words","embeddable":true,"href":"https:\/\/www.ludwig-van.com\/montreal\/wp-json\/wp\/v2\/yst_prominent_words?post=83525"}],"curies":[{"name":"wp","href":"https:\/\/api.w.org\/{rel}","templated":true}]}}