{"id":83420,"date":"2024-08-26T13:02:11","date_gmt":"2024-08-26T17:02:11","guid":{"rendered":"https:\/\/www.ludwig-van.com\/montreal\/?p=83420"},"modified":"2024-08-27T14:00:02","modified_gmt":"2024-08-27T18:00:02","slug":"choix-de-la-redaction-dernieres-escapades-musicales-de-lete","status":"publish","type":"post","link":"https:\/\/www.ludwig-van.com\/montreal\/2024\/08\/26\/choix-de-la-redaction-dernieres-escapades-musicales-de-lete\/","title":{"rendered":"CHOIX DE LA R\u00c9DACTION | Derni\u00e8res escapades musicales de l\u2019\u00e9t\u00e9"},"content":{"rendered":"<figure id=\"attachment_83427\" aria-describedby=\"caption-attachment-83427\" style=\"width: 1200px\" class=\"wp-caption aligncenter\"><img decoding=\"async\" loading=\"lazy\" class=\"size-full wp-image-83427\" src=\"https:\/\/www.ludwig-van.com\/montreal\/wp-content\/uploads\/sites\/3\/2024\/08\/Copie-de-CONCERTS38.jpg\" alt=\"Marc Hervieux et Sophie Faucher dans Une voix pour \u00eatre aim\u00e9e (Photo : courtoisie F\u00eate de la musique); Beau Dommage symphonique (Visuel : fourni par Productions Martin Leclerc); Natalie Choquette (Photo : Ariane Lagac\u00e9)\" width=\"1200\" height=\"628\" srcset=\"https:\/\/www.ludwig-van.com\/montreal\/wp-content\/uploads\/sites\/3\/2024\/08\/Copie-de-CONCERTS38.jpg 1200w, https:\/\/www.ludwig-van.com\/montreal\/wp-content\/uploads\/sites\/3\/2024\/08\/Copie-de-CONCERTS38-300x157.jpg 300w, https:\/\/www.ludwig-van.com\/montreal\/wp-content\/uploads\/sites\/3\/2024\/08\/Copie-de-CONCERTS38-1024x536.jpg 1024w, https:\/\/www.ludwig-van.com\/montreal\/wp-content\/uploads\/sites\/3\/2024\/08\/Copie-de-CONCERTS38-768x402.jpg 768w\" sizes=\"(max-width: 1200px) 100vw, 1200px\" \/><figcaption id=\"caption-attachment-83427\" class=\"wp-caption-text\">Marc Hervieux et Sophie Faucher dans Une voix pour \u00eatre aim\u00e9e (Photo : courtoisie F\u00eate de la musique); Beau Dommage symphonique (Visuel : fourni par Productions Martin Leclerc); Natalie Choquette (Photo : Ariane Lagac\u00e9)<\/figcaption><\/figure>\n<p><em><strong>Que ce soit de fa\u00e7on physique ou simplement dans votre t\u00eate, profitez de cette derni\u00e8re semaine d\u2019ao\u00fbt pour vous \u00e9chapper en musique! Veuillez noter que les prochains Choix de la r\u00e9daction para\u00eetront le mardi 3 septembre d\u00fb au cong\u00e9 de la F\u00eate du travail.\u00a0<\/strong><\/em><\/p>\n<p>&nbsp;<\/p>\n<p><img decoding=\"async\" loading=\"lazy\" class=\"aligncenter size-full wp-image-83421\" src=\"https:\/\/www.ludwig-van.com\/montreal\/wp-content\/uploads\/sites\/3\/2024\/08\/Beau-Dommage-symphonique.jpg\" alt=\"\" width=\"1200\" height=\"675\" srcset=\"https:\/\/www.ludwig-van.com\/montreal\/wp-content\/uploads\/sites\/3\/2024\/08\/Beau-Dommage-symphonique.jpg 1200w, https:\/\/www.ludwig-van.com\/montreal\/wp-content\/uploads\/sites\/3\/2024\/08\/Beau-Dommage-symphonique-300x169.jpg 300w, https:\/\/www.ludwig-van.com\/montreal\/wp-content\/uploads\/sites\/3\/2024\/08\/Beau-Dommage-symphonique-1024x576.jpg 1024w, https:\/\/www.ludwig-van.com\/montreal\/wp-content\/uploads\/sites\/3\/2024\/08\/Beau-Dommage-symphonique-768x432.jpg 768w\" sizes=\"(max-width: 1200px) 100vw, 1200px\" \/><\/p>\n<h3>Pour s\u2019\u00e9chapper dans sa t\u00eate \u2026<\/h3>\n<p>Laissez-vous pendre les pieds au bout du quai et \u00e9tendez-vous sous les palmiers, sous les bananiers lors de ce concert qui ravira les nostalgiques et les amateurs de musique qu\u00e9b\u00e9coise. L\u2019<strong>Orchestre M\u00e9tropolitain<\/strong>, dirig\u00e9 par <strong>Adam Johnson<\/strong>, souligne le 50<sup>e<\/sup> anniversaire de la sortie du premier album de <strong>Beau Dommage<\/strong> avec le concert <i>\u00c7a fait 50 ans qu\u2019on se conna\u00eet. <\/i>Dix interpr\u00e8tes aux voix uniques se partageront la sc\u00e8ne pour interpr\u00e9ter les plus grands succ\u00e8s du groupe. \u00c0 noter qu\u2019il ne reste de la place que pour la repr\u00e9sentation d\u2019apr\u00e8s-midi le 31 ao\u00fbt, les autres affichant complet. Cependant, le concert sera repris \u00e0 Trois-Rivi\u00e8res, Sherbrooke et Qu\u00e9bec en septembre.<\/p>\n<p>LE 30 AO\u00dbT, 20 H (COMPLET); 31 AO\u00dbT, 15 H ET 20 H (COMPLET), SALLE WILFRID-PELLETIER\u00a0 <a href=\"https:\/\/orchestremetropolitain.com\/fr\/concerts\/beau-dommage-symphonique\/?show_date_id=8183\" target=\"_blank\" rel=\"noopener\">D\u00c9TAILS ET BILLETS<\/a><\/p>\n<p>&nbsp;<\/p>\n<p>&nbsp;<\/p>\n<figure id=\"attachment_83422\" aria-describedby=\"caption-attachment-83422\" style=\"width: 1006px\" class=\"wp-caption aligncenter\"><img decoding=\"async\" loading=\"lazy\" class=\"size-full wp-image-83422\" src=\"https:\/\/www.ludwig-van.com\/montreal\/wp-content\/uploads\/sites\/3\/2024\/08\/fete-de-la-musique-Tremblant.png\" alt=\"F\u00eate de la musique de Tremblant. (Photo : courtoisie d'Analekta)\" width=\"1006\" height=\"512\" srcset=\"https:\/\/www.ludwig-van.com\/montreal\/wp-content\/uploads\/sites\/3\/2024\/08\/fete-de-la-musique-Tremblant.png 1006w, https:\/\/www.ludwig-van.com\/montreal\/wp-content\/uploads\/sites\/3\/2024\/08\/fete-de-la-musique-Tremblant-300x153.png 300w, https:\/\/www.ludwig-van.com\/montreal\/wp-content\/uploads\/sites\/3\/2024\/08\/fete-de-la-musique-Tremblant-768x391.png 768w\" sizes=\"(max-width: 1006px) 100vw, 1006px\" \/><figcaption id=\"caption-attachment-83422\" class=\"wp-caption-text\">Une \u00e9dition pass\u00e9e de la F\u00eate de la musique de Tremblant. (Photo : courtoisie d&rsquo;Analekta)<\/figcaption><\/figure>\n<h3>Pour s\u2019\u00e9chapper de la ville \u2026<\/h3>\n<p>Si vous pr\u00e9f\u00e9rez vous \u00e9vader physiquement de la ville pour la fin de semaine, rendez-vous \u00e0 Tremblant pour la 24e \u00e9dition de <i>La F\u00eate de la musique de Tremblant<\/i> du 30 ao\u00fbt au 2 septembre. La programmation vari\u00e9e saura certainement vous faire d\u00e9crocher de votre quotidien avant le retour de la routine \u00abm\u00e9tro-boulot-dodo\u00bb, les lunchs et la course aux cours de loisirs des enfants. Les concerts sont gratuits et tous les d\u00e9tails de la programmation se trouvent <a href=\"https:\/\/fetedelamusiquetremblant.com\/programmation-2\/\" target=\"_blank\" rel=\"noopener\">ici<\/a>.<\/p>\n<p>&nbsp;<\/p>\n<p><img decoding=\"async\" loading=\"lazy\" class=\"aligncenter size-full wp-image-83425\" src=\"https:\/\/www.ludwig-van.com\/montreal\/wp-content\/uploads\/sites\/3\/2024\/08\/Marc-Hervieux-Sophie-Faucher_Une-voix-pour-etre-aimee.jpg\" alt=\"\" width=\"1024\" height=\"1024\" srcset=\"https:\/\/www.ludwig-van.com\/montreal\/wp-content\/uploads\/sites\/3\/2024\/08\/Marc-Hervieux-Sophie-Faucher_Une-voix-pour-etre-aimee.jpg 1024w, https:\/\/www.ludwig-van.com\/montreal\/wp-content\/uploads\/sites\/3\/2024\/08\/Marc-Hervieux-Sophie-Faucher_Une-voix-pour-etre-aimee-300x300.jpg 300w, https:\/\/www.ludwig-van.com\/montreal\/wp-content\/uploads\/sites\/3\/2024\/08\/Marc-Hervieux-Sophie-Faucher_Une-voix-pour-etre-aimee-150x150.jpg 150w, https:\/\/www.ludwig-van.com\/montreal\/wp-content\/uploads\/sites\/3\/2024\/08\/Marc-Hervieux-Sophie-Faucher_Une-voix-pour-etre-aimee-768x768.jpg 768w\" sizes=\"(max-width: 1024px) 100vw, 1024px\" \/><\/p>\n<h3>Une voix pour \u00eatre aim\u00e9e : Maria Callas<\/h3>\n<p>Le concert d&rsquo;ouverture <i>Une voix pour \u00eatre aim\u00e9e : Maria Callas,<\/i> interpr\u00e9t\u00e9 par <strong>Sophie Faucher<\/strong> et Marc Hervieux, souligne le 100<sup>e<\/sup> anniversaire de la cantatrice de fa\u00e7on unique. On y raconte la vie de Maria Callas \u00e0 l\u2019aide d\u2019archives et par la musique qui nous am\u00e8ne dans l\u2019univers de la diva.<\/p>\n<p>LE 30 AO\u00dbT, 19 H 30, \u00c9GLISE DU VILLAGE<\/p>\n<p>&nbsp;<\/p>\n<figure id=\"attachment_74124\" aria-describedby=\"caption-attachment-74124\" style=\"width: 1020px\" class=\"wp-caption aligncenter\"><img decoding=\"async\" loading=\"lazy\" class=\"size-full wp-image-74124\" src=\"https:\/\/www.ludwig-van.com\/montreal\/wp-content\/uploads\/sites\/3\/2022\/11\/Kiya-Tabassian.png\" alt=\"\" width=\"1020\" height=\"676\" \/><figcaption id=\"caption-attachment-74124\" class=\"wp-caption-text\">Kiya Tabassian<\/figcaption><\/figure>\n<h3>R\u00e9miniscences &#8211; Remembrances<\/h3>\n<p>\u00c9vadez-vous en Iran gr\u00e2ce \u00e0 <strong>Ziya Tabassian<\/strong> au tombak (percussion iranienne), accompagn\u00e9 de <strong>Didem Basar<\/strong> et <strong>Omar Abou Afach<\/strong>. Ils y pr\u00e9senteront des extraits du dernier album de Tibassian, <i>Remembrances<\/i>, qui se caract\u00e9rise par des influences traditionnelles et modernes.<\/p>\n<p>LE 31 AO\u00dbT, 12 H, SC\u00c8NE DESLAURIERS<\/p>\n<p>&nbsp;<\/p>\n<p><img decoding=\"async\" loading=\"lazy\" class=\"aligncenter size-full wp-image-60920\" src=\"https:\/\/www.ludwig-van.com\/montreal\/wp-content\/uploads\/sites\/3\/2017\/09\/Ensemble-Caprice-CREDIT-Tobias-Haynes.jpg\" alt=\"\" width=\"1024\" height=\"683\" srcset=\"https:\/\/www.ludwig-van.com\/montreal\/wp-content\/uploads\/sites\/3\/2017\/09\/Ensemble-Caprice-CREDIT-Tobias-Haynes.jpg 1024w, https:\/\/www.ludwig-van.com\/montreal\/wp-content\/uploads\/sites\/3\/2017\/09\/Ensemble-Caprice-CREDIT-Tobias-Haynes-300x200.jpg 300w, https:\/\/www.ludwig-van.com\/montreal\/wp-content\/uploads\/sites\/3\/2017\/09\/Ensemble-Caprice-CREDIT-Tobias-Haynes-768x512.jpg 768w\" sizes=\"(max-width: 1024px) 100vw, 1024px\" \/><\/p>\n<h3>Vivaldi et les nomades baroques<\/h3>\n<p>Vous pr\u00e9f\u00e9rez voyager dans le temps? Rendez-vous \u00e0 la sc\u00e8ne Qu\u00e9becor pour le concert <i>Vivaldi et les nomades baroques.<\/i> Sous la direction de <strong>Matthias Maute<\/strong>, les instrumentistes virtuoses de l\u2019<strong>Ensemble Caprice<\/strong> interpr\u00e8tent la musique que Vivaldi a compos\u00e9e en s\u2019inspirant des musiciens anonymes nomades qu\u2019il rencontrait sur les routes et dans les villages lors de ses tourn\u00e9es.<\/p>\n<p>LE 31 AO\u00dbT, 13 H, SC\u00c8NE QU\u00c9BECOR<\/p>\n<p>&nbsp;<\/p>\n<h3>Camino de Mujares<\/h3>\n<p>Plongez dans un univers \u00e9clectique avec <strong>Mikha\u00eblle Salazar<\/strong> et son groupe vocal <strong>Mikha.elles<\/strong>. Leurs quatre voix accompagn\u00e9es de percussions convergent en une seule expression vocale, explorant un r\u00e9pertoire chant\u00e9 en espagnol et en fran\u00e7ais. Ce spectacle est issu de l\u2019album <i>Camino de Mujeres<\/i> sorti en novembre dernier.<\/p>\n<p>LE 31 AO\u00dbT, 14 H 15, SC\u00c8NE DESLAURIERS<\/p>\n<p>&nbsp;<\/p>\n<figure id=\"attachment_68042\" aria-describedby=\"caption-attachment-68042\" style=\"width: 835px\" class=\"wp-caption aligncenter\"><img decoding=\"async\" loading=\"lazy\" class=\"size-full wp-image-68042\" src=\"https:\/\/www.ludwig-van.com\/montreal\/wp-content\/uploads\/sites\/3\/2021\/09\/Les-Rugissants.jpg\" alt=\"\" width=\"835\" height=\"467\" \/><figcaption id=\"caption-attachment-68042\" class=\"wp-caption-text\">Les Rugissants (Photo : courtoisie)<\/figcaption><\/figure>\n<h3>Voces de Espa\u00f1a<\/h3>\n<p>L\u2019Espagne est \u00e0 l\u2019honneur dans ce concert des <strong>Rugissants<\/strong>, un ch\u0153ur fond\u00e9 en 2017 ayant remport\u00e9 avec ce programme le Prix de la tourn\u00e9e au Conseil des Arts de Montr\u00e9al. Treize artistes, dont une danseuse de flamenco, s\u2019allient pour interpr\u00e9ter la musique chorale espagnole des XX<sup>e<\/sup> et XXI<sup>e<\/sup> si\u00e8cles, ainsi qu\u2019une Espagne imagin\u00e9e par des compositeurs \u00e9trangers.<\/p>\n<p>LE 31 AO\u00dbT, 15 H 30, SC\u00c8NE QU\u00c9BECOR<\/p>\n<h3><\/h3>\n<h3>Paul Baillargeon se raconte au piano<\/h3>\n<p>Voyagez dans l\u2019univers intime de l\u2019un de nos plus prolifiques compositeurs de musique de films et de t\u00e9l\u00e9vision, <strong>Paul Baillargeon<\/strong>. C\u2019est en paroles et en musique que ce compositeur aguerri, ayant entre autres contribu\u00e9 la trame sonore \u00e0 41 \u00e9pisodes de la franchise <i>Star Trek<\/i> pendant 12 ans, parlera de son m\u00e9tier et de ses d\u00e9fis. Il se produira quatre fois, soit deux fois le samedi et deux fois le dimanche, donc aucune raison de manquer cette fascinante exploration de l&rsquo;univers infini de la musique pour<\/p>\n<p>LE 31 AO\u00dbT, 14 H ET 16 H; LE 1 SEPTEMBRE 14 H ET 16 H, PIANO PUBLIC QU\u00c9BECOR<\/p>\n<h3><\/h3>\n<figure id=\"attachment_83426\" aria-describedby=\"caption-attachment-83426\" style=\"width: 1200px\" class=\"wp-caption aligncenter\"><img decoding=\"async\" loading=\"lazy\" class=\"size-full wp-image-83426\" src=\"https:\/\/www.ludwig-van.com\/montreal\/wp-content\/uploads\/sites\/3\/2024\/08\/matt-dupont-et-jeremie-roy_credit-antoine-saito-scaled-1.jpg\" alt=\"Matt Dupont et J\u00e9r\u00e9mie Roy (Photo : Antoine Saito)\" width=\"1200\" height=\"1681\" srcset=\"https:\/\/www.ludwig-van.com\/montreal\/wp-content\/uploads\/sites\/3\/2024\/08\/matt-dupont-et-jeremie-roy_credit-antoine-saito-scaled-1.jpg 1200w, https:\/\/www.ludwig-van.com\/montreal\/wp-content\/uploads\/sites\/3\/2024\/08\/matt-dupont-et-jeremie-roy_credit-antoine-saito-scaled-1-214x300.jpg 214w, https:\/\/www.ludwig-van.com\/montreal\/wp-content\/uploads\/sites\/3\/2024\/08\/matt-dupont-et-jeremie-roy_credit-antoine-saito-scaled-1-731x1024.jpg 731w, https:\/\/www.ludwig-van.com\/montreal\/wp-content\/uploads\/sites\/3\/2024\/08\/matt-dupont-et-jeremie-roy_credit-antoine-saito-scaled-1-768x1076.jpg 768w, https:\/\/www.ludwig-van.com\/montreal\/wp-content\/uploads\/sites\/3\/2024\/08\/matt-dupont-et-jeremie-roy_credit-antoine-saito-scaled-1-1096x1536.jpg 1096w\" sizes=\"(max-width: 1200px) 100vw, 1200px\" \/><figcaption id=\"caption-attachment-83426\" class=\"wp-caption-text\">Matt Dupont et J\u00e9r\u00e9mie Roy (Photo : Antoine Saito)<\/figcaption><\/figure>\n<h3>Si la harpe m\u2019\u00e9tait r\u00e9cit\u00e9e<\/h3>\n<p><strong>Matt Dupont<\/strong>, harpiste, et <strong>J\u00e9r\u00e9mie Roy<\/strong>, com\u00e9dien, vous invitent \u00e0 entendre des \u0153uvres originales pour harpe ponctu\u00e9es de chef-d\u2019\u0153uvres litt\u00e9raires. Une invitation musicale et po\u00e9tique qui vous d\u00e9tendra \u00e0 coup s\u00fbr!<\/p>\n<p>LE 1 SEPTEMBRE, 12 H, SC\u00c8NE DESLAURIERS<\/p>\n<h3><\/h3>\n<figure id=\"attachment_59919\" aria-describedby=\"caption-attachment-59919\" style=\"width: 1024px\" class=\"wp-caption aligncenter\"><img decoding=\"async\" loading=\"lazy\" class=\"size-full wp-image-59919\" src=\"https:\/\/www.ludwig-van.com\/montreal\/wp-content\/uploads\/sites\/3\/2018\/05\/Karen-Young-et-Marianne-Trudel-2018-photo-Michel-Pinault.jpg\" alt=\"Karen Young et Marianne Trudel\" width=\"1024\" height=\"683\" srcset=\"https:\/\/www.ludwig-van.com\/montreal\/wp-content\/uploads\/sites\/3\/2018\/05\/Karen-Young-et-Marianne-Trudel-2018-photo-Michel-Pinault.jpg 1024w, https:\/\/www.ludwig-van.com\/montreal\/wp-content\/uploads\/sites\/3\/2018\/05\/Karen-Young-et-Marianne-Trudel-2018-photo-Michel-Pinault-300x200.jpg 300w, https:\/\/www.ludwig-van.com\/montreal\/wp-content\/uploads\/sites\/3\/2018\/05\/Karen-Young-et-Marianne-Trudel-2018-photo-Michel-Pinault-768x512.jpg 768w\" sizes=\"(max-width: 1024px) 100vw, 1024px\" \/><figcaption id=\"caption-attachment-59919\" class=\"wp-caption-text\">Karen Young et Marianne Trudel (Photo : Michel Pinault)<\/figcaption><\/figure>\n<h3>Ode \u00e0 la nature, ode \u00e0 la vie!<\/h3>\n<p>Pour c\u00e9l\u00e9brer ses 50 ans de carri\u00e8re, <strong>Karen Young<\/strong> s\u2019associe \u00e0 la pianiste <strong>Marianne Trudel<\/strong> pour pr\u00e9senter un spectacle in\u00e9dit rendant hommage \u00e0 la nature, \u00e0 la beaut\u00e9 et \u00e0 la vie. Elles y naviguent entre les mots d\u2019artistes bien de chez nous, tel que Gilles Vigneault, et les mots d\u2019artistes internationaux, tels que Neil Young ou encore les Beatles, pour cr\u00e9er un spectacle gorg\u00e9 d\u2019\u00e9motions.<\/p>\n<p>LE 1 SEPTEMBRE, 13 H, SC\u00c8NE QU\u00c9BECOR<\/p>\n<p>&nbsp;<\/p>\n<figure id=\"attachment_74955\" aria-describedby=\"caption-attachment-74955\" style=\"width: 715px\" class=\"wp-caption aligncenter\"><img decoding=\"async\" loading=\"lazy\" class=\"size-full wp-image-74955\" src=\"https:\/\/www.ludwig-van.com\/montreal\/wp-content\/uploads\/sites\/3\/2023\/01\/Dominique-Beausejour-Ostiguy_Christ-Habib.jpg\" alt=\"\" width=\"715\" height=\"536\" \/><figcaption id=\"caption-attachment-74955\" class=\"wp-caption-text\">Dominique Beaus\u00e9jour-Ostiguy, Christ Habib<\/figcaption><\/figure>\n<h3>Hommage \u00e0 Piazzolla<\/h3>\n<p>Entrez dans l\u2019univers du tango dans cet hommage au plus grand compositeur du XXe si\u00e8cle dans ce style. Rejoignez <strong>Dominique Beaus\u00e9jour-Ostiguy<\/strong> et <strong>Christ Habib<\/strong> dans un concert comment\u00e9 et interpr\u00e9t\u00e9 par ce duo guitare-violoncelle traversant le parcours musical du c\u00e9l\u00e8bre compositeur.<\/p>\n<p>LE 1 SEPTEMBRE, 14 H 15, SC\u00c8NE DESLAURIERS<\/p>\n<p>&nbsp;<\/p>\n<figure id=\"attachment_62881\" aria-describedby=\"caption-attachment-62881\" style=\"width: 1200px\" class=\"wp-caption aligncenter\"><img decoding=\"async\" loading=\"lazy\" class=\"size-full wp-image-62881\" src=\"https:\/\/www.ludwig-van.com\/montreal\/wp-content\/uploads\/sites\/3\/2019\/11\/redim_La-Nef_Sea-Songs_Photo-groupe_CRE\u2560\u00fcDIT_-Pierre-Alexandre-Saint-Yves.jpg\" alt=\"Sea Songs and Shanties avec La Nef (Photo : Pierre-Alexandre Saint-Yves)\" width=\"1200\" height=\"734\" srcset=\"https:\/\/www.ludwig-van.com\/montreal\/wp-content\/uploads\/sites\/3\/2019\/11\/redim_La-Nef_Sea-Songs_Photo-groupe_CRE\u2560\u00fcDIT_-Pierre-Alexandre-Saint-Yves.jpg 1200w, https:\/\/www.ludwig-van.com\/montreal\/wp-content\/uploads\/sites\/3\/2019\/11\/redim_La-Nef_Sea-Songs_Photo-groupe_CRE\u2560\u00fcDIT_-Pierre-Alexandre-Saint-Yves-300x184.jpg 300w, https:\/\/www.ludwig-van.com\/montreal\/wp-content\/uploads\/sites\/3\/2019\/11\/redim_La-Nef_Sea-Songs_Photo-groupe_CRE\u2560\u00fcDIT_-Pierre-Alexandre-Saint-Yves-768x470.jpg 768w, https:\/\/www.ludwig-van.com\/montreal\/wp-content\/uploads\/sites\/3\/2019\/11\/redim_La-Nef_Sea-Songs_Photo-groupe_CRE\u2560\u00fcDIT_-Pierre-Alexandre-Saint-Yves-1024x626.jpg 1024w\" sizes=\"(max-width: 1200px) 100vw, 1200px\" \/><figcaption id=\"caption-attachment-62881\" class=\"wp-caption-text\">Sea Songs and Shanties avec La Nef (Photo : Pierre-Alexandre Saint-Yves)<\/figcaption><\/figure>\n<h3><em>Red Sky at Night &#8211; <\/em>Chants de marins<\/h3>\n<p>D\u00e9couvrez les chants marins avec <strong>La Nef<\/strong> sous la direction musicale de <strong>Se\u00e1n Dagher<\/strong> et prenez la mer avec leur r\u00e9pertoire de chansons \u00e9voquant tant\u00f4t des aventures tumultueuses, tant\u00f4t des naufrages, mais aussi, parfois, des histoires de navigation paisible et d\u2019amour.<\/p>\n<p>LE 1 SEPTEMBRE, 15 H 30, SC\u00c8NE QU\u00c9BECOR<\/p>\n<h3><\/h3>\n<figure id=\"attachment_83424\" aria-describedby=\"caption-attachment-83424\" style=\"width: 1200px\" class=\"wp-caption aligncenter\"><img decoding=\"async\" loading=\"lazy\" class=\"size-full wp-image-83424\" src=\"https:\/\/www.ludwig-van.com\/montreal\/wp-content\/uploads\/sites\/3\/2024\/08\/NatalieChoquette2018_2_Ariane-Lagace.jpg\" alt=\"Natalie Choquette (Photo : Ariane Lagac\u00e9)\" width=\"1200\" height=\"800\" srcset=\"https:\/\/www.ludwig-van.com\/montreal\/wp-content\/uploads\/sites\/3\/2024\/08\/NatalieChoquette2018_2_Ariane-Lagace.jpg 1200w, https:\/\/www.ludwig-van.com\/montreal\/wp-content\/uploads\/sites\/3\/2024\/08\/NatalieChoquette2018_2_Ariane-Lagace-300x200.jpg 300w, https:\/\/www.ludwig-van.com\/montreal\/wp-content\/uploads\/sites\/3\/2024\/08\/NatalieChoquette2018_2_Ariane-Lagace-1024x683.jpg 1024w, https:\/\/www.ludwig-van.com\/montreal\/wp-content\/uploads\/sites\/3\/2024\/08\/NatalieChoquette2018_2_Ariane-Lagace-768x512.jpg 768w\" sizes=\"(max-width: 1200px) 100vw, 1200px\" \/><figcaption id=\"caption-attachment-83424\" class=\"wp-caption-text\">Natalie Choquette (Photo : Ariane Lagac\u00e9)<\/figcaption><\/figure>\n<h3>Quelle famille!<\/h3>\n<p>C\u2019est en jouant avec chacune leur style, mais aussi avec celui des autres, que <strong>Natalie Choquette<\/strong> et deux de ses filles, <strong>\u00c9l\u00e9onore Lagac\u00e9<\/strong> et <strong>Florence K<\/strong>, vous feront voyager dans l\u2019univers musical de la famille. Ainsi, \u00c9l\u00e9onore se joint \u00e0 sa m\u00e8re pour un air d\u2019op\u00e9ra, alors que Florence se pr\u00eate au pop de sa soeur et que Nathalie jazze sur les airs de bossa nova de Florence.<\/p>\n<p>LE 1 SEPTEMBRE, 19 H 30, SC\u00c8NE QU\u00c9BECOR<\/p>\n<figure id=\"attachment_67886\" aria-describedby=\"caption-attachment-67886\" style=\"width: 1076px\" class=\"wp-caption aligncenter\"><img decoding=\"async\" loading=\"lazy\" class=\"size-full wp-image-67886\" src=\"https:\/\/www.ludwig-van.com\/montreal\/wp-content\/uploads\/sites\/3\/2021\/09\/PhotoP._E.Bergeron2-copie.jpg\" alt=\"M\u00e9lisande McNabney. (Photo: Pierre-\u00c9tienne Bergeron)\" width=\"1076\" height=\"774\" \/><figcaption id=\"caption-attachment-67886\" class=\"wp-caption-text\">M\u00e9lisande McNabney. (Photo: Pierre-\u00c9tienne Bergeron)<\/figcaption><\/figure>\n<h3>Femmes de Versailles<\/h3>\n<p>Voyagez dans la cour fran\u00e7aise avec <strong>M\u00e9lisande McNabney<\/strong> au clavecin. Ce programme retrace l\u2019histoire et la musique des femmes \u00e0 la c\u00e9l\u00e8bre cour du Palais de Versailles \u00e0 l\u2019\u00e9poque baroque.<\/p>\n<p>LE 2 SEPTEMBRE, 12 H, SC\u00c8NE QU\u00c9BECOR<\/p>\n<figure id=\"attachment_83423\" aria-describedby=\"caption-attachment-83423\" style=\"width: 710px\" class=\"wp-caption aligncenter\"><img decoding=\"async\" loading=\"lazy\" class=\"size-full wp-image-83423\" src=\"https:\/\/www.ludwig-van.com\/montreal\/wp-content\/uploads\/sites\/3\/2024\/08\/Chloe-Dumoulin_site-web-de-lartiste.png\" alt=\"Chlo\u00e9 Dumoulin (Photo : site web de l'artiste)\" width=\"710\" height=\"603\" srcset=\"https:\/\/www.ludwig-van.com\/montreal\/wp-content\/uploads\/sites\/3\/2024\/08\/Chloe-Dumoulin_site-web-de-lartiste.png 710w, https:\/\/www.ludwig-van.com\/montreal\/wp-content\/uploads\/sites\/3\/2024\/08\/Chloe-Dumoulin_site-web-de-lartiste-300x255.png 300w\" sizes=\"(max-width: 710px) 100vw, 710px\" \/><figcaption id=\"caption-attachment-83423\" class=\"wp-caption-text\">Chlo\u00e9 Dumoulin (Photo : site web de l&rsquo;artiste)<\/figcaption><\/figure>\n<h3>Les \u00c9toiles du Conservatoire<\/h3>\n<p>Encouragez la rel\u00e8ve et d\u00e9couvrez de nouveaux talents en assistant \u00e0 ce concert mettant en vedette de jeunes \u00e9tudiant\u00b7e\u00b7s ou finissant\u00b7e\u00b7s du Conservatoire, dont la pianiste<strong> Chlo\u00e9 Dumoulin<\/strong> faisant partie de la fameuse liste <i>30 Under 30<\/i> de la CBC (liste annuelle des artistes de moins de 30 ans \u00e0 surveiller). Gageons que vous serez s\u00e9duit par leur qu\u00eate de l\u2019excellence et leur passion!<\/p>\n<p>LE 2 SEPTEMBRE, 13 H, SC\u00c8NE QU\u00c9BECOR<\/p>\n<h3><\/h3>\n<figure id=\"attachment_83428\" aria-describedby=\"caption-attachment-83428\" style=\"width: 1138px\" class=\"wp-caption aligncenter\"><img decoding=\"async\" loading=\"lazy\" class=\"size-full wp-image-83428\" src=\"https:\/\/www.ludwig-van.com\/montreal\/wp-content\/uploads\/sites\/3\/2024\/08\/Confluents_Stephanie-Pothier.png\" alt=\"L'exposition Confluents par St\u00e9phanie Pothier et Julien-Robert. (Photo : site web des artistes)\" width=\"1138\" height=\"762\" srcset=\"https:\/\/www.ludwig-van.com\/montreal\/wp-content\/uploads\/sites\/3\/2024\/08\/Confluents_Stephanie-Pothier.png 1138w, https:\/\/www.ludwig-van.com\/montreal\/wp-content\/uploads\/sites\/3\/2024\/08\/Confluents_Stephanie-Pothier-300x201.png 300w, https:\/\/www.ludwig-van.com\/montreal\/wp-content\/uploads\/sites\/3\/2024\/08\/Confluents_Stephanie-Pothier-1024x686.png 1024w, https:\/\/www.ludwig-van.com\/montreal\/wp-content\/uploads\/sites\/3\/2024\/08\/Confluents_Stephanie-Pothier-768x514.png 768w\" sizes=\"(max-width: 1138px) 100vw, 1138px\" \/><figcaption id=\"caption-attachment-83428\" class=\"wp-caption-text\">L&rsquo;exposition Confluents par St\u00e9phanie Pothier et Julien-Robert. (Photo : site web des artistes)<\/figcaption><\/figure>\n<h3>Confluent &#8211; De la mer aux nuages<\/h3>\n<p>La mezzo-soprano et photographe <strong>St\u00e9phanie Pothier<\/strong> et le compositeur et artiste num\u00e9rique <strong>Julien-Robert<\/strong>, formant ensemble le duo <strong>ClairObscur, <\/strong>force cr\u00e9atrice derri\u00e8re le spectacle-concert <em>Camille Claudel : dans l&rsquo;ombre du g\u00e9ant<\/em>, r\u00e9cidivent avec <em>Confluents &#8211; De la mer aux nuages<\/em>, une double exp\u00e9rience exposition et concert \u00e0 vivre en combinaison ou s\u00e9par\u00e9ment. D&rsquo;abord con\u00e7us comme les quatre mouvements d&rsquo;une \u0153uvre multim\u00e9dia pour le concert <em>De la mer aux nuages<\/em>, les quatre tableaux vid\u00e9o de <em>Confluents<\/em> vivent \u00e9galement en tant qu&rsquo;installation suscitant une r\u00e9flexion sensible sur l&rsquo;eau. Le vernissage de l&rsquo;installation a lieu le 29 ao\u00fbt \u00e0 la Maison de la culture Notre-Dame-de-Gr\u00e2ce, o\u00f9 il sera possible de la visiter jusqu&rsquo;en octobre. Les repr\u00e9sentations du concert associ\u00e9 suivront en septembre.<\/p>\n<p>VERNISSAGE : LE 29 AO\u00dbT, 17 H &#8211; 19 H; EXPOSITION : DU 30 AO\u00dbT AU 6 OCTOBRE, MAISON DE LA CULTURE NOTRE-DAME-DE-GR\u00c2CE <a href=\"https:\/\/montreal.ca\/evenements\/confluents-de-la-mer-aux-nuages-stephanie-pothier-et-julien-robert-74457\" target=\"_blank\" rel=\"noopener\">D\u00c9TAILS<\/a><\/p>\n<h2><em>Inscrivez-vous \u00e0 notre infolettre! La musique classique et l\u2019op\u00e9ra en 5 minutes, chaque jour<\/em> <a href=\"https:\/\/ludwig-van.us9.list-manage.com\/subscribe?u=4f785cb3f9058f2393ccad035&amp;id=b9b160c032\" target=\"_blank\" rel=\"noopener noreferrer\">ICI<\/a><\/h2>\n<p>&nbsp;<\/p>\n","protected":false},"excerpt":{"rendered":"<p>Que ce soit de fa\u00e7on physique ou simplement dans votre t\u00eate, profitez de cette derni\u00e8re semaine d\u2019ao\u00fbt pour vous \u00e9chapper en musique, avant le retour de la routine \u00abm\u00e9tro-boulot-dodo\u00bb!<\/p>\n","protected":false},"author":1,"featured_media":83427,"comment_status":"open","ping_status":"open","sticky":false,"template":"","format":"standard","meta":{"om_disable_all_campaigns":false,"jetpack_post_was_ever_published":false},"categories":[42107,10994],"tags":[42106,11882,1274,2521],"yst_prominent_words":[18160],"acf":[],"jetpack_featured_media_url":"https:\/\/www.ludwig-van.com\/montreal\/wp-content\/uploads\/sites\/3\/2024\/08\/Copie-de-CONCERTS38.jpg","jetpack_sharing_enabled":true,"jetpack_shortlink":"https:\/\/wp.me\/p9bdYt-lHu","amp_enabled":true,"_links":{"self":[{"href":"https:\/\/www.ludwig-van.com\/montreal\/wp-json\/wp\/v2\/posts\/83420"}],"collection":[{"href":"https:\/\/www.ludwig-van.com\/montreal\/wp-json\/wp\/v2\/posts"}],"about":[{"href":"https:\/\/www.ludwig-van.com\/montreal\/wp-json\/wp\/v2\/types\/post"}],"author":[{"embeddable":true,"href":"https:\/\/www.ludwig-van.com\/montreal\/wp-json\/wp\/v2\/users\/1"}],"replies":[{"embeddable":true,"href":"https:\/\/www.ludwig-van.com\/montreal\/wp-json\/wp\/v2\/comments?post=83420"}],"version-history":[{"count":11,"href":"https:\/\/www.ludwig-van.com\/montreal\/wp-json\/wp\/v2\/posts\/83420\/revisions"}],"predecessor-version":[{"id":83460,"href":"https:\/\/www.ludwig-van.com\/montreal\/wp-json\/wp\/v2\/posts\/83420\/revisions\/83460"}],"wp:featuredmedia":[{"embeddable":true,"href":"https:\/\/www.ludwig-van.com\/montreal\/wp-json\/wp\/v2\/media\/83427"}],"wp:attachment":[{"href":"https:\/\/www.ludwig-van.com\/montreal\/wp-json\/wp\/v2\/media?parent=83420"}],"wp:term":[{"taxonomy":"category","embeddable":true,"href":"https:\/\/www.ludwig-van.com\/montreal\/wp-json\/wp\/v2\/categories?post=83420"},{"taxonomy":"post_tag","embeddable":true,"href":"https:\/\/www.ludwig-van.com\/montreal\/wp-json\/wp\/v2\/tags?post=83420"},{"taxonomy":"yst_prominent_words","embeddable":true,"href":"https:\/\/www.ludwig-van.com\/montreal\/wp-json\/wp\/v2\/yst_prominent_words?post=83420"}],"curies":[{"name":"wp","href":"https:\/\/api.w.org\/{rel}","templated":true}]}}