{"id":83285,"date":"2024-08-20T17:44:30","date_gmt":"2024-08-20T21:44:30","guid":{"rendered":"https:\/\/www.ludwig-van.com\/montreal\/?p=83285"},"modified":"2024-08-21T14:00:02","modified_gmt":"2024-08-21T18:00:02","slug":"viree-classique-voyage-de-groupe-reussi","status":"publish","type":"post","link":"https:\/\/www.ludwig-van.com\/montreal\/2024\/08\/20\/viree-classique-voyage-de-groupe-reussi\/","title":{"rendered":"VIR\u00c9E CLASSIQUE | Voyage de groupe r\u00e9ussi"},"content":{"rendered":"<figure id=\"attachment_83298\" aria-describedby=\"caption-attachment-83298\" style=\"width: 1200px\" class=\"wp-caption aligncenter\"><img decoding=\"async\" loading=\"lazy\" class=\"size-full wp-image-83298\" src=\"https:\/\/www.ludwig-van.com\/montreal\/wp-content\/uploads\/sites\/3\/2024\/08\/Copie-de-CONCERTS37.jpg\" alt=\"Joseph Tawadros (Photo : Gabriel Fournier); Concert au Complexe Desjardins (Photo : Antoine Saito); Rafael Payare dirigeant l'ensemble Obiora \u00e0 la Maison symphonique (Photo : Antoine Saito)\" width=\"1200\" height=\"628\" srcset=\"https:\/\/www.ludwig-van.com\/montreal\/wp-content\/uploads\/sites\/3\/2024\/08\/Copie-de-CONCERTS37.jpg 1200w, https:\/\/www.ludwig-van.com\/montreal\/wp-content\/uploads\/sites\/3\/2024\/08\/Copie-de-CONCERTS37-300x157.jpg 300w, https:\/\/www.ludwig-van.com\/montreal\/wp-content\/uploads\/sites\/3\/2024\/08\/Copie-de-CONCERTS37-1024x536.jpg 1024w, https:\/\/www.ludwig-van.com\/montreal\/wp-content\/uploads\/sites\/3\/2024\/08\/Copie-de-CONCERTS37-768x402.jpg 768w\" sizes=\"(max-width: 1200px) 100vw, 1200px\" \/><figcaption id=\"caption-attachment-83298\" class=\"wp-caption-text\">Joseph Tawadros (Photo : Gabriel Fournier); Concert au Complexe Desjardins (Photo : Antoine Saito); Rafael Payare dirigeant l&rsquo;ensemble Obiora \u00e0 la Maison symphonique (Photo : Antoine Saito)<\/figcaption><\/figure>\n<p>La onzi\u00e8me \u00e9dition de la Vir\u00e9e classique a eu lieu la fin de semaine derni\u00e8re, offrant trois jours (plus le Concert sur l&rsquo;Esplanade) de d\u00e9couvertes vari\u00e9es \u00e0 des milliers de personnes s&rsquo;\u00e9tant d\u00e9plac\u00e9es pour profiter des programmations gratuites et payantes en divers lieux du Quartier des spectacles. Bilan de notre exp\u00e9rience.<\/p>\n<p>&nbsp;<\/p>\n<figure id=\"attachment_83295\" aria-describedby=\"caption-attachment-83295\" style=\"width: 1200px\" class=\"wp-caption aligncenter\"><img decoding=\"async\" loading=\"lazy\" class=\"size-full wp-image-83295\" src=\"https:\/\/www.ludwig-van.com\/montreal\/wp-content\/uploads\/sites\/3\/2024\/08\/Constantinople-a-lEsplanade-Tranquille_Viree-Classique-OSM-16-aout-2024_Gabriel-Fournier.jpg\" alt=\"Le groupe Constantinpople sur la sc\u00e8ne de l'Esplanade Tranquille le 16 ao\u00fbt. (Photo : Gabriel Fournier)\" width=\"1200\" height=\"800\" srcset=\"https:\/\/www.ludwig-van.com\/montreal\/wp-content\/uploads\/sites\/3\/2024\/08\/Constantinople-a-lEsplanade-Tranquille_Viree-Classique-OSM-16-aout-2024_Gabriel-Fournier.jpg 1200w, https:\/\/www.ludwig-van.com\/montreal\/wp-content\/uploads\/sites\/3\/2024\/08\/Constantinople-a-lEsplanade-Tranquille_Viree-Classique-OSM-16-aout-2024_Gabriel-Fournier-300x200.jpg 300w, https:\/\/www.ludwig-van.com\/montreal\/wp-content\/uploads\/sites\/3\/2024\/08\/Constantinople-a-lEsplanade-Tranquille_Viree-Classique-OSM-16-aout-2024_Gabriel-Fournier-1024x683.jpg 1024w, https:\/\/www.ludwig-van.com\/montreal\/wp-content\/uploads\/sites\/3\/2024\/08\/Constantinople-a-lEsplanade-Tranquille_Viree-Classique-OSM-16-aout-2024_Gabriel-Fournier-768x512.jpg 768w\" sizes=\"(max-width: 1200px) 100vw, 1200px\" \/><figcaption id=\"caption-attachment-83295\" class=\"wp-caption-text\">Le groupe Constantinpople sur la sc\u00e8ne de l&rsquo;Esplanade Tranquille le 16 ao\u00fbt. (Photo : Gabriel Fournier)<\/figcaption><\/figure>\n<h3>Vendredi soir<\/h3>\n<p>Vendredi, avant le Requiem de Verdi \u00e0 la Maison symphonique, j&rsquo;ai pass\u00e9 un moment agr\u00e9able \u00e0 l&rsquo;Esplanade Tranquille \u00e0 souper accompagn\u00e9e par les sonorit\u00e9s riches et toujours renouvel\u00e9es du groupe <strong>Constantinople<\/strong>. <strong>Kiya Tabassian<\/strong> et ses coll\u00e8gues accueillaient <strong>Neva \u00d6zgen<\/strong> au <em>kemenche<\/em>, un instrument \u00e0 cordes frott\u00e9es \u00e0 la sonorit\u00e9 \u00e9trangement plaintive.<\/p>\n<p>&nbsp;<\/p>\n<figure id=\"attachment_83297\" aria-describedby=\"caption-attachment-83297\" style=\"width: 1200px\" class=\"wp-caption aligncenter\"><img decoding=\"async\" loading=\"lazy\" class=\"size-full wp-image-83297\" src=\"https:\/\/www.ludwig-van.com\/montreal\/wp-content\/uploads\/sites\/3\/2024\/08\/Joseph-Tawadros-Obiora_Viree-classique-2024_Antoine-Saito.jpg\" alt=\"Joseph Tawadros sur la sc\u00e8ne de la Maison symphonique le 17 ao\u00fbt 2024 dans le cadre de la Vir\u00e9e classique. (Photo : Antoine Saito)\" width=\"1200\" height=\"800\" srcset=\"https:\/\/www.ludwig-van.com\/montreal\/wp-content\/uploads\/sites\/3\/2024\/08\/Joseph-Tawadros-Obiora_Viree-classique-2024_Antoine-Saito.jpg 1200w, https:\/\/www.ludwig-van.com\/montreal\/wp-content\/uploads\/sites\/3\/2024\/08\/Joseph-Tawadros-Obiora_Viree-classique-2024_Antoine-Saito-300x200.jpg 300w, https:\/\/www.ludwig-van.com\/montreal\/wp-content\/uploads\/sites\/3\/2024\/08\/Joseph-Tawadros-Obiora_Viree-classique-2024_Antoine-Saito-1024x683.jpg 1024w, https:\/\/www.ludwig-van.com\/montreal\/wp-content\/uploads\/sites\/3\/2024\/08\/Joseph-Tawadros-Obiora_Viree-classique-2024_Antoine-Saito-768x512.jpg 768w\" sizes=\"(max-width: 1200px) 100vw, 1200px\" \/><figcaption id=\"caption-attachment-83297\" class=\"wp-caption-text\">Joseph Tawadros sur la sc\u00e8ne de la Maison symphonique le 17 ao\u00fbt 2024 dans le cadre de la Vir\u00e9e classique. (Photo : Antoine Saito)<\/figcaption><\/figure>\n<h3>Samedi<\/h3>\n<p>Samedi, j&rsquo;ai d\u00e9but\u00e9 mon trajet m\u00e9diterran\u00e9en \u00e0 la Cinqui\u00e8me salle avec le <strong>Fakir Trio<\/strong>, form\u00e9 de <strong>Marwan Fakir<\/strong> (violon), <strong>Louis Desseigne<\/strong> (guitare et saz) et <strong>Pierre-Antoine Despatures<\/strong> (contrebasse), et le joueur de fl\u00fbte marocaine <em>nay<\/em><strong> Rachid Zeroual<\/strong>, avec la participation d&rsquo;<strong>Anwar Saidi<\/strong> au violoncelle et <strong>Bertil<\/strong> <strong>Schulrabe<\/strong> aux percussions. Le Fakir Trio s&rsquo;inspire de musiques de tradition soufie, berb\u00e8re, Gnawa ou hmadcha pour les interpr\u00e9ter dans un idiome jazz. Rachid Zeroual, pour sa part, est consid\u00e9r\u00e9 le plus grand joueur de nay de la plan\u00e8te. Le r\u00e9sultat a \u00e9t\u00e9 une heure de d\u00e9couvertes fort attrayantes, faisant autant taper du pied en rythme que se balancer avec les m\u00e9lodies aux couleurs inconnues.<\/p>\n<p>J&rsquo;ai poursuivi mon parcours \u00e0 la Maison symphonique pour le concert de l&rsquo;ensemble <strong>Obiora<\/strong>, auquel se joignait l&rsquo;oudiste <strong>Joseph Tawadros<\/strong>, dont le talent avait \u00e9t\u00e9 r\u00e9v\u00e9l\u00e9 au public deux jours auparavant lors du Concert sur l&rsquo;Esplanade du Parc olympique. <strong>Tawadros<\/strong> a interpr\u00e9t\u00e9 trois de ses compositions, aussi color\u00e9es et enlevantes que celles jou\u00e9es mercredi soir. <strong>Rafael Payare<\/strong> est ensuite mont\u00e9 sur le podium pour diriger les membres d&rsquo;Obiora dans une interpr\u00e9tation des <em>Souvenirs de Florence<\/em> de Tcha\u00efkovski, dont les deuxi\u00e8me et troisi\u00e8me mouvements ont particuli\u00e8rement touch\u00e9 le public. En d\u00e9but de concert, <strong>Obiora<\/strong> avait jou\u00e9 une transcription du c\u00e9l\u00e8bre mouvement \u00ab\u00a0Asturias\u00a0\u00bb d&rsquo;Alb\u00e9niz et <em>Luctus Profugis<\/em>, une lamentation pour cordes et percussions de <strong>Karim Al-Zand<\/strong>, enti\u00e8rement sans chef. L&rsquo;intention est louable, et nul doute que le jeune ensemble deviendra plus adepte s&rsquo;il continue \u00e0 adopter ce mode de fonctionnement, mais pour l&rsquo;instant l&rsquo;absence de direction donnait un r\u00e9sultat un peu mou et confus.<\/p>\n<p>Au passage, j&rsquo;ai attrap\u00e9 \u00e0 l&rsquo;Espace culturel Georges-\u00c9mile-Lapalme un extrait de la pr\u00e9sentation \u00e9clairante offerte par <strong>Marwan Fakir<\/strong> et <strong>Rachid Zeroual<\/strong>, entendus en d\u00e9but d&rsquo;apr\u00e8s-midi, sur les <em>maq\u00e2mat<\/em> (<em>maq\u00e2m<\/em> au singulier), modes musicaux de la musique du Moyen-Orient, et sur leur classification en familles selon le t\u00e9tracorde de d\u00e9but. Chaque <em>maq\u00e2m<\/em> est un univers sonore rattach\u00e9 \u00e0 une \u00e9motion sp\u00e9cifique.<\/p>\n<p>Pour terminer ma journ\u00e9e musicale, je suis retourn\u00e9e \u00e0 la Cinqui\u00e8me salle entendre des membres de l&rsquo;OSM et le pianiste invit\u00e9 <strong>C\u00e9dric Tiberghien<\/strong> dans des \u0153uvres de musique de chambre par Debussy, Faur\u00e9 et Chausson. Avec <strong>Tiberghien<\/strong>, la violoncelliste <strong>Anna Burden<\/strong> a livr\u00e9 une tr\u00e8s belle et tr\u00e8s ma\u00eetris\u00e9e interpr\u00e9tation de l&rsquo;exigeante Sonate pour violoncelle de Debussy, suivie de la lyrique \u00c9l\u00e9gie de Faur\u00e9. Dans l&rsquo;\u00c9l\u00e9gie, la violoncelliste a soutir\u00e9 de son instrument des couleurs en demi-teintes tout \u00e0 fait appropri\u00e9es au chant m\u00e9lancolique. Malheureusement, le pianiste n&rsquo;en faisait pas autant sur le Steinway sous ses doigts dont l&rsquo;aigu \u00e9tait particuli\u00e8rement per\u00e7ant.<\/p>\n<p>Venait ensuite la pi\u00e8ce de r\u00e9sistance de ce concert, le Concert pour violon, piano et quatuor \u00e0 cordes de Chausson. <strong>Marianne Dugal<\/strong>, deuxi\u00e8me violon solo associ\u00e9 de l&rsquo;OSM, a brillamment tenu la partie soliste, accompagn\u00e9e par ses coll\u00e8gues <strong>Alexander Haupt<\/strong> et <strong>Richard Zheng<\/strong> (violons), <strong>Victor Fournelle-Blain<\/strong> (alto) et <strong>Anna Burden<\/strong> (violoncelle). <strong>C\u00e9dric Tiberghien<\/strong>, ma\u00eetre des arp\u00e8ges cristallins \u00e9vanescents, a fait preuve d&rsquo;une endurance de niveau olympique en virevoltant \u00e0 travers cette partition exigeante apr\u00e8s avoir jou\u00e9 le Cinqui\u00e8me Concerto pour piano dit l&rsquo;\u00c9gyptien de Saint-Sa\u00ebns plus t\u00f4t en apr\u00e8s-midi.<\/p>\n<p>Je reste persuad\u00e9e qu&rsquo;une amplification d&rsquo;appoint \u00e9tait employ\u00e9e, l&#8217;emplacement des micros favorisant malheureusement le quatuor plus que le violon solo. Tout le long de la soir\u00e9e, les cordes ont souffert d&rsquo;un exc\u00e8s de r\u00e9verb\u00e9ration qui empi\u00e9tait sur leur production sonore naturelle.<\/p>\n<p>&nbsp;<\/p>\n<figure id=\"attachment_83296\" aria-describedby=\"caption-attachment-83296\" style=\"width: 1200px\" class=\"wp-caption aligncenter\"><img decoding=\"async\" loading=\"lazy\" class=\"size-full wp-image-83296\" src=\"https:\/\/www.ludwig-van.com\/montreal\/wp-content\/uploads\/sites\/3\/2024\/08\/Milos-OSM-Maison-symphonique_Viree-classique-2024_Antoine-Saito.jpg\" alt=\"Milos en solo avec l'OSM le 17 aoout 2024 \u00e0 la Maison symphonique. (Photo : Antoine Saito)\" width=\"1200\" height=\"800\" srcset=\"https:\/\/www.ludwig-van.com\/montreal\/wp-content\/uploads\/sites\/3\/2024\/08\/Milos-OSM-Maison-symphonique_Viree-classique-2024_Antoine-Saito.jpg 1200w, https:\/\/www.ludwig-van.com\/montreal\/wp-content\/uploads\/sites\/3\/2024\/08\/Milos-OSM-Maison-symphonique_Viree-classique-2024_Antoine-Saito-300x200.jpg 300w, https:\/\/www.ludwig-van.com\/montreal\/wp-content\/uploads\/sites\/3\/2024\/08\/Milos-OSM-Maison-symphonique_Viree-classique-2024_Antoine-Saito-1024x683.jpg 1024w, https:\/\/www.ludwig-van.com\/montreal\/wp-content\/uploads\/sites\/3\/2024\/08\/Milos-OSM-Maison-symphonique_Viree-classique-2024_Antoine-Saito-768x512.jpg 768w\" sizes=\"(max-width: 1200px) 100vw, 1200px\" \/><figcaption id=\"caption-attachment-83296\" class=\"wp-caption-text\">Milos en solo avec l&rsquo;OSM le 17 aoout 2024 \u00e0 la Maison symphonique. (Photo : Antoine Saito)<\/figcaption><\/figure>\n<h3>Dimanche<\/h3>\n<p>Mon dimanche apr\u00e8s-midi a de nouveau d\u00e9but\u00e9 \u00e0 la Cinqui\u00e8me salle pour le r\u00e9cital solo du guitariste <strong>Milos<\/strong>, que j&rsquo;avais manqu\u00e9 la veille lors de sa prestation comme soliste dans le Concerto d&rsquo;Aranjuez avec l&rsquo;OSM. Le Montenegrin d&rsquo;origine, form\u00e9 \u00e0 Londres, a interpr\u00e9t\u00e9 environ huit pi\u00e8ces tir\u00e9es du r\u00e9pertoire standard, des transcriptions de sa main et une composition \u00e9crite \u00e0 son intention par <strong>Mathias Duplessy<\/strong>, <em>Amor Fati<\/em>, que, nous a-t-il expliqu\u00e9 avec emphase, chaque auditeur\u00b7rice per\u00e7oit diff\u00e9remment selon son propre v\u00e9cu, ou son propre destin (le <em>fatum<\/em> du titre). Il me reste \u00e0 saisir en quoi cela la diff\u00e9rencie de l&rsquo;ensemble du r\u00e9pertoire.<\/p>\n<p>J&rsquo;ai termin\u00e9 ma Vir\u00e9e par une petite saucette au Complexe Desjardins, que j&rsquo;avais n\u00e9glig\u00e9 jusque l\u00e0, o\u00f9 j&rsquo;ai entendu l&rsquo;<strong>Harmonie des jeunes de la Vir\u00e9e<\/strong> sous la direction d&rsquo;<strong>\u00c9ric Levasseur<\/strong>. Ce projet r\u00e9unissait des jeunes de cinq \u00e9coles secondaires diff\u00e9rentes, r\u00e9uni\u00b7e\u00b7s en r\u00e9p\u00e9tition depuis une semaine. Le r\u00e9pertoire pour harmonie se pr\u00eate bien \u00e0 une th\u00e9matique m\u00e9diterran\u00e9enne, puisque les arrangements d&rsquo;inspiration espagnole et moyen-orientale abondent. Levasseur a dirig\u00e9 l&rsquo;ensemble avec la fermet\u00e9 et la comp\u00e9tence que lui connait le public des concerts du programme Arts-\u00c9tudes de l&rsquo;\u00e9cole secondaire Joseph-Fran\u00e7ois-Perrault. Toutes les sections ont contribu\u00e9 avec s\u00e9rieux et concentration au succ\u00e8s de la prestation, les claviers des percussions ajoutant entre autres un relief bienvenu.<\/p>\n<h3>Conclusion<\/h3>\n<p>La programmation en salle all\u00e9g\u00e9e et l&rsquo;offre foisonnante et multiculturelle des concerts gratuits semblent avoir contribu\u00e9 \u00e0 un engouement renouvel\u00e9 pour cette \u00e9dition de la Vir\u00e9e classique. La th\u00e9matique m\u00e9diterran\u00e9enne permettait un vaste \u00e9chantillonage de musiques et de traditions culturelles ainsi que la mise en valeur de groupes montr\u00e9alais sortant des sentiers battus, tout comme l&rsquo;accueil d&rsquo;artistes internationaux.<\/p>\n<h2><em>Inscrivez-vous \u00e0 notre infolettre! La musique classique et l\u2019op\u00e9ra en 5 minutes, chaque jour<\/em> <a href=\"https:\/\/ludwig-van.us9.list-manage.com\/subscribe?u=4f785cb3f9058f2393ccad035&amp;id=b9b160c032\" target=\"_blank\" rel=\"noopener noreferrer\">ICI<\/a><\/h2>\n<p>&nbsp;<\/p>\n","protected":false},"excerpt":{"rendered":"<p>La onzi\u00e8me \u00e9dition de la Vir\u00e9e classique a eu lieu la fin de semaine derni\u00e8re, offrant trois jours (plus le Concert sur l&rsquo;Esplanade) de d\u00e9couvertes vari\u00e9es \u00e0 des milliers de personnes s&rsquo;\u00e9tant d\u00e9plac\u00e9es pour profiter des programmations gratuites et payantes en divers lieux au Quartier des spectacles. Bilan de notre exp\u00e9rience.<\/p>\n","protected":false},"author":55,"featured_media":83298,"comment_status":"open","ping_status":"open","sticky":false,"template":"","format":"standard","meta":{"om_disable_all_campaigns":false,"jetpack_post_was_ever_published":false},"categories":[42107,52],"tags":[],"yst_prominent_words":[14253,38187,18204,9869,33286,11620,20367,18156],"acf":[],"jetpack_featured_media_url":"https:\/\/www.ludwig-van.com\/montreal\/wp-content\/uploads\/sites\/3\/2024\/08\/Copie-de-CONCERTS37.jpg","jetpack_sharing_enabled":true,"jetpack_shortlink":"https:\/\/wp.me\/p9bdYt-lFj","amp_enabled":true,"_links":{"self":[{"href":"https:\/\/www.ludwig-van.com\/montreal\/wp-json\/wp\/v2\/posts\/83285"}],"collection":[{"href":"https:\/\/www.ludwig-van.com\/montreal\/wp-json\/wp\/v2\/posts"}],"about":[{"href":"https:\/\/www.ludwig-van.com\/montreal\/wp-json\/wp\/v2\/types\/post"}],"author":[{"embeddable":true,"href":"https:\/\/www.ludwig-van.com\/montreal\/wp-json\/wp\/v2\/users\/55"}],"replies":[{"embeddable":true,"href":"https:\/\/www.ludwig-van.com\/montreal\/wp-json\/wp\/v2\/comments?post=83285"}],"version-history":[{"count":12,"href":"https:\/\/www.ludwig-van.com\/montreal\/wp-json\/wp\/v2\/posts\/83285\/revisions"}],"predecessor-version":[{"id":83314,"href":"https:\/\/www.ludwig-van.com\/montreal\/wp-json\/wp\/v2\/posts\/83285\/revisions\/83314"}],"wp:featuredmedia":[{"embeddable":true,"href":"https:\/\/www.ludwig-van.com\/montreal\/wp-json\/wp\/v2\/media\/83298"}],"wp:attachment":[{"href":"https:\/\/www.ludwig-van.com\/montreal\/wp-json\/wp\/v2\/media?parent=83285"}],"wp:term":[{"taxonomy":"category","embeddable":true,"href":"https:\/\/www.ludwig-van.com\/montreal\/wp-json\/wp\/v2\/categories?post=83285"},{"taxonomy":"post_tag","embeddable":true,"href":"https:\/\/www.ludwig-van.com\/montreal\/wp-json\/wp\/v2\/tags?post=83285"},{"taxonomy":"yst_prominent_words","embeddable":true,"href":"https:\/\/www.ludwig-van.com\/montreal\/wp-json\/wp\/v2\/yst_prominent_words?post=83285"}],"curies":[{"name":"wp","href":"https:\/\/api.w.org\/{rel}","templated":true}]}}