{"id":83267,"date":"2024-08-19T15:55:42","date_gmt":"2024-08-19T19:55:42","guid":{"rendered":"https:\/\/www.ludwig-van.com\/montreal\/?p=83267"},"modified":"2024-08-20T14:00:02","modified_gmt":"2024-08-20T18:00:02","slug":"choix-de-la-redaction-26","status":"publish","type":"post","link":"https:\/\/www.ludwig-van.com\/montreal\/2024\/08\/19\/choix-de-la-redaction-26\/","title":{"rendered":"CHOIX DE LA R\u00c9DACTION | Un programme pas Ordinaire pour l&rsquo;OSM"},"content":{"rendered":"<figure id=\"attachment_83277\" aria-describedby=\"caption-attachment-83277\" style=\"width: 1200px\" class=\"wp-caption aligncenter\"><img decoding=\"async\" loading=\"lazy\" class=\"size-full wp-image-83277\" src=\"https:\/\/www.ludwig-van.com\/montreal\/wp-content\/uploads\/sites\/3\/2024\/08\/Copie-de-CONCERTS36.jpg\" alt=\"\" width=\"1200\" height=\"628\" srcset=\"https:\/\/www.ludwig-van.com\/montreal\/wp-content\/uploads\/sites\/3\/2024\/08\/Copie-de-CONCERTS36.jpg 1200w, https:\/\/www.ludwig-van.com\/montreal\/wp-content\/uploads\/sites\/3\/2024\/08\/Copie-de-CONCERTS36-300x157.jpg 300w, https:\/\/www.ludwig-van.com\/montreal\/wp-content\/uploads\/sites\/3\/2024\/08\/Copie-de-CONCERTS36-1024x536.jpg 1024w, https:\/\/www.ludwig-van.com\/montreal\/wp-content\/uploads\/sites\/3\/2024\/08\/Copie-de-CONCERTS36-768x402.jpg 768w\" sizes=\"(max-width: 1200px) 100vw, 1200px\" \/><figcaption id=\"caption-attachment-83277\" class=\"wp-caption-text\">Charlebois symphonique avec l&rsquo;OSM; le pianiste Mehdi Gazi (Photo : Karen Reeves); Buzz cuivres (Photo : Michel B\u00e9rard)<\/figcaption><\/figure>\n<p>&nbsp;<\/p>\n<p><strong>Robert Charlebois<\/strong> en version symphonique? Ce n&rsquo;\u00e9tait qu&rsquo;une question de temps. Avec ses 80 chandelles encore bien allum\u00e9es, le l\u00e9gendaire chanteur m\u00e9ritait bien \u00e7a. Par ailleurs, les concerts dans les parcs n&rsquo;ont pas dit leur dernier mot, et <strong>Musique de chambre \u00e0 Sainte-P\u00e9tronille<\/strong> cl\u00f4t sa saison par un r\u00e9cital du pianiste <strong>Mehdi Gazi<\/strong>.<\/p>\n<p>&nbsp;<\/p>\n<figure id=\"attachment_80309\" aria-describedby=\"caption-attachment-80309\" style=\"width: 1200px\" class=\"wp-caption aligncenter\"><img decoding=\"async\" loading=\"lazy\" class=\"size-full wp-image-80309\" src=\"https:\/\/www.ludwig-van.com\/montreal\/wp-content\/uploads\/sites\/3\/2024\/03\/Stock-photo-violoncelle_Meline-Waxx_1200.jpg\" alt=\"Un violoncelle couch\u00e9 sur le c\u00f4t\u00e9 avec un archet d\u00e9pos\u00e9 dessus. (Photo : M\u00e9line Waxx)\" width=\"1200\" height=\"800\" srcset=\"https:\/\/www.ludwig-van.com\/montreal\/wp-content\/uploads\/sites\/3\/2024\/03\/Stock-photo-violoncelle_Meline-Waxx_1200.jpg 1200w, https:\/\/www.ludwig-van.com\/montreal\/wp-content\/uploads\/sites\/3\/2024\/03\/Stock-photo-violoncelle_Meline-Waxx_1200-300x200.jpg 300w, https:\/\/www.ludwig-van.com\/montreal\/wp-content\/uploads\/sites\/3\/2024\/03\/Stock-photo-violoncelle_Meline-Waxx_1200-1024x683.jpg 1024w, https:\/\/www.ludwig-van.com\/montreal\/wp-content\/uploads\/sites\/3\/2024\/03\/Stock-photo-violoncelle_Meline-Waxx_1200-768x512.jpg 768w\" sizes=\"(max-width: 1200px) 100vw, 1200px\" \/><figcaption id=\"caption-attachment-80309\" class=\"wp-caption-text\">(Photo : M\u00e9line Waxx)<\/figcaption><\/figure>\n<h3>L&rsquo;OSTR dans les parcs<\/h3>\n<p>Des groupuscules de l&rsquo;<strong>Orchestre symphonique de Trois-Rivi\u00e8res<\/strong> vont \u00e0 la rencontre de leur public dans les parcs de la r\u00e9gion. D\u00e9j\u00e0 entam\u00e9e la fin de semaine derni\u00e8re, cette tourn\u00e9e estivale s&rsquo;arr\u00eatera le mardi 20 ao\u00fbt \u00e0 11 h 15 au Parc du Tricentenaire avec une prestation du quintette de cuivres de l&rsquo;orchestre, reprise sur le parvis de l&rsquo;\u00e9glise \u00e0 Champlain le 21 ao\u00fbt \u00e0 18 h 30. Vendredi, \u00ab\u00a0Les cordes \u00e0 danser\u00a0\u00bb seront au Jardin de la paix de Saint-Boniface \u00e0 16 h et \u00e0 18 h. Samedi, c&rsquo;est au tour du Quatuor Rhapsodie d&rsquo;offrir deux prestations, \u00e0 11 h et \u00e0 13 h, au March\u00e9 Godefroy de B\u00e9cancour. Finalement, le dimanche 25 ao\u00fbt, un quatuor \u00e0 cordes de l&rsquo;orchestre sera pr\u00e9sent au Parc Saint-Aug\u00e8ne de La Tuque \u00e0 16 h et au Parc des Chutes de la m\u00eame villet \u00e0 18 h. La m\u00eame journ\u00e9e, le quintette de cuivres jouera au Moulin Michel \u00e0 14 h.<\/p>\n<p>\u00c0 noter que les prestations du duo de violoncelles pr\u00e9vue aujourd&rsquo;hui\u00a0 \u00e0 14 h \u00e0 la Marine de Grand-m\u00e8re et \u00e0 17 h au Parc Saint-Maurice de Shawinigan ont d\u00fb \u00eatre annul\u00e9es \u00e0 cause de la temp\u00e9rature.<\/p>\n<p>DU 21 AU 25 AO\u00dbT, HEURES ET ENDROITS DIVERS <a href=\"https:\/\/ostr.ca\/programmation\/evenements-speciaux\/tournee-estivale-2024\/\" target=\"_blank\" rel=\"noopener\">D\u00c9TAILS<\/a><\/p>\n<p>&nbsp;<\/p>\n<figure id=\"attachment_65165\" aria-describedby=\"caption-attachment-65165\" style=\"width: 1024px\" class=\"wp-caption aligncenter\"><img decoding=\"async\" loading=\"lazy\" class=\"size-full wp-image-65165\" src=\"https:\/\/www.ludwig-van.com\/montreal\/wp-content\/uploads\/sites\/3\/2018\/10\/Buzz_Cuivres_Buzz_Brass_2019_HI_RES_Michel_B\u00e9rard.jpg\" alt=\"\" width=\"1024\" height=\"683\" srcset=\"https:\/\/www.ludwig-van.com\/montreal\/wp-content\/uploads\/sites\/3\/2018\/10\/Buzz_Cuivres_Buzz_Brass_2019_HI_RES_Michel_B\u00e9rard.jpg 1024w, https:\/\/www.ludwig-van.com\/montreal\/wp-content\/uploads\/sites\/3\/2018\/10\/Buzz_Cuivres_Buzz_Brass_2019_HI_RES_Michel_B\u00e9rard-300x200.jpg 300w, https:\/\/www.ludwig-van.com\/montreal\/wp-content\/uploads\/sites\/3\/2018\/10\/Buzz_Cuivres_Buzz_Brass_2019_HI_RES_Michel_B\u00e9rard-768x512.jpg 768w\" sizes=\"(max-width: 1024px) 100vw, 1024px\" \/><figcaption id=\"caption-attachment-65165\" class=\"wp-caption-text\">Buzz Cuivres (Photo : Michel B\u00e9rard)<\/figcaption><\/figure>\n<h3>Les c\u00e9l\u00e8bres inspirations de Buzz cuivres<\/h3>\n<p>Habitu\u00e9 des tourn\u00e9es en Asie et dans l&rsquo;Ouest canadien, le quintette <strong>Buzz cuivres<\/strong> ne n\u00e9glige pas pour autant son public local : il donnera un concert gratuit mercredi \u00e0 Rivi\u00e8re-des-Prairies au cours duquel les cinq comparses interpr\u00e9teront des pi\u00e8ces du tournant du 20e si\u00e8cle, dont des \u0153uvres inspir\u00e9es du folklore, de la litt\u00e9rature et de la nature par des compositeurs tels que Satie, Debussy et Dvorak.<\/p>\n<p>LE 21 AO\u00dbT, 19 H, PLACE DU PARC SAINT-JOSEPH <a href=\"https:\/\/montreal.ca\/evenements\/celebres-inspiration-buzz-cuivre-69430\" target=\"_blank\" rel=\"noopener\">D\u00c9TAILS<\/a><\/p>\n<p>&nbsp;<\/p>\n<h3><img decoding=\"async\" loading=\"lazy\" class=\"aligncenter size-full wp-image-83278\" src=\"https:\/\/www.ludwig-van.com\/montreal\/wp-content\/uploads\/sites\/3\/2024\/08\/Charlebois-symphonique.png\" alt=\"\" width=\"860\" height=\"803\" srcset=\"https:\/\/www.ludwig-van.com\/montreal\/wp-content\/uploads\/sites\/3\/2024\/08\/Charlebois-symphonique.png 860w, https:\/\/www.ludwig-van.com\/montreal\/wp-content\/uploads\/sites\/3\/2024\/08\/Charlebois-symphonique-300x280.png 300w, https:\/\/www.ludwig-van.com\/montreal\/wp-content\/uploads\/sites\/3\/2024\/08\/Charlebois-symphonique-768x717.png 768w\" sizes=\"(max-width: 860px) 100vw, 860px\" \/>Charlebois symphonique<\/h3>\n<p>Apr\u00e8s nous avoir fait voyager dans la grande r\u00e9gion m\u00e9diterran\u00e9enne, l&rsquo;<strong>OSM<\/strong> s&rsquo;ancre de nouveau dans notre r\u00e9alit\u00e9 musicale on ne peut plus qu\u00e9b\u00e9coise avec le grand <strong>Robert Charlebois<\/strong>. Pour c\u00e9l\u00e9brer ses 80 ans,<strong> Charlebois<\/strong> reprendra certains de ses plus grands succ\u00e8s dans des adaptations symphoniques d&rsquo;<strong>Hugo B\u00e9gin<\/strong>. Les solistes <strong>Rose Naggar-Tremblay<\/strong> et <strong>Fr\u00e9d\u00e9ric Antoun<\/strong> ainsi que le <strong>Ch\u0153ur de l&rsquo;OSM<\/strong> seront \u00e9galement de la partie, sous la direction de <strong>Jacques Lacombe<\/strong>.<\/p>\n<p>LES 22, 23 ET 24 AO\u00dbT, 20 H, MAISON SYMPHONIQUE <a href=\"https:\/\/www.osm.ca\/fr\/concert\/charlebois-symphonique-une-celebration-grandiose-avec-losm\/\" target=\"_blank\" rel=\"noopener\">D\u00c9TAILS ET BILLETS<\/a><\/p>\n<p>&nbsp;<\/p>\n<figure id=\"attachment_60160\" aria-describedby=\"caption-attachment-60160\" style=\"width: 1024px\" class=\"wp-caption aligncenter\"><img decoding=\"async\" loading=\"lazy\" class=\"size-full wp-image-60160\" src=\"https:\/\/www.ludwig-van.com\/montreal\/wp-content\/uploads\/sites\/3\/2018\/05\/Mehdi-Ghazi-photo-Karen-Reeves.jpg\" alt=\"Mehdi Ghazi\" width=\"1024\" height=\"683\" srcset=\"https:\/\/www.ludwig-van.com\/montreal\/wp-content\/uploads\/sites\/3\/2018\/05\/Mehdi-Ghazi-photo-Karen-Reeves.jpg 1024w, https:\/\/www.ludwig-van.com\/montreal\/wp-content\/uploads\/sites\/3\/2018\/05\/Mehdi-Ghazi-photo-Karen-Reeves-300x200.jpg 300w, https:\/\/www.ludwig-van.com\/montreal\/wp-content\/uploads\/sites\/3\/2018\/05\/Mehdi-Ghazi-photo-Karen-Reeves-768x512.jpg 768w\" sizes=\"(max-width: 1024px) 100vw, 1024px\" \/><figcaption id=\"caption-attachment-60160\" class=\"wp-caption-text\">Mehdi Gazi (Photo : Karen Reeves)<\/figcaption><\/figure>\n<p>Comme l&rsquo;\u00e9t\u00e9, la s\u00e9rie de concerts Musique de chambre \u00e0 Sainte-P\u00e9tronille tire \u00e0 sa fin. C&rsquo;est au pianiste <strong>Mehdi Gazi<\/strong> que revient l&rsquo;honneur de clore la 41e \u00e9dition, avec un programme comportant des extraits des <em>Miroirs<\/em> de Ravel, les Variations sur un th\u00e8me de Corelli de Rachmaninov et des extraits des <em>Ann\u00e9es de p\u00e8lerinage<\/em> et des <em>\u00c9tudes d&rsquo;ex\u00e9cution transcendante<\/em> de Liszt. Arriv\u00e9 au Canada en 2006, <strong>Gahdi<\/strong> fascine par sa virtuosit\u00e9 et sa sensibilit\u00e9.<\/p>\n<p>LE 22 AO\u00dbT, 19 h 30, \u00c9GLISE SAINTE-P\u00c9TRONILLE <a href=\"https:\/\/musiquedechambre.ca\/index.php\/22-aout-4.html\" target=\"_blank\" rel=\"noopener\">D\u00c9TAILS ET BILLETS<\/a><\/p>\n<h2><em>Inscrivez-vous \u00e0 notre infolettre! La musique classique et l\u2019op\u00e9ra en 5 minutes, chaque jour<\/em> <a href=\"https:\/\/ludwig-van.us9.list-manage.com\/subscribe?u=4f785cb3f9058f2393ccad035&amp;id=b9b160c032\" target=\"_blank\" rel=\"noopener noreferrer\">ICI<\/a><\/h2>\n","protected":false},"excerpt":{"rendered":"<p>Robert Charlebois en version symphonique? Ce n&rsquo;\u00e9tait qu&rsquo;une question de temps. Avec ses 80 chandelles encore bien allum\u00e9es, le l\u00e9gendaire chanteur m\u00e9ritait bien \u00e7a. Par ailleurs, les concerts dans les parcs n&rsquo;ont pas dit leur dernier mot, et Musique de chambre \u00e0 Sainte-P\u00e9tronille cl\u00f4t sa saison par un r\u00e9cital du pianiste Mehdi Gazi.<\/p>\n","protected":false},"author":55,"featured_media":83277,"comment_status":"open","ping_status":"open","sticky":false,"template":"","format":"standard","meta":{"om_disable_all_campaigns":false,"jetpack_post_was_ever_published":false},"categories":[42107,10994],"tags":[42106,42114,2542],"yst_prominent_words":[11990,25071,12698],"acf":[],"jetpack_featured_media_url":"https:\/\/www.ludwig-van.com\/montreal\/wp-content\/uploads\/sites\/3\/2024\/08\/Copie-de-CONCERTS36.jpg","jetpack_sharing_enabled":true,"jetpack_shortlink":"https:\/\/wp.me\/p9bdYt-lF1","amp_enabled":true,"_links":{"self":[{"href":"https:\/\/www.ludwig-van.com\/montreal\/wp-json\/wp\/v2\/posts\/83267"}],"collection":[{"href":"https:\/\/www.ludwig-van.com\/montreal\/wp-json\/wp\/v2\/posts"}],"about":[{"href":"https:\/\/www.ludwig-van.com\/montreal\/wp-json\/wp\/v2\/types\/post"}],"author":[{"embeddable":true,"href":"https:\/\/www.ludwig-van.com\/montreal\/wp-json\/wp\/v2\/users\/55"}],"replies":[{"embeddable":true,"href":"https:\/\/www.ludwig-van.com\/montreal\/wp-json\/wp\/v2\/comments?post=83267"}],"version-history":[{"count":14,"href":"https:\/\/www.ludwig-van.com\/montreal\/wp-json\/wp\/v2\/posts\/83267\/revisions"}],"predecessor-version":[{"id":83294,"href":"https:\/\/www.ludwig-van.com\/montreal\/wp-json\/wp\/v2\/posts\/83267\/revisions\/83294"}],"wp:featuredmedia":[{"embeddable":true,"href":"https:\/\/www.ludwig-van.com\/montreal\/wp-json\/wp\/v2\/media\/83277"}],"wp:attachment":[{"href":"https:\/\/www.ludwig-van.com\/montreal\/wp-json\/wp\/v2\/media?parent=83267"}],"wp:term":[{"taxonomy":"category","embeddable":true,"href":"https:\/\/www.ludwig-van.com\/montreal\/wp-json\/wp\/v2\/categories?post=83267"},{"taxonomy":"post_tag","embeddable":true,"href":"https:\/\/www.ludwig-van.com\/montreal\/wp-json\/wp\/v2\/tags?post=83267"},{"taxonomy":"yst_prominent_words","embeddable":true,"href":"https:\/\/www.ludwig-van.com\/montreal\/wp-json\/wp\/v2\/yst_prominent_words?post=83267"}],"curies":[{"name":"wp","href":"https:\/\/api.w.org\/{rel}","templated":true}]}}