{"id":83188,"date":"2024-08-15T17:59:39","date_gmt":"2024-08-15T21:59:39","guid":{"rendered":"https:\/\/www.ludwig-van.com\/montreal\/?p=83188"},"modified":"2024-08-19T08:00:02","modified_gmt":"2024-08-19T12:00:02","slug":"critique-coup-denvoi-reussi-pour-la-viree-classique-2024","status":"publish","type":"post","link":"https:\/\/www.ludwig-van.com\/montreal\/2024\/08\/15\/critique-coup-denvoi-reussi-pour-la-viree-classique-2024\/","title":{"rendered":"CRITIQUE | Coup d&rsquo;envoi r\u00e9ussi pour la Vir\u00e9e classique 2024"},"content":{"rendered":"<figure id=\"attachment_83189\" aria-describedby=\"caption-attachment-83189\" style=\"width: 1200px\" class=\"wp-caption aligncenter\"><img decoding=\"async\" loading=\"lazy\" class=\"size-full wp-image-83189\" src=\"https:\/\/www.ludwig-van.com\/montreal\/wp-content\/uploads\/sites\/3\/2024\/08\/Copie-de-CRITIQUE35.jpg\" alt=\"L'OSM a donn\u00e9 un magnifique coup d'envoi \u00e0 sa Vir\u00e9e classique hier soir sur l'Esplanade du Parcolympique. (Photo : Antoine Saito)\" width=\"1200\" height=\"628\" srcset=\"https:\/\/www.ludwig-van.com\/montreal\/wp-content\/uploads\/sites\/3\/2024\/08\/Copie-de-CRITIQUE35.jpg 1200w, https:\/\/www.ludwig-van.com\/montreal\/wp-content\/uploads\/sites\/3\/2024\/08\/Copie-de-CRITIQUE35-300x157.jpg 300w, https:\/\/www.ludwig-van.com\/montreal\/wp-content\/uploads\/sites\/3\/2024\/08\/Copie-de-CRITIQUE35-1024x536.jpg 1024w, https:\/\/www.ludwig-van.com\/montreal\/wp-content\/uploads\/sites\/3\/2024\/08\/Copie-de-CRITIQUE35-768x402.jpg 768w\" sizes=\"(max-width: 1200px) 100vw, 1200px\" \/><figcaption id=\"caption-attachment-83189\" class=\"wp-caption-text\">L&rsquo;OSM a donn\u00e9 un magnifique coup d&rsquo;envoi \u00e0 sa Vir\u00e9e classique hier soir sur l&rsquo;Esplanade du Parcolympique. (Photo : Antoine Saito)<\/figcaption><\/figure>\n<p>Malgr\u00e9 un orage en fin d&rsquo;apr\u00e8s-midi, les cieux ont finalement \u00e9t\u00e9 cl\u00e9ments hier soir, permettant \u00e0 l&rsquo;<strong>OSM<\/strong> et <strong>Rafael Payare<\/strong> de donner un magnifique coup d&rsquo;envoi \u00e0 leur Vir\u00e9e classique avec le traditionnel Concert sur l&rsquo;Esplanade du Parc olympique. En ligne avec la th\u00e9matique m\u00e9diterran\u00e9enne de cette \u00e9dition, le programme a fait voyager le public en Italie et en \u00c9gypte, ce dernier lieu repr\u00e9sent\u00e9 par l&rsquo;artiste invit\u00e9 <strong>Joseph Tawadros<\/strong>, oudiste de r\u00e9putation internationale.<\/p>\n<p>Payare et ses troupes n&rsquo;ont pas l\u00e9sin\u00e9 sur le r\u00e9pertoire, ouvrant la soir\u00e9e avec <em>Francesca da Rimini<\/em> de Tcha\u00efkovski, un po\u00e8me symphonique color\u00e9 aux m\u00e9lodies haletantes d&rsquo;une dur\u00e9e d&rsquo;une vingtaine de minutes. L&rsquo;animateur de la soir\u00e9e <strong>Andr\u00e9 Robitaille<\/strong> est ensuite mont\u00e9 sur sc\u00e8ne annoncer l&rsquo;invit\u00e9 sp\u00e9cial<strong> Joseph Tawadros<\/strong>, venu interpr\u00e9ter ses propres compositions avec l&rsquo;OSM. La premi\u00e8re, intitul\u00e9e <em>Permission to Evaporate<\/em>, permettait d\u00e9j\u00e0 de prendre la mesure de la pr\u00e9sence sc\u00e9nique et du pouvoir musical de l&rsquo;interpr\u00e8te comme du compositeur Tawadros. Les promesses musicales ainsi formul\u00e9es allaient trouver leur pleine \u00e9closion dans la deuxi\u00e8me pi\u00e8ce de Tawadros, <em>Constantinople<\/em>, plus anim\u00e9e et plus exigeante, amenant le violon solo <strong>Andrew Wan<\/strong> \u00e0 dialoguer fougueusement avec le soliste. Le public a applaudi chaleureusement cette introduction aux talents du oudiste, qui sera \u00e9galement sur sc\u00e8ne <a href=\"https:\/\/placedesarts.com\/fr\/evenement\/paysages-mediterraneens\" target=\"_blank\" rel=\"noopener\">aupr\u00e8s de l&rsquo;ensemble <strong>Obiora<\/strong> samedi apr\u00e8s-midi<\/a>.<\/p>\n<p>&nbsp;<\/p>\n<figure id=\"attachment_83193\" aria-describedby=\"caption-attachment-83193\" style=\"width: 1200px\" class=\"wp-caption aligncenter\"><img decoding=\"async\" loading=\"lazy\" class=\"size-full wp-image-83193\" src=\"https:\/\/www.ludwig-van.com\/montreal\/wp-content\/uploads\/sites\/3\/2024\/08\/Joseph-Tawadros-avec-lOSM-Viree-classique-14-aout-2024_Antoine-Saito.jpg\" alt=\"L'oudiste de r\u00e9putation internationale Joseph Tawadros est \u00e0 Montr\u00e9al pour deux concerts dans le cadre de la Vir\u00e9e classique. (Photo : Antoine Saito)\" width=\"1200\" height=\"800\" srcset=\"https:\/\/www.ludwig-van.com\/montreal\/wp-content\/uploads\/sites\/3\/2024\/08\/Joseph-Tawadros-avec-lOSM-Viree-classique-14-aout-2024_Antoine-Saito.jpg 1200w, https:\/\/www.ludwig-van.com\/montreal\/wp-content\/uploads\/sites\/3\/2024\/08\/Joseph-Tawadros-avec-lOSM-Viree-classique-14-aout-2024_Antoine-Saito-300x200.jpg 300w, https:\/\/www.ludwig-van.com\/montreal\/wp-content\/uploads\/sites\/3\/2024\/08\/Joseph-Tawadros-avec-lOSM-Viree-classique-14-aout-2024_Antoine-Saito-1024x683.jpg 1024w, https:\/\/www.ludwig-van.com\/montreal\/wp-content\/uploads\/sites\/3\/2024\/08\/Joseph-Tawadros-avec-lOSM-Viree-classique-14-aout-2024_Antoine-Saito-768x512.jpg 768w\" sizes=\"(max-width: 1200px) 100vw, 1200px\" \/><figcaption id=\"caption-attachment-83193\" class=\"wp-caption-text\">L&rsquo;oudiste de r\u00e9putation internationale Joseph Tawadros est \u00e0 Montr\u00e9al pour deux concerts dans le cadre de la Vir\u00e9e classique. (Photo : Antoine Saito)<\/figcaption><\/figure>\n<p>On ne s&rsquo;\u00e9tonne pas de l&rsquo;habilet\u00e9 des orchestrations de ces deux pi\u00e8ces lorsqu&rsquo;on sait qu&rsquo;elles sont l&rsquo;\u0153uvre du compositeur et chef d&rsquo;orchestre \u00e9clectique <strong>Jules Buckley<\/strong> : le nom sera familier aux admirateurs-rices du jeune ph\u00e9nom\u00e8ne musical <strong>Jacob Collier<\/strong>. Buckley et le <strong>Metropole Orkest<\/strong> ont entre autres collabor\u00e9 au premier volume de <em>Djesse<\/em>, l&rsquo;opus en quatre albums de Collier. On peut les apercevoir dans <a href=\"https:\/\/www.youtube.com\/watch?v=nspqYGz-Z1s\" target=\"_blank\" rel=\"noopener\">la vid\u00e9o d&rsquo;<em>All Night Long<\/em><\/a>, l&rsquo;arrangement que Collier a fait du succ\u00e8s de <strong>Lionel Ritchie.<\/strong><\/p>\n<p>Entre les deux apparitions de Tawadros, l&rsquo;orchestre s&rsquo;est lanc\u00e9 dans une interpr\u00e9tation ma\u00eetris\u00e9e de l&rsquo;ouverture <em>Le Carnaval romain<\/em> de Berlioz, parfaitement adapt\u00e9e au programme et \u00e0 la soir\u00e9e.<\/p>\n<p>Le concert s&rsquo;est conclu par une ex\u00e9cution des <em>Pini di Roma<\/em> de Respighi, que l&rsquo;OSM avait interpr\u00e9t\u00e9e l&rsquo;\u00e9t\u00e9 dernier au <strong>Festival de Lanaudi\u00e8re<\/strong>. Pour une fois, les enregistrements d&rsquo;oiseaux exig\u00e9s par le compositeur profitaient de la sonorisation d\u00e9j\u00e0 en place (sonorisation infiniment sup\u00e9rieure \u00e0 celle entendue au Concert au pied de la montagne de l&rsquo;<strong>OM<\/strong>, bien que laissant encore place \u00e0 un peu de finition suppl\u00e9mentaire au niveau de la sonorit\u00e9 des cuivres). La <em>banda <\/em>avait \u00e9t\u00e9 positionn\u00e9e en-haut des gradins c\u00f4t\u00e9 jardin, posant un d\u00e9fi \u00e0 l&rsquo;\u00e9quipe de cam\u00e9ras pour r\u00e9ussir \u00e0 les montrer sur grand \u00e9cran.<\/p>\n<p>Le tout repr\u00e9sentait une inauguration parfaite \u00e0 cette onzi\u00e8me \u00e9dition de la Vir\u00e9e classique, la troisi\u00e8me de Rafael Payare. Pour conna\u00eetre nos suggestions de concerts pour la fin de semaine \u00e0 venir, il suffit de consulter nos <a href=\"https:\/\/www.ludwig-van.com\/montreal\/2024\/08\/12\/choix-de-la-redaction-concerts-plein-air-de-losl-et-decouvertes-mediterraneennes-la-viree-classique\/\" target=\"_blank\" rel=\"noopener\">Choix de la r\u00e9daction de cette semaine<\/a>.<\/p>\n<h2><em>Inscrivez-vous \u00e0 notre infolettre! La musique classique et l\u2019op\u00e9ra en 5 minutes, chaque jour<\/em> <a href=\"https:\/\/ludwig-van.us9.list-manage.com\/subscribe?u=4f785cb3f9058f2393ccad035&amp;id=b9b160c032\" target=\"_blank\" rel=\"noopener noreferrer\">ICI<\/a><\/h2>\n","protected":false},"excerpt":{"rendered":"<p>Malgr\u00e9 un orage en fin d&rsquo;apr\u00e8s-midi, les cieux ont finalement \u00e9t\u00e9 cl\u00e9ments hier soir, permettant \u00e0 l&rsquo;OSM et Rafael Payare de donner un magnifique coup d&rsquo;envoi \u00e0 leur Vir\u00e9e classique avec le traditionnel Concert sur l&rsquo;Esplanade du Parc olympique. En ligne avec la th\u00e9matique m\u00e9diterran\u00e9enne de cette \u00e9dition, le programme a fait voyager le public en Italie et en \u00c9gypte, ce dernier lieu repr\u00e9sent\u00e9 par l&rsquo;artiste invit\u00e9 Joseph Tawadros, oudiste de r\u00e9putation internationale.<\/p>\n","protected":false},"author":55,"featured_media":83189,"comment_status":"open","ping_status":"open","sticky":false,"template":"","format":"standard","meta":{"om_disable_all_campaigns":false,"jetpack_post_was_ever_published":false},"categories":[42107],"tags":[42106,2542,3506],"yst_prominent_words":[14253,10175,10097,7202,9081,10443,41121,33286,11620,20367,11685,18158,18156],"acf":[],"jetpack_featured_media_url":"https:\/\/www.ludwig-van.com\/montreal\/wp-content\/uploads\/sites\/3\/2024\/08\/Copie-de-CRITIQUE35.jpg","jetpack_sharing_enabled":true,"jetpack_shortlink":"https:\/\/wp.me\/p9bdYt-lDK","amp_enabled":true,"_links":{"self":[{"href":"https:\/\/www.ludwig-van.com\/montreal\/wp-json\/wp\/v2\/posts\/83188"}],"collection":[{"href":"https:\/\/www.ludwig-van.com\/montreal\/wp-json\/wp\/v2\/posts"}],"about":[{"href":"https:\/\/www.ludwig-van.com\/montreal\/wp-json\/wp\/v2\/types\/post"}],"author":[{"embeddable":true,"href":"https:\/\/www.ludwig-van.com\/montreal\/wp-json\/wp\/v2\/users\/55"}],"replies":[{"embeddable":true,"href":"https:\/\/www.ludwig-van.com\/montreal\/wp-json\/wp\/v2\/comments?post=83188"}],"version-history":[{"count":37,"href":"https:\/\/www.ludwig-van.com\/montreal\/wp-json\/wp\/v2\/posts\/83188\/revisions"}],"predecessor-version":[{"id":83266,"href":"https:\/\/www.ludwig-van.com\/montreal\/wp-json\/wp\/v2\/posts\/83188\/revisions\/83266"}],"wp:featuredmedia":[{"embeddable":true,"href":"https:\/\/www.ludwig-van.com\/montreal\/wp-json\/wp\/v2\/media\/83189"}],"wp:attachment":[{"href":"https:\/\/www.ludwig-van.com\/montreal\/wp-json\/wp\/v2\/media?parent=83188"}],"wp:term":[{"taxonomy":"category","embeddable":true,"href":"https:\/\/www.ludwig-van.com\/montreal\/wp-json\/wp\/v2\/categories?post=83188"},{"taxonomy":"post_tag","embeddable":true,"href":"https:\/\/www.ludwig-van.com\/montreal\/wp-json\/wp\/v2\/tags?post=83188"},{"taxonomy":"yst_prominent_words","embeddable":true,"href":"https:\/\/www.ludwig-van.com\/montreal\/wp-json\/wp\/v2\/yst_prominent_words?post=83188"}],"curies":[{"name":"wp","href":"https:\/\/api.w.org\/{rel}","templated":true}]}}