{"id":83136,"date":"2024-08-12T17:51:01","date_gmt":"2024-08-12T21:51:01","guid":{"rendered":"https:\/\/www.ludwig-van.com\/montreal\/?p=83136"},"modified":"2024-08-13T02:00:03","modified_gmt":"2024-08-13T06:00:03","slug":"choix-de-la-redaction-concerts-plein-air-de-losl-et-decouvertes-mediterraneennes-la-viree-classique","status":"publish","type":"post","link":"https:\/\/www.ludwig-van.com\/montreal\/2024\/08\/12\/choix-de-la-redaction-concerts-plein-air-de-losl-et-decouvertes-mediterraneennes-la-viree-classique\/","title":{"rendered":"CHOIX DE LA R\u00c9DACTION | Concerts plein air de l&rsquo;OSL et D\u00e9couvertes m\u00e9diterran\u00e9ennes \u00e0 la Vir\u00e9e classique"},"content":{"rendered":"<figure id=\"attachment_83139\" aria-describedby=\"caption-attachment-83139\" style=\"width: 1200px\" class=\"wp-caption aligncenter\"><img decoding=\"async\" loading=\"lazy\" class=\"size-full wp-image-83139\" src=\"https:\/\/www.ludwig-van.com\/montreal\/wp-content\/uploads\/sites\/3\/2024\/08\/Copie-de-CONCERTS35.jpg\" alt=\"Rafael Payare (Photo : Antoine Saito); Milos (Photo : site web de l'artiste); OSL (Photo : Gabriel Fournier)\" width=\"1200\" height=\"628\" srcset=\"https:\/\/www.ludwig-van.com\/montreal\/wp-content\/uploads\/sites\/3\/2024\/08\/Copie-de-CONCERTS35.jpg 1200w, https:\/\/www.ludwig-van.com\/montreal\/wp-content\/uploads\/sites\/3\/2024\/08\/Copie-de-CONCERTS35-300x157.jpg 300w, https:\/\/www.ludwig-van.com\/montreal\/wp-content\/uploads\/sites\/3\/2024\/08\/Copie-de-CONCERTS35-1024x536.jpg 1024w, https:\/\/www.ludwig-van.com\/montreal\/wp-content\/uploads\/sites\/3\/2024\/08\/Copie-de-CONCERTS35-768x402.jpg 768w\" sizes=\"(max-width: 1200px) 100vw, 1200px\" \/><figcaption id=\"caption-attachment-83139\" class=\"wp-caption-text\">Rafael Payare (Photo : Antoine Saito); Milos (Photo : site web de l&rsquo;artiste); OSL (Photo : Gabriel Fournier)<\/figcaption><\/figure>\n<p><span style=\"color: #808080\"><em><strong>Vir\u00e9e, virevoltements et revirements : prenez des forces, la semaine musicale nous fait voyager! Des musiques h\u00e9ro\u00efques propos\u00e9es par l&rsquo;OSL aux d\u00e9paysements m\u00e9diterran\u00e9ens de la Vir\u00e9e classique, pas besoin de bagage pour partir \u00e0 l&rsquo;aventure!<\/strong> <\/em><\/span><\/p>\n<p>&nbsp;<\/p>\n<figure id=\"attachment_79162\" aria-describedby=\"caption-attachment-79162\" style=\"width: 1200px\" class=\"wp-caption aligncenter\"><img decoding=\"async\" loading=\"lazy\" class=\"wp-image-79162 size-full\" src=\"https:\/\/www.ludwig-van.com\/montreal\/wp-content\/uploads\/sites\/3\/2017\/09\/resize_Orchestre-symphonique-de-Laval_crA\u00a9dit-Gabriel-Fournier-2.jpg\" alt=\"L'Orchestre symphonique de Laval (Photo : Gabriel Fournier)\" width=\"1200\" height=\"800\" srcset=\"https:\/\/www.ludwig-van.com\/montreal\/wp-content\/uploads\/sites\/3\/2017\/09\/resize_Orchestre-symphonique-de-Laval_crA\u00a9dit-Gabriel-Fournier-2.jpg 1200w, https:\/\/www.ludwig-van.com\/montreal\/wp-content\/uploads\/sites\/3\/2017\/09\/resize_Orchestre-symphonique-de-Laval_crA\u00a9dit-Gabriel-Fournier-2-300x200.jpg 300w, https:\/\/www.ludwig-van.com\/montreal\/wp-content\/uploads\/sites\/3\/2017\/09\/resize_Orchestre-symphonique-de-Laval_crA\u00a9dit-Gabriel-Fournier-2-1024x683.jpg 1024w, https:\/\/www.ludwig-van.com\/montreal\/wp-content\/uploads\/sites\/3\/2017\/09\/resize_Orchestre-symphonique-de-Laval_crA\u00a9dit-Gabriel-Fournier-2-768x512.jpg 768w\" sizes=\"(max-width: 1200px) 100vw, 1200px\" \/><figcaption id=\"caption-attachment-79162\" class=\"wp-caption-text\">L&rsquo;Orchestre symphonique de Laval (Photo : Gabriel Fournier)<\/figcaption><\/figure>\n<h3>OSL &#8211; Concerts au parc Bernard-Landry<\/h3>\n<p>L&rsquo;<strong>Orchestre symphonique de Laval<\/strong> offre deux concerts au parc Bernard-Landry les 13 et 14 ao\u00fbt. Le premier soir est un concert-famille consacr\u00e9 \u00e0 la musique de film (<em>Superman<\/em>, <em>Batman<\/em>, <em>Wonder<\/em> <em>Woman<\/em>, <em>Moana<\/em>, <em>Panth\u00e8re noire<\/em>), alors que le second poursuit la th\u00e9matique de l&rsquo;h\u00e9ro\u00efsme abord\u00e9e la veille, cette fois \u00e0 travers la Symphonie dite <em>Eroica<\/em> de Beethoven et une \u0153uvre de la compositrice canadienne <strong>Kelly-Marie Murphy<\/strong> intitul\u00e9e <i>On Rethinking Heroism in the 21<sup>st<\/sup>\u00a0Century<\/i>. La cheffe d&rsquo;orchestre <strong>M\u00e9lanie L\u00e9onard<\/strong> sera aux commandes de l&rsquo;orchestre.<\/p>\n<p>LE 13 AO\u00dbT, 19 H 30; LE 14 AO\u00dbT, 19 H, PARC BERNARD-LANDRY <a href=\"https:\/\/www.laval.ca\/zonesmusicales\/Pages\/Fr\/accueil.aspx\" target=\"_blank\" rel=\"noopener\">D\u00c9TAILS<\/a><\/p>\n<p>&nbsp;<\/p>\n<p><img decoding=\"async\" loading=\"lazy\" class=\"aligncenter size-full wp-image-83137\" src=\"https:\/\/www.ludwig-van.com\/montreal\/wp-content\/uploads\/sites\/3\/2024\/08\/OSM_Viree2024_LudwigVanMtl_590x300_Infolettre-juillet2.jpg\" alt=\"\" width=\"1180\" height=\"600\" srcset=\"https:\/\/www.ludwig-van.com\/montreal\/wp-content\/uploads\/sites\/3\/2024\/08\/OSM_Viree2024_LudwigVanMtl_590x300_Infolettre-juillet2.jpg 1180w, https:\/\/www.ludwig-van.com\/montreal\/wp-content\/uploads\/sites\/3\/2024\/08\/OSM_Viree2024_LudwigVanMtl_590x300_Infolettre-juillet2-300x153.jpg 300w, https:\/\/www.ludwig-van.com\/montreal\/wp-content\/uploads\/sites\/3\/2024\/08\/OSM_Viree2024_LudwigVanMtl_590x300_Infolettre-juillet2-1024x521.jpg 1024w, https:\/\/www.ludwig-van.com\/montreal\/wp-content\/uploads\/sites\/3\/2024\/08\/OSM_Viree2024_LudwigVanMtl_590x300_Infolettre-juillet2-768x391.jpg 768w\" sizes=\"(max-width: 1180px) 100vw, 1180px\" \/><\/p>\n<h3>La Vir\u00e9e classique de l&rsquo;OSM : activit\u00e9s et concerts gratuits et payants<\/h3>\n<p><strong>CONCERT SUR L&rsquo;ESPLANADE<\/strong><\/p>\n<p>Le 14 ao\u00fbt, l&rsquo;<strong>OSM<\/strong> lance la Vir\u00e9e classique 2024 avec son concert gratuit sur l&rsquo;Esplanade du Parc olympique, dirig\u00e9 par <strong>Rafael Payare<\/strong>. Intitul\u00e9e \u00ab\u00a0Voyage m\u00e9diterran\u00e9en\u00a0\u00bb, la soir\u00e9e de cette ann\u00e9e fait voyager le public en Italie avec <em>Francesca da Rimini<\/em> de Tcha\u00efkovski, l&rsquo;ouverture <em>Carnaval romain<\/em> de Berlioz et<em> Les pins de Rome<\/em> de Respighi, ainsi qu&rsquo;en \u00c9gypte avec le soliste <strong>Joseph Tawadros<\/strong> qui jouera de ses propres compositions \u00e0 l&rsquo;oud, instrument \u00e0 cordes pinc\u00e9es.<\/p>\n<p>&nbsp;<\/p>\n<figure id=\"attachment_61302\" aria-describedby=\"caption-attachment-61302\" style=\"width: 1200px\" class=\"wp-caption aligncenter\"><img decoding=\"async\" loading=\"lazy\" class=\"size-full wp-image-61302\" src=\"https:\/\/www.ludwig-van.com\/montreal\/wp-content\/uploads\/sites\/3\/2019\/09\/Alexander-Vinogradov-OSM-Choeur-dhommes-de-OSM_redimensionn\u00e9e.jpg\" alt=\"Le Ch\u0153ur de l'OSM participera au Requiem de Verdi pr\u00e9sent\u00e9 deux fois durant la Vir\u00e9e classique. (Photo : Antoine Saito)\" width=\"1200\" height=\"800\" srcset=\"https:\/\/www.ludwig-van.com\/montreal\/wp-content\/uploads\/sites\/3\/2019\/09\/Alexander-Vinogradov-OSM-Choeur-dhommes-de-OSM_redimensionn\u00e9e.jpg 1200w, https:\/\/www.ludwig-van.com\/montreal\/wp-content\/uploads\/sites\/3\/2019\/09\/Alexander-Vinogradov-OSM-Choeur-dhommes-de-OSM_redimensionn\u00e9e-300x200.jpg 300w, https:\/\/www.ludwig-van.com\/montreal\/wp-content\/uploads\/sites\/3\/2019\/09\/Alexander-Vinogradov-OSM-Choeur-dhommes-de-OSM_redimensionn\u00e9e-768x512.jpg 768w, https:\/\/www.ludwig-van.com\/montreal\/wp-content\/uploads\/sites\/3\/2019\/09\/Alexander-Vinogradov-OSM-Choeur-dhommes-de-OSM_redimensionn\u00e9e-1024x683.jpg 1024w\" sizes=\"(max-width: 1200px) 100vw, 1200px\" \/><figcaption id=\"caption-attachment-61302\" class=\"wp-caption-text\">Le Ch\u0153ur de l&rsquo;OSM participera au Requiem de Verdi pr\u00e9sent\u00e9 deux fois durant la Vir\u00e9e classique. (Photo : Antoine Saito)<\/figcaption><\/figure>\n<p><strong>QUARTIER DES SPECTACLES<\/strong><\/p>\n<p>Ne manquez pas d&rsquo;assister \u00e0 une des deux repr\u00e9sentations du grandiose Requiem de Verdi, le 16 ao\u00fbt au soir ou le 18 en apr\u00e8s-midi. <strong>Rafael Payare<\/strong> dirigera le quatuor vocal form\u00e9 des solistes Joyce <strong>El-Khoury<\/strong>, <strong>Rihab Chaieb<\/strong>,<strong> Oreste Cosimo<\/strong> et <strong>Adam Palka<\/strong>, le <strong>Ch\u0153ur<\/strong> et l&rsquo;<strong>Orchestre symphoniques de Montr\u00e9al<\/strong> dans cette \u0153uvre quasi-op\u00e9ratique.<\/p>\n<p>LE 16 AO\u00dbT, 19 H ET LE 18 AO\u00dbT, 15 H, MAISON SYMPHONIQUE <a href=\"https:\/\/www.osm.ca\/fr\/concert\/le-grandiose-requiem-de-verdi\" target=\"_blank\" rel=\"noopener\">D\u00c9TAILS ET BILLETS<\/a><\/p>\n<p>Pour profiter pleinement de la Vir\u00e9e, combinez votre sortie \u00e0 la Maison symphonique avec une autre des multiples activit\u00e9s offertes. Par exemple, le vendredi 16, au Complexe Desjardins, <strong>Sid Ali Mohand Arab<\/strong> et le groupe <strong>Mezghena de Montr\u00e9al<\/strong>, compos\u00e9 de plus de cinquante musicien\u00b7ne\u00b7s jouant divers instruments d&rsquo;origine arabe, pr\u00e9sentent \u00e0 17 h 45 un programme gratuit de 60 minutes pour faire d\u00e9couvrir la musique arabo-andalouse, un genre de musique profane distinct de la musique arabe classique pratiqu\u00e9e au Moyen-Orient.<\/p>\n<p>LE 16 AO\u00dbT, 17 H 45, COMPLEXE DESJARDINS <a href=\"https:\/\/www.osm.ca\/fr\/concert\/odysee-dziriya\" target=\"_blank\" rel=\"noopener\">D\u00c9TAILS<\/a><\/p>\n<p>Le samedi \u00e0 15 h \u00e0 l&rsquo;Espace GEL, <strong>Antoine Mallette-Ch\u00e9nier<\/strong> \u00e0 la harpe et <strong>Esther Laforce<\/strong> \u00e0 la narration pr\u00e9sentent un programme Musique et litt\u00e9rature \u00e9labor\u00e9 autour d&rsquo;extraits du roman <em>Corinne ou l&rsquo;Italie<\/em> de Madame de Sta\u00ebl. Des \u0153uvres musicales influenc\u00e9e par l\u2019Italie du XVIII<sup>e<\/sup> si\u00e8cle en agr\u00e9menteront la lecture.<\/p>\n<p>LE 16 AO\u00dbT, 18 H ET LE 17 AO\u00dbT, 15 H, ESPACE GEL <a href=\"https:\/\/www.osm.ca\/fr\/concert\/musique-et-litterature\" target=\"_blank\" rel=\"noopener\">D\u00c9TAILS<\/a><\/p>\n<figure id=\"attachment_81486\" aria-describedby=\"caption-attachment-81486\" style=\"width: 1200px\" class=\"wp-caption aligncenter\"><img decoding=\"async\" loading=\"lazy\" class=\"size-full wp-image-81486\" src=\"https:\/\/www.ludwig-van.com\/montreal\/wp-content\/uploads\/sites\/3\/2024\/05\/OSJM_2023-2024_1200.jpg\" alt=\"La cohorte 2023-2024 de l'OSJM. (Photo : Anne-Marie Desbiens)\" width=\"1200\" height=\"683\" srcset=\"https:\/\/www.ludwig-van.com\/montreal\/wp-content\/uploads\/sites\/3\/2024\/05\/OSJM_2023-2024_1200.jpg 1200w, https:\/\/www.ludwig-van.com\/montreal\/wp-content\/uploads\/sites\/3\/2024\/05\/OSJM_2023-2024_1200-300x171.jpg 300w, https:\/\/www.ludwig-van.com\/montreal\/wp-content\/uploads\/sites\/3\/2024\/05\/OSJM_2023-2024_1200-1024x583.jpg 1024w, https:\/\/www.ludwig-van.com\/montreal\/wp-content\/uploads\/sites\/3\/2024\/05\/OSJM_2023-2024_1200-768x437.jpg 768w\" sizes=\"(max-width: 1200px) 100vw, 1200px\" \/><figcaption id=\"caption-attachment-81486\" class=\"wp-caption-text\">La cohorte 2023-2024 de l&rsquo;OSJM. (Photo : Anne-Marie Desbiens)<\/figcaption><\/figure>\n<p>L&rsquo;<strong>Orchestre symphonique des jeunes de Montr\u00e9al<\/strong>, incontournable bastion des activit\u00e9s musicales formatrices des jeunes instrumentistes montr\u00e9alais, accompagne <strong>Justin Saulnier<\/strong>, deuxi\u00e8me prix du Concours OSM 2023, dans le Rondo extrait de la <em>Symphonie espagnole<\/em> de Lalo, apr\u00e8s avoir voyag\u00e9 avec l&rsquo;ouverture de <em>L&rsquo;Italienne \u00e0 Alger<\/em> de Rossini, le <em>Capriccio espagnol<\/em> de Rimski-Korsakov et la <em>Suite proven\u00e7ale<\/em> de Darius Milhaud.<\/p>\n<p>LE 17 AO\u00dbT, 14 H 30, COMPLEXE DESJARDINS <a href=\"https:\/\/www.osm.ca\/fr\/concert\/balade-mediterraneenne-avec-losjm-17\" target=\"_blank\" rel=\"noopener\">D\u00c9TAILS<\/a><\/p>\n<p>Apr\u00e8s la prestation de l&rsquo;OSJM, vous aurez le temps de prendre un petit rafra\u00eechissement avant de vous diriger vers l&rsquo;Esplanade Tranquille pour entendre le ch\u0153ur <strong>Les Rugissants<\/strong> sous la direction de <strong>Xavier Brossard-M\u00e9nard<\/strong> dans leur programme <em>Voces de Espana<\/em>. En compagnie du guitariste <strong>Marc-\u00c9tienne Leclerc<\/strong> et de la danseuse de flamenco <strong>Marie-Andr\u00e9e Cloutier<\/strong>, le ch\u0153ur chantera des \u0153uvres des compositeurs espagnols Manuel Oltra et Miguel Llobet, du compositeur italien Mario Castelnuovo-Tedesco et du Finlandais Einojuhani Rautavaara.<\/p>\n<p>LE 17 AO\u00dbT, 16 H 30, ESPLANADE TRANQUILLE <a href=\"https:\/\/www.osm.ca\/fr\/concert\/voces-de-espana\" target=\"_blank\" rel=\"noopener\">D\u00c9TAILS<\/a><\/p>\n<p>Alternativement, vous pourriez \u00e9galement avoir envie de r\u00e9entendre l&rsquo;oudiste <strong>Joseph Tawadros<\/strong>, cette fois avec l&rsquo;<strong>Ensemble Obiora<\/strong>, \u00e0 la Maison symphonique. Alb\u00e9niz et Tcha\u00efkovski encadrent des compositions de Tawadros ainsi qu&rsquo;une lamentation pour orchestre \u00e0 cordes et percussion intitul\u00e9e <em>Luctus Profugis<\/em> de Karim Al Zand.<\/p>\n<p>LE 17 AO\u00dbT, 16 H 30, MAISON SYMPHONIQUE <a href=\"https:\/\/www.osm.ca\/fr\/concert\/paysages-mediterraneens\" target=\"_blank\" rel=\"noopener\">D\u00c9TAILS ET BILLETS<\/a><\/p>\n<p>\u00c0 18 h 30, des cordistes de l&rsquo;OSM se r\u00e9unissent autour du pianiste fran\u00e7ais <strong>C\u00e9dric Tiberghien<\/strong> pour un programme de musique de chambre \u00e0 la Cinqui\u00e8me salle. En plus de la Sonate pour violoncelle et piano de Debussy et de l&rsquo;\u00c9l\u00e9gie de Faur\u00e9 pour les m\u00eames instruments interpr\u00e9t\u00e9es par <strong>Anna Burden<\/strong> et <strong>Tiberghien<\/strong>, la pi\u00e8ce de r\u00e9sistance sera l&rsquo;original Concert pour piano, violon et quatuor \u00e0 cordes de Chausson, avec <strong>Marianne Dugal<\/strong> (violon), <strong>Alexander Read<\/strong> (violon), <strong>Richard Zheng<\/strong> (violon) et <strong>Victor Fournelle-Blain<\/strong> (alto) en plus des deux artistes sus-nomm\u00e9s.<\/p>\n<p>LE 17 AO\u00dbT, 18 H 30, CINQUI\u00c8ME SALLE<a href=\"https:\/\/www.osm.ca\/fr\/concert\/faure-debussy-et-chausson-pour-cordes-et-piano\" target=\"_blank\" rel=\"noopener\"> D\u00c9TAILS ET BILLETS<\/a><\/p>\n<p>En soir\u00e9e, l&rsquo;OSM se r\u00e9unira de nouveau sur la sc\u00e8ne de la Maison symphonique pour le concert \u00ab\u00a0L&rsquo;Espagne de Bizet\u00a0\u00bb sous la direction de Rafael Payare. La mezzo-soprano <strong>Emily Sierra<\/strong> chantera les Cinq m\u00e9lodies populaires de Ravel, et le guitariste <span class=\"body-m-style\"><strong>Milo\u0161 <\/strong>sera soliste dans le <em>Concierto de Aranjuez<\/em> de <strong>Joaqu\u00edn Rodrigo<\/strong>. On pourra aussi d\u00e9couvrir une courte pi\u00e8ce de la compositrice <strong>Mel Bonis<\/strong>.<\/span><\/p>\n<p>LE 17 AO\u00dbT, 20 H, MAISON SYMPHONIQUE <a href=\"https:\/\/www.osm.ca\/fr\/concert\/lespagne-de-bizet\" target=\"_blank\" rel=\"noopener\">D\u00c9TAILS ET BILLETS<\/a><\/p>\n<figure id=\"attachment_59720\" aria-describedby=\"caption-attachment-59720\" style=\"width: 1024px\" class=\"wp-caption aligncenter\"><img decoding=\"async\" loading=\"lazy\" class=\"size-full wp-image-59720\" src=\"https:\/\/www.ludwig-van.com\/montreal\/wp-content\/uploads\/sites\/3\/2019\/05\/Milos-Karadaglic-WEB.jpg\" alt=\"\" width=\"1024\" height=\"682\" srcset=\"https:\/\/www.ludwig-van.com\/montreal\/wp-content\/uploads\/sites\/3\/2019\/05\/Milos-Karadaglic-WEB.jpg 1024w, https:\/\/www.ludwig-van.com\/montreal\/wp-content\/uploads\/sites\/3\/2019\/05\/Milos-Karadaglic-WEB-300x200.jpg 300w, https:\/\/www.ludwig-van.com\/montreal\/wp-content\/uploads\/sites\/3\/2019\/05\/Milos-Karadaglic-WEB-768x512.jpg 768w\" sizes=\"(max-width: 1024px) 100vw, 1024px\" \/><figcaption id=\"caption-attachment-59720\" class=\"wp-caption-text\"><span class=\"body-m-style\">Milo\u0161<\/span> (Photo : site web de l&rsquo;artiste).<\/figcaption><\/figure>\n<p>L&rsquo;offre de concerts et d&rsquo;activit\u00e9s reste tout aussi all\u00e9chante le dimanche 18 ao\u00fbt. \u00c0 13 h, le <strong>Quatuor Rhapsodie<\/strong> propose de d\u00e9couvrir des m\u00e9lodies arm\u00e9niennes de tous genres, de chants traditionnels aux chansons d&rsquo;Aznavour. C&rsquo;est \u00e0 l&rsquo;Espace GEL.<\/p>\n<p>LE 17 AO\u00dbT, 14 H ET LE 18 AO\u00dbT, 13 H, ESPACE GEL <a href=\"https:\/\/www.osm.ca\/fr\/concert\/melodies-armeniennes-sous-le-soleil-mediterraneen\" target=\"_blank\" rel=\"noopener\">D\u00c9TAILS<\/a><\/p>\n<p>\u00c0 la Cinqui\u00e8me salle \u00e0 13 h 30, le soliste de la veille <span class=\"body-m-style\"><strong>Milo\u0161<\/strong><\/span> se produira dans un r\u00e9cital permettant d&rsquo;applaudir sa virtuosit\u00e9 et son intuition musicale. Des pages embl\u00e9matiques du r\u00e9pertoire pour guitare compos\u00e9es par Alb\u00e9niz, <span class=\"body-m-style\">T\u00e1rrega, Villa-Lobos et Duplessy seront entendues.<\/span><\/p>\n<p>LE 18 AO\u00dbT, 13 H 30, CINQUI\u00c8ME SALLE <a href=\"https:\/\/www.osm.ca\/fr\/concert\/souvenirs-despagne-avec-milos\" target=\"_blank\" rel=\"noopener\">D\u00c9TAILS ET BILLETS<\/a><\/p>\n<p>La <strong>Vir\u00e9e classique 2024<\/strong> propose beaucoup d&rsquo;autres activit\u00e9s et concerts. Pour la programmation compl\u00e8te, voir<a href=\"https:\/\/www.osm.ca\/fr\/viree-classique\" target=\"_blank\" rel=\"noopener\"> ici<\/a>.<\/p>\n<p>&nbsp;<\/p>\n<figure id=\"attachment_52429\" aria-describedby=\"caption-attachment-52429\" style=\"width: 1024px\" class=\"wp-caption aligncenter\"><img decoding=\"async\" loading=\"lazy\" class=\"size-full wp-image-52429\" src=\"https:\/\/www.ludwig-van.com\/montreal\/wp-content\/uploads\/sites\/3\/2018\/03\/L\u2019Harmonie-des-saisons.jpg\" alt=\"L\u2019Harmonie des saisons (Photo courtoisie)\" width=\"1024\" height=\"626\" srcset=\"https:\/\/www.ludwig-van.com\/montreal\/wp-content\/uploads\/sites\/3\/2018\/03\/L\u2019Harmonie-des-saisons.jpg 1024w, https:\/\/www.ludwig-van.com\/montreal\/wp-content\/uploads\/sites\/3\/2018\/03\/L\u2019Harmonie-des-saisons-300x183.jpg 300w, https:\/\/www.ludwig-van.com\/montreal\/wp-content\/uploads\/sites\/3\/2018\/03\/L\u2019Harmonie-des-saisons-768x470.jpg 768w\" sizes=\"(max-width: 1024px) 100vw, 1024px\" \/><figcaption id=\"caption-attachment-52429\" class=\"wp-caption-text\">L\u2019Harmonie des saisons (Photo courtoisie)<\/figcaption><\/figure>\n<h3>L&rsquo;Harmonie des saisons \u00e0 Qu\u00e9bec et \u00e0 l&rsquo;Abbaye Saint-Beno\u00eet-du-Lac<\/h3>\n<p>L&rsquo;<strong>Harmonie des saisons<\/strong> explore les d\u00e9buts de l&rsquo;\u00e9poque baroque et du genre de l&rsquo;oratorio en Italie avaec des \u0153uvres de Giovanni Gabrieli et de Giacomo Carissimi. Ces deux compositeurs comptaient parmi les plus c\u00e9l\u00e8bres de leur \u00e9poque et ont chamboul\u00e9 le cours de l&rsquo;\u00e9volution de la musique baroque dans toute l&rsquo;Europe. Les voix de <strong>Denise Torre Orme\u00f1o<\/strong> et <strong>Ellen Torrie<\/strong> (sopranos), <strong>Nicholas Burns<\/strong> (alto), <strong>Philippe Gagn\u00e9<\/strong> et<strong> Jeffrey Thompson<\/strong> (t\u00e9nors), <strong>Sumner Thompson<\/strong> et <strong>William Kraushaar<\/strong> (basses) s&rsquo;associent aux instrumentistes <strong>H\u00e9l\u00e8ne Plouffe<\/strong> et <strong>Jessy Dub\u00e9<\/strong> (violon), <strong>M\u00e9lisande Corriveau<\/strong> (violoncelle et dessus de viole) et <strong>Eric Milnes<\/strong> (orgue et direction).<\/p>\n<p>LE 16 AO\u00dbT, 19 H 30, \u00c9GLISE SAINT-DOMINIQUE DE QU\u00c9BEC; LE 17 AO\u00dbT, 14 H, ABBAYE SAINT-BENO\u00ceT-DU-LAC D\u00c9TAILS ET BILLETS<\/p>\n<p>&nbsp;<\/p>\n<figure id=\"attachment_83138\" aria-describedby=\"caption-attachment-83138\" style=\"width: 2048px\" class=\"wp-caption aligncenter\"><img decoding=\"async\" loading=\"lazy\" class=\"size-full wp-image-83138\" src=\"https:\/\/www.ludwig-van.com\/montreal\/wp-content\/uploads\/sites\/3\/2024\/08\/Nathanael-Cardinal_Conservatoire-de-musique-de-Quebec_Stephane-Bourgeois.jpg\" alt=\"\" width=\"2048\" height=\"1366\" srcset=\"https:\/\/www.ludwig-van.com\/montreal\/wp-content\/uploads\/sites\/3\/2024\/08\/Nathanael-Cardinal_Conservatoire-de-musique-de-Quebec_Stephane-Bourgeois.jpg 2048w, https:\/\/www.ludwig-van.com\/montreal\/wp-content\/uploads\/sites\/3\/2024\/08\/Nathanael-Cardinal_Conservatoire-de-musique-de-Quebec_Stephane-Bourgeois-300x200.jpg 300w, https:\/\/www.ludwig-van.com\/montreal\/wp-content\/uploads\/sites\/3\/2024\/08\/Nathanael-Cardinal_Conservatoire-de-musique-de-Quebec_Stephane-Bourgeois-1024x683.jpg 1024w, https:\/\/www.ludwig-van.com\/montreal\/wp-content\/uploads\/sites\/3\/2024\/08\/Nathanael-Cardinal_Conservatoire-de-musique-de-Quebec_Stephane-Bourgeois-768x512.jpg 768w, https:\/\/www.ludwig-van.com\/montreal\/wp-content\/uploads\/sites\/3\/2024\/08\/Nathanael-Cardinal_Conservatoire-de-musique-de-Quebec_Stephane-Bourgeois-1536x1025.jpg 1536w\" sizes=\"(max-width: 2048px) 100vw, 2048px\" \/><figcaption id=\"caption-attachment-83138\" class=\"wp-caption-text\">Nathana\u00ebl Cardinal (Photo : St\u00e9phane Bourgeois)<\/figcaption><\/figure>\n<h3>Collectif du 4e art<\/h3>\n<p>\u00c9galement \u00e0 Qu\u00e9bec, le <strong>Collectif du 4e art<\/strong> pr\u00e9sente un concert en trio avec <strong>Laurianne Houde<\/strong> (violon), <strong>Nathana\u00ebl Cardinal<\/strong> (violoncelle) et <strong>Laurent Porter<\/strong> (piano). Dans leur programme \u00ab\u00a0Souvenirs d&rsquo;\u00e9t\u00e9\u00a0\u00bb, ces jeunes instrumentistes exploreront des \u0153uvres de Liszt et Tcha\u00efkovski, ainsi qu&rsquo;un mouvement du Trio avec piano en fa di\u00e8se mineur d&rsquo;Arno Babadjanian et la cr\u00e9ation de <em>Mzesumzira<\/em> (<em>Tournesol<\/em>) du compositeur <strong>Cyrille Angers<\/strong>. Piazzolla, Gershwin et Duparc sont \u00e9galement au programme<\/p>\n<p>LE 18 AO\u00dbT, 14 H 30, CHAPELLE DES URSULINES <a href=\"https:\/\/conservatoire-quebec.tuxedobillet.com\/Conservatoire%20Qu%C3%A9bec\/souvenirs-dete?fbclid=IwY2xjawEnUaVleHRuA2FlbQIxMAABHT7hlHNO-vG6FFHcosug8dFux5qBykNgUC4EFiFRjuDB9Re1h6s8LeY3lw_aem_hN7AGxW-J8bXqFRJXKXAsQ\" target=\"_blank\" rel=\"noopener\">D\u00c9TAILS ET BILLETS<\/a><\/p>\n<h2><em>Inscrivez-vous \u00e0 notre infolettre! La musique classique et l\u2019op\u00e9ra en 5 minutes, chaque jour<\/em> <a href=\"https:\/\/ludwig-van.us9.list-manage.com\/subscribe?u=4f785cb3f9058f2393ccad035&amp;id=b9b160c032\" target=\"_blank\" rel=\"noopener noreferrer\">ICI<\/a><\/h2>\n","protected":false},"excerpt":{"rendered":"<p>L&rsquo;OSL joue au h\u00e9ros dans le parc Bernard-Landry de Laval, et l&rsquo;OSM nous emporte dans une Vir\u00e9e \u00e9tourdissante des pays m\u00e9diterran\u00e9ens. Pendant ce temps, l&rsquo;Harmonie des saisons explore les d\u00e9buts du baroque italien \u00e0 Qu\u00e9bec et \u00e0 l&rsquo;Abbaye Saint-Beno\u00eet-du-Lac et le Collectif du 4e art joue \u00e0 la Chapelle des Ursulines \u00e0 Qu\u00e9bec. Virevoltons gaiement au concert en cette fin d&rsquo;\u00e9t\u00e9 qui allonge tranquillement son ombre!<\/p>\n","protected":false},"author":55,"featured_media":83139,"comment_status":"open","ping_status":"open","sticky":false,"template":"","format":"standard","meta":{"om_disable_all_campaigns":false,"jetpack_post_was_ever_published":false},"categories":[42107,10994],"tags":[42106,42121,2542,3506],"yst_prominent_words":[22956,25071,25084,26052,9877,25490,26053,26054],"acf":[],"jetpack_featured_media_url":"https:\/\/www.ludwig-van.com\/montreal\/wp-content\/uploads\/sites\/3\/2024\/08\/Copie-de-CONCERTS35.jpg","jetpack_sharing_enabled":true,"jetpack_shortlink":"https:\/\/wp.me\/p9bdYt-lCU","amp_enabled":true,"_links":{"self":[{"href":"https:\/\/www.ludwig-van.com\/montreal\/wp-json\/wp\/v2\/posts\/83136"}],"collection":[{"href":"https:\/\/www.ludwig-van.com\/montreal\/wp-json\/wp\/v2\/posts"}],"about":[{"href":"https:\/\/www.ludwig-van.com\/montreal\/wp-json\/wp\/v2\/types\/post"}],"author":[{"embeddable":true,"href":"https:\/\/www.ludwig-van.com\/montreal\/wp-json\/wp\/v2\/users\/55"}],"replies":[{"embeddable":true,"href":"https:\/\/www.ludwig-van.com\/montreal\/wp-json\/wp\/v2\/comments?post=83136"}],"version-history":[{"count":7,"href":"https:\/\/www.ludwig-van.com\/montreal\/wp-json\/wp\/v2\/posts\/83136\/revisions"}],"predecessor-version":[{"id":83146,"href":"https:\/\/www.ludwig-van.com\/montreal\/wp-json\/wp\/v2\/posts\/83136\/revisions\/83146"}],"wp:featuredmedia":[{"embeddable":true,"href":"https:\/\/www.ludwig-van.com\/montreal\/wp-json\/wp\/v2\/media\/83139"}],"wp:attachment":[{"href":"https:\/\/www.ludwig-van.com\/montreal\/wp-json\/wp\/v2\/media?parent=83136"}],"wp:term":[{"taxonomy":"category","embeddable":true,"href":"https:\/\/www.ludwig-van.com\/montreal\/wp-json\/wp\/v2\/categories?post=83136"},{"taxonomy":"post_tag","embeddable":true,"href":"https:\/\/www.ludwig-van.com\/montreal\/wp-json\/wp\/v2\/tags?post=83136"},{"taxonomy":"yst_prominent_words","embeddable":true,"href":"https:\/\/www.ludwig-van.com\/montreal\/wp-json\/wp\/v2\/yst_prominent_words?post=83136"}],"curies":[{"name":"wp","href":"https:\/\/api.w.org\/{rel}","templated":true}]}}