{"id":83037,"date":"2024-08-06T16:58:32","date_gmt":"2024-08-06T20:58:32","guid":{"rendered":"https:\/\/www.ludwig-van.com\/montreal\/?p=83037"},"modified":"2024-08-07T14:00:02","modified_gmt":"2024-08-07T18:00:02","slug":"choix-de-la-redaction-les-cigales-de-lete-continuent-de-chanter-dans-les-parcs-et-dans-les-salles","status":"publish","type":"post","link":"https:\/\/www.ludwig-van.com\/montreal\/2024\/08\/06\/choix-de-la-redaction-les-cigales-de-lete-continuent-de-chanter-dans-les-parcs-et-dans-les-salles\/","title":{"rendered":"CHOIX DE LA R\u00c9DACTION | Les cigales de l&rsquo;\u00e9t\u00e9 continuent de chanter, dans les parcs et dans les salles"},"content":{"rendered":"<p><span style=\"color: #808080\"><em><strong><img decoding=\"async\" loading=\"lazy\" class=\"aligncenter size-full wp-image-83043\" src=\"https:\/\/www.ludwig-van.com\/montreal\/wp-content\/uploads\/sites\/3\/2024\/08\/Copie-de-CONCERTS34.jpg\" alt=\"\" width=\"1200\" height=\"628\" srcset=\"https:\/\/www.ludwig-van.com\/montreal\/wp-content\/uploads\/sites\/3\/2024\/08\/Copie-de-CONCERTS34.jpg 1200w, https:\/\/www.ludwig-van.com\/montreal\/wp-content\/uploads\/sites\/3\/2024\/08\/Copie-de-CONCERTS34-300x157.jpg 300w, https:\/\/www.ludwig-van.com\/montreal\/wp-content\/uploads\/sites\/3\/2024\/08\/Copie-de-CONCERTS34-1024x536.jpg 1024w, https:\/\/www.ludwig-van.com\/montreal\/wp-content\/uploads\/sites\/3\/2024\/08\/Copie-de-CONCERTS34-768x402.jpg 768w\" sizes=\"(max-width: 1200px) 100vw, 1200px\" \/><\/strong><\/em><\/span><\/p>\n<p><span style=\"color: #808080\"><em><strong>Les cigales de l&rsquo;\u00e9t\u00e9 continuent de chanter, dans les parcs et dans les salles! Ne faites pas les fourmis bourrues et allez les \u00e9couter chanter et danser &#8211; pas tout l&rsquo;\u00e9t\u00e9, mais au moins le temps d&rsquo;une soir\u00e9e!<\/strong><\/em><\/span><\/p>\n<h3>L&rsquo;OM au pied de la montagne<\/h3>\n<p>C&rsquo;est ce soir qu&rsquo;a lieu le tr\u00e8s couru concert Au pied du mont Royal de l&rsquo;<strong>Orchestre M\u00e9tropolitain<\/strong>, dirig\u00e9 par <strong>Yannick N\u00e9zet-S\u00e9guin<\/strong>. Le programme s&rsquo;articule autour de la danse comme source d&rsquo;inspiration, en plus de comprendre une r\u00e9f\u00e9rence aux Jeux olympiques avec l&rsquo;ouverture <em>Citius, altius, fortius!<\/em> de<strong> Maxime Goulet<\/strong>. La deuxi\u00e8me partie sera constitu\u00e9e de la <em>Symphonie ga\u00e9lique<\/em> d&rsquo;Amy Beach et de deux pi\u00e8ces d&rsquo;<strong>Alexandra Str\u00e9liski<\/strong>, dont ce sera la premi\u00e8re collaboration avec l&rsquo;<strong>OM<\/strong>.<\/p>\n<p>LE 6 AO\u00dbT, 19 H 30, AU PIED DU MONT ROYAL<\/p>\n<p>&nbsp;<\/p>\n<figure id=\"attachment_83050\" aria-describedby=\"caption-attachment-83050\" style=\"width: 1200px\" class=\"wp-caption aligncenter\"><img decoding=\"async\" loading=\"lazy\" class=\"size-full wp-image-83050\" src=\"https:\/\/www.ludwig-van.com\/montreal\/wp-content\/uploads\/sites\/3\/2024\/08\/Oktoecho_Damien-Siqueiros.png\" alt=\"Le groupe Oktoecho (Photo : Damien Siqueiros)\" width=\"1200\" height=\"493\" srcset=\"https:\/\/www.ludwig-van.com\/montreal\/wp-content\/uploads\/sites\/3\/2024\/08\/Oktoecho_Damien-Siqueiros.png 1200w, https:\/\/www.ludwig-van.com\/montreal\/wp-content\/uploads\/sites\/3\/2024\/08\/Oktoecho_Damien-Siqueiros-300x123.png 300w, https:\/\/www.ludwig-van.com\/montreal\/wp-content\/uploads\/sites\/3\/2024\/08\/Oktoecho_Damien-Siqueiros-1024x421.png 1024w, https:\/\/www.ludwig-van.com\/montreal\/wp-content\/uploads\/sites\/3\/2024\/08\/Oktoecho_Damien-Siqueiros-768x316.png 768w\" sizes=\"(max-width: 1200px) 100vw, 1200px\" \/><figcaption id=\"caption-attachment-83050\" class=\"wp-caption-text\">Le groupe Oktoecho (Photo : Damien Siqueiros)<\/figcaption><\/figure>\n<h3>Oktoecho dans les parcs<\/h3>\n<p>Le groupe <strong>Oktoecho<\/strong>, fond\u00e9 et dirig\u00e9 par <strong>Katia Makdissi-Warren<\/strong> d\u00e9sign\u00e9e compositrice de l&rsquo;ann\u00e9e aux prix Opus 2024, pr\u00e9sente son spectacle <em>Saimaniq-Sivumut<\/em> ce soir \u00e0 19 h au parc Saint-Simon-Ap\u00f4tre (proche du March\u00e9 central) et jeudi \u00e0 la m\u00eame heure au parc de M\u00e9sy (Cartierville). Ce concert met en lumi\u00e8re la culture inuit\u00a0: une savante int\u00e9gration du chant de gorge, du tambour inuit, du chant <em>ayaya<\/em>, des polyrythmies arabes, des fl\u00fbtes, du violoncelle et de la musique \u00e9lectronique.<\/p>\n<p>LE 6 AO\u00dbT, PARC SAINT-SIMON-AP\u00d4TRE; LE 8 AO\u00dbT, PARC DE M\u00c9SY, 19 H <a href=\"https:\/\/montreal.ca\/evenements\/saimaniq-sivumut-oktoecho-72394\" target=\"_blank\" rel=\"noopener\">D\u00c9TAILS<\/a><\/p>\n<p>&nbsp;<\/p>\n<figure id=\"attachment_83048\" aria-describedby=\"caption-attachment-83048\" style=\"width: 1200px\" class=\"wp-caption aligncenter\"><img decoding=\"async\" loading=\"lazy\" class=\"size-full wp-image-83048\" src=\"https:\/\/www.ludwig-van.com\/montreal\/wp-content\/uploads\/sites\/3\/2024\/08\/Banitsa_LE-Kui.png\" alt=\"Banitsa (Photo : LE Kui)\" width=\"1200\" height=\"472\" srcset=\"https:\/\/www.ludwig-van.com\/montreal\/wp-content\/uploads\/sites\/3\/2024\/08\/Banitsa_LE-Kui.png 1200w, https:\/\/www.ludwig-van.com\/montreal\/wp-content\/uploads\/sites\/3\/2024\/08\/Banitsa_LE-Kui-300x118.png 300w, https:\/\/www.ludwig-van.com\/montreal\/wp-content\/uploads\/sites\/3\/2024\/08\/Banitsa_LE-Kui-1024x403.png 1024w, https:\/\/www.ludwig-van.com\/montreal\/wp-content\/uploads\/sites\/3\/2024\/08\/Banitsa_LE-Kui-768x302.png 768w\" sizes=\"(max-width: 1200px) 100vw, 1200px\" \/><figcaption id=\"caption-attachment-83048\" class=\"wp-caption-text\">Banitsa (Photo : LE Kui)<\/figcaption><\/figure>\n<h3>Balkans + Qu\u00e9bec + jazz + classique = Banitsa<\/h3>\n<p>On aura plusieurs occasions de d\u00e9couvrir le groupe <strong>Banitsa<\/strong> et son m\u00e9lange d&rsquo;influences cette semaine : le 7 ao\u00fbt, il sera au parc Jean-Brillant (19 h), le 9 ao\u00fbt, au Th\u00e9\u00e2tre de Verdure (20 h 30) et le 10, au parc Beaudet (19 h 15). Juxtaposant rhythmes des Balkans, m\u00e9lodies folkloriques du Qu\u00e9bec et influences du jazz et du classique, le groupe pr\u00e9sente son spectacle <em>Ravaudage<\/em>.<\/p>\n<p>LE 7 AO\u00dbT, 19 H, PARC JEAN-BRILLANT; LE 9 AO\u00dbT, 20 H 30, TH\u00c9\u00c2TRE DE VERDURE; LE 10 AO\u00dbT, 19 H 15, PARC BEAUDET <a href=\"https:\/\/montreal.ca\/evenements\/ravaudage-banitsa-67639\" target=\"_blank\" rel=\"noopener\">D\u00c9TAILS<\/a><\/p>\n<p>&nbsp;<\/p>\n<figure id=\"attachment_83038\" aria-describedby=\"caption-attachment-83038\" style=\"width: 1200px\" class=\"wp-caption aligncenter\"><img decoding=\"async\" loading=\"lazy\" class=\"size-full wp-image-83038\" src=\"https:\/\/www.ludwig-van.com\/montreal\/wp-content\/uploads\/sites\/3\/2024\/08\/Constantinople_Bach__Khayyam_bymoduleplus_2_1200.jpg\" alt=\"Le groupe Constantinople pr\u00e9sente Bach + Khayyam \u00e0 Montr\u00e9al et au Domaine Forget. (Photo : moduleplus_2)\" width=\"1200\" height=\"798\" srcset=\"https:\/\/www.ludwig-van.com\/montreal\/wp-content\/uploads\/sites\/3\/2024\/08\/Constantinople_Bach__Khayyam_bymoduleplus_2_1200.jpg 1200w, https:\/\/www.ludwig-van.com\/montreal\/wp-content\/uploads\/sites\/3\/2024\/08\/Constantinople_Bach__Khayyam_bymoduleplus_2_1200-300x200.jpg 300w, https:\/\/www.ludwig-van.com\/montreal\/wp-content\/uploads\/sites\/3\/2024\/08\/Constantinople_Bach__Khayyam_bymoduleplus_2_1200-1024x681.jpg 1024w, https:\/\/www.ludwig-van.com\/montreal\/wp-content\/uploads\/sites\/3\/2024\/08\/Constantinople_Bach__Khayyam_bymoduleplus_2_1200-768x511.jpg 768w\" sizes=\"(max-width: 1200px) 100vw, 1200px\" \/><figcaption id=\"caption-attachment-83038\" class=\"wp-caption-text\">Le groupe Constantinople pr\u00e9sente Bach + Khayyam \u00e0 Montr\u00e9al et au Domaine Forget. (Photo : moduleplus_2)<\/figcaption><\/figure>\n<h3>Constantinople pr\u00e9sente Bach + Khayyam<\/h3>\n<p>Le 9 ao\u00fbt, le groupe <strong>Constantinople<\/strong> se produit \u00e0 l&rsquo;\u00e9glise Saint-Enfant-J\u00e9sus du Mile End avec la r\u00e9put\u00e9e soprano tch\u00e8que <strong>Hana Bla\u017e\u00edkov\u00e1<\/strong>, une interpr\u00e8te recherch\u00e9e de la musique de Bach invit\u00e9e par les plus grands ensembles de musique ancienne, dont le Collegium Vocale Gent, le Bach Collegium Japan et Tafelmusik. Ensemble, ils pr\u00e9sentent le programme \u00ab\u00a0Bach + Khayyam\u00a0\u00bb, une rencontre inattendue entre les \u0153uvres de deux grandes figures : la musique de Johann Sebastian Bach et les textes du po\u00e8te persan Omar Khayyam, mis en musique et chant\u00e9s par le directeur artistique de Constantinople, <strong>Kiya Tabassian<\/strong>. Ils reprendront le m\u00eame programme au Domaine Forget deux jours plus tard.<\/p>\n<p>LE 9 AO\u00dbT, 20 H, \u00c9GLISE SAINT-ENFANT-J\u00c9SUS <a href=\"https:\/\/lepointdevente.com\/billets\/bachkhayyam\" target=\"_blank\" rel=\"noopener\">D\u00c9TAILS ET BILLETS<\/a><\/p>\n<p>LE 11 AO\u00dbT, 15 H, DOMAINE FORGET <a href=\"https:\/\/www.domaineforget.com\/programmation\/festival\/constantinople\/\" target=\"_blank\" rel=\"noopener\">D\u00c9TAILS ET BILLETS<\/a><\/p>\n<p>&nbsp;<\/p>\n<p><img decoding=\"async\" loading=\"lazy\" class=\"aligncenter size-full wp-image-83039\" src=\"https:\/\/www.ludwig-van.com\/montreal\/wp-content\/uploads\/sites\/3\/2024\/08\/La-chauve-souris_ICAV-2024.png\" alt=\"\" width=\"968\" height=\"357\" srcset=\"https:\/\/www.ludwig-van.com\/montreal\/wp-content\/uploads\/sites\/3\/2024\/08\/La-chauve-souris_ICAV-2024.png 968w, https:\/\/www.ludwig-van.com\/montreal\/wp-content\/uploads\/sites\/3\/2024\/08\/La-chauve-souris_ICAV-2024-300x111.png 300w, https:\/\/www.ludwig-van.com\/montreal\/wp-content\/uploads\/sites\/3\/2024\/08\/La-chauve-souris_ICAV-2024-768x283.png 768w\" sizes=\"(max-width: 968px) 100vw, 968px\" \/><\/p>\n<h3>Le Festival d&rsquo;art vocal de Montr\u00e9al pr\u00e9sente<em> La Chauve-souris<\/em> de J. Strauss<\/h3>\n<p>Le <strong>Festival d&rsquo;art vocal de Montr\u00e9al<\/strong>, rattach\u00e9 au stage d&rsquo;\u00e9t\u00e9 de l&rsquo;Institut canadien d&rsquo;art vocal dirig\u00e9 par <strong>\u00c9tienne Dupuis<\/strong> et <strong>Nicole Car<\/strong>, pr\u00e9sente un deux-pour-un avec un op\u00e9ra dans l&rsquo;op\u00e9ra : au sein de l&rsquo;action de <em>La Chauve-souris<\/em>, mis en sc\u00e8ne et narr\u00e9 par nulle autre que <strong>Lorraine Pintal<\/strong>, est ins\u00e9r\u00e9 <em>The Four Note Opera<\/em> de Tom Johnson, un op\u00e9ra absurde \u00ab\u00a0qui se joue des st\u00e9r\u00e9otypes, des doutes et des triomphes des chanteurs\u00a0\u00bb, dans la mise en sc\u00e8ne de <strong>Joshua Major<\/strong>. <strong>Simon Rivard<\/strong> dirige l&rsquo;<strong>Orchestre classique de Montr\u00e9al<\/strong> pour une exp\u00e9rience d&rsquo;op\u00e9ra immersive en formule cabaret 360\u00b0.<\/p>\n<p>LE 10 AO\u00dbT, 19 H; LE 11 AO\u00dbT, 13 H 30, SALON RICHMOND <a href=\"https:\/\/artist.center\/organizations\/icav\/performances\/62\/tickets\" target=\"_blank\" rel=\"noopener\">D\u00c9TAILS ET BILLETS<\/a><\/p>\n<p>&nbsp;<\/p>\n<figure id=\"attachment_79877\" aria-describedby=\"caption-attachment-79877\" style=\"width: 1200px\" class=\"wp-caption aligncenter\"><img decoding=\"async\" loading=\"lazy\" class=\"size-full wp-image-79877\" src=\"https:\/\/www.ludwig-van.com\/montreal\/wp-content\/uploads\/sites\/3\/2024\/02\/Stephane-Tetreault_Olivier-Hebert-Bouchard_cropped_resized.png\" alt=\"Le violoncelliste St\u00e9phane T\u00e9treault et le pianiste Olivier H\u00e9bert-Bouchard (photo : courtoisie)\" width=\"1200\" height=\"799\" srcset=\"https:\/\/www.ludwig-van.com\/montreal\/wp-content\/uploads\/sites\/3\/2024\/02\/Stephane-Tetreault_Olivier-Hebert-Bouchard_cropped_resized.png 1200w, https:\/\/www.ludwig-van.com\/montreal\/wp-content\/uploads\/sites\/3\/2024\/02\/Stephane-Tetreault_Olivier-Hebert-Bouchard_cropped_resized-300x200.png 300w, https:\/\/www.ludwig-van.com\/montreal\/wp-content\/uploads\/sites\/3\/2024\/02\/Stephane-Tetreault_Olivier-Hebert-Bouchard_cropped_resized-1024x682.png 1024w, https:\/\/www.ludwig-van.com\/montreal\/wp-content\/uploads\/sites\/3\/2024\/02\/Stephane-Tetreault_Olivier-Hebert-Bouchard_cropped_resized-768x511.png 768w\" sizes=\"(max-width: 1200px) 100vw, 1200px\" \/><figcaption id=\"caption-attachment-79877\" class=\"wp-caption-text\">Le violoncelliste St\u00e9phane T\u00e9treault et le pianiste Olivier H\u00e9bert-Bouchard (photo : courtoisie)<\/figcaption><\/figure>\n<h3>Orford musique<\/h3>\n<p>Le concert de cl\u00f4ture d&rsquo;Orford musique sera donn\u00e9 par <strong>St\u00e9phane T\u00e9treault<\/strong>, violoncelliste au timbre envo\u00fbtant, et le pianiste <strong>Olivier H\u00e9bert-Bouchard<\/strong>, qui pr\u00e9senteront leur programme <em>Images<\/em> <em>oubli\u00e9es<\/em> repensant des \u0153uvres de Debussy pour violoncelle et piano.<\/p>\n<p>LE 10 AO\u00dbT, 16 H 30, SALLE GILLES-LEFEBVRE <a href=\"https:\/\/www.orford.mu\/concerts-et-evenements\/claude-debussy-images-oubliees\/\" target=\"_blank\" rel=\"noopener\">D\u00c9TAILS ET BILLETS<\/a><\/p>\n<h3><\/h3>\n<figure id=\"attachment_83053\" aria-describedby=\"caption-attachment-83053\" style=\"width: 1150px\" class=\"wp-caption aligncenter\"><img decoding=\"async\" loading=\"lazy\" class=\"size-full wp-image-83053\" src=\"https:\/\/www.ludwig-van.com\/montreal\/wp-content\/uploads\/sites\/3\/2024\/08\/Screenshot-2024-08-06-at-17-21-51-Fabula-Femina-Cordame-Ville-de-Montreal.png\" alt=\"Le compositeur et contrebassiste Jean-Philippe Mailloux et la chanteuse Coral Egan )(Photo : Godefroy Mosry)\" width=\"1150\" height=\"441\" srcset=\"https:\/\/www.ludwig-van.com\/montreal\/wp-content\/uploads\/sites\/3\/2024\/08\/Screenshot-2024-08-06-at-17-21-51-Fabula-Femina-Cordame-Ville-de-Montreal.png 1150w, https:\/\/www.ludwig-van.com\/montreal\/wp-content\/uploads\/sites\/3\/2024\/08\/Screenshot-2024-08-06-at-17-21-51-Fabula-Femina-Cordame-Ville-de-Montreal-300x115.png 300w, https:\/\/www.ludwig-van.com\/montreal\/wp-content\/uploads\/sites\/3\/2024\/08\/Screenshot-2024-08-06-at-17-21-51-Fabula-Femina-Cordame-Ville-de-Montreal-1024x393.png 1024w, https:\/\/www.ludwig-van.com\/montreal\/wp-content\/uploads\/sites\/3\/2024\/08\/Screenshot-2024-08-06-at-17-21-51-Fabula-Femina-Cordame-Ville-de-Montreal-768x295.png 768w\" sizes=\"(max-width: 1150px) 100vw, 1150px\" \/><figcaption id=\"caption-attachment-83053\" class=\"wp-caption-text\">Le compositeur et contrebassiste Jean-Philippe Mailloux et la chanteuse Coral Egan )(Photo : Godefroy Mosry)<\/figcaption><\/figure>\n<h3>Po\u00e9tesses de la Renaissance \u00e0 nos jours dans de nouvelles mises en musique<\/h3>\n<p><strong>Jean-Philippe Mailloux<\/strong>, dont les talents de compositeur \u00e9taient r\u00e9cemment mis \u00e0 l&rsquo;honneur avec la cr\u00e9ation du<em> Vilain petit canard<\/em>\u00a0au <strong>Festival d&rsquo;op\u00e9ra de Qu\u00e9bec<\/strong>, a mis en musique des \u0153uvres litt\u00e9raires des auteures Gaspara Stampa, Louise Lab\u00e9, Emily Dickinson, Catherine Pozzi et Louise de Vilmorin. Ses compositions prennent vie \u00e0 travers la voix de <strong>Coral Egan<\/strong>, avec la collaboration des musicien\u00b7ne\u00b7s <strong>Marie Neige Lavigne<\/strong> (violon), <strong>Sheila Hannigan<\/strong> (violoncelle),<strong> \u00c9veline Gr\u00e9goire-Rousseau<\/strong> (harpe) et <strong>Louis-Vincent Hamel<\/strong> (percussions).<\/p>\n<p>LE 10 AO\u00dbT, 20 H 30, TH\u00c9\u00c2TRE DE VERDURE <a href=\"https:\/\/montreal.ca\/evenements\/fabula-femina-cordame-69880\" target=\"_blank\" rel=\"noopener\">D\u00c9TAILS<\/a><\/p>\n<p>&nbsp;<\/p>\n<figure id=\"attachment_83040\" aria-describedby=\"caption-attachment-83040\" style=\"width: 1364px\" class=\"wp-caption aligncenter\"><img decoding=\"async\" loading=\"lazy\" class=\"size-full wp-image-83040\" src=\"https:\/\/www.ludwig-van.com\/montreal\/wp-content\/uploads\/sites\/3\/2024\/08\/Antoine-Rivard-Landry.png\" alt=\"Antoine Rivard-Landry (photo : site web de l'artiste)\" width=\"1364\" height=\"768\" \/><figcaption id=\"caption-attachment-83040\" class=\"wp-caption-text\">Antoine Rivard-Landry (photo : site web de l&rsquo;artiste)<\/figcaption><\/figure>\n<h3>Que du Chopin<\/h3>\n<p>Le pianiste <strong>Antoine Rivard-Landry<\/strong>, r\u00e9cipiendaire du premier prix du Concours de piano Auguste Descarries et ancien \u00e9tudiant de la Juilliard School of Music, pr\u00e9sente un r\u00e9cital enti\u00e8rement consacr\u00e9 \u00e0 Chopin. Le pianiste de 27 ans interpr\u00e9tera les 24 Pr\u00e9ludes, les quatre Mazurkas de l&rsquo;op. 33 et la Ballade op. 47 no 3 en la b\u00e9mol majeur. Une contribution volontaire est appr\u00e9ci\u00e9e.<\/p>\n<p>LE 11 AO\u00dbT, 19 H 30, \u00c9GLISE SAINT-VIATEUR D&rsquo;OUTREMONT<\/p>\n<h2><em>Inscrivez-vous \u00e0 notre infolettre! La musique classique et l\u2019op\u00e9ra en 5 minutes, chaque jour<\/em> \u00a0<a href=\"https:\/\/ludwig-van.us9.list-manage.com\/subscribe?u=4f785cb3f9058f2393ccad035&amp;id=b9b160c032\" target=\"_blank\" rel=\"noopener noreferrer\">ICI\u00a0<\/a><\/h2>\n","protected":false},"excerpt":{"rendered":"<p>Les cigales de l&rsquo;\u00e9t\u00e9 continuent de chanter, dans les parcs et dans les salles! Ne faites pas les fourmis bourrues et allez les \u00e9couter chanter et danser &#8211; pas tout l&rsquo;\u00e9t\u00e9, mais au moins le temps d&rsquo;une soir\u00e9e!<\/p>\n","protected":false},"author":55,"featured_media":83043,"comment_status":"open","ping_status":"open","sticky":false,"template":"","format":"standard","meta":{"om_disable_all_campaigns":false,"jetpack_post_was_ever_published":false},"categories":[42107,10994],"tags":[42106,42056,2521,24269],"yst_prominent_words":[33118,9878,33121,9863,22716,25072,25071,25084,25287,24045,26052,24044,9877,33147],"acf":[],"jetpack_featured_media_url":"https:\/\/www.ludwig-van.com\/montreal\/wp-content\/uploads\/sites\/3\/2024\/08\/Copie-de-CONCERTS34.jpg","jetpack_sharing_enabled":true,"jetpack_shortlink":"https:\/\/wp.me\/p9bdYt-lBj","amp_enabled":true,"_links":{"self":[{"href":"https:\/\/www.ludwig-van.com\/montreal\/wp-json\/wp\/v2\/posts\/83037"}],"collection":[{"href":"https:\/\/www.ludwig-van.com\/montreal\/wp-json\/wp\/v2\/posts"}],"about":[{"href":"https:\/\/www.ludwig-van.com\/montreal\/wp-json\/wp\/v2\/types\/post"}],"author":[{"embeddable":true,"href":"https:\/\/www.ludwig-van.com\/montreal\/wp-json\/wp\/v2\/users\/55"}],"replies":[{"embeddable":true,"href":"https:\/\/www.ludwig-van.com\/montreal\/wp-json\/wp\/v2\/comments?post=83037"}],"version-history":[{"count":24,"href":"https:\/\/www.ludwig-van.com\/montreal\/wp-json\/wp\/v2\/posts\/83037\/revisions"}],"predecessor-version":[{"id":83071,"href":"https:\/\/www.ludwig-van.com\/montreal\/wp-json\/wp\/v2\/posts\/83037\/revisions\/83071"}],"wp:featuredmedia":[{"embeddable":true,"href":"https:\/\/www.ludwig-van.com\/montreal\/wp-json\/wp\/v2\/media\/83043"}],"wp:attachment":[{"href":"https:\/\/www.ludwig-van.com\/montreal\/wp-json\/wp\/v2\/media?parent=83037"}],"wp:term":[{"taxonomy":"category","embeddable":true,"href":"https:\/\/www.ludwig-van.com\/montreal\/wp-json\/wp\/v2\/categories?post=83037"},{"taxonomy":"post_tag","embeddable":true,"href":"https:\/\/www.ludwig-van.com\/montreal\/wp-json\/wp\/v2\/tags?post=83037"},{"taxonomy":"yst_prominent_words","embeddable":true,"href":"https:\/\/www.ludwig-van.com\/montreal\/wp-json\/wp\/v2\/yst_prominent_words?post=83037"}],"curies":[{"name":"wp","href":"https:\/\/api.w.org\/{rel}","templated":true}]}}