{"id":82925,"date":"2024-07-29T18:42:50","date_gmt":"2024-07-29T22:42:50","guid":{"rendered":"https:\/\/www.ludwig-van.com\/montreal\/?p=82925"},"modified":"2024-07-30T17:15:55","modified_gmt":"2024-07-30T21:15:55","slug":"choix-de-la-redaction-excursions-musicales-dans-un-parc-pres-ou-loin-de-chez-vous","status":"publish","type":"post","link":"https:\/\/www.ludwig-van.com\/montreal\/2024\/07\/29\/choix-de-la-redaction-excursions-musicales-dans-un-parc-pres-ou-loin-de-chez-vous\/","title":{"rendered":"CHOIX DE LA R\u00c9DACTION | Excursions musicales dans un parc pr\u00e8s ou loin de chez vous"},"content":{"rendered":"<figure id=\"attachment_82929\" aria-describedby=\"caption-attachment-82929\" style=\"width: 1200px\" class=\"wp-caption aligncenter\"><img decoding=\"async\" loading=\"lazy\" class=\"size-full wp-image-82929\" src=\"https:\/\/www.ludwig-van.com\/montreal\/wp-content\/uploads\/sites\/3\/2024\/07\/Copie-de-CONCERTS31.jpg\" alt=\"\" width=\"1200\" height=\"628\" srcset=\"https:\/\/www.ludwig-van.com\/montreal\/wp-content\/uploads\/sites\/3\/2024\/07\/Copie-de-CONCERTS31.jpg 1200w, https:\/\/www.ludwig-van.com\/montreal\/wp-content\/uploads\/sites\/3\/2024\/07\/Copie-de-CONCERTS31-300x157.jpg 300w, https:\/\/www.ludwig-van.com\/montreal\/wp-content\/uploads\/sites\/3\/2024\/07\/Copie-de-CONCERTS31-1024x536.jpg 1024w, https:\/\/www.ludwig-van.com\/montreal\/wp-content\/uploads\/sites\/3\/2024\/07\/Copie-de-CONCERTS31-768x402.jpg 768w\" sizes=\"(max-width: 1200px) 100vw, 1200px\" \/><figcaption id=\"caption-attachment-82929\" class=\"wp-caption-text\">Le quatuor Andara, Yannick N\u00e9zet-S\u00e9guin, Lluis Claret.<\/figcaption><\/figure>\n<p><span style=\"color: #808080;\"><em><strong>La saison des festivals tire \u00e0 sa fin, mais elle ne tirera pas sa r\u00e9v\u00e9rence sans un dernier coup d&rsquo;\u00e9clat : aux propositions du Festival de Lanaudi\u00e8re et d&rsquo;Orford Musique s&rsquo;ajoutent la production principale du Festival d&rsquo;op\u00e9ra de Qu\u00e9bec et, pour les aventuriers aussi avides de paysages sauvages que de belle musique, les Concerts des \u00celes du Bic, avec un croche par l&rsquo;\u00cele d&rsquo;Orl\u00e9ans. (Pour les m\u00e9lomanes qui suivent nos artistes de la sc\u00e8ne baroque, c&rsquo;est \u00e9galement le temps de jeter un coup d&rsquo;\u0153il au Festival international de musique baroque de Lam\u00e8que au Nouveau-Brunswick!) \u00c0 ce compte, le concert de l&rsquo;OM \u00e0 Rivi\u00e8re-des-Prairies-Pointe-aux-Trembles, c&rsquo;est, litt\u00e9ralement, \u00ab\u00a0une promenade dans le parc\u00a0\u00bb, pour traduire une expression emprunt\u00e9e \u00e0 nos amis anglophones!<\/strong><\/em><\/span><\/p>\n<p>&nbsp;<\/p>\n<figure id=\"attachment_82627\" aria-describedby=\"caption-attachment-82627\" style=\"width: 999px\" class=\"wp-caption aligncenter\"><img decoding=\"async\" loading=\"lazy\" class=\"size-full wp-image-82627\" src=\"https:\/\/www.ludwig-van.com\/montreal\/wp-content\/uploads\/sites\/3\/2024\/07\/YNS-concert-dans-un-parc-Orchestre-Metropolitain_Francois-Goupil.jpg\" alt=\"Yannick N\u00e9zet-S\u00e9guin \u00e0 la t\u00eate de l'Orchestre M\u00e9tropolitain lors d'un concert ext\u00e9rieur. (Photo : Fran\u00e7ois Goupil)\" width=\"999\" height=\"546\" srcset=\"https:\/\/www.ludwig-van.com\/montreal\/wp-content\/uploads\/sites\/3\/2024\/07\/YNS-concert-dans-un-parc-Orchestre-Metropolitain_Francois-Goupil.jpg 999w, https:\/\/www.ludwig-van.com\/montreal\/wp-content\/uploads\/sites\/3\/2024\/07\/YNS-concert-dans-un-parc-Orchestre-Metropolitain_Francois-Goupil-300x164.jpg 300w, https:\/\/www.ludwig-van.com\/montreal\/wp-content\/uploads\/sites\/3\/2024\/07\/YNS-concert-dans-un-parc-Orchestre-Metropolitain_Francois-Goupil-768x420.jpg 768w\" sizes=\"(max-width: 999px) 100vw, 999px\" \/><figcaption id=\"caption-attachment-82627\" class=\"wp-caption-text\">Yannick N\u00e9zet-S\u00e9guin \u00e0 la t\u00eate de l&rsquo;Orchestre M\u00e9tropolitain lors d&rsquo;un concert ext\u00e9rieur. (Photo : Fran\u00e7ois Goupil)<\/figcaption><\/figure>\n<h3>L&rsquo;OM \u00e0 RDP-PAT<\/h3>\n<p>L&rsquo;<strong>Orchestre M\u00e9tropolitain<\/strong> reprend son programme estival autour de la th\u00e9matique de la danse ce mardi 30 juillet au parc Saint-Jean-Baptiste de Rivi\u00e8re-des-Prairies-Pointe-aux-Trembles. <strong>Yannick<\/strong> <strong>N\u00e9zet-S\u00e9guin<\/strong> lui-m\u00eame sera \u00e0 la t\u00eate de sa formation. L&rsquo;acc\u00e8s est gratuit.<\/p>\n<p>LE 30 JUILLET, 19 H 30, PARC SAINT-JEAN-BAPTISTE RDP-PAT <a href=\"https:\/\/orchestremetropolitain.com\/fr\/concerts\/yannick-et-lom-a-pointe-aux-trembles\/?show_date_id=8269\" target=\"_blank\" rel=\"noopener\">D\u00c9TAILS<\/a><\/p>\n<h3><\/h3>\n<figure id=\"attachment_80286\" aria-describedby=\"caption-attachment-80286\" style=\"width: 1200px\" class=\"wp-caption aligncenter\"><img decoding=\"async\" loading=\"lazy\" class=\"size-full wp-image-80286\" src=\"https:\/\/www.ludwig-van.com\/montreal\/wp-content\/uploads\/sites\/3\/2024\/03\/Lluis-Claret.png\" alt=\"Le violoncelliste Lluis Claret sera en r\u00e9cital avec la pianiste Sandra Murray le 6 mars. (Photo : Jordi Belver)\" width=\"1200\" height=\"757\" srcset=\"https:\/\/www.ludwig-van.com\/montreal\/wp-content\/uploads\/sites\/3\/2024\/03\/Lluis-Claret.png 1200w, https:\/\/www.ludwig-van.com\/montreal\/wp-content\/uploads\/sites\/3\/2024\/03\/Lluis-Claret-300x189.png 300w, https:\/\/www.ludwig-van.com\/montreal\/wp-content\/uploads\/sites\/3\/2024\/03\/Lluis-Claret-1024x646.png 1024w, https:\/\/www.ludwig-van.com\/montreal\/wp-content\/uploads\/sites\/3\/2024\/03\/Lluis-Claret-768x484.png 768w\" sizes=\"(max-width: 1200px) 100vw, 1200px\" \/><figcaption id=\"caption-attachment-80286\" class=\"wp-caption-text\">Le violoncelliste Lluis Claret (Photo : Jordi Belver)<\/figcaption><\/figure>\n<h3>Orford musique<\/h3>\n<p>Ce mardi soir a lieu la finale devant jury du <strong>Prix Orford Musique<\/strong>, pour lequel des participant\u00b7e\u00b7s de l&rsquo;Acad\u00e9mie ont d\u00e9velopp\u00e9 et soumis leur propre projet. Les finalistes <strong>Ember-Leah Reed<\/strong> (chant et violon), <strong>Amelia Keenan<\/strong> (chant), <strong>Fiona Wu<\/strong> (piano), <strong>Abraham Alinea<\/strong> (piano) et <strong>Mariya Orlenko<\/strong> (piano) courront la chance d&rsquo;\u00eatre s\u00e9lectionn\u00e9s pour la prochaine \u00e9tape ayant lieu le 3 ao\u00fbt. Surnomm\u00e9e Le Duel, cette \u00e9tape finale d\u00e9terminera les gagnant\u00b7e\u00b7s des prix d&rsquo;une valeur de 15 000 $ et de 5 000 $, incluant une invitation \u00e0 se produire dans le cadre du prochain <strong>Festival Orford Musique<\/strong>.<\/p>\n<p>Entre les deux \u00e9tapes, le public aura \u00e9galement l&rsquo;occasion d&rsquo;entendre un r\u00e9cital du violoncelliste <strong>Lluis Claret<\/strong>, qui jouera Casal, Dubois et Debussy avec la pianiste <strong>Sandra Murray<\/strong>.<\/p>\n<p>PRIX ORFORD MUSIQUE : FINALE DEVANT JURY LE 30 JUILLET, 18 H; LE DUEL LE 3 AO\u00dbT, 16 H 30, SALLE GILLES-LEFEBVRE <a href=\"https:\/\/www.orford.mu\/prix-orford-musique\/\" target=\"_blank\" rel=\"noopener\">D\u00c9TAILS ET BILLETS<\/a><\/p>\n<p>LLUIS CLARET ET SANDRA MURRAY : LE 2 AO\u00dbT, 19 H 30, SALLE GILLES-LEFEBVRE <a href=\"https:\/\/www.orford.mu\/concerts-et-evenements\/le-lyrisme-du-violoncelle-et-du-piano\/\" target=\"_blank\" rel=\"noopener\">D\u00c9TAILS ET BILLETS<\/a><\/p>\n<p>&nbsp;<\/p>\n<figure id=\"attachment_65164\" aria-describedby=\"caption-attachment-65164\" style=\"width: 1024px\" class=\"wp-caption aligncenter\"><img decoding=\"async\" loading=\"lazy\" class=\"size-full wp-image-65164\" src=\"https:\/\/www.ludwig-van.com\/montreal\/wp-content\/uploads\/sites\/3\/2018\/10\/2-Charles-Richard-Hamelin-Photo-Elizabeth-Delage.jpeg\" alt=\"\" width=\"1024\" height=\"683\" srcset=\"https:\/\/www.ludwig-van.com\/montreal\/wp-content\/uploads\/sites\/3\/2018\/10\/2-Charles-Richard-Hamelin-Photo-Elizabeth-Delage.jpeg 1024w, https:\/\/www.ludwig-van.com\/montreal\/wp-content\/uploads\/sites\/3\/2018\/10\/2-Charles-Richard-Hamelin-Photo-Elizabeth-Delage-300x200.jpeg 300w, https:\/\/www.ludwig-van.com\/montreal\/wp-content\/uploads\/sites\/3\/2018\/10\/2-Charles-Richard-Hamelin-Photo-Elizabeth-Delage-768x512.jpeg 768w\" sizes=\"(max-width: 1024px) 100vw, 1024px\" \/><figcaption id=\"caption-attachment-65164\" class=\"wp-caption-text\">Charles Richard-Hamelin (Photo : Elizabeth Delage)<\/figcaption><\/figure>\n<h3>Festival de Lanaudi\u00e8re<\/h3>\n<p>Le <strong>Festival de Lanaudi\u00e8re<\/strong> est dans son dernier droit et se dirige inexorablement vers sa conclusion grandiose. Avant ce point culminant, il reste encore plusieurs propositions all\u00e9chantes dans divers lieux. D&rsquo;abord, le 30 juillet, le baryton <strong>Olivier Bergeron<\/strong> &#8211;\u00a0 qui vient de donner une <a href=\"https:\/\/www.ludwig-van.com\/montreal\/2024\/07\/30\/critique-festival-dopera-de-quebec-bravo-aux-talents-locaux\/\" target=\"_blank\" rel=\"noopener\">prestation fort r\u00e9ussie dans <em>Je chante la nuit<\/em><\/a> au <strong>Festival d&rsquo;op\u00e9ra de Qu\u00e9bec<\/strong> &#8211; et la pianiste <strong>Chlo\u00e9 Dumoulin<\/strong> pr\u00e9sentent un concert intime intitul\u00e9<em> L&rsquo;heure exquise<\/em> soulignant le 150e anniversaire de naissance de Reynaldo Hahn et le centi\u00e8me anniversaire du d\u00e9c\u00e8s de Gabriel Faur\u00e9.<\/p>\n<p>Les adeptes du pianiste <strong>Charles Richard-Hamelin<\/strong> ne voudront pas manquer son r\u00e9cital du 31 juillet construit autour de la valse, au cours duquel le pianiste lanaudois interpr\u00e9tera Granados, Alb\u00e9niz et Chopin.<\/p>\n<p>Il ne restera ensuite que les feux d&rsquo;artifice musicaux de la derni\u00e8re fin de semaine, gracieuset\u00e9 de l&rsquo;<strong>OSM<\/strong> et de l&rsquo;<strong>OM<\/strong>. Le vendredi soir, l&rsquo;<strong>OSM<\/strong> reste dans l&rsquo;esprit d\u00e9but du si\u00e8cle dernier abord\u00e9 par <strong>Bergeron<\/strong> et <strong>Dumoulin<\/strong> avec un programme constitu\u00e9 de pi\u00e8ces de compositeurs fran\u00e7ais de cette \u00e9poque. <strong>Andrew Wan<\/strong> fera chanter son violon dans le <em>Po\u00e8me<\/em> de Chausson et l&rsquo;orchestre fera ch\u00e2toyer les couleurs d&rsquo;<em>Ib\u00e9ria<\/em> de Debussy, ainsi que deux \u0153uvres de Ravel, soit <em>Ma M\u00e8re l&rsquo;Oye<\/em> et l&rsquo;ultra-c\u00e9l\u00e8bre <em>Bol\u00e9ro<\/em>. Le lendemain, c&rsquo;est avec leur enlevante interpr\u00e9tation de la Septi\u00e8me symphonie de Mahler que l&rsquo;<strong>OSM<\/strong> et <strong>Rafael Payare<\/strong> feront lever le toit de l&rsquo;amphith\u00e9\u00e2tre.<\/p>\n<p>En grande conclusion, l&rsquo;amphith\u00e9\u00e2tre Fernand-Lindsay se transformera en temple \u00e9gyptien alors que l&rsquo;<strong>Orchestre M\u00e9tropolitain<\/strong> et <strong>Yannick N\u00e9zet-S\u00e9guin<\/strong>, avec la contribution de plusieurs solistes, pr\u00e9senteront l&rsquo;op\u00e9ra <em>A\u00efda<\/em> en version concert.<\/p>\n<p>L&rsquo;HEURE EXQUISE : LE 30 JUILLET, 19 H 30, MAISON DE LA MUSIQUE REN\u00c9-CHARETTE D\u00c9TAILS ET BILLETS<\/p>\n<p>CHARLES RICHARD-HAMELIN : LE 31 JUILLET, 20 H, \u00c9GLISE DE MASCOUCHE D\u00c9TAILS ET BILLETS<\/p>\n<p>BOL\u00c9RO ET AUTRES JOYAUX : LE 2 AO\u00dbT, 20 H, AMPHITH\u00c9\u00c2TRE FERNAND-LINDSAY D\u00c9TAILS ET BILLETS<\/p>\n<p>MAHLER ET LE CHANT DE LA NUIT : LE 3 AO\u00dbT, 19 H, AMPHITH\u00c9\u00c2TRE FERNAND-LINDSAY D\u00c9TAILS ET BILLETS<\/p>\n<p>A\u00cfDA : LE 4 AO\u00dbT, 16 H, AMPHITH\u00c9\u00c2TRE FERNAND-LINDSAY D\u00c9TAILS ET BILLETS<\/p>\n<p>&nbsp;<\/p>\n<figure id=\"attachment_82928\" aria-describedby=\"caption-attachment-82928\" style=\"width: 640px\" class=\"wp-caption aligncenter\"><img decoding=\"async\" loading=\"lazy\" class=\"size-full wp-image-82928\" src=\"https:\/\/www.ludwig-van.com\/montreal\/wp-content\/uploads\/sites\/3\/2024\/07\/Quatuor_Andara_web.png\" alt=\"Quatuor Andara (Photo : courtoisie)\" width=\"640\" height=\"457\" srcset=\"https:\/\/www.ludwig-van.com\/montreal\/wp-content\/uploads\/sites\/3\/2024\/07\/Quatuor_Andara_web.png 640w, https:\/\/www.ludwig-van.com\/montreal\/wp-content\/uploads\/sites\/3\/2024\/07\/Quatuor_Andara_web-300x214.png 300w\" sizes=\"(max-width: 640px) 100vw, 640px\" \/><figcaption id=\"caption-attachment-82928\" class=\"wp-caption-text\">Quatuor Andara (Photo : courtoisie)<\/figcaption><\/figure>\n<h3>Le Quatuor Andara \u00e0 l&rsquo;\u00cele d&rsquo;Orl\u00e9ans<\/h3>\n<p>Apr\u00e8s un r\u00e9cital de piano jeudi dernier, <strong>Musique de chambre \u00e0 Sainte-P\u00e9tronille<\/strong> se tourne cette semaine vers la formation embl\u00e9matique de la musique de chambre, le quatuor \u00e0 cordes. Le quatuor montr\u00e9alais <strong>Andara<\/strong>, form\u00e9 de <strong>Marie-Claire Vaillancourt<\/strong> et<strong> Jeanne C\u00f4t\u00e9<\/strong>, violons, <strong>Vincent Delorme<\/strong>, alto et <strong>Dominique Beaus\u00e9jour-Ostiguy<\/strong>, violoncelle, interpr\u00e9tera le c\u00e9l\u00e8bre Adagio pour cordes de Samuel Barber, le Premier quatuor de Benjamin Britten, la pi\u00e8ce <em>Dark Energy<\/em> de la compositrice canadienne <strong>Kelly-Marie Murphy<\/strong> et le Sixi\u00e8me quatuor de Felix Mendelssohn.<\/p>\n<p>LE 1 AO\u00dbT, 19 H 30, \u00c9GLISE DE SAINTE-P\u00c9TRONILLE <a href=\"https:\/\/musiquedechambre.ca\/index.php\/1er-aout-4.html\" target=\"_blank\" rel=\"noopener\">D\u00c9TAILS ET BILLETS<\/a><\/p>\n<p>&nbsp;<\/p>\n<figure id=\"attachment_62755\" aria-describedby=\"caption-attachment-62755\" style=\"width: 1200px\" class=\"wp-caption aligncenter\"><img decoding=\"async\" loading=\"lazy\" class=\"size-full wp-image-62755\" src=\"https:\/\/www.ludwig-van.com\/montreal\/wp-content\/uploads\/sites\/3\/2019\/11\/Thomas-Leduc-Moreau-web-4.jpg\" alt=\"Thomas Leduc-Moreau, chef assistant \u00e0 l'OSM, 2019. (Photo: courtoisie de l'OSM)\" width=\"1200\" height=\"800\" srcset=\"https:\/\/www.ludwig-van.com\/montreal\/wp-content\/uploads\/sites\/3\/2019\/11\/Thomas-Leduc-Moreau-web-4.jpg 1200w, https:\/\/www.ludwig-van.com\/montreal\/wp-content\/uploads\/sites\/3\/2019\/11\/Thomas-Leduc-Moreau-web-4-300x200.jpg 300w, https:\/\/www.ludwig-van.com\/montreal\/wp-content\/uploads\/sites\/3\/2019\/11\/Thomas-Leduc-Moreau-web-4-768x512.jpg 768w, https:\/\/www.ludwig-van.com\/montreal\/wp-content\/uploads\/sites\/3\/2019\/11\/Thomas-Leduc-Moreau-web-4-1024x683.jpg 1024w\" sizes=\"(max-width: 1200px) 100vw, 1200px\" \/><figcaption id=\"caption-attachment-62755\" class=\"wp-caption-text\">Thomas LeDuc-Moreau dirigera la production du Festival d&rsquo;op\u00e9ra de Qu\u00e9bec de La vie parisienne, pr\u00e9sent\u00e9e de vendredi \u00e0 dimanche au Grand Th\u00e9\u00e2tre. (Photo: courtoisie de l&rsquo;OSM)<\/figcaption><\/figure>\n<h3><em>La vie parisienne<\/em> s&rsquo;installe \u00e0 Qu\u00e9bec<\/h3>\n<p>Du 2 au 4 ao\u00fbt, le <strong>Festival d&rsquo;op\u00e9ra de Qu\u00e9bec<\/strong> pr\u00e9sente sa production principale de cette \u00e9dition, <em>La vie parisienne<\/em> d&rsquo;Offenbach, sur la grande sc\u00e8ne de la salle Louis-Fr\u00e9chette. Le metteur en sc\u00e8ne <strong>Jean-Romain Vesperini<\/strong> transpose l&rsquo;action de la divertissante op\u00e9rette dans le Paris des ann\u00e9es 1980. <strong>Julie Boulianne<\/strong>, <strong>Dominique C\u00f4t\u00e9<\/strong> et <strong>Geoffroy Salvas <\/strong>sont \u00e0 la t\u00eate d&rsquo;une distribution qu\u00e9b\u00e9coise dirig\u00e9e par <strong>Thomas LeDuc-Moreau<\/strong>. L&rsquo;<strong>OSQ<\/strong> et le <strong>Ch\u0153ur de l&rsquo;Op\u00e9ra de Qu\u00e9bec<\/strong> sont bien s\u00fbr de la partie.<\/p>\n<p>LES 2 AU 3 AO\u00dbT, 19 H 30; LE 4 AO\u00dbT, 14 H, GRAND TH\u00c9\u00c2TRE DE QU\u00c9BEC <a href=\"https:\/\/operadequebec.com\/festival-la-vie-parisienne\/\" target=\"_blank\" rel=\"noopener\">D\u00c9TAILS ET BILLETS<\/a><\/p>\n<p>&nbsp;<\/p>\n<figure id=\"attachment_54893\" aria-describedby=\"caption-attachment-54893\" style=\"width: 1024px\" class=\"wp-caption aligncenter\"><img decoding=\"async\" loading=\"lazy\" class=\"size-full wp-image-54893\" src=\"https:\/\/www.ludwig-van.com\/montreal\/wp-content\/uploads\/sites\/3\/2018\/06\/David-Jalbert-refaite.jpg\" alt=\"\" width=\"1024\" height=\"1150\" srcset=\"https:\/\/www.ludwig-van.com\/montreal\/wp-content\/uploads\/sites\/3\/2018\/06\/David-Jalbert-refaite.jpg 1024w, https:\/\/www.ludwig-van.com\/montreal\/wp-content\/uploads\/sites\/3\/2018\/06\/David-Jalbert-refaite-267x300.jpg 267w, https:\/\/www.ludwig-van.com\/montreal\/wp-content\/uploads\/sites\/3\/2018\/06\/David-Jalbert-refaite-768x863.jpg 768w, https:\/\/www.ludwig-van.com\/montreal\/wp-content\/uploads\/sites\/3\/2018\/06\/David-Jalbert-refaite-912x1024.jpg 912w\" sizes=\"(max-width: 1024px) 100vw, 1024px\" \/><figcaption id=\"caption-attachment-54893\" class=\"wp-caption-text\">Le pianiste David Jalbert sera du concert gala d&rsquo;ouverture des Concerts des \u00celes du Bic. (Photo : courtoisie)<\/figcaption><\/figure>\n<h3>Concerts aux \u00celes du Bic<\/h3>\n<p>C&rsquo;est le bon moment pour combiner vacances dans le Bas-Saint-Laurent et sorties musicales, puisque la s\u00e9rie <strong>Concerts aux \u00celes du Bic<\/strong> d\u00e9bute ce 3 ao\u00fbt. Le concert gala d&rsquo;ouverture r\u00e9unit le directeur artistique<strong> James Darling<\/strong> au violoncelle avec les violonistes <strong>\u00c9lise Lavoie<\/strong> et <strong>Daph\u00e9 Bourbonnais<\/strong>, le violoncelliste<strong> Dominique Beaus\u00e9jour-Ostiguy<\/strong> et le pianiste <strong>David Jalbert<\/strong>. Dans diff\u00e9rentes combinaisons d&rsquo;instruments, ils proposeront la Sonate pour violoncelle de Prokofiev, la cr\u00e9ation de l&rsquo;\u0153uvre <em>Un fleuve sans fin<\/em> de <strong>Frank Horvat<\/strong> et la Suite pour deux violons, violoncelle et piano (main gauche) de Korngold.<\/p>\n<p>Le lendemain, ce sera au tour de <strong>collectif9<\/strong> de reprendre <a href=\"https:\/\/www.ludwig-van.com\/montreal\/2024\/02\/16\/critique-transportes-par-les-flots-oniriques-de-collectif9\/\" target=\"_blank\" rel=\"noopener\">son programme onirique <em>Vagues et ombres<\/em><\/a>, centr\u00e9 autour d&rsquo;une th\u00e9matique aquatique fort \u00e0-propos pour le lieu.<\/p>\n<p>LE 3 AO\u00dbT, 16 H, \u00c9GLISE SAINTE-C\u00c9CILE DU BIC <a href=\"https:\/\/www.concertsauxilesdubic.org\/concerts\/fleuve-sans-fin\" target=\"_blank\" rel=\"noopener\">D\u00c9TAILS ET BILLETS<\/a><\/p>\n<p>LE 4 AO\u00dbT, 20 H, SALLE DESJARDINS-TELUS <a href=\"https:\/\/www.concertsauxilesdubic.org\/concerts\/vagues-et-ombres\" target=\"_blank\" rel=\"noopener\">D\u00c9TAILS ET BILLETS<\/a><\/p>\n<p>&nbsp;<\/p>\n<figure id=\"attachment_82631\" aria-describedby=\"caption-attachment-82631\" style=\"width: 1200px\" class=\"wp-caption aligncenter\"><img decoding=\"async\" loading=\"lazy\" class=\"size-full wp-image-82631\" src=\"https:\/\/www.ludwig-van.com\/montreal\/wp-content\/uploads\/sites\/3\/2024\/07\/Saint-James-United_choeur_1200.jpg\" alt=\"Le buffet d'orgue de l'\u00e9glise Saint-James United (Photo : courtoisie)\" width=\"1200\" height=\"677\" srcset=\"https:\/\/www.ludwig-van.com\/montreal\/wp-content\/uploads\/sites\/3\/2024\/07\/Saint-James-United_choeur_1200.jpg 1200w, https:\/\/www.ludwig-van.com\/montreal\/wp-content\/uploads\/sites\/3\/2024\/07\/Saint-James-United_choeur_1200-300x169.jpg 300w, https:\/\/www.ludwig-van.com\/montreal\/wp-content\/uploads\/sites\/3\/2024\/07\/Saint-James-United_choeur_1200-1024x578.jpg 1024w, https:\/\/www.ludwig-van.com\/montreal\/wp-content\/uploads\/sites\/3\/2024\/07\/Saint-James-United_choeur_1200-768x433.jpg 768w\" sizes=\"(max-width: 1200px) 100vw, 1200px\" \/><figcaption id=\"caption-attachment-82631\" class=\"wp-caption-text\">Le buffet d&rsquo;orgue de l&rsquo;\u00e9glise Saint-James United (Photo : courtoisie)<\/figcaption><\/figure>\n<h3>MusOrgue \u00e0 Saint-James<\/h3>\n<p>Le dernier concert de la s\u00e9rie estivale MusOrgue a lieu ce dimanche \u00e0 13 h \u00e0 l&rsquo;\u00e9glise Saint-James United sur la rue Sainte-Catherine. L&rsquo;organiste de la semaine est Charmaine Bacon. Comme toujours, l&rsquo;entr\u00e9e est gratuite, une contribution volontaire est appr\u00e9ci\u00e9e.<\/p>\n<p>LE 4 AO\u00dbT, 13 H, \u00c9GLISE SAINT-JAMES UNITED<\/p>\n<h3>La Boh\u00e8me \u00e0 l&rsquo;ItalFestMtl<\/h3>\n<p>\u00c0 chaque d\u00e9but du mois d&rsquo;ao\u00fbt, le traditionnel festival italien envahit les rues de la Petite Italie et installe sa sc\u00e8ne ext\u00e9rieure \u00e0 l&rsquo;intersection du boulevard St-Laurent de la rue St-Zotique, o\u00f9 un op\u00e9ra italien sera pr\u00e9sent\u00e9 en plein air. Il s&rsquo;agit cet \u00e9t\u00e9 de <em>La boh\u00e8me<\/em>, sous la direction de <strong>Jean-Michel Malouf<\/strong>, avec <strong>Caroline Bleau<\/strong> (Mimi), <strong>Carlo Raffaelli<\/strong> (Rodolfo), <strong>Hugo Laporte<\/strong> (Marcello), <strong>Maxime<\/strong> <strong>Martin<\/strong> (Colline), <strong>Claude Grenier<\/strong> (Schaunard et Alcindoro) et <strong>Rapha\u00eblle Paquette<\/strong> (Musetta).<\/p>\n<p>LE 4 AO\u00dbT, 21 H, SC\u00c8NE MASTRO &amp; SAN DANIELE, PETITE ITALIE <a href=\"https:\/\/italfestmtl.ca\/evenements\/opera-la-boheme-little-italy\/\" target=\"_blank\" rel=\"noopener\">D\u00c9TAILS<\/a><\/p>\n<h2><em>Inscrivez-vous \u00e0 notre infolettre! La musique classique et l\u2019op\u00e9ra en 5 minutes, chaque jour<\/em> <a href=\"https:\/\/ludwig-van.us9.list-manage.com\/subscribe?u=4f785cb3f9058f2393ccad035&amp;id=b9b160c032\" target=\"_blank\" rel=\"noopener noreferrer\">ICI<\/a><\/h2>\n","protected":false},"excerpt":{"rendered":"<p>La saison des festivals tire \u00e0 sa fin, mais elle ne tirera pas sa r\u00e9v\u00e9rence en toute discr\u00e9tion : aux propositions du Festival de Lanaudi\u00e8re et d&rsquo;Orford Musique s&rsquo;ajoutent la production principale du Festival d&rsquo;op\u00e9ra de Qu\u00e9bec et, pour les aventuriers aussi avides de paysages sauvages que de belle musique, les Concerts des \u00celes du Bic, avec un croche par l&rsquo;\u00cele d&rsquo;Orl\u00e9ans. (Pour les m\u00e9lomanes qui suivent nos artistes de la sc\u00e8ne baroque, c&rsquo;est \u00e9galement le temps de jeter un coup d&rsquo;\u0153il au Festival international de musique baroque de Lam\u00e8que au Nouveau-Brunswick!) \u00c0 ce compte, le concert de l&rsquo;OM \u00e0 Rivi\u00e8re-des-prairies-Pointe-aux-trembles, c&rsquo;est, litt\u00e9ralement, \u00ab\u00a0une promenade dans le parc\u00a0\u00bb, pour traduire une expression emprunt\u00e9e \u00e0 nos amis anglophones!<\/p>\n","protected":false},"author":55,"featured_media":82929,"comment_status":"open","ping_status":"open","sticky":false,"template":"","format":"standard","meta":{"om_disable_all_campaigns":false,"jetpack_post_was_ever_published":false},"categories":[42107,10994],"tags":[42106,21250],"yst_prominent_words":[9863,23937,25071,25084,26052,11891,22957,23936,23792],"acf":[],"jetpack_featured_media_url":"https:\/\/www.ludwig-van.com\/montreal\/wp-content\/uploads\/sites\/3\/2024\/07\/Copie-de-CONCERTS31.jpg","jetpack_sharing_enabled":true,"jetpack_shortlink":"https:\/\/wp.me\/p9bdYt-lzv","amp_enabled":true,"_links":{"self":[{"href":"https:\/\/www.ludwig-van.com\/montreal\/wp-json\/wp\/v2\/posts\/82925"}],"collection":[{"href":"https:\/\/www.ludwig-van.com\/montreal\/wp-json\/wp\/v2\/posts"}],"about":[{"href":"https:\/\/www.ludwig-van.com\/montreal\/wp-json\/wp\/v2\/types\/post"}],"author":[{"embeddable":true,"href":"https:\/\/www.ludwig-van.com\/montreal\/wp-json\/wp\/v2\/users\/55"}],"replies":[{"embeddable":true,"href":"https:\/\/www.ludwig-van.com\/montreal\/wp-json\/wp\/v2\/comments?post=82925"}],"version-history":[{"count":15,"href":"https:\/\/www.ludwig-van.com\/montreal\/wp-json\/wp\/v2\/posts\/82925\/revisions"}],"predecessor-version":[{"id":82951,"href":"https:\/\/www.ludwig-van.com\/montreal\/wp-json\/wp\/v2\/posts\/82925\/revisions\/82951"}],"wp:featuredmedia":[{"embeddable":true,"href":"https:\/\/www.ludwig-van.com\/montreal\/wp-json\/wp\/v2\/media\/82929"}],"wp:attachment":[{"href":"https:\/\/www.ludwig-van.com\/montreal\/wp-json\/wp\/v2\/media?parent=82925"}],"wp:term":[{"taxonomy":"category","embeddable":true,"href":"https:\/\/www.ludwig-van.com\/montreal\/wp-json\/wp\/v2\/categories?post=82925"},{"taxonomy":"post_tag","embeddable":true,"href":"https:\/\/www.ludwig-van.com\/montreal\/wp-json\/wp\/v2\/tags?post=82925"},{"taxonomy":"yst_prominent_words","embeddable":true,"href":"https:\/\/www.ludwig-van.com\/montreal\/wp-json\/wp\/v2\/yst_prominent_words?post=82925"}],"curies":[{"name":"wp","href":"https:\/\/api.w.org\/{rel}","templated":true}]}}