{"id":82624,"date":"2024-07-08T14:25:35","date_gmt":"2024-07-08T18:25:35","guid":{"rendered":"https:\/\/www.ludwig-van.com\/montreal\/?p=82624"},"modified":"2024-07-08T14:25:35","modified_gmt":"2024-07-08T18:25:35","slug":"choix-de-la-redaction-les-nouvelles-passent-la-musique-reste","status":"publish","type":"post","link":"https:\/\/www.ludwig-van.com\/montreal\/2024\/07\/08\/choix-de-la-redaction-les-nouvelles-passent-la-musique-reste\/","title":{"rendered":"CHOIX DE LA R\u00c9DACTION | Les nouvelles passent, la musique reste!"},"content":{"rendered":"<figure id=\"attachment_82632\" aria-describedby=\"caption-attachment-82632\" style=\"width: 1200px\" class=\"wp-caption aligncenter\"><img decoding=\"async\" loading=\"lazy\" class=\"size-full wp-image-82632\" src=\"https:\/\/www.ludwig-van.com\/montreal\/wp-content\/uploads\/sites\/3\/2024\/07\/Copie-de-CONCERTS28.jpg\" alt=\"\" width=\"1200\" height=\"628\" srcset=\"https:\/\/www.ludwig-van.com\/montreal\/wp-content\/uploads\/sites\/3\/2024\/07\/Copie-de-CONCERTS28.jpg 1200w, https:\/\/www.ludwig-van.com\/montreal\/wp-content\/uploads\/sites\/3\/2024\/07\/Copie-de-CONCERTS28-300x157.jpg 300w, https:\/\/www.ludwig-van.com\/montreal\/wp-content\/uploads\/sites\/3\/2024\/07\/Copie-de-CONCERTS28-1024x536.jpg 1024w, https:\/\/www.ludwig-van.com\/montreal\/wp-content\/uploads\/sites\/3\/2024\/07\/Copie-de-CONCERTS28-768x402.jpg 768w\" sizes=\"(max-width: 1200px) 100vw, 1200px\" \/><figcaption id=\"caption-attachment-82632\" class=\"wp-caption-text\">Yannick N\u00e9zet-S\u00e9guin (Photo : Fran\u00e7ois Goupil); Freiburger Barockorchester (Photo : Foppe Schut); \u00c9glise Saint-James United (Photo : courtoisie)<\/figcaption><\/figure>\n<p>Les nouvelles en provenance de l&rsquo;international ont beau \u00eatre remplies d&rsquo;incertitudes et de revirements inattendus, une chose reste constante : il ne manquera jamais de bons concerts pour s&rsquo;\u00e9vader avec les meilleurs artistes d&rsquo;ici et d&rsquo;ailleurs. Dans un parc ou une \u00e9glise proche de chez vous, dans Lanaudi\u00e8re, en Estrie ou dans une autre r\u00e9gion du Qu\u00e9bec, vous trouverez de la musique pour agr\u00e9menter vos soir\u00e9es d&rsquo;\u00e9t\u00e9 gr\u00e2ce \u00e0 nos choix de la r\u00e9daction.<\/p>\n<p>&nbsp;<\/p>\n<figure id=\"attachment_82627\" aria-describedby=\"caption-attachment-82627\" style=\"width: 999px\" class=\"wp-caption aligncenter\"><img decoding=\"async\" loading=\"lazy\" class=\"size-full wp-image-82627\" src=\"https:\/\/www.ludwig-van.com\/montreal\/wp-content\/uploads\/sites\/3\/2024\/07\/YNS-concert-dans-un-parc-Orchestre-Metropolitain_Francois-Goupil.jpg\" alt=\"Yannick N\u00e9zet-S\u00e9guin \u00e0 la t\u00eate de l'Orchestre M\u00e9tropolitain lors d'un concert ext\u00e9rieur. (Photo : Fran\u00e7ois Goupil)\" width=\"999\" height=\"546\" srcset=\"https:\/\/www.ludwig-van.com\/montreal\/wp-content\/uploads\/sites\/3\/2024\/07\/YNS-concert-dans-un-parc-Orchestre-Metropolitain_Francois-Goupil.jpg 999w, https:\/\/www.ludwig-van.com\/montreal\/wp-content\/uploads\/sites\/3\/2024\/07\/YNS-concert-dans-un-parc-Orchestre-Metropolitain_Francois-Goupil-300x164.jpg 300w, https:\/\/www.ludwig-van.com\/montreal\/wp-content\/uploads\/sites\/3\/2024\/07\/YNS-concert-dans-un-parc-Orchestre-Metropolitain_Francois-Goupil-768x420.jpg 768w\" sizes=\"(max-width: 999px) 100vw, 999px\" \/><figcaption id=\"caption-attachment-82627\" class=\"wp-caption-text\">Yannick N\u00e9zet-S\u00e9guin \u00e0 la t\u00eate de l&rsquo;Orchestre M\u00e9tropolitain lors d&rsquo;un concert ext\u00e9rieur. (Photo : Fran\u00e7ois Goupil)<\/figcaption><\/figure>\n<h3>Orchestre M\u00e9tropolitain dans les parcs<\/h3>\n<p>Avant de parcourir les festivals du Qu\u00e9bec, l&rsquo;<strong>Orchestre M\u00e9tropolitain<\/strong> jouera dans les parcs de Saint-L\u00e9onard, Lachine et Montr\u00e9al-Nord (le concert au Th\u00e9\u00e2tre de Verdure est complet). <strong>Naomi Woo<\/strong> dirige des musiques inspir\u00e9es par la danse en provenance de diff\u00e9rents lieux et de diff\u00e9rentes \u00e9poques, dont la <em>Kaiser-Walzer<\/em> de Strauss, la Cinqui\u00e8me danse hongroise de Brahms, trois danses extraites du ballet <em>Fancy Free<\/em> de Bernstein et la juba de la Troisi\u00e8me symphonie de Price. Les soir\u00e9es sont anim\u00e9es par <strong>Vanessa Destin\u00e9<\/strong>.<\/p>\n<p>LE 9 JUILLET, 19 H 30, PARC WILFRID-BASTIEN (SAINT-L\u00c9ONARD);<\/p>\n<p>LE 10 JUILLET, 19 H 30, PARC LASALLE (LACHINE);<\/p>\n<p>LE 13 JUILLET, 19 H 30, PARC PILON (MONTR\u00c9AL-NORD); <a href=\"https:\/\/orchestremetropolitain.com\/fr\/concerts\/lom-prend-lair-2024\/?show_date_id=8105\" target=\"_blank\" rel=\"noopener\">D\u00c9TAILS<\/a><\/p>\n<p>&nbsp;<\/p>\n<figure id=\"attachment_82628\" aria-describedby=\"caption-attachment-82628\" style=\"width: 1200px\" class=\"wp-caption aligncenter\"><img decoding=\"async\" loading=\"lazy\" class=\"size-full wp-image-82628\" src=\"https:\/\/www.ludwig-van.com\/montreal\/wp-content\/uploads\/sites\/3\/2024\/07\/FBO_Pressefoto_2_\u00a9Foppe_Schut.jpg\" alt=\"Freibuger Barockorchester (Photo : Foppe Schut)\" width=\"1200\" height=\"759\" srcset=\"https:\/\/www.ludwig-van.com\/montreal\/wp-content\/uploads\/sites\/3\/2024\/07\/FBO_Pressefoto_2_\u00a9Foppe_Schut.jpg 1200w, https:\/\/www.ludwig-van.com\/montreal\/wp-content\/uploads\/sites\/3\/2024\/07\/FBO_Pressefoto_2_\u00a9Foppe_Schut-300x190.jpg 300w, https:\/\/www.ludwig-van.com\/montreal\/wp-content\/uploads\/sites\/3\/2024\/07\/FBO_Pressefoto_2_\u00a9Foppe_Schut-1024x648.jpg 1024w, https:\/\/www.ludwig-van.com\/montreal\/wp-content\/uploads\/sites\/3\/2024\/07\/FBO_Pressefoto_2_\u00a9Foppe_Schut-768x486.jpg 768w\" sizes=\"(max-width: 1200px) 100vw, 1200px\" \/><figcaption id=\"caption-attachment-82628\" class=\"wp-caption-text\">Freibuger Barockorchester (Photo : Foppe Schut)<\/figcaption><\/figure>\n<h3>Bach et Purcell au Festival de Lanaudi\u00e8re<\/h3>\n<p>Le concert de musique de chambre \u00ab\u00a0Une soir\u00e9e \u00e0 Vienne\u00a0\u00bb du <strong>Festival de Lanaudi\u00e8re<\/strong> le 11 juillet affiche complet, mais qu&rsquo;\u00e0 cela ne tienne : \u00e0 partir de vendredi, c&rsquo;est une fin de semaine de musique baroque qui est propos\u00e9e aux festivaliers, alors que deux ensembles europ\u00e9ens r\u00e9put\u00e9s monteront sur la sc\u00e8ne de l&rsquo;Amphith\u00e9\u00e2tre Fernand-Lindsay. Le <strong>Freiburger Barockorchester<\/strong> donnera l&rsquo;int\u00e9grale des Concertos brandebourgeois de Bach en deux concerts : les concertos 3, 4, et 6 seront donn\u00e9s vendredi, et l&rsquo;int\u00e9grale sera compl\u00e9t\u00e9e au concert de dimanche apr\u00e8s-midi avec les concertos 1, 2 et 5. Dans chaque cas, diff\u00e9rents concertos de Vivaldi pour diverses combinaisons d&rsquo;instruments compl\u00e9teront le programme.<\/p>\n<p>Le concert du samedi soir entra\u00eenera le public dans un tout autre univers avec <em>The Fairy Queen<\/em> de Purcell. La mise en sc\u00e8ne \u00e9labor\u00e9e par <strong>Mourad Merzouki<\/strong> pour <strong>Les Arts florissants<\/strong> fait interagir chant et danse dans un entrelacement anim\u00e9 et constant.<\/p>\n<p>LE 12 JUILLET, 20 H ET LE 14 JUILLET, 14 H, AMPHITH\u00c9\u00c2TRE FERNAND-LINDSAY <a href=\"https:\/\/lanaudiere.org\/fr\/programme-amphitheatre\/\" target=\"_blank\" rel=\"noopener\">D\u00c9TAILS ET BILLETS<\/a><\/p>\n<p>LE 13 JUILLET, 19 H, AMPHITH\u00c9\u00c2TRE FERNAND-LINDSAY <a href=\"https:\/\/lanaudiere.org\/fr\/programmation\/the-fairy-queen-de-purcell\/\" target=\"_blank\" rel=\"noopener\">D\u00c9TAILS ET BILLETS<\/a><\/p>\n<p>&nbsp;<\/p>\n<figure id=\"attachment_60474\" aria-describedby=\"caption-attachment-60474\" style=\"width: 1140px\" class=\"wp-caption aligncenter\"><img decoding=\"async\" loading=\"lazy\" class=\"size-full wp-image-60474\" src=\"https:\/\/www.ludwig-van.com\/montreal\/wp-content\/uploads\/sites\/3\/2019\/07\/Orford-six-pianos.jpg\" alt=\"Orford Six pianos. (Photo: courtoisie)\" width=\"1140\" height=\"780\" srcset=\"https:\/\/www.ludwig-van.com\/montreal\/wp-content\/uploads\/sites\/3\/2019\/07\/Orford-six-pianos.jpg 1140w, https:\/\/www.ludwig-van.com\/montreal\/wp-content\/uploads\/sites\/3\/2019\/07\/Orford-six-pianos-300x205.jpg 300w, https:\/\/www.ludwig-van.com\/montreal\/wp-content\/uploads\/sites\/3\/2019\/07\/Orford-six-pianos-768x525.jpg 768w, https:\/\/www.ludwig-van.com\/montreal\/wp-content\/uploads\/sites\/3\/2019\/07\/Orford-six-pianos-1024x701.jpg 1024w\" sizes=\"(max-width: 1140px) 100vw, 1140px\" \/><figcaption id=\"caption-attachment-60474\" class=\"wp-caption-text\">Orford Six pianos. (Photo : courtoisie)<\/figcaption><\/figure>\n<h3>De un \u00e0 six pianos \u00e0 Orford Musique<\/h3>\n<p>Additionnellement \u00e0 quatre concerts des \u00e9tudiants de l&rsquo;Acad\u00e9mie, la programmation de cette semaine \u00e0 <strong>Orford musique<\/strong> compte deux soir\u00e9es mettant en vedette le piano. <strong>Martin James Bartlett<\/strong>, laur\u00e9at du tout premier prix Sedang en 2022, pr\u00e9sente un r\u00e9cital le 12 juillet. Il interpr\u00e9tera <em>Le Tombeau de Couperin<\/em> de Ravel, l&rsquo;Arabesque no 1 de Debussy et les <em>Kinderszenen<\/em> de Schumann. Le lendemain, <strong>Orford Six Pianos<\/strong> multiplie le plaisir et s&rsquo;\u00e9lance dans la fr\u00e9n\u00e9sie de la Belle \u00c9poque parisienne avec des transcriptions de <em>L&rsquo;apprenti sorcier<\/em> de Dukas, de <em>La Mer<\/em> de Debussy, de <em>Ma M\u00e8re l&rsquo;Oye<\/em> et de <em>La Valse<\/em> de Ravel, du <em>Tricorne<\/em> de de Falla et du <em>Galop infernal<\/em> d&rsquo;Offenbach.<\/p>\n<p>LE 12 JUILLET, 19 H 30; LE 13 JUILLET, 16 H 30; SALLE GILLES-LEFEBVRE <a href=\"https:\/\/www.orford.mu\/concerts-et-evenements\/\" target=\"_blank\" rel=\"noopener\">D\u00c9TAILS ET BILLETS<\/a><\/p>\n<p>&nbsp;<\/p>\n<figure id=\"attachment_82631\" aria-describedby=\"caption-attachment-82631\" style=\"width: 1200px\" class=\"wp-caption aligncenter\"><img decoding=\"async\" loading=\"lazy\" class=\"size-full wp-image-82631\" src=\"https:\/\/www.ludwig-van.com\/montreal\/wp-content\/uploads\/sites\/3\/2024\/07\/Saint-James-United_choeur_1200.jpg\" alt=\"Le buffet d'orgue de l'\u00e9glise Saint-James United (Photo : courtoisie)\" width=\"1200\" height=\"677\" srcset=\"https:\/\/www.ludwig-van.com\/montreal\/wp-content\/uploads\/sites\/3\/2024\/07\/Saint-James-United_choeur_1200.jpg 1200w, https:\/\/www.ludwig-van.com\/montreal\/wp-content\/uploads\/sites\/3\/2024\/07\/Saint-James-United_choeur_1200-300x169.jpg 300w, https:\/\/www.ludwig-van.com\/montreal\/wp-content\/uploads\/sites\/3\/2024\/07\/Saint-James-United_choeur_1200-1024x578.jpg 1024w, https:\/\/www.ludwig-van.com\/montreal\/wp-content\/uploads\/sites\/3\/2024\/07\/Saint-James-United_choeur_1200-768x433.jpg 768w\" sizes=\"(max-width: 1200px) 100vw, 1200px\" \/><figcaption id=\"caption-attachment-82631\" class=\"wp-caption-text\">Le buffet d&rsquo;orgue de l&rsquo;\u00e9glise Saint-James United (Photo : courtoisie)<\/figcaption><\/figure>\n<h3>Francine Nguyen-Savaria \u00e0 MusOrgue<\/h3>\n<p>Le festival<strong> MusOrgue<\/strong>, ayant pour mission de faire connaitre la musique canadienne et de compositrices f\u00e9minines, se poursuit \u00e0 l&rsquo;\u00e9glise Saint-James United. Cette semaine, c&rsquo;est au tour de l&rsquo;organiste montr\u00e9alaise <strong>Francine Nguyen-Savaria<\/strong> de s&rsquo;asseoir \u00e0 la console. Dipl\u00f4m\u00e9e du Conservatoire de musique de Montr\u00e9al et de la University of Southern California, Nguyen-Savaria a occup\u00e9 des poste en Californie et en Ontario avant de revenir s&rsquo;\u00e9tablir \u00e0 Montr\u00e9al. L&rsquo;entr\u00e9e est gratuite, une contribution volontaire est appr\u00e9ci\u00e9e\u00e9<\/p>\n<p>LE 14 JUILLET, 13 H, \u00c9GLISE SAINT-JAMES UNITED <a href=\"https:\/\/www.quartierdesspectacles.com\/fr\/activite\/37577\/festival-musorgue\" target=\"_blank\" rel=\"noopener\">D\u00c9TAILS<\/a><\/p>\n<div dir=\"auto\">\n<h2><em>Inscrivez-vous \u00e0 notre infolettre! La musique classique et l\u2019op\u00e9ra en 5 minutes, chaque jour<\/em> <a href=\"https:\/\/ludwig-van.us9.list-manage.com\/subscribe?u=4f785cb3f9058f2393ccad035&amp;id=b9b160c032\" target=\"_blank\" rel=\"noopener noreferrer\">ICI.<\/a><\/h2>\n<\/div>\n","protected":false},"excerpt":{"rendered":"<p>Les nouvelles en provenance de l&rsquo;international ont beau \u00eatre remplies d&rsquo;incertitudes et de revirements inattendus, une chose reste constante : il ne manquera jamais de bons concerts pour s&rsquo;\u00e9vader avec les meilleurs artistes d&rsquo;ici et d&rsquo;ailleurs. Dans un parc ou une \u00e9glise proche de chez vous, dans Lanaudi\u00e8re, en Estrie ou dans une autre r\u00e9gion du Qu\u00e9bec, vous trouverez de la musique pour agr\u00e9menter vos soir\u00e9es d&rsquo;\u00e9t\u00e9 gr\u00e2ce \u00e0 nos choix de la r\u00e9daction.<\/p>\n","protected":false},"author":55,"featured_media":82632,"comment_status":"open","ping_status":"open","sticky":false,"template":"","format":"standard","meta":{"om_disable_all_campaigns":false,"jetpack_post_was_ever_published":false},"categories":[42107,10994],"tags":[42106,15897,42205,2521,24269],"yst_prominent_words":[9878,9863,26052,9877,23936,24231,23790,23792,21749],"acf":[],"jetpack_featured_media_url":"https:\/\/www.ludwig-van.com\/montreal\/wp-content\/uploads\/sites\/3\/2024\/07\/Copie-de-CONCERTS28.jpg","jetpack_sharing_enabled":true,"jetpack_shortlink":"https:\/\/wp.me\/p9bdYt-luE","amp_enabled":true,"_links":{"self":[{"href":"https:\/\/www.ludwig-van.com\/montreal\/wp-json\/wp\/v2\/posts\/82624"}],"collection":[{"href":"https:\/\/www.ludwig-van.com\/montreal\/wp-json\/wp\/v2\/posts"}],"about":[{"href":"https:\/\/www.ludwig-van.com\/montreal\/wp-json\/wp\/v2\/types\/post"}],"author":[{"embeddable":true,"href":"https:\/\/www.ludwig-van.com\/montreal\/wp-json\/wp\/v2\/users\/55"}],"replies":[{"embeddable":true,"href":"https:\/\/www.ludwig-van.com\/montreal\/wp-json\/wp\/v2\/comments?post=82624"}],"version-history":[{"count":1,"href":"https:\/\/www.ludwig-van.com\/montreal\/wp-json\/wp\/v2\/posts\/82624\/revisions"}],"predecessor-version":[{"id":82633,"href":"https:\/\/www.ludwig-van.com\/montreal\/wp-json\/wp\/v2\/posts\/82624\/revisions\/82633"}],"wp:featuredmedia":[{"embeddable":true,"href":"https:\/\/www.ludwig-van.com\/montreal\/wp-json\/wp\/v2\/media\/82632"}],"wp:attachment":[{"href":"https:\/\/www.ludwig-van.com\/montreal\/wp-json\/wp\/v2\/media?parent=82624"}],"wp:term":[{"taxonomy":"category","embeddable":true,"href":"https:\/\/www.ludwig-van.com\/montreal\/wp-json\/wp\/v2\/categories?post=82624"},{"taxonomy":"post_tag","embeddable":true,"href":"https:\/\/www.ludwig-van.com\/montreal\/wp-json\/wp\/v2\/tags?post=82624"},{"taxonomy":"yst_prominent_words","embeddable":true,"href":"https:\/\/www.ludwig-van.com\/montreal\/wp-json\/wp\/v2\/yst_prominent_words?post=82624"}],"curies":[{"name":"wp","href":"https:\/\/api.w.org\/{rel}","templated":true}]}}