{"id":82556,"date":"2024-07-02T16:31:45","date_gmt":"2024-07-02T20:31:45","guid":{"rendered":"https:\/\/www.ludwig-van.com\/montreal\/?p=82556"},"modified":"2024-07-04T14:00:02","modified_gmt":"2024-07-04T18:00:02","slug":"choix-de-la-redaction-levasion-portee-doreille","status":"publish","type":"post","link":"https:\/\/www.ludwig-van.com\/montreal\/2024\/07\/02\/choix-de-la-redaction-levasion-portee-doreille\/","title":{"rendered":"CHOIX DE LA R\u00c9DACTION | L&rsquo;\u00e9vasion \u00e0 port\u00e9e d&rsquo;oreille"},"content":{"rendered":"<div class=\"lead\">\n<figure id=\"attachment_82559\" aria-describedby=\"caption-attachment-82559\" style=\"width: 1200px\" class=\"wp-caption aligncenter\"><img decoding=\"async\" loading=\"lazy\" class=\"size-full wp-image-82559\" src=\"https:\/\/www.ludwig-van.com\/montreal\/wp-content\/uploads\/sites\/3\/2024\/07\/Copie-de-CONCERTS26.jpg\" alt=\"Elvira Misbakhova (Photo : Am\u00e9lie Fortin); Les Violons du Roy; l'ensemble Tapestry\" width=\"1200\" height=\"628\" srcset=\"https:\/\/www.ludwig-van.com\/montreal\/wp-content\/uploads\/sites\/3\/2024\/07\/Copie-de-CONCERTS26.jpg 1200w, https:\/\/www.ludwig-van.com\/montreal\/wp-content\/uploads\/sites\/3\/2024\/07\/Copie-de-CONCERTS26-300x157.jpg 300w, https:\/\/www.ludwig-van.com\/montreal\/wp-content\/uploads\/sites\/3\/2024\/07\/Copie-de-CONCERTS26-1024x536.jpg 1024w, https:\/\/www.ludwig-van.com\/montreal\/wp-content\/uploads\/sites\/3\/2024\/07\/Copie-de-CONCERTS26-768x402.jpg 768w\" sizes=\"(max-width: 1200px) 100vw, 1200px\" \/><figcaption id=\"caption-attachment-82559\" class=\"wp-caption-text\">Elvira Misbakhova (Photo : Am\u00e9lie Fortin); Les Violons du Roy; l&rsquo;ensemble Tapestry<\/figcaption><\/figure>\n<p><span style=\"color: #808080\"><em><strong>Que ce soit pour un concert dans un parc ou pour un s\u00e9jour champ\u00eatre dans un de nos magnifiques festivals, plus que jamais, la musique invite au voyage et au d\u00e9paysement &#8211; en imagination et en vrai.<\/strong><\/em><\/span><\/p>\n<h3>Burning BRASs Band<\/h3>\n<p>Les Concerts Campbell, qui animent les parcs montr\u00e9alais au cours de l&rsquo;\u00e9t\u00e9, pr\u00e9sentent la fanfare compos\u00e9e exclusivement d\u2019une dizaine de femmes et de personnes de la diversit\u00e9 de genre <strong>Burning<\/strong> <strong>BRASs Band<\/strong> le 3 juillet au parc Saint-Pierre-Claver. Le groupe pr\u00e9sente des arrangements de chansons populaires aux couleurs d\u2019un funk festif compl\u00e8tement exaltant.<\/p>\n<p>LE 3 JUILLET, 19 H, PARC SAINT-PIERRE-CLAVER <a href=\"https:\/\/montreal.ca\/evenements\/burning-brass-band-72087\" target=\"_blank\" rel=\"noopener\">D\u00c9TAILS<\/a><\/p>\n<p>&nbsp;<\/p>\n<\/div>\n<h3>Str\u00e9liski : N\u00e9o-Romance orchestrale<\/h3>\n<p>La repr\u00e9sentation du 2 juillet est compl\u00e8te, mais il reste quelques places pour le concert d&rsquo;<strong>Alexandra Str\u00e9liski<\/strong> le 3 juillet. La c\u00e9l\u00e9br\u00e9e pianiste et compositrice, <a href=\"https:\/\/www.ludwig-van.com\/montreal\/2024\/06\/27\/nouvelle-liu-nezet-seguin-et-streliski-laureat%C2%B7e%C2%B7s-de-prix-opus-klassik-en-allemagne\/\" target=\"_blank\" rel=\"noopener\">r\u00e9cemment d\u00e9cor\u00e9e d&rsquo;un prix OPUS KLASSIK<\/a>, sera entour\u00e9e de 18 instrumentistes pour ce spectacle acoustique revisitant des pi\u00e8ces de ses trois albums (<em>Pianoscope<\/em>, <em>Inscape <\/em>et <em>N\u00e9o-Romance<\/em>).<\/p>\n<p>LE 3 JUILLET, 19 H, MAISON SYMPHONIQUE <a href=\"https:\/\/placedesarts.com\/fr\/evenement\/alexandra-streliski-1\" target=\"_blank\" rel=\"noopener\">D\u00c9TAILS ET BILLETS<\/a><\/p>\n<p>&nbsp;<\/p>\n<figure id=\"attachment_60955\" aria-describedby=\"caption-attachment-60955\" style=\"width: 1024px\" class=\"wp-caption aligncenter\"><img decoding=\"async\" loading=\"lazy\" class=\"size-full wp-image-60955\" src=\"https:\/\/www.ludwig-van.com\/montreal\/wp-content\/uploads\/sites\/3\/2017\/09\/1er-dec-Elvira-Misbakhova-cre\u0301dit-Ame\u0301lie-Fortin.jpg\" alt=\"Elvira Misbakhova\" width=\"1024\" height=\"731\" srcset=\"https:\/\/www.ludwig-van.com\/montreal\/wp-content\/uploads\/sites\/3\/2017\/09\/1er-dec-Elvira-Misbakhova-cre\u0301dit-Ame\u0301lie-Fortin.jpg 1024w, https:\/\/www.ludwig-van.com\/montreal\/wp-content\/uploads\/sites\/3\/2017\/09\/1er-dec-Elvira-Misbakhova-cre\u0301dit-Ame\u0301lie-Fortin-300x214.jpg 300w, https:\/\/www.ludwig-van.com\/montreal\/wp-content\/uploads\/sites\/3\/2017\/09\/1er-dec-Elvira-Misbakhova-cre\u0301dit-Ame\u0301lie-Fortin-768x548.jpg 768w\" sizes=\"(max-width: 1024px) 100vw, 1024px\" \/><figcaption id=\"caption-attachment-60955\" class=\"wp-caption-text\">Elvira Misbakhova (Photo : Am\u00e9lie Fortin)<\/figcaption><\/figure>\n<h3>L&rsquo;alto d&rsquo;Elvira Misbakhova \u00e0 Sainte-P\u00e9tronille<\/h3>\n<p>L&rsquo;altiste solo de l&rsquo;<strong>Orchestre M\u00e9tropolitain<\/strong> <strong>Elvira Misbakhova<\/strong> et la pianiste consacr\u00e9e \u00ab\u00a0D\u00e9couverte de l&rsquo;ann\u00e9e\u00a0\u00bb aux derniers prix Opus <strong>Meagan Milatz<\/strong> interpr\u00e9teront dans la charmante \u00e9glise Sainte-P\u00e9tronille un floril\u00e8ge de compositions pour alto et piano, dont la Sonate en r\u00e9 mineur de Glinka, l&rsquo;\u00e9mouvant <em>Lachrymae<\/em> de Britten et le lyrique <em>Kol Nidrei<\/em> de Bruch.<\/p>\n<p>LE 4 JUILLET, 19 H 30, \u00c9GLISE SAINTE-P\u00c9TRONILLE <a href=\"https:\/\/lepointdevente.com\/billets\/nil240815001\" target=\"_blank\" rel=\"noopener\">D\u00c9TAILS ET BILLETS<\/a><\/p>\n<p>&nbsp;<\/p>\n<figure id=\"attachment_82557\" aria-describedby=\"caption-attachment-82557\" style=\"width: 1154px\" class=\"wp-caption aligncenter\"><img decoding=\"async\" loading=\"lazy\" class=\"size-full wp-image-82557\" src=\"https:\/\/www.ludwig-van.com\/montreal\/wp-content\/uploads\/sites\/3\/2024\/07\/Screenshot-2024-07-02-at-15-37-57-Les-divas-dAfrique-Mis-Blandine-Maria-Siga-et-Vivi-Makado-Ville-de-Montreal.png\" alt=\"Les divas d'Afrique au Th\u00e9\u00e2tre de Verdure : Mis Blandine, Maria Siga et Vivi Makado (Photo : courtoisie site web de la Ville de Montr\u00e9al)\" width=\"1154\" height=\"455\" srcset=\"https:\/\/www.ludwig-van.com\/montreal\/wp-content\/uploads\/sites\/3\/2024\/07\/Screenshot-2024-07-02-at-15-37-57-Les-divas-dAfrique-Mis-Blandine-Maria-Siga-et-Vivi-Makado-Ville-de-Montreal.png 1154w, https:\/\/www.ludwig-van.com\/montreal\/wp-content\/uploads\/sites\/3\/2024\/07\/Screenshot-2024-07-02-at-15-37-57-Les-divas-dAfrique-Mis-Blandine-Maria-Siga-et-Vivi-Makado-Ville-de-Montreal-300x118.png 300w, https:\/\/www.ludwig-van.com\/montreal\/wp-content\/uploads\/sites\/3\/2024\/07\/Screenshot-2024-07-02-at-15-37-57-Les-divas-dAfrique-Mis-Blandine-Maria-Siga-et-Vivi-Makado-Ville-de-Montreal-1024x404.png 1024w, https:\/\/www.ludwig-van.com\/montreal\/wp-content\/uploads\/sites\/3\/2024\/07\/Screenshot-2024-07-02-at-15-37-57-Les-divas-dAfrique-Mis-Blandine-Maria-Siga-et-Vivi-Makado-Ville-de-Montreal-768x303.png 768w\" sizes=\"(max-width: 1154px) 100vw, 1154px\" \/><figcaption id=\"caption-attachment-82557\" class=\"wp-caption-text\">Les divas d&rsquo;Afrique au Th\u00e9\u00e2tre de Verdure : Mis Blandine, Maria Siga et Vivi Makado (Photo : courtoisie site web de la Ville de Montr\u00e9al)<\/figcaption><\/figure>\n<h3>Les divas d&rsquo;Afrique au Th\u00e9\u00e2tre de Verdure<\/h3>\n<p>Rien de mieux que les sonorit\u00e9s de diff\u00e9rents pays d&rsquo;Afrique pour agr\u00e9menter une soir\u00e9e d&rsquo;\u00e9t\u00e9. <strong>Mis Blandine<\/strong> (R\u00e9publique d\u00e9mocratique du Congo), <strong>Maria Siga<\/strong> (S\u00e9n\u00e9gal) et <strong>Vivi Makado<\/strong> (C\u00f4te d\u2019Ivoire) feront voyager le public sur des sonorit\u00e9s d\u2019Afrobeat, de jazz, de blues et d\u2019Afro fusion.<\/p>\n<p>LE 5 JUILLET, 20 H 30, TH\u00c9\u00c2TRE DE VERDURE <a href=\"https:\/\/montreal.ca\/evenements\/les-divas-dafrique-mis-blandine-maria-siga-et-vivi-makado-69742\" target=\"_blank\" rel=\"noopener\">D\u00c9TAILS<\/a><\/p>\n<p>&nbsp;<\/p>\n<figure id=\"attachment_76544\" aria-describedby=\"caption-attachment-76544\" style=\"width: 1100px\" class=\"wp-caption aligncenter\"><img decoding=\"async\" loading=\"lazy\" class=\"size-full wp-image-76544\" src=\"https:\/\/www.ludwig-van.com\/montreal\/wp-content\/uploads\/sites\/3\/2023\/06\/les-violons-du-roy-2023_24juin.jpg\" alt=\"\" width=\"1100\" height=\"650\" \/><figcaption id=\"caption-attachment-76544\" class=\"wp-caption-text\">Les Violons du Roy<\/figcaption><\/figure>\n<h3>Orford musique<\/h3>\n<p><strong>Orford musique<\/strong> peut se r\u00e9jouir d&rsquo;afficher complet pour son concert d&rsquo;ouverture pr\u00e9sent\u00e9 le 5 juillet et mettant en vedette le pianiste <strong>Alain Lef\u00e8vre<\/strong>. Il reste heureusement d&rsquo;excellentes occasions pour les m\u00e9lomanes aspirant \u00e0 une sortie musicale en Estrie de se g\u00e2ter, dont le concert <em>\u00c9poque fran\u00e7aise<\/em> concoct\u00e9 par <strong>Les Violons du Roy<\/strong> et <strong>Thomas Le Duc-Moreau<\/strong> le 6 juillet. La toujours excellente fl\u00fbtiste <strong>Ariane Brisson<\/strong> s&rsquo;y fera entendre comme soliste.<\/p>\n<p>LE 6 JUILLET, 16 H 30, ORFORD MUSIQUE <a href=\"https:\/\/www.orford.mu\/concerts-et-evenements\/vdr-epoque-francaise\/\" target=\"_blank\" rel=\"noopener\">D\u00c9TAILS ET BILLETS<\/a><\/p>\n<p>&nbsp;<\/p>\n<figure id=\"attachment_71020\" aria-describedby=\"caption-attachment-71020\" style=\"width: 1789px\" class=\"wp-caption aligncenter\"><img decoding=\"async\" loading=\"lazy\" class=\"size-full wp-image-71020\" src=\"https:\/\/www.ludwig-van.com\/montreal\/wp-content\/uploads\/sites\/3\/2022\/05\/agora.jpg\" alt=\"L'Orchestre de l'Agora et son chef Nicolas Ellis. (Photo : courtoisie)\" width=\"1789\" height=\"747\" \/><figcaption id=\"caption-attachment-71020\" class=\"wp-caption-text\">L&rsquo;Orchestre de l&rsquo;Agora et son chef Nicolas Ellis. (Photo : courtoisie)<\/figcaption><\/figure>\n<h3>Ouverture du Festival de Lanaudi\u00e8re<\/h3>\n<p>C&rsquo;est cette fin de semaine-ci que d\u00e9bute le <strong>Festival de Lanaudi\u00e8re<\/strong> avec deux concerts \u00e0 l&rsquo;Amphith\u00e9\u00e2tre Fernand-Lindsay. Samedi, l&rsquo;<strong>Orchestre de l&rsquo;Agora<\/strong> et <strong>Nicolas Ellis<\/strong> nous font voyager \u00e0 travers notre syst\u00e8me solaire, guid\u00e9s par l&rsquo;ing\u00e9nieure en a\u00e9rospatiale <strong>Farah Alibay<\/strong>. Les ex\u00e9cutions des \u0153uvres <em>Orion <\/em>de Claude Vivier et <em>Les plan\u00e8tes<\/em> de Holst seront accompagn\u00e9es de photos de la NASA et des archives personnelles d&rsquo;Alibay. Dimanche, <strong>Bernard Labadie<\/strong> sera de retour \u00e0 la t\u00eate de son orchestre <strong>Les Violons du Roy<\/strong> pour un concert tout Mozart. Le violoniste <strong>Kerson Leong<\/strong> sera le soliste dans le Concerto n<sup>o<\/sup> 5 pour violon, qui sera encadr\u00e9 de <em>Eine kleine Nachtmusik<\/em> en entr\u00e9e et de la Symphonie n<sup>o<\/sup> 40 en deuxi\u00e8me partie.<\/p>\n<p>LE 6 JUILLET, 19 H ET LE 7 JUILLET, 14 H, AMPHITH\u00c9\u00c2TRE FERNAND-LINDSAY <a href=\"https:\/\/lanaudiere.org\/fr\/programme-amphitheatre\/\" target=\"_blank\" rel=\"noopener\">D\u00c9TAILS ET BILLETS<\/a><\/p>\n<p>&nbsp;<\/p>\n<figure id=\"attachment_82558\" aria-describedby=\"caption-attachment-82558\" style=\"width: 1120px\" class=\"wp-caption aligncenter\"><img decoding=\"async\" loading=\"lazy\" class=\"size-full wp-image-82558\" src=\"https:\/\/www.ludwig-van.com\/montreal\/wp-content\/uploads\/sites\/3\/2024\/07\/Tapestry.jpg\" alt=\"\" width=\"1120\" height=\"630\" srcset=\"https:\/\/www.ludwig-van.com\/montreal\/wp-content\/uploads\/sites\/3\/2024\/07\/Tapestry.jpg 1120w, https:\/\/www.ludwig-van.com\/montreal\/wp-content\/uploads\/sites\/3\/2024\/07\/Tapestry-300x169.jpg 300w, https:\/\/www.ludwig-van.com\/montreal\/wp-content\/uploads\/sites\/3\/2024\/07\/Tapestry-1024x576.jpg 1024w, https:\/\/www.ludwig-van.com\/montreal\/wp-content\/uploads\/sites\/3\/2024\/07\/Tapestry-768x432.jpg 768w\" sizes=\"(max-width: 1120px) 100vw, 1120px\" \/><figcaption id=\"caption-attachment-82558\" class=\"wp-caption-text\">Tapestry (Photo : courtoisie)<\/figcaption><\/figure>\n<h3>Musique et brunch sur le bord du lac<\/h3>\n<p>L&rsquo;ensemble Tapestry est l&rsquo;invit\u00e9 du brunch musical \u00e0 Cammac, sur le bord du lac MacDonald, dimanche prochain. Cet ensemble, dont les m\u00e9dias vantent la beaut\u00e9 du son, cr\u00e9e un riche m\u00e9tissage d&rsquo;impressionnisme et de musique folklorique. Faur\u00e9, Frank et Chaminade sont repr\u00e9sent\u00e9s, ainsi que des airs de danse, du Django Reinhardt, du \u00c9dith Piaf et bien d&rsquo;autres. Formules concert seul ou concert et brunch disponibles.<\/p>\n<p>LE 7 JUILLET, 11 H, CAMMAC <a href=\"https:\/\/prod5.agileticketing.net\/websales\/pages\/info.aspx?evtinfo=397873~88c333e8-fb2f-4b88-bbc5-cb635f4b79ff&amp;epguid=5e18c54a-bc09-4d40-8fcb-cebf2fffabd3&amp;\" target=\"_blank\" rel=\"noopener\">D\u00c9TAILS ET BILLETS<\/a><\/p>\n<div dir=\"auto\">\n<h2><em>Inscrivez-vous \u00e0 notre infolettre! La musique classique et l\u2019op\u00e9ra en 5 minutes, chaque jour<\/em> <a href=\"https:\/\/ludwig-van.us9.list-manage.com\/subscribe?u=4f785cb3f9058f2393ccad035&amp;id=b9b160c032\" target=\"_blank\" rel=\"noopener noreferrer\">ICI.<\/a><\/h2>\n<\/div>\n","protected":false},"excerpt":{"rendered":"<p>Que ce soit pour un concert dans un parc ou pour un s\u00e9jour champ\u00eatre dans un de nos magnifiques festivals, plus que jamais, la musique invite au voyage et au d\u00e9paysement &#8211; en imagination et en vrai.<\/p>\n","protected":false},"author":55,"featured_media":82559,"comment_status":"open","ping_status":"open","sticky":false,"template":"","format":"standard","meta":{"om_disable_all_campaigns":false,"jetpack_post_was_ever_published":false},"categories":[42107,10994],"tags":[42106,35988,15897,42240,24269],"yst_prominent_words":[9878,38564,26052,14483,15886,24231,23790,9974],"acf":[],"jetpack_featured_media_url":"https:\/\/www.ludwig-van.com\/montreal\/wp-content\/uploads\/sites\/3\/2024\/07\/Copie-de-CONCERTS26.jpg","jetpack_sharing_enabled":true,"jetpack_shortlink":"https:\/\/wp.me\/p9bdYt-lty","amp_enabled":true,"_links":{"self":[{"href":"https:\/\/www.ludwig-van.com\/montreal\/wp-json\/wp\/v2\/posts\/82556"}],"collection":[{"href":"https:\/\/www.ludwig-van.com\/montreal\/wp-json\/wp\/v2\/posts"}],"about":[{"href":"https:\/\/www.ludwig-van.com\/montreal\/wp-json\/wp\/v2\/types\/post"}],"author":[{"embeddable":true,"href":"https:\/\/www.ludwig-van.com\/montreal\/wp-json\/wp\/v2\/users\/55"}],"replies":[{"embeddable":true,"href":"https:\/\/www.ludwig-van.com\/montreal\/wp-json\/wp\/v2\/comments?post=82556"}],"version-history":[{"count":18,"href":"https:\/\/www.ludwig-van.com\/montreal\/wp-json\/wp\/v2\/posts\/82556\/revisions"}],"predecessor-version":[{"id":82579,"href":"https:\/\/www.ludwig-van.com\/montreal\/wp-json\/wp\/v2\/posts\/82556\/revisions\/82579"}],"wp:featuredmedia":[{"embeddable":true,"href":"https:\/\/www.ludwig-van.com\/montreal\/wp-json\/wp\/v2\/media\/82559"}],"wp:attachment":[{"href":"https:\/\/www.ludwig-van.com\/montreal\/wp-json\/wp\/v2\/media?parent=82556"}],"wp:term":[{"taxonomy":"category","embeddable":true,"href":"https:\/\/www.ludwig-van.com\/montreal\/wp-json\/wp\/v2\/categories?post=82556"},{"taxonomy":"post_tag","embeddable":true,"href":"https:\/\/www.ludwig-van.com\/montreal\/wp-json\/wp\/v2\/tags?post=82556"},{"taxonomy":"yst_prominent_words","embeddable":true,"href":"https:\/\/www.ludwig-van.com\/montreal\/wp-json\/wp\/v2\/yst_prominent_words?post=82556"}],"curies":[{"name":"wp","href":"https:\/\/api.w.org\/{rel}","templated":true}]}}