{"id":82293,"date":"2024-06-17T15:41:47","date_gmt":"2024-06-17T19:41:47","guid":{"rendered":"https:\/\/www.ludwig-van.com\/montreal\/?p=82293"},"modified":"2024-06-17T15:41:47","modified_gmt":"2024-06-17T19:41:47","slug":"choix-de-la-redaction-hommage-joseph-rouleau-james-ehnes-au-fmcm-et-galileo-lecole-de-mendelssohn","status":"publish","type":"post","link":"https:\/\/www.ludwig-van.com\/montreal\/2024\/06\/17\/choix-de-la-redaction-hommage-joseph-rouleau-james-ehnes-au-fmcm-et-galileo-lecole-de-mendelssohn\/","title":{"rendered":"CHOIX DE LA R\u00c9DACTION | Hommage \u00e0 Joseph Rouleau, James Ehnes au FMCM et Galileo \u00e0 l&rsquo;\u00e9cole de Mendelssohn"},"content":{"rendered":"<figure id=\"attachment_82299\" aria-describedby=\"caption-attachment-82299\" style=\"width: 1200px\" class=\"wp-caption aligncenter\"><img decoding=\"async\" loading=\"lazy\" class=\"size-full wp-image-82299\" src=\"https:\/\/www.ludwig-van.com\/montreal\/wp-content\/uploads\/sites\/3\/2024\/06\/Copie-de-CONCERTS23.jpg\" alt=\"James Ehnes (Photo : Ben Ealovega); Aline Kutan, Mireille Lebel, \u00c9ric Laporte et Philippe Sly (Photos : courtoisie OCM); Daniel Constantineau chef de Galileo (Photo : Dan Bouguerra)\" width=\"1200\" height=\"628\" srcset=\"https:\/\/www.ludwig-van.com\/montreal\/wp-content\/uploads\/sites\/3\/2024\/06\/Copie-de-CONCERTS23.jpg 1200w, https:\/\/www.ludwig-van.com\/montreal\/wp-content\/uploads\/sites\/3\/2024\/06\/Copie-de-CONCERTS23-300x157.jpg 300w, https:\/\/www.ludwig-van.com\/montreal\/wp-content\/uploads\/sites\/3\/2024\/06\/Copie-de-CONCERTS23-1024x536.jpg 1024w, https:\/\/www.ludwig-van.com\/montreal\/wp-content\/uploads\/sites\/3\/2024\/06\/Copie-de-CONCERTS23-768x402.jpg 768w\" sizes=\"(max-width: 1200px) 100vw, 1200px\" \/><figcaption id=\"caption-attachment-82299\" class=\"wp-caption-text\">James Ehnes (Photo : Ben Ealovega); Aline Kutan, Mireille Lebel, \u00c9ric Laporte et Philippe Sly (Photos : courtoisie OCM); Daniel Constantineau chef de Galileo (Photo : Dan Bouguerra)<\/figcaption><\/figure>\n<p><span style=\"color: #808080;\"><em><strong>Plusieurs ensembles ont clos leur saison culturelle principale au cours des derniers jours, mais l&rsquo;OCM, Galileo et le Festival de musique de chambre de Montr\u00e9al sont l\u00e0 pour nous offrir une s\u00e9lection de concerts vari\u00e9s : des airs d&rsquo;op\u00e9ra les plus c\u00e9l\u00e8bres aux incontournables de la musique de chambre, voici notre s\u00e9lection de concerts pour la semaine du 17 au 23 juin.<\/strong><\/em><\/span><\/p>\n<p><img decoding=\"async\" loading=\"lazy\" class=\"aligncenter size-full wp-image-82294\" src=\"https:\/\/www.ludwig-van.com\/montreal\/wp-content\/uploads\/sites\/3\/2024\/06\/OCM_Une-vie-a-lopera_JPG-1.jpg\" alt=\"\" width=\"800\" height=\"800\" srcset=\"https:\/\/www.ludwig-van.com\/montreal\/wp-content\/uploads\/sites\/3\/2024\/06\/OCM_Une-vie-a-lopera_JPG-1.jpg 800w, https:\/\/www.ludwig-van.com\/montreal\/wp-content\/uploads\/sites\/3\/2024\/06\/OCM_Une-vie-a-lopera_JPG-1-300x300.jpg 300w, https:\/\/www.ludwig-van.com\/montreal\/wp-content\/uploads\/sites\/3\/2024\/06\/OCM_Une-vie-a-lopera_JPG-1-150x150.jpg 150w, https:\/\/www.ludwig-van.com\/montreal\/wp-content\/uploads\/sites\/3\/2024\/06\/OCM_Une-vie-a-lopera_JPG-1-768x768.jpg 768w\" sizes=\"(max-width: 800px) 100vw, 800px\" \/><\/p>\n<h3>Hommage \u00e0 Joseph Rouleau<\/h3>\n<p>L&rsquo;OCM et le chef Jacques Lacombe soulignent le cinqui\u00e8me anniversaire du d\u00e9c\u00e8s de Joseph Rouleau par un concert hommage constitu\u00e9 de grands airs tir\u00e9s des op\u00e9ras de Mozart, Verdi, Bizet, Delibes, Offenbach et de deux chansons de F\u00e9lix Leclerc. Aline Kutan, Mireille Lebel, \u00c9ric Laporte et Philippe Sly sont les solistes invit\u00e9s, alors qu&rsquo;\u00c9lisabeth St-Gelais offre un r\u00e9cital pr\u00e9-concert en compagnie de Louise Pelletier au piano. Les d\u00e9tenteurs de billets ont \u00e9galement acc\u00e8s \u00e0 Joseph Rouleau : Dernier rappel, une exp\u00e9rience de r\u00e9alit\u00e9 virtuelle d&rsquo;une dur\u00e9e de vingt minutes racontant l&rsquo;histoire de la basse qu\u00e9b\u00e9coise \u00e0 travers ses archives personnelles, ses m\u00e9moires et ses plus grands solos. L\u2019installation sera accessible dans le foyer de la Maison symphonique.<\/p>\n<p>LE 18 JUIN, 19 H 30, R\u00c9CITAL PR\u00c9-CONCERT 18 H 30, MAISON SYMPHONIQUE <a href=\"https:\/\/placedesarts.com\/fr\/evenement\/une-vie-lopera-hommage-joseph-rouleau\" target=\"_blank\" rel=\"noopener\">D\u00c9TAILS ET BILLETS<\/a><\/p>\n<p>&nbsp;<\/p>\n<figure id=\"attachment_57489\" aria-describedby=\"caption-attachment-57489\" style=\"width: 1024px\" class=\"wp-caption aligncenter\"><img decoding=\"async\" loading=\"lazy\" class=\"size-full wp-image-57489\" src=\"https:\/\/www.ludwig-van.com\/montreal\/wp-content\/uploads\/sites\/3\/2018\/11\/OSVHSL-CONSTANTINEAU_Juin2017-1_DanBougerra.jpg\" alt=\"Daniel Constantineau, directeur artistique de Galileo (Photo: courtoisie)\" width=\"1024\" height=\"682\" srcset=\"https:\/\/www.ludwig-van.com\/montreal\/wp-content\/uploads\/sites\/3\/2018\/11\/OSVHSL-CONSTANTINEAU_Juin2017-1_DanBougerra.jpg 1024w, https:\/\/www.ludwig-van.com\/montreal\/wp-content\/uploads\/sites\/3\/2018\/11\/OSVHSL-CONSTANTINEAU_Juin2017-1_DanBougerra-300x200.jpg 300w, https:\/\/www.ludwig-van.com\/montreal\/wp-content\/uploads\/sites\/3\/2018\/11\/OSVHSL-CONSTANTINEAU_Juin2017-1_DanBougerra-768x512.jpg 768w\" sizes=\"(max-width: 1024px) 100vw, 1024px\" \/><figcaption id=\"caption-attachment-57489\" class=\"wp-caption-text\">Daniel Constantineau, directeur artistique de Galileo (Photo : Dan Bougerra)<\/figcaption><\/figure>\n<h3>Galileo joue Mendelssohn<\/h3>\n<p>Le seul ensemble professionnel de musique classique de la Mont\u00e9r\u00e9gie-Ouest pr\u00e9sente un programme centr\u00e9 autour de deux symphonies pour cordes de Mendelssohn le 20 juin. Ces pi\u00e8ces compos\u00e9es par un Mendelssohn encore adolescent forment le pr\u00e9texte id\u00e9al pour inviter l&rsquo;Orchestre symphonique des jeunes de Vaudreuil-Soulanges \u00e0 prendre part au concert. L&rsquo;OSJVS interpr\u00e9tera l&rsquo;Adagio pour cordes de Barber, un arrangement de la Marche nuptiale et le premier mouvement de la Premi\u00e8re symphonie pour cordes de Mendelssohn.<\/p>\n<p>LE 20 JUIN, 19 H 30, \u00c9GLISE SAINTE-JEANNE-DE-CHANTAL DE L&rsquo;\u00ceLE PERROT <a href=\"https:\/\/lepointdevente.com\/billets\/mendelssohnecole\" target=\"_blank\" rel=\"noopener\">D\u00c9TAILS ET BILLETS<\/a><\/p>\n<p>&nbsp;<\/p>\n<figure id=\"attachment_82298\" aria-describedby=\"caption-attachment-82298\" style=\"width: 1200px\" class=\"wp-caption aligncenter\"><img decoding=\"async\" loading=\"lazy\" class=\"size-full wp-image-82298\" src=\"https:\/\/www.ludwig-van.com\/montreal\/wp-content\/uploads\/sites\/3\/2024\/06\/James-Ehnes-28-April-2018-Ben-Ealovega.jpg\" alt=\"Le violoniste James Ehnes participera \u00e0 trois concerts du Festival de musique de chambre de Montr\u00e9al la fin de semaine prochaine. (Photo : Ben Ealovega)\" width=\"1200\" height=\"800\" srcset=\"https:\/\/www.ludwig-van.com\/montreal\/wp-content\/uploads\/sites\/3\/2024\/06\/James-Ehnes-28-April-2018-Ben-Ealovega.jpg 1200w, https:\/\/www.ludwig-van.com\/montreal\/wp-content\/uploads\/sites\/3\/2024\/06\/James-Ehnes-28-April-2018-Ben-Ealovega-300x200.jpg 300w, https:\/\/www.ludwig-van.com\/montreal\/wp-content\/uploads\/sites\/3\/2024\/06\/James-Ehnes-28-April-2018-Ben-Ealovega-1024x683.jpg 1024w, https:\/\/www.ludwig-van.com\/montreal\/wp-content\/uploads\/sites\/3\/2024\/06\/James-Ehnes-28-April-2018-Ben-Ealovega-768x512.jpg 768w\" sizes=\"(max-width: 1200px) 100vw, 1200px\" \/><figcaption id=\"caption-attachment-82298\" class=\"wp-caption-text\">Le violoniste James Ehnes participera \u00e0 trois concerts du Festival de musique de chambre de Montr\u00e9al la fin de semaine prochaine. (Photo : Ben Ealovega)<\/figcaption><\/figure>\n<h3>Festival de musique de chambre de Montr\u00e9al<\/h3>\n<p>Le <strong>Festival de musique de chambre de Montr\u00e9al<\/strong> poursuit sa programmation \u00e0 partir de jeudi prochain jusqu&rsquo;\u00e0 sa conclusion le dimanche 23 juin avec l&rsquo;int\u00e9grale des Concertos brandebourgeois sous la direction du r\u00e9put\u00e9 violoniste <strong>James Ehnes<\/strong>. <strong>Ehnes<\/strong> joue \u00e9galement les deux journ\u00e9es pr\u00e9c\u00e9dentes avec son quatuor \u00e0 cordes : le vendredi 21, le <strong>Ehnes Quartet<\/strong> interpr\u00e8te les quatuors 2 et 3 des trois quatuors compos\u00e9s par Beethoven \u00e0 l&rsquo;intention du Comte Razumovsky. Le premier quatuor ne sera pas n\u00e9glig\u00e9, puisqu&rsquo;il est au programme du concert du lendemain, ainsi que le Quintette pour deux altos, pour lequel <strong>Milena Pajaro-van de Stadt<\/strong> se joindra au <strong>Ehnes Quartet<\/strong>.<\/p>\n<p>LES 21 ET 22 JUIN, 19 H 30, SALLE BOURGIE; LE 23 JUIN, 15 H 30, MAISON SYMPHONIQUE <a href=\"https:\/\/festivalmontreal.org\/fr\/programmation-2024\/\" target=\"_blank\" rel=\"noopener\">D\u00c9TAILS ET BILLETS<\/a><\/p>\n<h2><em>Inscrivez-vous \u00e0 notre infolettre! La musique classique et l\u2019op\u00e9ra en 5 minutes, chaque jour<\/em> \u00a0<a href=\"https:\/\/ludwig-van.us9.list-manage.com\/subscribe?u=4f785cb3f9058f2393ccad035&amp;id=b9b160c032\" target=\"_blank\" rel=\"noopener noreferrer\">ICI\u00a0<\/a><\/h2>\n","protected":false},"excerpt":{"rendered":"<p>Plusieurs ensembles ont clos leur saison culturelle principale au cours des jours \u00e9coul\u00e9s, mais l&rsquo;OCM, Galileo et le Festival de musique de chambre de Montr\u00e9al sont l\u00e0 pour nous offrir une s\u00e9lection de concerts vari\u00e9s : des airs d&rsquo;op\u00e9ra les plus c\u00e9l\u00e8bres aux incontournables de la musique de chambre, voici notre s\u00e9lection de concerts pour la semaine du 17 au 23 juin.<\/p>\n","protected":false},"author":55,"featured_media":82299,"comment_status":"open","ping_status":"open","sticky":false,"template":"","format":"standard","meta":{"om_disable_all_campaigns":false,"jetpack_post_was_ever_published":false},"categories":[42107,10994],"tags":[42106,21189],"yst_prominent_words":[9863,21188,21187,21185,11448,21882,19913,22709,26053,12698,21186],"acf":[],"jetpack_featured_media_url":"https:\/\/www.ludwig-van.com\/montreal\/wp-content\/uploads\/sites\/3\/2024\/06\/Copie-de-CONCERTS23.jpg","jetpack_sharing_enabled":true,"jetpack_shortlink":"https:\/\/wp.me\/p9bdYt-lpj","amp_enabled":true,"_links":{"self":[{"href":"https:\/\/www.ludwig-van.com\/montreal\/wp-json\/wp\/v2\/posts\/82293"}],"collection":[{"href":"https:\/\/www.ludwig-van.com\/montreal\/wp-json\/wp\/v2\/posts"}],"about":[{"href":"https:\/\/www.ludwig-van.com\/montreal\/wp-json\/wp\/v2\/types\/post"}],"author":[{"embeddable":true,"href":"https:\/\/www.ludwig-van.com\/montreal\/wp-json\/wp\/v2\/users\/55"}],"replies":[{"embeddable":true,"href":"https:\/\/www.ludwig-van.com\/montreal\/wp-json\/wp\/v2\/comments?post=82293"}],"version-history":[{"count":1,"href":"https:\/\/www.ludwig-van.com\/montreal\/wp-json\/wp\/v2\/posts\/82293\/revisions"}],"predecessor-version":[{"id":82300,"href":"https:\/\/www.ludwig-van.com\/montreal\/wp-json\/wp\/v2\/posts\/82293\/revisions\/82300"}],"wp:featuredmedia":[{"embeddable":true,"href":"https:\/\/www.ludwig-van.com\/montreal\/wp-json\/wp\/v2\/media\/82299"}],"wp:attachment":[{"href":"https:\/\/www.ludwig-van.com\/montreal\/wp-json\/wp\/v2\/media?parent=82293"}],"wp:term":[{"taxonomy":"category","embeddable":true,"href":"https:\/\/www.ludwig-van.com\/montreal\/wp-json\/wp\/v2\/categories?post=82293"},{"taxonomy":"post_tag","embeddable":true,"href":"https:\/\/www.ludwig-van.com\/montreal\/wp-json\/wp\/v2\/tags?post=82293"},{"taxonomy":"yst_prominent_words","embeddable":true,"href":"https:\/\/www.ludwig-van.com\/montreal\/wp-json\/wp\/v2\/yst_prominent_words?post=82293"}],"curies":[{"name":"wp","href":"https:\/\/api.w.org\/{rel}","templated":true}]}}