{"id":82029,"date":"2024-06-03T15:47:07","date_gmt":"2024-06-03T19:47:07","guid":{"rendered":"https:\/\/www.ludwig-van.com\/montreal\/?p=82029"},"modified":"2024-06-05T14:00:02","modified_gmt":"2024-06-05T18:00:02","slug":"choix-de-la-redaction-creations-grands-succes-releve-et-experience-tout-est-represente-en-cette-semaine-de-concerts","status":"publish","type":"post","link":"https:\/\/www.ludwig-van.com\/montreal\/2024\/06\/03\/choix-de-la-redaction-creations-grands-succes-releve-et-experience-tout-est-represente-en-cette-semaine-de-concerts\/","title":{"rendered":"CHOIX DE LA R\u00c9DACTION | Cr\u00e9ations, grands succ\u00e8s, rel\u00e8ve et exp\u00e9rience : tout est repr\u00e9sent\u00e9 en cette semaine de concerts"},"content":{"rendered":"<figure id=\"attachment_82040\" aria-describedby=\"caption-attachment-82040\" style=\"width: 1200px\" class=\"wp-caption aligncenter\"><img decoding=\"async\" loading=\"lazy\" class=\"size-full wp-image-82040\" src=\"https:\/\/www.ludwig-van.com\/montreal\/wp-content\/uploads\/sites\/3\/2024\/06\/Copie-de-CONCERTS20.jpg\" alt=\"de g. \u00e0 d. : Fran\u00e7ois Dompierre (Photo : courtoisie); Prix d'Europe 2024; Andr\u00e9anne Brisson Paquin et Nicolas Ellis (Photos : courtoisie)\" width=\"1200\" height=\"628\" srcset=\"https:\/\/www.ludwig-van.com\/montreal\/wp-content\/uploads\/sites\/3\/2024\/06\/Copie-de-CONCERTS20.jpg 1200w, https:\/\/www.ludwig-van.com\/montreal\/wp-content\/uploads\/sites\/3\/2024\/06\/Copie-de-CONCERTS20-300x157.jpg 300w, https:\/\/www.ludwig-van.com\/montreal\/wp-content\/uploads\/sites\/3\/2024\/06\/Copie-de-CONCERTS20-1024x536.jpg 1024w, https:\/\/www.ludwig-van.com\/montreal\/wp-content\/uploads\/sites\/3\/2024\/06\/Copie-de-CONCERTS20-768x402.jpg 768w\" sizes=\"(max-width: 1200px) 100vw, 1200px\" \/><figcaption id=\"caption-attachment-82040\" class=\"wp-caption-text\">de g. \u00e0 d. : Fran\u00e7ois Dompierre (Photo : courtoisie); Prix d&rsquo;Europe 2024; Andr\u00e9anne Brisson Paquin et Nicolas Ellis (Photos : courtoisie)<\/figcaption><\/figure>\n<p><span style=\"color: #808080\"><em><strong>Des cr\u00e9ations attendues et des grands succ\u00e8s ind\u00e9modables, des artistes de la rel\u00e8ve et des artistes exp\u00e9riment\u00e9s : on peut dire que la vie musicale qu\u00e9b\u00e9coise cultive ses attaches avec son pass\u00e9, tout en se renouvellant constamment, pour le plus grand bonheur des m\u00e9lomanes.\u00a0<\/strong> <\/em><\/span><\/p>\n<p><img decoding=\"async\" loading=\"lazy\" class=\"aligncenter size-full wp-image-82039\" src=\"https:\/\/www.ludwig-van.com\/montreal\/wp-content\/uploads\/sites\/3\/2024\/06\/Prix-dEurope-2024.jpg\" alt=\"\" width=\"537\" height=\"199\" srcset=\"https:\/\/www.ludwig-van.com\/montreal\/wp-content\/uploads\/sites\/3\/2024\/06\/Prix-dEurope-2024.jpg 537w, https:\/\/www.ludwig-van.com\/montreal\/wp-content\/uploads\/sites\/3\/2024\/06\/Prix-dEurope-2024-300x111.jpg 300w\" sizes=\"(max-width: 537px) 100vw, 537px\" \/><\/p>\n<h3>Prix d&rsquo;Europe 2024<\/h3>\n<p>Les \u00e9preuves du prestigieux et convoit\u00e9 <strong>Prix d&rsquo;Europe<\/strong>, pr\u00e9sent\u00e9 par l&rsquo;<strong>Acad\u00e9mie de musique du Qu\u00e9bec<\/strong>, commencent aujourd&rsquo;hui prochain et se poursuivent tout au long de la semaine au <strong>Conservatoire de musique de Montr\u00e9al<\/strong>. Vingt-six candidats\u00a0participeront aux \u00e9preuves demi-finales dans l&rsquo;espoir de se m\u00e9riter l&rsquo;un des quatorze prix en jeu, dont le premier atteint la somme de 50 000 $, devant servir \u00e0 d\u00e9frayer les co\u00fbts d\u2019\u00e9tude et de perfectionnement \u00e0 l\u2019\u00e9tranger. Cette ann\u00e9e, ce sont sept pianistes, six violonistes, trois violoncellistes, trois fl\u00fbtistes, un altiste, un guitariste, un clarinettiste, un percussionniste ainsi que deux sopranos et une mezzo-soprano que le jury aura la t\u00e2che de d\u00e9partager.<\/p>\n<p>DU 3 AU 8 JUIN, 13 H ET 19 H, CONSERVATOIRE DE MUSIQUE DE MONTR\u00c9AL <a href=\"https:\/\/www.prixdeurope.ca\/\" target=\"_blank\" rel=\"noopener\">D\u00c9TAILS ET BILLETS<\/a><\/p>\n<p>&nbsp;<\/p>\n<figure id=\"attachment_68456\" aria-describedby=\"caption-attachment-68456\" style=\"width: 720px\" class=\"wp-caption aligncenter\"><img decoding=\"async\" loading=\"lazy\" class=\"size-full wp-image-68456\" src=\"https:\/\/www.ludwig-van.com\/montreal\/wp-content\/uploads\/sites\/3\/2021\/10\/Orchestre-baroque-de-Jerusalem.jpg\" alt=\"\" width=\"720\" height=\"361\" \/><figcaption id=\"caption-attachment-68456\" class=\"wp-caption-text\">Orchestre baroque de J\u00e9rusalem (Photo : courtoisie)<\/figcaption><\/figure>\n<p>Le <strong>Jerusalem Baroque Orchestra<\/strong> et son chef <strong>David Shemer<\/strong> sont re\u00e7us au <strong>Festival Classica<\/strong> pour deux concerts. Pour le premier, intitul\u00e9 <em>Musique fran\u00e7aise pour l&rsquo;\u00e9ternit\u00e9<\/em>, l&rsquo;<strong>Ensemble Caprice<\/strong> et <strong>Mathias Maute<\/strong> se joignent \u00e0 l&rsquo;ensemble invit\u00e9 et \u00e0 la soprano <strong>Daniela Skorka<\/strong> pour pr\u00e9senter deux grandes \u0153uvres pour solistes, ch\u0153ur et orchestre de Jean-Joseph Cassan\u00e9a de Mondonville (1711-1772) et une ouverture de Johann Caspar Ferdinand Fischer<span class=\"\"> (1656-1746) portant le titre <em>Le Journal du printemps<\/em>. Le lendemain, le Jerusalem Baroque Orchestra pourra \u00eatre entendu dans des \u0153uvres de Couperin, Cl\u00e9rambault et Jacquet de la Guerre, tandis que l&rsquo;ensemble ArtChoral chantera des \u0153uvres de Joahann Sebastian et Johann Ludwig Bach ainsi que de Carissimi. <\/span><\/p>\n<p>LES 3 ET 4 JUIN, 19 H 30, \u00c9GLISE SAINTE-FAMILLE DE BOUCHERVILLE <a href=\"https:\/\/www.festivalclassica.com\/programmation#Touslesconcerts\" target=\"_blank\" rel=\"noopener\">D\u00c9TAILS ET BILLETS<\/a><\/p>\n<p>&nbsp;<\/p>\n<p><img decoding=\"async\" loading=\"lazy\" class=\"aligncenter size-full wp-image-82036\" src=\"https:\/\/www.ludwig-van.com\/montreal\/wp-content\/uploads\/sites\/3\/2024\/06\/Andreanne-Brisson-Paquin_Nicolas-Ellis_1200.jpg\" alt=\"\" width=\"1200\" height=\"793\" srcset=\"https:\/\/www.ludwig-van.com\/montreal\/wp-content\/uploads\/sites\/3\/2024\/06\/Andreanne-Brisson-Paquin_Nicolas-Ellis_1200.jpg 1200w, https:\/\/www.ludwig-van.com\/montreal\/wp-content\/uploads\/sites\/3\/2024\/06\/Andreanne-Brisson-Paquin_Nicolas-Ellis_1200-300x198.jpg 300w, https:\/\/www.ludwig-van.com\/montreal\/wp-content\/uploads\/sites\/3\/2024\/06\/Andreanne-Brisson-Paquin_Nicolas-Ellis_1200-1024x677.jpg 1024w, https:\/\/www.ludwig-van.com\/montreal\/wp-content\/uploads\/sites\/3\/2024\/06\/Andreanne-Brisson-Paquin_Nicolas-Ellis_1200-768x508.jpg 768w\" sizes=\"(max-width: 1200px) 100vw, 1200px\" \/><\/p>\n<h3>Andr\u00e9anne Brisson Paquin fait ses d\u00e9buts aux Violons du Roy<\/h3>\n<p>La soprano qu\u00e9b\u00e9coise Andr\u00e9anne Brisson Paquin, reconnue pour ses \u00e9blouissantes interpr\u00e9tations, est pour la premi\u00e8re fois l\u2019invit\u00e9e des Violons du Roy. La musique onirique d\u2019Osvaldo Golijov est au c\u0153ur d\u2019un programme irr\u00e9sistible de rythmes et de couleurs qui nous font entrer dans des univers aux teintes populaires et po\u00e9tiques. Les interludes de la compositrice canadienne Claudie Bertounesque unifient ce voyage \u00e0 travers le temps.<\/p>\n<p>LE 6 JUIN, 14 H ET 19 H 30, PALAIS MONTCALM <a href=\"https:\/\/www.violonsduroy.com\/fr\/programmation\/saison-quebec\/2024-06-06_14h_par-une-nuit-de-chevaux-volants-3008\/\" target=\"_blank\" rel=\"noopener\">D\u00c9TAILS ET BILLETS<\/a><\/p>\n<p>LE 7 JUIN, 19 H 30, SALLE BOURGIE <a href=\"https:\/\/www.mbam.qc.ca\/fr\/activites\/violons-du-roy-la-nuit-des-chevaux-volants\/\" target=\"_blank\" rel=\"noopener\">D\u00c9TAILS ET BILLETS<\/a><\/p>\n<p><img decoding=\"async\" loading=\"lazy\" class=\"aligncenter size-full wp-image-79279\" src=\"https:\/\/www.ludwig-van.com\/montreal\/wp-content\/uploads\/sites\/3\/2023\/12\/Kaiser-Atlantis.jpg\" alt=\"\" width=\"1200\" height=\"1600\" srcset=\"https:\/\/www.ludwig-van.com\/montreal\/wp-content\/uploads\/sites\/3\/2023\/12\/Kaiser-Atlantis.jpg 1200w, https:\/\/www.ludwig-van.com\/montreal\/wp-content\/uploads\/sites\/3\/2023\/12\/Kaiser-Atlantis-225x300.jpg 225w, https:\/\/www.ludwig-van.com\/montreal\/wp-content\/uploads\/sites\/3\/2023\/12\/Kaiser-Atlantis-768x1024.jpg 768w, https:\/\/www.ludwig-van.com\/montreal\/wp-content\/uploads\/sites\/3\/2023\/12\/Kaiser-Atlantis-1152x1536.jpg 1152w\" sizes=\"(max-width: 1200px) 100vw, 1200px\" \/><\/p>\n<h3>Der Kaiser von Atlantis, op\u00e9ra ironique et troublant<\/h3>\n<p>Le <strong>Nouvel Op\u00e9ra m\u00e9tropolitain<\/strong>, le nouveau volet lyrique du <strong>Festival Classica<\/strong> qui avait donn\u00e9 vie \u00e0 <a href=\"https:\/\/www.ludwig-van.com\/montreal\/2023\/06\/01\/critique-lhomme-qui-rit-une-oeuvre-qui-mise-sur-lemotion-et-la-voix\/\" target=\"_blank\" rel=\"noopener\"><em>L&rsquo;Homme qui rit<\/em> d&rsquo;<strong>Airat Ichmouratov<\/strong><\/a>, pr\u00e9sente cette semaine <em>Der Kaiser von Atlantis, oder die Tod-Verweigerung<\/em> (<em>L&rsquo;Empereur d&rsquo;Atlantis ou le Refus de la mort<\/em>). Dans cet op\u00e9ra de chambre expressionniste, compos\u00e9 par Viktor Ullmann sur un livret de Petr Kien alors que les deux \u00e9taient prisonniers au camp de Theresienstadt, la Mort refuse d&rsquo;\u00eatre impliqu\u00e9e dans les plans meurtriers d&rsquo;un empereur tyrannique. Ce drame all\u00e9gorique, <span class=\"\"> qui propose une r\u00e9flexion poignante sur la nature de l&rsquo;autorit\u00e9, de la vie et de la mort, sera interpr\u00e9t\u00e9 par sept chanteurs et quinze musiciens. En deuxi\u00e8me partie, la Symphonie de chambre no 1, \u00ab <em>Remember to Forget<\/em> \u00bb, de <strong>Jaap Nico Hamburger<\/strong>, sera jou\u00e9e par l&rsquo;<strong>Ensemble Caprice<\/strong> en pr\u00e9sence du compositeur.<\/span><\/p>\n<p>LE 6 JUIN, 19 H 30, SALLE CLAUDE-CHAMPAGNE <a href=\"https:\/\/festivalclassica.tuxedobillet.com\/main\/der-kaiser-von-atlantis?axeptio_token=xrfvvb292vlccnx9lpqmo\" target=\"_blank\" rel=\"noopener\">D\u00c9TAILS ET BILLETS<\/a><\/p>\n<p>&nbsp;<\/p>\n<p><img decoding=\"async\" loading=\"lazy\" class=\"aligncenter size-full wp-image-82038\" src=\"https:\/\/www.ludwig-van.com\/montreal\/wp-content\/uploads\/sites\/3\/2024\/06\/Abercorn-lyrique-2024.png\" alt=\"\" width=\"1200\" height=\"866\" srcset=\"https:\/\/www.ludwig-van.com\/montreal\/wp-content\/uploads\/sites\/3\/2024\/06\/Abercorn-lyrique-2024.png 1200w, https:\/\/www.ludwig-van.com\/montreal\/wp-content\/uploads\/sites\/3\/2024\/06\/Abercorn-lyrique-2024-300x217.png 300w, https:\/\/www.ludwig-van.com\/montreal\/wp-content\/uploads\/sites\/3\/2024\/06\/Abercorn-lyrique-2024-1024x739.png 1024w, https:\/\/www.ludwig-van.com\/montreal\/wp-content\/uploads\/sites\/3\/2024\/06\/Abercorn-lyrique-2024-768x554.png 768w\" sizes=\"(max-width: 1200px) 100vw, 1200px\" \/><\/p>\n<h3>Abercorn lyrique<\/h3>\n<p>La s\u00e9rie <strong>Abercorn lyrique<\/strong> revient pour une deuxi\u00e8me \u00e9dition en proposant deux concerts \u00e0 l&rsquo;\u00e9glise All Saints d&rsquo;Abercorn. Le vendredi 7 juin, ce sont les voix de <strong>Lucie Martin<\/strong>, <strong>Christianne B\u00e9langer<\/strong> et <strong>Mathew Emerson Dalen<\/strong>, ainsi que<strong> Julien Leblanc<\/strong> au piano, qui proposent une Invitation au voyage gr\u00e2ce \u00e0 des airs c\u00e9l\u00e8bres du XIXe si\u00e8cle \u00e0 West Side Story. Le lendemain, Rose <strong>Naggar-Tremblay,<\/strong> toujours en compagnie de <strong>Julien Leblanc<\/strong>, nous ouvre les portes de son univers gr\u00e2ce \u00e0 des m\u00e9lodies romantiques, des airs d&rsquo;op\u00e9ra et de ses compositions originales.<\/p>\n<p>LES 7 ET 8 JUIN, 19 H 30, CENTRE CULTUREL D&rsquo;ABERCORN POUR D\u00c9TAILS ET BILLETS, \u00c9CRIRE \u00c0 ABERCORNLYRIQUE@HOTMAIL.COM<\/p>\n<h3><img decoding=\"async\" loading=\"lazy\" class=\"aligncenter size-full wp-image-82030\" src=\"https:\/\/www.ludwig-van.com\/montreal\/wp-content\/uploads\/sites\/3\/2024\/06\/Sinfonia_Ludwig_590x300-Concert8juin@2x-1.png\" alt=\"\" width=\"1180\" height=\"600\" srcset=\"https:\/\/www.ludwig-van.com\/montreal\/wp-content\/uploads\/sites\/3\/2024\/06\/Sinfonia_Ludwig_590x300-Concert8juin@2x-1.png 1180w, https:\/\/www.ludwig-van.com\/montreal\/wp-content\/uploads\/sites\/3\/2024\/06\/Sinfonia_Ludwig_590x300-Concert8juin@2x-1-300x153.png 300w, https:\/\/www.ludwig-van.com\/montreal\/wp-content\/uploads\/sites\/3\/2024\/06\/Sinfonia_Ludwig_590x300-Concert8juin@2x-1-1024x521.png 1024w, https:\/\/www.ludwig-van.com\/montreal\/wp-content\/uploads\/sites\/3\/2024\/06\/Sinfonia_Ludwig_590x300-Concert8juin@2x-1-768x391.png 768w\" sizes=\"(max-width: 1180px) 100vw, 1180px\" \/><\/h3>\n<p><strong>Sinfonia de Montr\u00e9al<\/strong> et le <strong>Festival Classica<\/strong> invitent le public \u00e0 d\u00e9couvrir Th\u00e9odore Dubois, compositeur, organiste et p\u00e9dagogue fran\u00e7ais ayant marqu\u00e9 le paysage musical du 19<sup>e<\/sup> si\u00e8cle par des points de vue et positions musicales particuliers. \u00c0 l&rsquo;occasion du 100<sup>e<\/sup> anniversaire de sa disparition, l&rsquo;ensemble Sinfonia de Montr\u00e9al sous la direction de <strong>Louis Lavigueur<\/strong> nous propose trois de ses \u0153uvres majeures : le po\u00e8me symphonique <em>Adonis<\/em>, la Fantaisie pour harpe et orchestre, avec la harpiste<strong> Juliette Duguay <\/strong>et la Symphonie fran\u00e7aise.<\/p>\n<p>LE 8 JUIN, 19 H 30, SALLE CLAUDE-CHAMPAGNE <a href=\"https:\/\/www.zeffy.com\/fr-CA\/ticketing\/e5c5c131-2778-4448-9943-97f34e0c336f\" target=\"_blank\" rel=\"noopener\">D\u00c9TAILS ET BILLETS<\/a><\/p>\n<p>&nbsp;<\/p>\n<figure id=\"attachment_82037\" aria-describedby=\"caption-attachment-82037\" style=\"width: 1200px\" class=\"wp-caption aligncenter\"><img decoding=\"async\" loading=\"lazy\" class=\"size-full wp-image-82037\" src=\"https:\/\/www.ludwig-van.com\/montreal\/wp-content\/uploads\/sites\/3\/2024\/06\/Francois-Dompierre_courtoisie-OPCM.jpg\" alt=\"Fran\u00e7ois Dompierre (Photo : courtoisie OPCM)\" width=\"1200\" height=\"900\" srcset=\"https:\/\/www.ludwig-van.com\/montreal\/wp-content\/uploads\/sites\/3\/2024\/06\/Francois-Dompierre_courtoisie-OPCM.jpg 1200w, https:\/\/www.ludwig-van.com\/montreal\/wp-content\/uploads\/sites\/3\/2024\/06\/Francois-Dompierre_courtoisie-OPCM-300x225.jpg 300w, https:\/\/www.ludwig-van.com\/montreal\/wp-content\/uploads\/sites\/3\/2024\/06\/Francois-Dompierre_courtoisie-OPCM-1024x768.jpg 1024w, https:\/\/www.ludwig-van.com\/montreal\/wp-content\/uploads\/sites\/3\/2024\/06\/Francois-Dompierre_courtoisie-OPCM-768x576.jpg 768w\" sizes=\"(max-width: 1200px) 100vw, 1200px\" \/><figcaption id=\"caption-attachment-82037\" class=\"wp-caption-text\">Fran\u00e7ois Dompierre (Photo : courtoisie OPCM)<\/figcaption><\/figure>\n<h3>Cr\u00e9ation du Requiem de Fran\u00e7ois Dompierre<\/h3>\n<p>L&rsquo;Orchestre philharmonique et le Choeur des m\u00e9lomanes offrira la cr\u00e9ation tr\u00e8s anticip\u00e9e du Requiem de Fran\u00e7ois Dompierre, ces vendredi et samedi \u00e0 la Maison symphonique et le dimanche apr\u00e8s-midi au Palais Montcalm de Qu\u00e9bec. Attention cependant, seule la repr\u00e9sentation de vendredi offre encore de la disponibilit\u00e9! De son Requiem, le compositeur dit : \u00ab\u00a0Lorsqu&rsquo;on commande un requiem \u00e0 un compositeur de 80 ans, cela le porte \u00e0 r\u00e9flexion. L&rsquo;\u00e9ch\u00e9ance prochaine et in\u00e9luctable le contraint \u00e0 un regard en profondeur des textes de cette liturgie singuli\u00e8re. Apr\u00e8s un \u00ab\u00a0Intro\u00eft\u00a0\u00bb dramatique et un \u00ab\u00a0Kyrie\u00a0\u00bb interrogatif, des sentiments contradictoires s&rsquo;encha\u00eeneront : la piti\u00e9, le souvenir, la lib\u00e9ration et, enfin, la joie pour terminer l&rsquo;\u009cuvre avec un \u00ab\u00a0In Paradisum\u00a0\u00bb en forme de fin heureuse.\u00a0\u00bb<\/p>\n<p>LES 7 ET 8 JUIN, 19 H 30, MAISON SYMPHONIQUE <a href=\"https:\/\/placedesarts.com\/fr\/evenement\/requiem-de-faure-et-dompierre\" target=\"_blank\" rel=\"noopener\">D\u00c9TAILS ET BILLETS<\/a><\/p>\n<p>LE 9 JUIN, 14 H, PALAIS MONTCALM <a href=\"https:\/\/www.palaismontcalm.ca\/concert-spectacle-quebec\/requiem-de-faure-et-dompierre\/\" target=\"_blank\" rel=\"noopener\">D\u00c9TAILS ET BILLETS<\/a><\/p>\n<h3><img decoding=\"async\" loading=\"lazy\" class=\"aligncenter size-full wp-image-79272\" src=\"https:\/\/www.ludwig-van.com\/montreal\/wp-content\/uploads\/sites\/3\/2023\/12\/aff-starmania-_lowrez.jpg\" alt=\"\" width=\"1200\" height=\"1600\" srcset=\"https:\/\/www.ludwig-van.com\/montreal\/wp-content\/uploads\/sites\/3\/2023\/12\/aff-starmania-_lowrez.jpg 1200w, https:\/\/www.ludwig-van.com\/montreal\/wp-content\/uploads\/sites\/3\/2023\/12\/aff-starmania-_lowrez-225x300.jpg 225w, https:\/\/www.ludwig-van.com\/montreal\/wp-content\/uploads\/sites\/3\/2023\/12\/aff-starmania-_lowrez-768x1024.jpg 768w, https:\/\/www.ludwig-van.com\/montreal\/wp-content\/uploads\/sites\/3\/2023\/12\/aff-starmania-_lowrez-1152x1536.jpg 1152w\" sizes=\"(max-width: 1200px) 100vw, 1200px\" \/><\/h3>\n<h3>Starmania<\/h3>\n<p>Apr\u00e8s Der Kaiser von Atlantis, le Nouvel Op\u00e9ra m\u00e9tropolitain se tourne vers le grand classique de la com\u00e9die musicale francophone, Starmania. Jacques Lacombe dirigera l&rsquo;Orchestre classique de Montr\u00e9al et les solistes Susanne Taffot, Florence Bourget, Marianne Lambert, Emmanuel Hassler, Hugo Laporte, Mishael Eusebio et Sophie Naubert. Le concert est pr\u00e9sent\u00e9 \u00e0 la Co-cath\u00e9drale Saint-Antoine-de-Padoue de Longueuil.<\/p>\n<p>LE 8 JUIN, 19 H 30, CO-CATH\u00c9DRALE SAINT-ANTOINE-DE-PADOUE <a href=\"https:\/\/www.festivalclassica.com\/starmania\" target=\"_blank\" rel=\"noopener\">D\u00c9TAILS ET BILLETS<\/a><\/p>\n<h2><em>Inscrivez-vous \u00e0 notre infolettre! La musique classique et l\u2019op\u00e9ra en 5 minutes, chaque jour<\/em> <a href=\"https:\/\/ludwig-van.us9.list-manage.com\/subscribe?u=4f785cb3f9058f2393ccad035&amp;id=b9b160c032\" target=\"_blank\" rel=\"noopener noreferrer\">ICI<\/a><\/h2>\n","protected":false},"excerpt":{"rendered":"<p>Des cr\u00e9ations attendues et des grands succ\u00e8s ind\u00e9modables, des artistes de la rel\u00e8ve et des artistes exp\u00e9riment\u00e9s : on peut dire que la vie musicale qu\u00e9b\u00e9coise cultive ses attaches avec son pass\u00e9, tout en se renouvellant constamment, pour le plus grand bonheur des m\u00e9lomanes.<\/p>\n","protected":false},"author":55,"featured_media":82040,"comment_status":"open","ping_status":"open","sticky":false,"template":"","format":"standard","meta":{"om_disable_all_campaigns":false,"jetpack_post_was_ever_published":false},"categories":[42107,10994],"tags":[42106,19920,26196,42087,11137,42233],"yst_prominent_words":[9878,9863,13120,26532,26052,9877,26533,26535,19914,19913,22709,23520],"acf":[],"jetpack_featured_media_url":"https:\/\/www.ludwig-van.com\/montreal\/wp-content\/uploads\/sites\/3\/2024\/06\/Copie-de-CONCERTS20.jpg","jetpack_sharing_enabled":true,"jetpack_shortlink":"https:\/\/wp.me\/p9bdYt-ll3","amp_enabled":true,"_links":{"self":[{"href":"https:\/\/www.ludwig-van.com\/montreal\/wp-json\/wp\/v2\/posts\/82029"}],"collection":[{"href":"https:\/\/www.ludwig-van.com\/montreal\/wp-json\/wp\/v2\/posts"}],"about":[{"href":"https:\/\/www.ludwig-van.com\/montreal\/wp-json\/wp\/v2\/types\/post"}],"author":[{"embeddable":true,"href":"https:\/\/www.ludwig-van.com\/montreal\/wp-json\/wp\/v2\/users\/55"}],"replies":[{"embeddable":true,"href":"https:\/\/www.ludwig-van.com\/montreal\/wp-json\/wp\/v2\/comments?post=82029"}],"version-history":[{"count":20,"href":"https:\/\/www.ludwig-van.com\/montreal\/wp-json\/wp\/v2\/posts\/82029\/revisions"}],"predecessor-version":[{"id":82066,"href":"https:\/\/www.ludwig-van.com\/montreal\/wp-json\/wp\/v2\/posts\/82029\/revisions\/82066"}],"wp:featuredmedia":[{"embeddable":true,"href":"https:\/\/www.ludwig-van.com\/montreal\/wp-json\/wp\/v2\/media\/82040"}],"wp:attachment":[{"href":"https:\/\/www.ludwig-van.com\/montreal\/wp-json\/wp\/v2\/media?parent=82029"}],"wp:term":[{"taxonomy":"category","embeddable":true,"href":"https:\/\/www.ludwig-van.com\/montreal\/wp-json\/wp\/v2\/categories?post=82029"},{"taxonomy":"post_tag","embeddable":true,"href":"https:\/\/www.ludwig-van.com\/montreal\/wp-json\/wp\/v2\/tags?post=82029"},{"taxonomy":"yst_prominent_words","embeddable":true,"href":"https:\/\/www.ludwig-van.com\/montreal\/wp-json\/wp\/v2\/yst_prominent_words?post=82029"}],"curies":[{"name":"wp","href":"https:\/\/api.w.org\/{rel}","templated":true}]}}