{"id":81807,"date":"2024-05-23T16:03:45","date_gmt":"2024-05-23T20:03:45","guid":{"rendered":"https:\/\/www.ludwig-van.com\/montreal\/?p=81807"},"modified":"2024-05-23T16:12:10","modified_gmt":"2024-05-23T20:12:10","slug":"critique-glass-marcano-authentique-etoile-montante-de-la-direction-dorchestre","status":"publish","type":"post","link":"https:\/\/www.ludwig-van.com\/montreal\/2024\/05\/23\/critique-glass-marcano-authentique-etoile-montante-de-la-direction-dorchestre\/","title":{"rendered":"CRITIQUE | Glass Marcano, authentique \u00e9toile montante de la direction d&rsquo;orchestre"},"content":{"rendered":"<figure id=\"attachment_81819\" aria-describedby=\"caption-attachment-81819\" style=\"width: 1200px\" class=\"wp-caption aligncenter\"><img decoding=\"async\" loading=\"lazy\" class=\"size-full wp-image-81819\" src=\"https:\/\/www.ludwig-van.com\/montreal\/wp-content\/uploads\/sites\/3\/2024\/05\/Copie-de-CRITIQUE18.jpg\" alt=\"Le fougueuse Glass Marcano dirigeant l'Orchestre M\u00e9tropolitain. (Photo : Denis Germain\" width=\"1200\" height=\"628\" srcset=\"https:\/\/www.ludwig-van.com\/montreal\/wp-content\/uploads\/sites\/3\/2024\/05\/Copie-de-CRITIQUE18.jpg 1200w, https:\/\/www.ludwig-van.com\/montreal\/wp-content\/uploads\/sites\/3\/2024\/05\/Copie-de-CRITIQUE18-300x157.jpg 300w, https:\/\/www.ludwig-van.com\/montreal\/wp-content\/uploads\/sites\/3\/2024\/05\/Copie-de-CRITIQUE18-1024x536.jpg 1024w, https:\/\/www.ludwig-van.com\/montreal\/wp-content\/uploads\/sites\/3\/2024\/05\/Copie-de-CRITIQUE18-768x402.jpg 768w\" sizes=\"(max-width: 1200px) 100vw, 1200px\" \/><figcaption id=\"caption-attachment-81819\" class=\"wp-caption-text\">Le fougueuse Glass Marcano dirigeant l&rsquo;Orchestre M\u00e9tropolitain. (Photo : Denis Germain)<\/figcaption><\/figure>\n<p>De mercredi \u00e0 samedi dernier, l&rsquo;<strong>Orchestre M\u00e9tropolitain<\/strong> \u00e9tait plac\u00e9 sous la direction de la cheffe en pleine ascension <strong>Glass Marcano<\/strong>, avec qui <a href=\"https:\/\/www.ludwig-van.com\/montreal\/2024\/05\/15\/entrevue-3\/\" target=\"_blank\" rel=\"noopener\">je m&rsquo;\u00e9tais entretenue<\/a> la veille du premier concert. C&rsquo;est lors du concert du vendredi soir \u00e0 la Maison symphonique que j&rsquo;ai pu faire l&rsquo;exp\u00e9rience de cette personnalit\u00e9 forte et vive sur le podium.<\/p>\n<h3>Premi\u00e8re partie<\/h3>\n<p>La premi\u00e8re partie du concert \u00e9tait constitu\u00e9e de trois pi\u00e8ces de compositeurs latino-am\u00e9ricains (Ouverture festive d&rsquo;Orrego-Salas, <em>Janitzio<\/em> de Revueltas et Huapango de Moncayo), du r\u00e9pertoire nettement en-dehors du canon habituel que <strong>Marcano<\/strong> a d\u00fb apprendre sp\u00e9cifiquement pour ce concert et qu&rsquo;elle ne refera pas de si t\u00f4t, \u00e0 moins de les programmer elle-m\u00eame. Personnellement, je trouve que c&rsquo;est une id\u00e9e \u00e9trange que de placer <strong>Marcano<\/strong> dans cette situation, qui n&rsquo;est pas faite pour la mettre en valeur. Pas que je sois contre le fait d&rsquo;\u00e9largir le r\u00e9pertoire ou de mieux faire conna\u00eetre les oeuvres symphoniques d&rsquo;origines autres qu&rsquo;europ\u00e9ennes, au contraire &#8211; mais \u00e7a d\u00e9pend ici quel \u00e9tait l&rsquo;objectif principal du concert. Si c&rsquo;\u00e9tait celui de pr\u00e9senter <strong>Marcano<\/strong> au march\u00e9 nord-am\u00e9ricain et de la faire briller, il aurait mieux valu lui offrir un autre r\u00e9pertoire. Beaucoup de jeunes chef.fe.s ont \u00e0 leur r\u00e9pertoire une ou deux courtes pi\u00e8ces bien ma\u00eetris\u00e9es qu&rsquo;elles programment \u00e0 chaque fois qu&rsquo;elles travaillent avec un nouvel orchestre, sachant que cela les mettra \u00e0 l&rsquo;aise et leur permettra de faire bonne impression. En entrevue et en s&rsquo;adressant au public lors du concert, elle-m\u00eame a fait comprendre qu&rsquo;\u00e0 part peut-\u00eatre pour le huapango, elle ne ressentait pas de lien particulier avec cette musique simplement parce qu&rsquo;elle venait du m\u00eame continent.<\/p>\n<p>Il \u00e9tait \u00e9vident que <strong>Marcano<\/strong> n&rsquo;\u00e9tait pas aussi famili\u00e8re avec les pi\u00e8ces de la premi\u00e8re partie qu&rsquo;avec la symphonie de Tcha\u00efkovski qui allait suivre. Tout en \u00e9tant bien plac\u00e9e et suffisamment efficace, sa direction \u00e9tait principalement sym\u00e9trique dans les deux bras, d\u00e9notant un manque de libert\u00e9 par rapport \u00e0 la musique. Son autorit\u00e9 naturelle ne s&rsquo;en trouvait heureusement pas diminu\u00e9e, mais le r\u00e9sultat \u00e9tait un peu \u00ab\u00a0scolaire\u00a0\u00bb, plut\u00f4t convenu (dans un r\u00e9pertoire qui ne l&rsquo;\u00e9tait pas, l&rsquo;un camouflant l&rsquo;autre pour qui ne s&rsquo;arr\u00eatait qu&rsquo;\u00e0 la nouveaut\u00e9 de la pi\u00e8ce), alors que la deuxi\u00e8me partie allait d\u00e9montrer jusqu&rsquo;o\u00f9 la cheffe est r\u00e9ellement capable de pousser. Heureusement, le Huapango, danse qu&rsquo;elle a souvent dans\u00e9e enfant, lui a permis de commencer \u00e0 prendre ses aises.<\/p>\n<p>&nbsp;<\/p>\n<figure id=\"attachment_81823\" aria-describedby=\"caption-attachment-81823\" style=\"width: 1200px\" class=\"wp-caption aligncenter\"><img decoding=\"async\" loading=\"lazy\" class=\"size-full wp-image-81823\" src=\"https:\/\/www.ludwig-van.com\/montreal\/wp-content\/uploads\/sites\/3\/2024\/05\/Victor-Andres-Trelles-Turgeon-seul_Denis-Germain.jpg\" alt=\"Le r\u00e9citant Victor Andr\u00e9s Trelles Turgeon lors du concert de l'OM \u00e0 la Maison symphonique. (Photo : Denis Germain)\" width=\"1200\" height=\"800\" srcset=\"https:\/\/www.ludwig-van.com\/montreal\/wp-content\/uploads\/sites\/3\/2024\/05\/Victor-Andres-Trelles-Turgeon-seul_Denis-Germain.jpg 1200w, https:\/\/www.ludwig-van.com\/montreal\/wp-content\/uploads\/sites\/3\/2024\/05\/Victor-Andres-Trelles-Turgeon-seul_Denis-Germain-300x200.jpg 300w, https:\/\/www.ludwig-van.com\/montreal\/wp-content\/uploads\/sites\/3\/2024\/05\/Victor-Andres-Trelles-Turgeon-seul_Denis-Germain-1024x683.jpg 1024w, https:\/\/www.ludwig-van.com\/montreal\/wp-content\/uploads\/sites\/3\/2024\/05\/Victor-Andres-Trelles-Turgeon-seul_Denis-Germain-768x512.jpg 768w\" sizes=\"(max-width: 1200px) 100vw, 1200px\" \/><figcaption id=\"caption-attachment-81823\" class=\"wp-caption-text\">Le r\u00e9citant Victor Andr\u00e9s Trelles Turgeon lors du concert de l&rsquo;OM \u00e0 la Maison symphonique. (Photo : Denis Germain)<\/figcaption><\/figure>\n<h3>Po\u00e8mes<\/h3>\n<p>Entre les pi\u00e8ces musicales de la premi\u00e8re partie, le r\u00e9citant <strong>Victor Andr\u00e9s Trelles Turgeon<\/strong> pr\u00eatait sa voix \u00e0 la lecture de po\u00e8mes de trois \u00e9crivaines d&rsquo;origine sud-am\u00e9ricaine immigr\u00e9es au Qu\u00e9bec. Le premier \u00e9tait \u00ab Petite enfance suspendue au Chili \u00bb, extrait du recueil <em>Ce qui est tu<\/em> de Caroline Dawson, dont le d\u00e9c\u00e8s des suites du cancer des os est survenu \u00e0 peine quelques jours plus tard. Venaient ensuite <span class=\"m_1253141478985621709ui-provider\"><em>Je courais apr\u00e8s les nuits<\/em> et <em>Chant au soleil<\/em> d\u2019Yvonne Am\u00e9rica Truque et <em>L\u2019arriv\u00e9e<\/em>, par Flavia Garcia.<\/span><\/p>\n<p><strong>Trelles Turgeon<\/strong> a r\u00e9ussi une lecture sentie de ces po\u00e8mes \u00e0 l&rsquo;atmosph\u00e8re d&rsquo;int\u00e9riorit\u00e9 et d\u00e9licate. Cependant, le choix des po\u00e8mes pourtant tr\u00e8s beaux \u00e9tait \u00e9tonnant lorsque mis en parall\u00e8le avec les pi\u00e8ces festives et par moment presque clinquantes qui les encadraient.<\/p>\n<h3>Quatri\u00e8me symphonie de Tcha\u00efkovski<\/h3>\n<p>D\u00e8s la premi\u00e8re fanfare de cuivres ouvrant la Quatri\u00e8me symphonie de Tcha\u00efkovski, il est \u00e9vident qu&rsquo;on est ici dans un tout autre monde. Le son est d&rsquo;une ampleur majestueuse et m\u00eame chaleureuse, en contraste avec d&rsquo;autres versions favorisant une sonorit\u00e9 plus fortement cuivr\u00e9e. La direction de <strong>Marcano<\/strong> pouvait enfin d\u00e9voiler tout son caract\u00e8re et sa flexibilit\u00e9. Mis \u00e0 part un choix de tempo un peu sage pour le troisi\u00e8me mouvement et des ralentis mal avis\u00e9s quand la musique se calme d\u00e9j\u00e0 par elle-m\u00eame &#8211; un tic d&rsquo;interpr\u00e9tation que <strong>Gustavo Gimeno<\/strong> avait pouss\u00e9 \u00e0 l&rsquo;extr\u00eame dans la Quatri\u00e8me symphonie de Brahms lors du concert du <strong>Toronto Symphony Orchestra <\/strong>il y a quelques semaines -, <strong>Marcano<\/strong> propose une conception m\u00fbrie de la symphonie. Elle avait soulign\u00e9 en entrevue qu&rsquo;il lui importait maintenant de raconter une histoire dans ses interpr\u00e9tations : cela s&rsquo;entendait dans son approche du Tcha\u00efkovski, pas dans le sens o\u00f9 chaque th\u00e8me ou motif \u00e9voquait des images, mais dans le sens o\u00f9 le micro et le macro se combinaient pour construire une structure poss\u00e9dant une rh\u00e9torique inh\u00e9rente.<\/p>\n<p>Les instrumentistes de l&rsquo;<strong>Orchestre M\u00e9tropolitain<\/strong> ont jou\u00e9 avec un enthousiasme manifeste, avides de tout donner pour la cheffe charismatique. Ensemble, ils ont offert au public debout un rappel \u00ab interactif \u00bb, le <span class=\"m_1253141478985621709ui-provider\"><i>Popurri \u00ab\u00a0P\u00e9rez Padro\u00a0\u00bb<\/i>, comportant les pi\u00e8ces <\/span>\u00ab\u00a0Que Rico mambo\u00a0\u00bb, \u00ab\u00a0Ruletero\u00a0\u00bb, \u00ab\u00a0Mambo n<sup>o<\/sup> 5\u00a0\u00bb et \u00ab\u00a0Mambo n<sup>o<\/sup> 8 \u00bb.<\/p>\n<h3><span class=\"m_1253141478985621709ui-provider\">\u00c0 suivre!<br \/>\n<\/span><\/h3>\n<p>On peut d&rsquo;ores et d\u00e9j\u00e0 affirmer que la carri\u00e8re de <strong>Glass Marcano<\/strong> sera plus qu&rsquo;un feu de paille, beaucoup plus qu&rsquo;un ph\u00e9nom\u00e8ne passager sans lendemain. Si j&rsquo;\u00e9tais <strong>Bruno Monsaingeon<\/strong>, je serais d\u00e9j\u00e0 en train de documenter son d\u00e9but de carri\u00e8re. Simplement la fa\u00e7on dont la jeune femme et ses conseillers ont g\u00e9r\u00e9 son parcours suite \u00e0 sa r\u00e9v\u00e9lation au concours La Maestra d\u00e9montre de la vision \u00e0 long terme et un r\u00e9el souci de l&rsquo;outiller de fa\u00e7on solide. Il lui reste du chemin \u00e0 parcourir avant d&rsquo;atteindre son potentiel maximum, et on esp\u00e8re que cette collaboration avec l&rsquo;<strong>OM<\/strong> se poursuivra dans l&rsquo;avenir, nous donnant le plaisir de suivre son progr\u00e8s.<\/p>\n<h2><em>Inscrivez-vous \u00e0 notre infolettre! La musique classique et l\u2019op\u00e9ra en 5 minutes, chaque jour<\/em> <a href=\"https:\/\/ludwig-van.us9.list-manage.com\/subscribe?u=4f785cb3f9058f2393ccad035&amp;id=b9b160c032\" target=\"_blank\" rel=\"noopener noreferrer\">ICI<\/a><\/h2>\n","protected":false},"excerpt":{"rendered":"<p>De mercredi \u00e0 samedi dernier, l&rsquo;Orchestre M\u00e9tropolitain \u00e9tait plac\u00e9 sous la direction de la cheffe en pleine ascension Glass Marcano, avec qui je m&rsquo;\u00e9tais entretenue la veille du premier concert. C&rsquo;est lors du concert du vendredi soir \u00e0 la Maison symphonique que j&rsquo;ai pu faire l&rsquo;exp\u00e9rience de cette personnalit\u00e9 forte et vive sur le podium.<\/p>\n","protected":false},"author":55,"featured_media":81819,"comment_status":"open","ping_status":"open","sticky":false,"template":"","format":"standard","meta":{"om_disable_all_campaigns":false,"jetpack_post_was_ever_published":false},"categories":[42107,52],"tags":[42106,42224,2521],"yst_prominent_words":[40097,9869,11452,24802,40099,40094,40096,40095],"acf":[],"jetpack_featured_media_url":"https:\/\/www.ludwig-van.com\/montreal\/wp-content\/uploads\/sites\/3\/2024\/05\/Copie-de-CRITIQUE18.jpg","jetpack_sharing_enabled":true,"jetpack_shortlink":"https:\/\/wp.me\/p9bdYt-lht","amp_enabled":true,"_links":{"self":[{"href":"https:\/\/www.ludwig-van.com\/montreal\/wp-json\/wp\/v2\/posts\/81807"}],"collection":[{"href":"https:\/\/www.ludwig-van.com\/montreal\/wp-json\/wp\/v2\/posts"}],"about":[{"href":"https:\/\/www.ludwig-van.com\/montreal\/wp-json\/wp\/v2\/types\/post"}],"author":[{"embeddable":true,"href":"https:\/\/www.ludwig-van.com\/montreal\/wp-json\/wp\/v2\/users\/55"}],"replies":[{"embeddable":true,"href":"https:\/\/www.ludwig-van.com\/montreal\/wp-json\/wp\/v2\/comments?post=81807"}],"version-history":[{"count":4,"href":"https:\/\/www.ludwig-van.com\/montreal\/wp-json\/wp\/v2\/posts\/81807\/revisions"}],"predecessor-version":[{"id":81824,"href":"https:\/\/www.ludwig-van.com\/montreal\/wp-json\/wp\/v2\/posts\/81807\/revisions\/81824"}],"wp:featuredmedia":[{"embeddable":true,"href":"https:\/\/www.ludwig-van.com\/montreal\/wp-json\/wp\/v2\/media\/81819"}],"wp:attachment":[{"href":"https:\/\/www.ludwig-van.com\/montreal\/wp-json\/wp\/v2\/media?parent=81807"}],"wp:term":[{"taxonomy":"category","embeddable":true,"href":"https:\/\/www.ludwig-van.com\/montreal\/wp-json\/wp\/v2\/categories?post=81807"},{"taxonomy":"post_tag","embeddable":true,"href":"https:\/\/www.ludwig-van.com\/montreal\/wp-json\/wp\/v2\/tags?post=81807"},{"taxonomy":"yst_prominent_words","embeddable":true,"href":"https:\/\/www.ludwig-van.com\/montreal\/wp-json\/wp\/v2\/yst_prominent_words?post=81807"}],"curies":[{"name":"wp","href":"https:\/\/api.w.org\/{rel}","templated":true}]}}