{"id":81755,"date":"2024-05-21T16:44:38","date_gmt":"2024-05-21T20:44:38","guid":{"rendered":"https:\/\/www.ludwig-van.com\/montreal\/?p=81755"},"modified":"2024-05-21T20:34:24","modified_gmt":"2024-05-22T00:34:24","slug":"choix-de-la-redaction-cest-le-temps-de-trouver-refuge-lair-climatise-des-salles-de-concert","status":"publish","type":"post","link":"https:\/\/www.ludwig-van.com\/montreal\/2024\/05\/21\/choix-de-la-redaction-cest-le-temps-de-trouver-refuge-lair-climatise-des-salles-de-concert\/","title":{"rendered":"CHOIX DE LA R\u00c9DACTION | C&rsquo;est le temps de trouver refuge \u00e0 l&rsquo;air climatis\u00e9 des salles de concert!"},"content":{"rendered":"<p><img decoding=\"async\" loading=\"lazy\" class=\"aligncenter size-full wp-image-81781\" src=\"https:\/\/www.ludwig-van.com\/montreal\/wp-content\/uploads\/sites\/3\/2024\/05\/Copie-de-CONCERTS18.jpg\" alt=\"\" width=\"1200\" height=\"628\" srcset=\"https:\/\/www.ludwig-van.com\/montreal\/wp-content\/uploads\/sites\/3\/2024\/05\/Copie-de-CONCERTS18.jpg 1200w, https:\/\/www.ludwig-van.com\/montreal\/wp-content\/uploads\/sites\/3\/2024\/05\/Copie-de-CONCERTS18-300x157.jpg 300w, https:\/\/www.ludwig-van.com\/montreal\/wp-content\/uploads\/sites\/3\/2024\/05\/Copie-de-CONCERTS18-1024x536.jpg 1024w, https:\/\/www.ludwig-van.com\/montreal\/wp-content\/uploads\/sites\/3\/2024\/05\/Copie-de-CONCERTS18-768x402.jpg 768w\" sizes=\"(max-width: 1200px) 100vw, 1200px\" \/><\/p>\n<p>Les lilas et le muguet embaument encore l&rsquo;air, mais nous voil\u00e0 d\u00e9j\u00e0 assailli.e.s des premi\u00e8res temp\u00e9ratures lourdes et charg\u00e9es&#8230; Pour changer \u00ab\u00a0d&rsquo;air\u00a0\u00bb (dans tous les sens du terme), rien de mieux que de se d\u00e9tendre au concert! Voici quelques choix de sorties pour la semaine.<\/p>\n<h3>Festival Formes &#8211; Ondes<\/h3>\n<p>Les \u00e9tudiant.e.s en composition et en cr\u00e9ation sonore de la Facult\u00e9 de musique de l&rsquo;Universit\u00e9 de Montr\u00e9al convient le public \u00e0 leur premier FESTIVAL FORMES \u2022 ONDES : installations sonores d\u00e9licates, performances audiovisuelles intenses, vid\u00e9omusiques surr\u00e9elles, proc\u00e9d\u00e9s algorithmiques exp\u00e9rimentaux, synth\u00e9tiseurs color\u00e9s, compositions \u00e9lectroacoustiques qui stimulent l&rsquo;imaginaire sont \u00e0 la disposition du public, qui pourra m\u00eame participer \u00e0 l&rsquo;exploration artistique d&rsquo;une friche! Tous les \u00e9v\u00e9nements sont gratuits et ouverts au public.<\/p>\n<p>LES 22 ET 23 MAI, 18 H 45 (INSTALLATIONS SONORES) ET 20 H (CONCERT), SALLE SERGE-GARANT DE LA FACULT\u00c9 DE MUSIQUE DE L&rsquo;UDEM <a href=\"https:\/\/www.calendrier.umontreal.ca\/detail\/889857-festival-formes-b-ondes\" target=\"_blank\" rel=\"noopener\">D\u00c9TAILS ET BILLETS<\/a><\/p>\n<p>LE 24 MAI, 18 H (ATELIER OUVERT) ET 19 H 30 (PERFORMANCE), QUARTIER CHABANEL <a href=\"https:\/\/www.calendrier.umontreal.ca\/detail\/889859-festival-formes-b-ondes\" target=\"_blank\" rel=\"noopener\">D\u00c9TAILS ET BILLETS<\/a><\/p>\n<p>&nbsp;<\/p>\n<figure id=\"attachment_53175\" aria-describedby=\"caption-attachment-53175\" style=\"width: 1024px\" class=\"wp-caption aligncenter\"><img decoding=\"async\" loading=\"lazy\" class=\"size-full wp-image-53175\" src=\"https:\/\/www.ludwig-van.com\/montreal\/wp-content\/uploads\/sites\/3\/2018\/04\/HeleneGuilmette\u220fJulienFauga\u0308re_HGchantePoulenc_23mai2018.jpg\" alt=\"H\u00e9l\u00e8ne Guilmette\" width=\"1024\" height=\"1536\" srcset=\"https:\/\/www.ludwig-van.com\/montreal\/wp-content\/uploads\/sites\/3\/2018\/04\/HeleneGuilmette\u220fJulienFauga\u0308re_HGchantePoulenc_23mai2018.jpg 1024w, https:\/\/www.ludwig-van.com\/montreal\/wp-content\/uploads\/sites\/3\/2018\/04\/HeleneGuilmette\u220fJulienFauga\u0308re_HGchantePoulenc_23mai2018-200x300.jpg 200w, https:\/\/www.ludwig-van.com\/montreal\/wp-content\/uploads\/sites\/3\/2018\/04\/HeleneGuilmette\u220fJulienFauga\u0308re_HGchantePoulenc_23mai2018-768x1152.jpg 768w, https:\/\/www.ludwig-van.com\/montreal\/wp-content\/uploads\/sites\/3\/2018\/04\/HeleneGuilmette\u220fJulienFauga\u0308re_HGchantePoulenc_23mai2018-683x1024.jpg 683w\" sizes=\"(max-width: 1024px) 100vw, 1024px\" \/><figcaption id=\"caption-attachment-53175\" class=\"wp-caption-text\">H\u00e9l\u00e8ne Guilmette (Cr\u00e9dit : Julien Faug\u00e8re)<\/figcaption><\/figure>\n<h3>Paris \u00e0 travers les si\u00e8cles avec l&rsquo;OSQ<\/h3>\n<p>La soprano H\u00e9l\u00e8ne Guilmette, le Choeur de l&rsquo;OSQ et bien s\u00fbr l&rsquo;OSQ lui-m\u00eame, tous sous la direction de Clemens Schuldt, pr\u00e9sentent un programme r\u00e9unissant le g\u00e9nie d&rsquo;un jeune Mozart, le romantisme aux couleurs fran\u00e7aises de Massenet et Saint-Sa\u00ebns, la musique sacr\u00e9e vue par Poulenc et deux chefs-d&rsquo;oeuvre de Lili Boulanger.<\/p>\n<p>LE 22 MAI, 20 H, GRAND TH\u00c9\u00c2TRE DE QU\u00c9BEC <a href=\"https:\/\/www.osq.org\/concerts\/paris-a-travers-les-siecles\/\" target=\"_blank\" rel=\"noopener\">D\u00c9TAILS ET BILLETS<\/a><\/p>\n<figure id=\"attachment_78714\" aria-describedby=\"caption-attachment-78714\" style=\"width: 695px\" class=\"wp-caption aligncenter\"><img decoding=\"async\" loading=\"lazy\" class=\"size-full wp-image-78714\" src=\"https:\/\/www.ludwig-van.com\/montreal\/wp-content\/uploads\/sites\/3\/2023\/10\/Vivaldi-et-A.-Scarlatti.jpg\" alt=\"\" width=\"695\" height=\"550\" srcset=\"https:\/\/www.ludwig-van.com\/montreal\/wp-content\/uploads\/sites\/3\/2023\/10\/Vivaldi-et-A.-Scarlatti.jpg 695w, https:\/\/www.ludwig-van.com\/montreal\/wp-content\/uploads\/sites\/3\/2023\/10\/Vivaldi-et-A.-Scarlatti-300x237.jpg 300w\" sizes=\"(max-width: 695px) 100vw, 695px\" \/><figcaption id=\"caption-attachment-78714\" class=\"wp-caption-text\">Vivaldi et A. Scarlatti &#8211; Cr\u00e9dit : Catherine St-Martin<\/figcaption><\/figure>\n<h3>Les Bor\u00e9ades jouent Vivaldi et Scarlatti<\/h3>\n<p>L&rsquo;ensemble Les Bor\u00e9ades fera voyager son public entre Venise et Naples, centres d&rsquo;activit\u00e9 des deux prolifiques compositeurs italiens Vivaldi, d&rsquo;une part, et Scarlatti, d&rsquo;autre part. Des concertos pour violon, fl\u00fbte ou hautbois mettront de l&rsquo;avant la vigueur du V\u00e9nitien et la sensualit\u00e9 du Napolitain.<\/p>\n<p>LE 23 MAI, 19 H 30, CHAPELLE NOTRE-DAME-DU-BON-SECOURS <a href=\"https:\/\/boreades.tuxedobillet.com\/main\/vivaldi-et-a-scarlatti\" target=\"_blank\" rel=\"noopener\">D\u00c9TAILS ET BILLETS<\/a><\/p>\n<p>&nbsp;<\/p>\n<figure id=\"attachment_77580\" aria-describedby=\"caption-attachment-77580\" style=\"width: 1200px\" class=\"wp-caption aligncenter\"><img decoding=\"async\" loading=\"lazy\" class=\"size-full wp-image-77580\" src=\"https:\/\/www.ludwig-van.com\/montreal\/wp-content\/uploads\/sites\/3\/2023\/08\/Jean-Sebastien-Roy.jpg\" alt=\"\" width=\"1200\" height=\"381\" srcset=\"https:\/\/www.ludwig-van.com\/montreal\/wp-content\/uploads\/sites\/3\/2023\/08\/Jean-Sebastien-Roy.jpg 1200w, https:\/\/www.ludwig-van.com\/montreal\/wp-content\/uploads\/sites\/3\/2023\/08\/Jean-Sebastien-Roy-300x95.jpg 300w, https:\/\/www.ludwig-van.com\/montreal\/wp-content\/uploads\/sites\/3\/2023\/08\/Jean-Sebastien-Roy-1024x325.jpg 1024w, https:\/\/www.ludwig-van.com\/montreal\/wp-content\/uploads\/sites\/3\/2023\/08\/Jean-Sebastien-Roy-768x244.jpg 768w\" sizes=\"(max-width: 1200px) 100vw, 1200px\" \/><figcaption id=\"caption-attachment-77580\" class=\"wp-caption-text\">Jean-S\u00e9bastien Roy<\/figcaption><\/figure>\n<h3>L&rsquo;OSM en quatuor : Au c\u0153ur du quatuor \u00e0 cordes<\/h3>\n<p>Des musiciens de l&rsquo;OSM en formation de quatuor \u00e0 cordes font d\u00e9couvrir des pi\u00e8ces autour de l&rsquo;imagerie du c\u0153ur. Si\u00e8ge des \u00e9motions ou organe moteur de la vie, le c\u0153ur a inspir\u00e9 plusieurs compositions. Dans <em>Another Little Piece of my Heart<\/em>, Montgomery \u00e9voque la passion et les palpitations, tandis que <em>Strum<\/em> de Murphy est ponctu\u00e9 par la pulsation continue d\u2019un pizzicato semblable aux battements du c\u0153ur. Quant au c\u00e9l\u00e8bre Quatuor \u00ab\u2009Mishima\u2009\u00bb de Glass, il est emport\u00e9 par un flot continu d\u2019\u00e9motions subtiles.<\/p>\n<p>LE 24 MAI, 18 H 30, SALLE BOURGIE <a href=\"https:\/\/www.mbam.qc.ca\/fr\/activites\/musiciens-osm-au-coeur-du-quatuor-a-cordes\/\" target=\"_blank\" rel=\"noopener\">D\u00c9TAILS ET BILLETS<\/a><\/p>\n<p>&nbsp;<\/p>\n<figure id=\"attachment_77584\" aria-describedby=\"caption-attachment-77584\" style=\"width: 1200px\" class=\"wp-caption aligncenter\"><img decoding=\"async\" loading=\"lazy\" class=\"size-full wp-image-77584\" src=\"https:\/\/www.ludwig-van.com\/montreal\/wp-content\/uploads\/sites\/3\/2023\/08\/Shin-Young-Lee_Olivier-Latry.jpg\" alt=\"\" width=\"1200\" height=\"381\" srcset=\"https:\/\/www.ludwig-van.com\/montreal\/wp-content\/uploads\/sites\/3\/2023\/08\/Shin-Young-Lee_Olivier-Latry.jpg 1200w, https:\/\/www.ludwig-van.com\/montreal\/wp-content\/uploads\/sites\/3\/2023\/08\/Shin-Young-Lee_Olivier-Latry-300x95.jpg 300w, https:\/\/www.ludwig-van.com\/montreal\/wp-content\/uploads\/sites\/3\/2023\/08\/Shin-Young-Lee_Olivier-Latry-1024x325.jpg 1024w, https:\/\/www.ludwig-van.com\/montreal\/wp-content\/uploads\/sites\/3\/2023\/08\/Shin-Young-Lee_Olivier-Latry-768x244.jpg 768w\" sizes=\"(max-width: 1200px) 100vw, 1200px\" \/><figcaption id=\"caption-attachment-77584\" class=\"wp-caption-text\">Shin-Young Lee, Olivier Latry (Photo : courtoisie OSM)<\/figcaption><\/figure>\n<h3>Stravinsky et Ravel \u00e0 l&rsquo;orgue<\/h3>\n<p><strong>Olivier Latry<\/strong> et <strong>Shin-Young Lee<\/strong> pr\u00e9sentent, avec la participation de <strong>Jean-Willy Kunz<\/strong> et<strong> Isabelle Demers<\/strong>, deux \u0153uvres embl\u00e9matiques du r\u00e9pertoire de l&rsquo;OSM, <em>Le Sacre du printemps<\/em> de Stravinsky et le Bol\u00e9ro de Ravel, dans des transcriptions pour orgue, ainsi que des \u0153uvres de Guilmant, Vierne, Dupr\u00e9 et Cochereau.<\/p>\n<p>LE 25 MAI, 14 H 30, MAISON SYMPHONIQUE <a href=\"https:\/\/www.osm.ca\/fr\/concert\/stravinsky-et-ravel-a-lorgue\/\" target=\"_blank\" rel=\"noopener\">D\u00c9TAILS ET BILLETS<\/a><\/p>\n<figure id=\"attachment_81611\" aria-describedby=\"caption-attachment-81611\" style=\"width: 1200px\" class=\"wp-caption aligncenter\"><img decoding=\"async\" loading=\"lazy\" class=\"size-full wp-image-81611\" src=\"https:\/\/www.ludwig-van.com\/montreal\/wp-content\/uploads\/sites\/3\/2024\/05\/Alia-Mens-Arvo-Pa\u0308rt-\u00a9Emilie-Duvieubourg.jpg\" alt=\"L'ensemble vocal du groupe \u00e0 g\u00e9om\u00e9trie variable Alia Mens. (Photo : \u00c9milie Duvieubourg)\" width=\"1200\" height=\"900\" srcset=\"https:\/\/www.ludwig-van.com\/montreal\/wp-content\/uploads\/sites\/3\/2024\/05\/Alia-Mens-Arvo-Pa\u0308rt-\u00a9Emilie-Duvieubourg.jpg 1200w, https:\/\/www.ludwig-van.com\/montreal\/wp-content\/uploads\/sites\/3\/2024\/05\/Alia-Mens-Arvo-Pa\u0308rt-\u00a9Emilie-Duvieubourg-300x225.jpg 300w, https:\/\/www.ludwig-van.com\/montreal\/wp-content\/uploads\/sites\/3\/2024\/05\/Alia-Mens-Arvo-Pa\u0308rt-\u00a9Emilie-Duvieubourg-1024x768.jpg 1024w, https:\/\/www.ludwig-van.com\/montreal\/wp-content\/uploads\/sites\/3\/2024\/05\/Alia-Mens-Arvo-Pa\u0308rt-\u00a9Emilie-Duvieubourg-768x576.jpg 768w\" sizes=\"(max-width: 1200px) 100vw, 1200px\" \/><figcaption id=\"caption-attachment-81611\" class=\"wp-caption-text\">L&rsquo;ensemble vocal du groupe \u00e0 g\u00e9om\u00e9trie variable Alia Mens. (Photo : \u00c9milie Duvieubourg)<\/figcaption><\/figure>\n<h3>Alia Mens chante Arvo P\u00e4rt<\/h3>\n<p>L\u2019ensemble vocal Alia Mens propose une profonde exp\u00e9rience \u00e9motionnelle en associant le souffle de la musique a cappella d\u2019Arvo P\u00e4rt avec les mots de l\u2019\u00e9crivain fran\u00e7ais r\u00e9cemment disparu Christian Bobin, le tout servi par l&rsquo;acoustique enveloppante de la Salle Bourgie.<\/p>\n<p>LE 25 MAI, 19 H 30, SALLE BOURGIE <a href=\"https:\/\/www.mbam.qc.ca\/fr\/activites\/alia-mens-meme-si-je-perds-tout\/\" target=\"_blank\" rel=\"noopener\">D\u00c9TAILS ET BILLETS<\/a><\/p>\n<p>&nbsp;<\/p>\n<figure id=\"attachment_81486\" aria-describedby=\"caption-attachment-81486\" style=\"width: 1200px\" class=\"wp-caption aligncenter\"><img decoding=\"async\" loading=\"lazy\" class=\"size-full wp-image-81486\" src=\"https:\/\/www.ludwig-van.com\/montreal\/wp-content\/uploads\/sites\/3\/2024\/05\/OSJM_2023-2024_1200.jpg\" alt=\"La cohorte 2023-2024 de l'OSJM. (Photo : Anne-Marie Desbiens)\" width=\"1200\" height=\"683\" srcset=\"https:\/\/www.ludwig-van.com\/montreal\/wp-content\/uploads\/sites\/3\/2024\/05\/OSJM_2023-2024_1200.jpg 1200w, https:\/\/www.ludwig-van.com\/montreal\/wp-content\/uploads\/sites\/3\/2024\/05\/OSJM_2023-2024_1200-300x171.jpg 300w, https:\/\/www.ludwig-van.com\/montreal\/wp-content\/uploads\/sites\/3\/2024\/05\/OSJM_2023-2024_1200-1024x583.jpg 1024w, https:\/\/www.ludwig-van.com\/montreal\/wp-content\/uploads\/sites\/3\/2024\/05\/OSJM_2023-2024_1200-768x437.jpg 768w\" sizes=\"(max-width: 1200px) 100vw, 1200px\" \/><figcaption id=\"caption-attachment-81486\" class=\"wp-caption-text\">La cohorte 2023-2024 de l&rsquo;OSJM. (Photo : Anne-Marie Desbiens)<\/figcaption><\/figure>\n<h3>L&rsquo;OSJM pr\u00e9sente les trois laur\u00e9ats de son Concours Solo OSJM 2024<\/h3>\n<p>L&rsquo;OSJM cl\u00f4t sa 38e saison sous la direction de Louis Lavigueur par un grand concert au cours duquel les trois laur\u00e9ats du Concours Solo OSJM 2024 interpr\u00e9teront chacun deux mouvements d&rsquo;un concerto pour leur instrument. L&rsquo;orchestre se fera \u00e9galement entendre dans Till Eulenspiegel et la Septi\u00e8me symphonie de Dvo\u0159\u00e1k.<\/p>\n<p>LE 25 MAI, 19 H 30, SALLE CLAUDE-CHAMPAGNE <a href=\"https:\/\/osjm.tuxedobillet.com\/main\/r-strauss-dvorak\" target=\"_blank\" rel=\"noopener\">D\u00c9TAILS ET BILLETS<\/a><\/p>\n<h2><em>Inscrivez-vous \u00e0 notre infolettre! La musique classique et l\u2019op\u00e9ra en 5 minutes, chaque jour<\/em> <a href=\"https:\/\/ludwig-van.us9.list-manage.com\/subscribe?u=4f785cb3f9058f2393ccad035&amp;id=b9b160c032\" target=\"_blank\" rel=\"noopener noreferrer\">ICI<\/a><\/h2>\n","protected":false},"excerpt":{"rendered":"<p>Les lilas et le muguet embaument encore l&rsquo;air, mais nous voil\u00e0 d\u00e9j\u00e0 assailli.e.s des premi\u00e8res temp\u00e9ratures lourdes et charg\u00e9es&#8230; Pour changer \u00ab\u00a0d&rsquo;air\u00a0\u00bb (dans tous les sens du terme), rien de mieux que de se d\u00e9tendre au concert! Voici quelques choix de sorties pour la semaine.<\/p>\n","protected":false},"author":55,"featured_media":81781,"comment_status":"open","ping_status":"open","sticky":false,"template":"","format":"standard","meta":{"om_disable_all_campaigns":false,"jetpack_post_was_ever_published":false},"categories":[42107,10994],"tags":[42106,11882],"yst_prominent_words":[9863,13120,22795,13124,33504,31965,26052,9877,13123,13119,33503,22437,18276,18273,21827,31964],"acf":[],"jetpack_featured_media_url":"https:\/\/www.ludwig-van.com\/montreal\/wp-content\/uploads\/sites\/3\/2024\/05\/Copie-de-CONCERTS18.jpg","jetpack_sharing_enabled":true,"jetpack_shortlink":"https:\/\/wp.me\/p9bdYt-lgD","amp_enabled":true,"_links":{"self":[{"href":"https:\/\/www.ludwig-van.com\/montreal\/wp-json\/wp\/v2\/posts\/81755"}],"collection":[{"href":"https:\/\/www.ludwig-van.com\/montreal\/wp-json\/wp\/v2\/posts"}],"about":[{"href":"https:\/\/www.ludwig-van.com\/montreal\/wp-json\/wp\/v2\/types\/post"}],"author":[{"embeddable":true,"href":"https:\/\/www.ludwig-van.com\/montreal\/wp-json\/wp\/v2\/users\/55"}],"replies":[{"embeddable":true,"href":"https:\/\/www.ludwig-van.com\/montreal\/wp-json\/wp\/v2\/comments?post=81755"}],"version-history":[{"count":5,"href":"https:\/\/www.ludwig-van.com\/montreal\/wp-json\/wp\/v2\/posts\/81755\/revisions"}],"predecessor-version":[{"id":81791,"href":"https:\/\/www.ludwig-van.com\/montreal\/wp-json\/wp\/v2\/posts\/81755\/revisions\/81791"}],"wp:featuredmedia":[{"embeddable":true,"href":"https:\/\/www.ludwig-van.com\/montreal\/wp-json\/wp\/v2\/media\/81781"}],"wp:attachment":[{"href":"https:\/\/www.ludwig-van.com\/montreal\/wp-json\/wp\/v2\/media?parent=81755"}],"wp:term":[{"taxonomy":"category","embeddable":true,"href":"https:\/\/www.ludwig-van.com\/montreal\/wp-json\/wp\/v2\/categories?post=81755"},{"taxonomy":"post_tag","embeddable":true,"href":"https:\/\/www.ludwig-van.com\/montreal\/wp-json\/wp\/v2\/tags?post=81755"},{"taxonomy":"yst_prominent_words","embeddable":true,"href":"https:\/\/www.ludwig-van.com\/montreal\/wp-json\/wp\/v2\/yst_prominent_words?post=81755"}],"curies":[{"name":"wp","href":"https:\/\/api.w.org\/{rel}","templated":true}]}}