{"id":81428,"date":"2024-05-01T15:53:28","date_gmt":"2024-05-01T19:53:28","guid":{"rendered":"https:\/\/www.ludwig-van.com\/montreal\/?p=81428"},"modified":"2024-05-03T14:00:01","modified_gmt":"2024-05-03T18:00:01","slug":"nouvelle-le-quatuor-st-lawrence-se-separe-apres-34-saisons","status":"publish","type":"post","link":"https:\/\/www.ludwig-van.com\/montreal\/2024\/05\/01\/nouvelle-le-quatuor-st-lawrence-se-separe-apres-34-saisons\/","title":{"rendered":"NOUVELLE | Le Quatuor St. Lawrence se s\u00e9pare apr\u00e8s 34 saisons"},"content":{"rendered":"<figure id=\"attachment_81429\" aria-describedby=\"caption-attachment-81429\" style=\"width: 1200px\" class=\"wp-caption aligncenter\"><img decoding=\"async\" loading=\"lazy\" class=\"size-full wp-image-81429\" src=\"https:\/\/www.ludwig-van.com\/montreal\/wp-content\/uploads\/sites\/3\/2024\/05\/Copie-de-NOUVELLE31.jpg\" alt=\"Le quatuor \u00e0 cordes St. Lawrence (Photo : courtoisie des artistes)\" width=\"1200\" height=\"628\" srcset=\"https:\/\/www.ludwig-van.com\/montreal\/wp-content\/uploads\/sites\/3\/2024\/05\/Copie-de-NOUVELLE31.jpg 1200w, https:\/\/www.ludwig-van.com\/montreal\/wp-content\/uploads\/sites\/3\/2024\/05\/Copie-de-NOUVELLE31-300x157.jpg 300w, https:\/\/www.ludwig-van.com\/montreal\/wp-content\/uploads\/sites\/3\/2024\/05\/Copie-de-NOUVELLE31-1024x536.jpg 1024w, https:\/\/www.ludwig-van.com\/montreal\/wp-content\/uploads\/sites\/3\/2024\/05\/Copie-de-NOUVELLE31-768x402.jpg 768w\" sizes=\"(max-width: 1200px) 100vw, 1200px\" \/><figcaption id=\"caption-attachment-81429\" class=\"wp-caption-text\">Le quatuor \u00e0 cordes St. Lawrence (Photo : courtoisie des artistes)<\/figcaption><\/figure>\n<p>Le <strong>quatuor \u00e0 cordes St. Lawrence<\/strong> (SLSQ) a annonc\u00e9 que la saison 2023-2024, leur 34e, sera leur derni\u00e8re. La nouvelle survient apr\u00e8s une ann\u00e9e de hiatus suite au d\u00e9c\u00e8s du violoniste fondateur <strong>Geoff<\/strong> <strong>Nuttall<\/strong>.<\/p>\n<p>Les membres restants, <strong>Lesley Robertson<\/strong>, <strong>Christopher Costanza<\/strong> et <strong>Owen Dalby<\/strong>, continueront \u00e0 faire de leur foyer musical l&rsquo;<strong>Universit\u00e9 Stanford<\/strong>, o\u00f9 le <strong>SLSQ<\/strong> a \u00e9t\u00e9 quatuor en r\u00e9sidence depuis 1998. Ils continueront \u00e0 se produire et \u00e0 enseigner, ainsi qu&rsquo;\u00e0 diriger le programme de musique de chambre de l&rsquo;universit\u00e9 et d&rsquo;autres activit\u00e9s.<\/p>\n<h3>Le Quatuor St. Lawrence<\/h3>\n<p>Le <strong>SLSQ<\/strong> a \u00e9t\u00e9 fond\u00e9 au <strong>Conservatoire royal de musique de Toronto<\/strong> en 1989, avec les membres <strong>Geoff Nutall<\/strong>, le violoniste <strong>Barry Shiffman<\/strong>, l&rsquo;altiste <strong>Lesley Robertson<\/strong> et la violoncelliste <strong>Marina<\/strong> <strong>Hoover<\/strong>. En 1992, ils remportent le premier prix au <strong>Concours international de quatuor \u00e0 cordes de Banff<\/strong>. Ils ont ensuite remport\u00e9 plusieurs autres prix et distinctions, dont un <strong>JUNO<\/strong>.<\/p>\n<p>Malgr\u00e9 les changements de personnel, leur r\u00e9putation pour l&rsquo;innovation et l&rsquo;interpr\u00e9tation dynamique n&rsquo;a cess\u00e9 de cro\u00eetre. Outre leur r\u00e9sidence \u00e0 Stanford, le quatuor a \u00e9t\u00e9 en r\u00e9sidence \u00e0 la <strong>Juilliard<\/strong> <strong>School<\/strong>, \u00e0 l&rsquo;<strong>Universit\u00e9<\/strong> <strong>Yale<\/strong> et \u00e0 l&rsquo;<strong>Universit\u00e9<\/strong> <strong>de<\/strong> <strong>Toronto<\/strong>.<\/p>\n<p>Parmi leurs sp\u00e9cialit\u00e9s notables, il y avait un engagement envers la musique nouvelle, ainsi qu&rsquo;une relation particuli\u00e8re avec la musique de Haydn. En fait, un r\u00e9cent concert a pr\u00e9sent\u00e9 les six quatuors de l&rsquo;Opus 20 interpr\u00e9t\u00e9s lors d&rsquo;un seul apr\u00e8s-midi.<\/p>\n<p>Dans une critique de 2017, <strong>John Terauds<\/strong> \u00e9crit : \u00ab\u00a0Une des marques de fabrique du <strong>Quatuor St. Lawrence<\/strong>, originaire du Canada et bas\u00e9 \u00e0 l&rsquo;Universit\u00e9 Stanford, est qu&rsquo;ils abordent toujours leurs interpr\u00e9tations avec passion. Cela a donn\u00e9 lieu \u00e0 de nombreuses performances live \u00e9lectriques et enregistrements tout au long de leur carri\u00e8re qui compte d\u00e9sormais 27 ans.\u00a0\u00bb<\/p>\n<p>Le <strong>SLSQ<\/strong> laisse un h\u00e9ritage d&rsquo;enregistrements, dont plusieurs albums r\u00e9compens\u00e9s : Quatuors \u00e0 cordes de Schumann, Quatuors \u00e0 cordes de Tcha\u00efkovski, \u00ab\u00a0Yiddishbbuk\u00a0\u00bb d&rsquo;Osvaldo Golijov (sur EMI) et Haydn Op. 76 et le Quintette pour piano de Korngold (sur Phenotypic Recordings), entre autres.<\/p>\n<p>Dans un communiqu\u00e9, <strong>Lesley Robertson<\/strong>, <strong>Christopher Costanza<\/strong> et <strong>Owen Dalby<\/strong> ont d\u00e9clar\u00e9 : \u00ab\u00a0Nous avons v\u00e9cu l&rsquo;aventure de notre vie. Nous ne pouvons pas imaginer une exp\u00e9rience plus gratifiante, stimulante, inspirante, exasp\u00e9rante, profond\u00e9ment joyeuse, d\u00e9chirante, et affirmant la vie que cet effort commun pendant tant d&rsquo;ann\u00e9es. Nous sommes profond\u00e9ment reconnaissants d&rsquo;avoir eu l&rsquo;opportunit\u00e9 d&rsquo;explorer le royaume magique du r\u00e9pertoire de quatuor \u00e0 cordes ensemble &#8211; et pour les amiti\u00e9s profondes, les belles d\u00e9couvertes et les le\u00e7ons de vie transformatrices apprises en chemin\u00a0\u00bb.<\/p>\n<p>Nous leur souhaitons beaucoup de succ\u00e8s dans leurs futurs projets.<\/p>\n<p><em>Cet article a \u00e9t\u00e9 \u00e9crit par Anya Wassenberg pour Ludwig van Toronto et traduit par B\u00e9atrice Cadrin pour Ludwig van Montr\u00e9al. L&rsquo;article en anglais est disponible <a href=\"https:\/\/www.ludwig-van.com\/toronto\/2024\/05\/01\/scoop-st-lawrence-string-quartet-disband-34-seasons\/\" target=\"_blank\" rel=\"noopener\">ici<\/a>. <\/em><\/p>\n<h2><em>Inscrivez-vous \u00e0 notre infolettre! La musique classique et l\u2019op\u00e9ra en 5 minutes, chaque jour<\/em> \u00a0<a href=\"https:\/\/ludwig-van.us9.list-manage.com\/subscribe?u=4f785cb3f9058f2393ccad035&amp;id=b9b160c032\" target=\"_blank\" rel=\"noopener noreferrer\">ICI\u00a0<\/a><\/h2>\n","protected":false},"excerpt":{"rendered":"<p>Le quatuor \u00e0 cordes St. Lawrence (SLSQ) a annonc\u00e9 que la saison 2023-2024, leur 34e, sera leur derni\u00e8re. La nouvelle survient apr\u00e8s une ann\u00e9e de hiatus suite au d\u00e9c\u00e8s du violoniste fondateur Geoff Nuttall.<\/p>\n","protected":false},"author":64,"featured_media":81429,"comment_status":"open","ping_status":"open","sticky":false,"template":"","format":"standard","meta":{"om_disable_all_campaigns":false,"jetpack_post_was_ever_published":false},"categories":[42107,10956,10992],"tags":[42106,3097],"yst_prominent_words":[9998,9788,9999,10015,17402],"acf":[],"jetpack_featured_media_url":"https:\/\/www.ludwig-van.com\/montreal\/wp-content\/uploads\/sites\/3\/2024\/05\/Copie-de-NOUVELLE31.jpg","jetpack_sharing_enabled":true,"jetpack_shortlink":"https:\/\/wp.me\/p9bdYt-lbm","amp_enabled":true,"_links":{"self":[{"href":"https:\/\/www.ludwig-van.com\/montreal\/wp-json\/wp\/v2\/posts\/81428"}],"collection":[{"href":"https:\/\/www.ludwig-van.com\/montreal\/wp-json\/wp\/v2\/posts"}],"about":[{"href":"https:\/\/www.ludwig-van.com\/montreal\/wp-json\/wp\/v2\/types\/post"}],"author":[{"embeddable":true,"href":"https:\/\/www.ludwig-van.com\/montreal\/wp-json\/wp\/v2\/users\/64"}],"replies":[{"embeddable":true,"href":"https:\/\/www.ludwig-van.com\/montreal\/wp-json\/wp\/v2\/comments?post=81428"}],"version-history":[{"count":19,"href":"https:\/\/www.ludwig-van.com\/montreal\/wp-json\/wp\/v2\/posts\/81428\/revisions"}],"predecessor-version":[{"id":81453,"href":"https:\/\/www.ludwig-van.com\/montreal\/wp-json\/wp\/v2\/posts\/81428\/revisions\/81453"}],"wp:featuredmedia":[{"embeddable":true,"href":"https:\/\/www.ludwig-van.com\/montreal\/wp-json\/wp\/v2\/media\/81429"}],"wp:attachment":[{"href":"https:\/\/www.ludwig-van.com\/montreal\/wp-json\/wp\/v2\/media?parent=81428"}],"wp:term":[{"taxonomy":"category","embeddable":true,"href":"https:\/\/www.ludwig-van.com\/montreal\/wp-json\/wp\/v2\/categories?post=81428"},{"taxonomy":"post_tag","embeddable":true,"href":"https:\/\/www.ludwig-van.com\/montreal\/wp-json\/wp\/v2\/tags?post=81428"},{"taxonomy":"yst_prominent_words","embeddable":true,"href":"https:\/\/www.ludwig-van.com\/montreal\/wp-json\/wp\/v2\/yst_prominent_words?post=81428"}],"curies":[{"name":"wp","href":"https:\/\/api.w.org\/{rel}","templated":true}]}}