{"id":81084,"date":"2024-04-15T16:23:37","date_gmt":"2024-04-15T20:23:37","guid":{"rendered":"https:\/\/www.ludwig-van.com\/montreal\/?p=81084"},"modified":"2024-04-16T14:00:02","modified_gmt":"2024-04-16T18:00:02","slug":"choix-de-la-redaction-cest-le-printemps-periode-declosion-de-concerts","status":"publish","type":"post","link":"https:\/\/www.ludwig-van.com\/montreal\/2024\/04\/15\/choix-de-la-redaction-cest-le-printemps-periode-declosion-de-concerts\/","title":{"rendered":"CHOIX DE LA R\u00c9DACTION | C&rsquo;est le printemps, p\u00e9riode d&rsquo;\u00e9closion de concerts!"},"content":{"rendered":"<p>&nbsp;<\/p>\n<p><img decoding=\"async\" loading=\"lazy\" class=\"aligncenter size-full wp-image-81089\" src=\"https:\/\/www.ludwig-van.com\/montreal\/wp-content\/uploads\/sites\/3\/2024\/04\/Copie-de-CONCERTS11.jpg\" alt=\"Karina Gauvin, Nicolas Ellis, le Choeur St-Laurent et son chef Philippe Bourque - Choix de la r\u00e9daction 15 avril 2024\" width=\"1200\" height=\"628\" srcset=\"https:\/\/www.ludwig-van.com\/montreal\/wp-content\/uploads\/sites\/3\/2024\/04\/Copie-de-CONCERTS11.jpg 1200w, https:\/\/www.ludwig-van.com\/montreal\/wp-content\/uploads\/sites\/3\/2024\/04\/Copie-de-CONCERTS11-300x157.jpg 300w, https:\/\/www.ludwig-van.com\/montreal\/wp-content\/uploads\/sites\/3\/2024\/04\/Copie-de-CONCERTS11-1024x536.jpg 1024w, https:\/\/www.ludwig-van.com\/montreal\/wp-content\/uploads\/sites\/3\/2024\/04\/Copie-de-CONCERTS11-768x402.jpg 768w\" sizes=\"(max-width: 1200px) 100vw, 1200px\" \/><\/p>\n<p><span style=\"color: #808080\"><em><strong>Les concerts \u00e9closent, c&rsquo;est le temps de vous faire un bouquet fragrant de m\u00e9lodies envo\u00fbtantes!<\/strong><\/em><\/span><\/p>\n<p>&nbsp;<\/p>\n<figure id=\"attachment_52469\" aria-describedby=\"caption-attachment-52469\" style=\"width: 700px\" class=\"wp-caption aligncenter\"><img decoding=\"async\" loading=\"lazy\" class=\"size-full wp-image-52469\" src=\"https:\/\/www.ludwig-van.com\/montreal\/wp-content\/uploads\/sites\/3\/2018\/03\/lorraine-desmarais.jpg\" alt=\"Lorraine Desmarais\" width=\"700\" height=\"467\" srcset=\"https:\/\/www.ludwig-van.com\/montreal\/wp-content\/uploads\/sites\/3\/2018\/03\/lorraine-desmarais.jpg 700w, https:\/\/www.ludwig-van.com\/montreal\/wp-content\/uploads\/sites\/3\/2018\/03\/lorraine-desmarais-300x200.jpg 300w\" sizes=\"(max-width: 700px) 100vw, 700px\" \/><figcaption id=\"caption-attachment-52469\" class=\"wp-caption-text\">Lorraine Desmarais. (Photo : courtoisie)<\/figcaption><\/figure>\n<h3>Voyage \u00e0 travers le Nouveau monde<\/h3>\n<p>L&rsquo;<strong>Orchestre symphonique de Laval<\/strong> propose mercredi soir une plong\u00e9e dans les sonorit\u00e9s des Am\u00e9riques avec ce programme con\u00e7u autour du 100e anniversaire de la c\u00e9l\u00e8bre Rhapsody in Blue de Gershwin, interpr\u00e9t\u00e9e par nulle autre que l&rsquo;incomparable <strong>Lorraine Desmarais<\/strong>. En plus, <strong>Naomi Woo<\/strong> dirigera l&rsquo;orchestre dans des oeuvres de <strong>Jocelyn Morlock<\/strong>, <strong>Gabriela Lena Frank<\/strong> et la toujours tr\u00e8s appr\u00e9ci\u00e9e Symphonie du Nouveau monde de Dvo\u0159\u00e1k.<\/p>\n<p>LE 17 AVRIL, 19 H 30, SALLE ANDR\u00c9-MATHIEU <a href=\"https:\/\/www.osl.ca\/musiquedunouveaumonde\" target=\"_blank\" rel=\"noopener\">D\u00c9TAILS ET BILLETS<\/a><\/p>\n<p>&nbsp;<\/p>\n<figure id=\"attachment_48470\" aria-describedby=\"caption-attachment-48470\" style=\"width: 1024px\" class=\"wp-caption aligncenter\"><img decoding=\"async\" loading=\"lazy\" class=\"size-full wp-image-48470\" src=\"https:\/\/www.ludwig-van.com\/montreal\/wp-content\/uploads\/sites\/3\/2017\/10\/Juanjo-Mena.jpg\" alt=\"Le chef Juanjo Mena. (Photo : courtoisie de l'OSM)\" width=\"1024\" height=\"576\" srcset=\"https:\/\/www.ludwig-van.com\/montreal\/wp-content\/uploads\/sites\/3\/2017\/10\/Juanjo-Mena.jpg 1024w, https:\/\/www.ludwig-van.com\/montreal\/wp-content\/uploads\/sites\/3\/2017\/10\/Juanjo-Mena-300x169.jpg 300w, https:\/\/www.ludwig-van.com\/montreal\/wp-content\/uploads\/sites\/3\/2017\/10\/Juanjo-Mena-768x432.jpg 768w\" sizes=\"(max-width: 1024px) 100vw, 1024px\" \/><figcaption id=\"caption-attachment-48470\" class=\"wp-caption-text\">Le chef Juanjo Mena. (Photo : courtoisie de l&rsquo;OSM)<\/figcaption><\/figure>\n<h3>D\u00e9couvrir la harpe \u00e0 l&rsquo;OSM<\/h3>\n<p>Reconnu pour le dynamisme et la pr\u00e9cision de sa direction, le chef <strong>Juanjo Mena<\/strong> dirigera l\u2019<strong>OSM<\/strong> dans un programme mettant la harpe \u00e0 l\u2019honneur. Soutenu par le rythme marqu\u00e9 des danses argentines, le Concerto de Ginastera exploite tout le potentiel expressif de la harpe, un instrument aux sonorit\u00e9s raffin\u00e9es. Debussy, pour sa part, laisse libre cours \u00e0 son imagination po\u00e9tique dans son triptyque <em>Images<\/em> pour \u00e9voquer, entre autres, l\u2019Espagne de ses r\u00eaves.<\/p>\n<p>LE 17 AVRIL, 19 H 30 et LE 18 AVRIL, 10 H 30 ET 19 H 30, MAISON SYMPHONIQUE <a href=\"https:\/\/www.osm.ca\/fr\/concert\/juanjo-mena-dirige-debussy-et-ginastera\/\" target=\"_blank\" rel=\"noopener\">D\u00c9TAILS ET BILLETS<\/a><\/p>\n<p>&nbsp;<\/p>\n<figure id=\"attachment_73167\" aria-describedby=\"caption-attachment-73167\" style=\"width: 1200px\" class=\"wp-caption aligncenter\"><img decoding=\"async\" loading=\"lazy\" class=\"size-full wp-image-73167\" src=\"https:\/\/www.ludwig-van.com\/montreal\/wp-content\/uploads\/sites\/3\/2017\/10\/OSD-5.jpg\" alt=\"Orchestre symphonique de Drummondville (Photo : courtoisie)\" width=\"1200\" height=\"798\" \/><figcaption id=\"caption-attachment-73167\" class=\"wp-caption-text\">Orchestre symphonique de Drummondville (Photo : courtoisie)<\/figcaption><\/figure>\n<h3>L&rsquo;alto \u00e0 l&rsquo;honneur<\/h3>\n<p>L&rsquo;<strong>Orchestre symphonique de Drummondville<\/strong> conclut une saison qui proposait plusieurs concerts d&rsquo;envergure par le Concerto pour alto du compositeur britannique William Walton, un <em>must<\/em> du r\u00e9pertoire, et la monumentale Cinqui\u00e8me Symphonie de Chostakovitch. \u0152uvre phare de ce g\u00e9nie du 20e si\u00e8cle, elle d\u00e9peint avec intensit\u00e9 et \u00e9motion toute l\u2019ambigu\u00eft\u00e9 et la complexit\u00e9 de notre monde moderne. Le concerto sera interpr\u00e9t\u00e9 par <strong>Wilhelm Magner<\/strong>, laur\u00e9at du Prix d&rsquo;Europe 2022, un artiste \u00e0 d\u00e9couvrir.<\/p>\n<p>LE 18 AVRIL, 19 H 30, MAISON DES ARTS DE DRUMMONDVILLE <a href=\"https:\/\/www.osdrummondville.com\/evenements\/les-grands-concerts-canimex\/triomphe-de-lalto\/\" target=\"_blank\" rel=\"noopener\">D\u00c9TAILS ET BILLETS<\/a><\/p>\n<p>&nbsp;<\/p>\n<figure id=\"attachment_76889\" aria-describedby=\"caption-attachment-76889\" style=\"width: 1200px\" class=\"wp-caption aligncenter\"><img decoding=\"async\" loading=\"lazy\" class=\"size-full wp-image-76889\" src=\"https:\/\/www.ludwig-van.com\/montreal\/wp-content\/uploads\/sites\/3\/2023\/07\/Club-musical-de-Quebec_Duo-Edris-Pati_2799x1080.jpg\" alt=\"\" width=\"1200\" height=\"463\" \/><figcaption id=\"caption-attachment-76889\" class=\"wp-caption-text\">Amina Edris, Pene Pati, Robert Mollicone<\/figcaption><\/figure>\n<h3>Club musical de Qu\u00e9bec<\/h3>\n<p>Voici un r\u00e9cital qui combine plusieurs \u00e9l\u00e9ments rares avec ce duo d\u2019\u00e9toiles montantes de la plan\u00e8te lyrique : compos\u00e9 du t\u00e9nor samoais Pene Pati, compar\u00e9 \u00e0 nul autre que Pavarotti, et de la rayonnante soprano \u00e9gyptienne Amina Edris, ce couple qui s\u2019est rencontr\u00e9 en Nouvelle-Z\u00e9lande nous fait vibrer dans une combinaison de solos et de duos puis\u00e9s \u00e0 diff\u00e9rentes sources du r\u00e9pertoire. Le pianiste Robert Mollicone d\u00e9peint magnifiquement \u00e0 leurs c\u00f4t\u00e9s le paysage musical.<\/p>\n<p>LE 18 AVRIL, 19 H 30, PALAIS MONTCALM <a href=\"https:\/\/clubmusicaldequebec.com\/cmq\/index.php\/programmation\/saison-2023-2024\/edris-pati-mollicone\" target=\"_blank\" rel=\"noopener\">D\u00c9TAILS ET BILLETS<\/a><\/p>\n<p>&nbsp;<\/p>\n<figure id=\"attachment_57015\" aria-describedby=\"caption-attachment-57015\" style=\"width: 1024px\" class=\"wp-caption aligncenter\"><img decoding=\"async\" loading=\"lazy\" class=\"size-full wp-image-57015\" src=\"https:\/\/www.ludwig-van.com\/montreal\/wp-content\/uploads\/sites\/3\/2018\/04\/NicolasEllis@StC\u0327phaneBourgeois_2018-12-20_21.jpg\" alt=\"Nicolas Ellis\" width=\"1024\" height=\"682\" srcset=\"https:\/\/www.ludwig-van.com\/montreal\/wp-content\/uploads\/sites\/3\/2018\/04\/NicolasEllis@StC\u0327phaneBourgeois_2018-12-20_21.jpg 1024w, https:\/\/www.ludwig-van.com\/montreal\/wp-content\/uploads\/sites\/3\/2018\/04\/NicolasEllis@StC\u0327phaneBourgeois_2018-12-20_21-300x200.jpg 300w, https:\/\/www.ludwig-van.com\/montreal\/wp-content\/uploads\/sites\/3\/2018\/04\/NicolasEllis@StC\u0327phaneBourgeois_2018-12-20_21-768x512.jpg 768w\" sizes=\"(max-width: 1024px) 100vw, 1024px\" \/><figcaption id=\"caption-attachment-57015\" class=\"wp-caption-text\">Nicolas Ellis. (Photo : St\u00e9phane Bourgeois)<\/figcaption><\/figure>\n<h3>Le Bal masqu\u00e9 et L&rsquo;Histoire du soldat<\/h3>\n<p><strong>Nicolas Ellis<\/strong> dirige un ensemble form\u00e9 de musiciens de l&rsquo;<strong>Orchestre M\u00e9tropolitain<\/strong> et le grand baryton fran\u00e7ais <strong>Fran\u00e7ois Le Roux<\/strong> dans <em>Le Bal masqu\u00e9<\/em> de Francis Poulenc et <em>L&rsquo;Histoire du soldat<\/em> de Stravinsky.<\/p>\n<p>LE 18 AVRIL, 19 H 30, SALLE BOURGIE <a href=\"https:\/\/www.mbam.qc.ca\/fr\/activites\/bal-masque-histoire-du-soldat\/\" target=\"_blank\" rel=\"noopener\">D\u00c9TAILS ET BILLETS<\/a><\/p>\n<p>&nbsp;<\/p>\n<figure id=\"attachment_78868\" aria-describedby=\"caption-attachment-78868\" style=\"width: 1200px\" class=\"wp-caption aligncenter\"><img decoding=\"async\" loading=\"lazy\" class=\"size-full wp-image-78868\" src=\"https:\/\/www.ludwig-van.com\/montreal\/wp-content\/uploads\/sites\/3\/2023\/11\/Karina-Gauvin_Marie-Nicole-Lemieux.jpg\" alt=\"Karina GauvinMarie-Nicole Lemieux (Photos : courtoisie de la Salle Bourgie)\" width=\"1200\" height=\"1200\" srcset=\"https:\/\/www.ludwig-van.com\/montreal\/wp-content\/uploads\/sites\/3\/2023\/11\/Karina-Gauvin_Marie-Nicole-Lemieux.jpg 1200w, https:\/\/www.ludwig-van.com\/montreal\/wp-content\/uploads\/sites\/3\/2023\/11\/Karina-Gauvin_Marie-Nicole-Lemieux-300x300.jpg 300w, https:\/\/www.ludwig-van.com\/montreal\/wp-content\/uploads\/sites\/3\/2023\/11\/Karina-Gauvin_Marie-Nicole-Lemieux-1024x1024.jpg 1024w, https:\/\/www.ludwig-van.com\/montreal\/wp-content\/uploads\/sites\/3\/2023\/11\/Karina-Gauvin_Marie-Nicole-Lemieux-150x150.jpg 150w, https:\/\/www.ludwig-van.com\/montreal\/wp-content\/uploads\/sites\/3\/2023\/11\/Karina-Gauvin_Marie-Nicole-Lemieux-768x768.jpg 768w\" sizes=\"(max-width: 1200px) 100vw, 1200px\" \/><figcaption id=\"caption-attachment-78868\" class=\"wp-caption-text\">Karina Gauvin et Marie-Nicole Lemieux (Photos : courtoisie de la Salle Bourgie)<\/figcaption><\/figure>\n<h3>Divins duos!<\/h3>\n<p>Deux de nos plus grandes cantatrices qu\u00e9b\u00e9coises, les resplendissantes Karina Gauvin et Marie-Nicole Lemieux, s&rsquo;associent pour un concert de m\u00e9lodies et de lieder en solo et en duo avec leur complice de longue date Olivier Godin. Elles nous feront entendre des \u0153uvres de Chaminade, Massenet, F. Mendelssohn et R. Schumann.<\/p>\n<p>LE 19 AVRIL, 19 H 30, SALLE BOURGIE <a href=\"https:\/\/www.mbam.qc.ca\/fr\/activites\/karina-gauvin-et-marie-nicole-lemieux-divins-duos\/\" target=\"_blank\" rel=\"noopener\">D\u00c9TAILS ET BILLETS<\/a><\/p>\n<p>&nbsp;<\/p>\n<figure id=\"attachment_69781\" aria-describedby=\"caption-attachment-69781\" style=\"width: 1200px\" class=\"wp-caption aligncenter\"><img decoding=\"async\" loading=\"lazy\" class=\"size-full wp-image-69781\" src=\"https:\/\/www.ludwig-van.com\/montreal\/wp-content\/uploads\/sites\/3\/2022\/02\/Choeur-St-Laurent_Philippe-Bourque_CREDIT_TamPhotography-e1713206623339.jpg\" alt=\"Philippe Bourque, chef de choeur\" width=\"1200\" height=\"798\" \/><figcaption id=\"caption-attachment-69781\" class=\"wp-caption-text\">Philippe Bourque, chef du Ch\u0153ur St-Laurent. (Photo : Tam Photography)<\/figcaption><\/figure>\n<h3>L\u00e9gendes<\/h3>\n<p>Le Ch\u0153ur St-Laurent propose un concert d&rsquo;envergure r\u00e9unissant solistes, choeur et orchestre sur la scs\u00e8ne de la Maison symphonique dans un programme articul\u00e9 autour d&rsquo;\u0153uvres inspir\u00e9es de sagas et de l\u00e9gendes. Deux d&rsquo;entre elles seront interpr\u00e9t\u00e9es pour la premi\u00e8re fois au Canada, <em>Sn\u00f6frid<\/em> op. 29, de Sibelius, bas\u00e9e sur une ancienne saga scandinave, et <em>Switezianka<\/em> ou <em>La sir\u00e8ne du lac Svitez<\/em>, op. 44, de Rimski-Korsakov, inspir\u00e9e d\u2019une l\u00e9gende slave. Le programme est compl\u00e9t\u00e9 par <em>Die erste Walpurgisnacht<\/em> ou <em>La premi\u00e8re nuit de Walpurgis<\/em>, de Mendelssohn, bas\u00e9e sur des th\u00e8mes mythiques pa\u00efens.<\/p>\n<p>LE 20 AVRIL, 19 H 30, MAISON SYMPHONIQUE <a href=\"https:\/\/placedesarts.com\/fr\/evenement\/legendes\" target=\"_blank\" rel=\"noopener\">D\u00c9TAILS ET BILLETS<\/a><\/p>\n<p>&nbsp;<\/p>\n<figure id=\"attachment_66282\" aria-describedby=\"caption-attachment-66282\" style=\"width: 1200px\" class=\"wp-caption aligncenter\"><img decoding=\"async\" loading=\"lazy\" class=\"size-full wp-image-66282\" src=\"https:\/\/www.ludwig-van.com\/montreal\/wp-content\/uploads\/sites\/3\/2021\/03\/SMAM_C-Katya-Konioukhova-redim-1.jpg\" alt=\"\" width=\"1200\" height=\"800\" \/><figcaption id=\"caption-attachment-66282\" class=\"wp-caption-text\">Le Studio de musique ancienne de Montr\u00e9al. (Photo : Katya Konioukhova)<\/figcaption><\/figure>\n<h3>Ode \u00e0 la Terre avec le SMAM<\/h3>\n<p>Le <strong>Studio de musique ancienne de Montr\u00e9al<\/strong>, sous la direction d&rsquo;<strong>Andrew McAnerney<\/strong>, pr\u00e9sente un hommage musical \u00e0 notre plan\u00e8te pour souligner le Jour de la Terre ayant lieu le 22 avril. Des chants de la Renaissance \u00e9voquant les multiples merveilles de la nature sont combin\u00e9s avec une cr\u00e9ation du jeune compositeur <strong>Maurice-Gaston Du Berger<\/strong>. Celui-ci a choisi de mettre en musique un \u00e9mouvant po\u00e8me de la plume de la grande po\u00e8te innue <strong>Jos\u00e9phine Bacon<\/strong>.<\/p>\n<p>LE 21 AVRIL, 16 H, SALLE BOURGIE <a href=\"https:\/\/smamontreal.tuxedobillet.com\/main\/ode-a-la-terre?axeptio_token=um4m001mzsszebaoc1fykn\" target=\"_blank\" rel=\"noopener\">D\u00c9TAILS ET BILLETS<\/a><\/p>\n<p>&nbsp;<\/p>\n<figure id=\"attachment_51356\" aria-describedby=\"caption-attachment-51356\" style=\"width: 1024px\" class=\"wp-caption aligncenter\"><img decoding=\"async\" loading=\"lazy\" class=\"size-full wp-image-51356\" src=\"https:\/\/www.ludwig-van.com\/montreal\/wp-content\/uploads\/sites\/3\/2018\/02\/AndersonRoebyLisa-MarieMazzucco.jpg\" alt=\"Le duo Anderson &amp; Roe (Cr\u00e9dit : Lisa-Marie Mazzucco)\" width=\"1024\" height=\"709\" srcset=\"https:\/\/www.ludwig-van.com\/montreal\/wp-content\/uploads\/sites\/3\/2018\/02\/AndersonRoebyLisa-MarieMazzucco.jpg 1024w, https:\/\/www.ludwig-van.com\/montreal\/wp-content\/uploads\/sites\/3\/2018\/02\/AndersonRoebyLisa-MarieMazzucco-300x208.jpg 300w, https:\/\/www.ludwig-van.com\/montreal\/wp-content\/uploads\/sites\/3\/2018\/02\/AndersonRoebyLisa-MarieMazzucco-768x532.jpg 768w\" sizes=\"(max-width: 1024px) 100vw, 1024px\" \/><figcaption id=\"caption-attachment-51356\" class=\"wp-caption-text\">Le duo Anderson &amp; Roe (Cr\u00e9dit : Lisa-Marie Mazzucco)<\/figcaption><\/figure>\n<h3>Piano \u00e9lectrisant<\/h3>\n<div class=\"tribe-events-single-event-description tribe-events-content\">\n<div class=\"vc_row wpb_row section vc_row-fluid vc_inner vc_custom_1639504151609\">\n<div class=\" full_section_inner clearfix\">\n<div class=\"wpb_column vc_column_container vc_col-sm-12\">\n<div class=\"vc_column-inner\">\n<div class=\"wpb_wrapper\">\n<div class=\"wpb_text_column wpb_content_element \">\n<div class=\"wpb_wrapper\">\n<p>Reconnu pour ses performances \u00e9blouissantes, ses compositions originales et ses vid\u00e9oclips notoires, le duo de pianos <strong>Anderson &amp; Roe <\/strong>r\u00e9volutionne l\u2019exp\u00e9rience de la musique classique du 21e si\u00e8cle. D\u00e9crit comme \u00ab rock stars du monde de la musique classique \u00bb (Miami Herald), le duo <strong>Anderson &amp; Roe<\/strong> a pour mission de faire de la musique classique une force pertinente et puissante dans le monde entier. Ce dimanche \u00e0 la <strong>salle Pierre-Mercure<\/strong>, il pr\u00e9sente un programme flamboyant allant de Mozart \u00e0 John Lennon en passant par Star Wars de John Williams.<\/p>\n<p>LE 21 AVRIL, 15 H, SALLE PIERRE-MERCURE <a href=\"https:\/\/centrepierrepeladeau.tuxedobillet.com\/main\/piano-symphonique-anderson-et-roe\" target=\"_blank\" rel=\"noopener\">D\u00c9TAILS ET BILLETS<\/a><\/p>\n<\/div>\n<\/div>\n<\/div>\n<\/div>\n<\/div>\n<\/div>\n<\/div>\n<\/div>\n","protected":false},"excerpt":{"rendered":"<p>C&rsquo;est la p\u00e9riode d&rsquo;\u00e9closion de concerts! Humez leurs airs d\u00e9licieux!<\/p>\n","protected":false},"author":55,"featured_media":81089,"comment_status":"open","ping_status":"open","sticky":false,"template":"","format":"standard","meta":{"om_disable_all_campaigns":false,"jetpack_post_was_ever_published":false},"categories":[42107,10994],"tags":[42106,11882],"yst_prominent_words":[21236,21230,9878,9863,16845,18022,13120,13117,18277,18275,21231,20734,26052,9877,21882,33503,41393,26053,31964],"acf":[],"jetpack_featured_media_url":"https:\/\/www.ludwig-van.com\/montreal\/wp-content\/uploads\/sites\/3\/2024\/04\/Copie-de-CONCERTS11.jpg","jetpack_sharing_enabled":true,"jetpack_shortlink":"https:\/\/wp.me\/p9bdYt-l5O","amp_enabled":true,"_links":{"self":[{"href":"https:\/\/www.ludwig-van.com\/montreal\/wp-json\/wp\/v2\/posts\/81084"}],"collection":[{"href":"https:\/\/www.ludwig-van.com\/montreal\/wp-json\/wp\/v2\/posts"}],"about":[{"href":"https:\/\/www.ludwig-van.com\/montreal\/wp-json\/wp\/v2\/types\/post"}],"author":[{"embeddable":true,"href":"https:\/\/www.ludwig-van.com\/montreal\/wp-json\/wp\/v2\/users\/55"}],"replies":[{"embeddable":true,"href":"https:\/\/www.ludwig-van.com\/montreal\/wp-json\/wp\/v2\/comments?post=81084"}],"version-history":[{"count":11,"href":"https:\/\/www.ludwig-van.com\/montreal\/wp-json\/wp\/v2\/posts\/81084\/revisions"}],"predecessor-version":[{"id":81130,"href":"https:\/\/www.ludwig-van.com\/montreal\/wp-json\/wp\/v2\/posts\/81084\/revisions\/81130"}],"wp:featuredmedia":[{"embeddable":true,"href":"https:\/\/www.ludwig-van.com\/montreal\/wp-json\/wp\/v2\/media\/81089"}],"wp:attachment":[{"href":"https:\/\/www.ludwig-van.com\/montreal\/wp-json\/wp\/v2\/media?parent=81084"}],"wp:term":[{"taxonomy":"category","embeddable":true,"href":"https:\/\/www.ludwig-van.com\/montreal\/wp-json\/wp\/v2\/categories?post=81084"},{"taxonomy":"post_tag","embeddable":true,"href":"https:\/\/www.ludwig-van.com\/montreal\/wp-json\/wp\/v2\/tags?post=81084"},{"taxonomy":"yst_prominent_words","embeddable":true,"href":"https:\/\/www.ludwig-van.com\/montreal\/wp-json\/wp\/v2\/yst_prominent_words?post=81084"}],"curies":[{"name":"wp","href":"https:\/\/api.w.org\/{rel}","templated":true}]}}