{"id":80911,"date":"2024-04-08T14:55:20","date_gmt":"2024-04-08T18:55:20","guid":{"rendered":"https:\/\/www.ludwig-van.com\/montreal\/?p=80911"},"modified":"2024-04-08T20:29:36","modified_gmt":"2024-04-09T00:29:36","slug":"choix-de-la-redaction-une-fois-la-lumiere-revenue-nos-choix-de-la-redaction-du-8-au-14-avril","status":"publish","type":"post","link":"https:\/\/www.ludwig-van.com\/montreal\/2024\/04\/08\/choix-de-la-redaction-une-fois-la-lumiere-revenue-nos-choix-de-la-redaction-du-8-au-14-avril\/","title":{"rendered":"CHOIX DE LA R\u00c9DACTION | Une fois la lumi\u00e8re revenue : nos Choix de la r\u00e9daction du 8 au 14 avril"},"content":{"rendered":"<figure id=\"attachment_80917\" aria-describedby=\"caption-attachment-80917\" style=\"width: 1200px\" class=\"wp-caption aligncenter\"><img decoding=\"async\" loading=\"lazy\" class=\"size-full wp-image-80917\" src=\"https:\/\/www.ludwig-van.com\/montreal\/wp-content\/uploads\/sites\/3\/2024\/04\/Copie-de-CONCERTS8.jpg\" alt=\"Kent Nagano (Photo : courtoisie); Carmina Burana par Les Grands Ballets canadiens (Photo : Sasha Onyschchenko), Charles Richard-Hamelin et David Jalbert (Photo : courtoisie Salle Bourgie)\" width=\"1200\" height=\"628\" srcset=\"https:\/\/www.ludwig-van.com\/montreal\/wp-content\/uploads\/sites\/3\/2024\/04\/Copie-de-CONCERTS8.jpg 1200w, https:\/\/www.ludwig-van.com\/montreal\/wp-content\/uploads\/sites\/3\/2024\/04\/Copie-de-CONCERTS8-300x157.jpg 300w, https:\/\/www.ludwig-van.com\/montreal\/wp-content\/uploads\/sites\/3\/2024\/04\/Copie-de-CONCERTS8-1024x536.jpg 1024w, https:\/\/www.ludwig-van.com\/montreal\/wp-content\/uploads\/sites\/3\/2024\/04\/Copie-de-CONCERTS8-768x402.jpg 768w\" sizes=\"(max-width: 1200px) 100vw, 1200px\" \/><figcaption id=\"caption-attachment-80917\" class=\"wp-caption-text\">Kent Nagano (Photo : courtoisie); Carmina Burana par Les Grands Ballets canadiens (Photo : Sasha Onyschchenko), Charles Richard-Hamelin et David Jalbert (Photo : courtoisie Salle Bourgie)<\/figcaption><\/figure>\n<p><span style=\"color: #808080;\"><em><strong>Comme le soleil qui jaillit de nouveau de l&rsquo;ombre de la lune, la musique ne se laisse pas \u00e9clipser longtemps et brille inlassablement, comme en t\u00e9moignent chaque semaine nos Choix de la r\u00e9daction.<\/strong><\/em><\/span><\/p>\n<figure id=\"attachment_73925\" aria-describedby=\"caption-attachment-73925\" style=\"width: 942px\" class=\"wp-caption aligncenter\"><img decoding=\"async\" loading=\"lazy\" class=\"size-full wp-image-73925\" src=\"https:\/\/www.ludwig-van.com\/montreal\/wp-content\/uploads\/sites\/3\/2022\/11\/Kent-Nagano1.jpg\" alt=\"Kent Nagano revient diriger l'OSM dans un programme r\u00e9unissant Beethoven et Stravinsky. (Photo : courtoisie)\" width=\"942\" height=\"534\" \/><figcaption id=\"caption-attachment-73925\" class=\"wp-caption-text\">Kent Nagano revient diriger l&rsquo;OSM dans un programme r\u00e9unissant Beethoven et Stravinsky. (Photo : courtoisie)<\/figcaption><\/figure>\n<h3>Les Noces de Stravinsky dirig\u00e9es par Kent Nagano<\/h3>\n<p><strong>Kent Nagano<\/strong> retrouve l\u2019<strong>OSM<\/strong> avec deux compositeurs embl\u00e9matiques : Stravinsky et Beethoven. Ce dernier rompt avec le classicisme pour s\u2019engager dans la voie du romantisme avec la symphonie \u00ab H\u00e9ro\u00efque \u00bb, une partition \u00e0 port\u00e9e philosophique et politique. Quant \u00e0 Stravinsky, il renoue avec la tradition en s\u2019inspirant de textes et de m\u00e9lodies populaires russes pour composer<em> Les noces<\/em>, dont l\u2019incontestable originalit\u00e9 t\u00e9moigne de la vitalit\u00e9 cr\u00e9atrice du compositeur.<\/p>\n<p>LES 10, 11, 12 AVRIL, 19 H 30, MAISON SYMPHONIQUE <a href=\"https:\/\/www.osm.ca\/fr\/concert\/lheroique-symphonie-no-3-de-beethoven-par-kent-nagano\/\" target=\"_blank\" rel=\"noopener\">D\u00c9TAILS ET BILLETS<\/a><\/p>\n<p>&nbsp;<\/p>\n<figure id=\"attachment_80912\" aria-describedby=\"caption-attachment-80912\" style=\"width: 1200px\" class=\"wp-caption aligncenter\"><img decoding=\"async\" loading=\"lazy\" class=\"size-full wp-image-80912\" src=\"https:\/\/www.ludwig-van.com\/montreal\/wp-content\/uploads\/sites\/3\/2024\/04\/Charles-Richard-Hamelin-et-David-Jalbert-.png\" alt=\"Les pianistes Charles Richard-Hamelin et David Jalbert offrent un concert \u00e0 quatre mains. (Photo : site web de la salle Bourgie)\" width=\"1200\" height=\"897\" srcset=\"https:\/\/www.ludwig-van.com\/montreal\/wp-content\/uploads\/sites\/3\/2024\/04\/Charles-Richard-Hamelin-et-David-Jalbert-.png 1200w, https:\/\/www.ludwig-van.com\/montreal\/wp-content\/uploads\/sites\/3\/2024\/04\/Charles-Richard-Hamelin-et-David-Jalbert--300x224.png 300w, https:\/\/www.ludwig-van.com\/montreal\/wp-content\/uploads\/sites\/3\/2024\/04\/Charles-Richard-Hamelin-et-David-Jalbert--1024x765.png 1024w, https:\/\/www.ludwig-van.com\/montreal\/wp-content\/uploads\/sites\/3\/2024\/04\/Charles-Richard-Hamelin-et-David-Jalbert--768x574.png 768w\" sizes=\"(max-width: 1200px) 100vw, 1200px\" \/><figcaption id=\"caption-attachment-80912\" class=\"wp-caption-text\">Les pianistes Charles Richard-Hamelin et David Jalbert offrent un concert \u00e0 quatre mains. (Photo : site web de la salle Bourgie)<\/figcaption><\/figure>\n<h3>Deux pianistes, quatre mains, trois compositeurs<\/h3>\n<p>Parfois sur deux pianos, parfois sur un seul, <strong>Charles Richard-Hamelin<\/strong> et <strong>David Jalbert <\/strong>interpr\u00e9teront des \u0153uvres phares de la musique pour quatre mains, dont l\u2019\u00e9mouvante Fantaisie en <em>fa<\/em> mineur de Schubert. Mozart et Rachmaninov sont \u00e9galement au programme.<\/p>\n<p>LE 10 AVRIL, 19 H 30, SALLE BOURGIE <a href=\"https:\/\/www.mbam.qc.ca\/fr\/activites\/charles-richard-hamelin-et-david-jalbert-a-quatre-mains\/\">D\u00c9TAILS ET BILLETS<\/a><\/p>\n<p>&nbsp;<\/p>\n<figure id=\"attachment_65018\" aria-describedby=\"caption-attachment-65018\" style=\"width: 1200px\" class=\"wp-caption aligncenter\"><img decoding=\"async\" loading=\"lazy\" class=\"size-full wp-image-65018\" src=\"https:\/\/www.ludwig-van.com\/montreal\/wp-content\/uploads\/sites\/3\/2020\/09\/Bernard-Labadie-cr-Antoine-Saito.jpeg\" alt=\"Bernard Labadie dirigera les Violons du Roy et la Chapelle de Qu\u00e9bec \u00e0 Qu\u00e9bec et Montr\u00e9al. (Photo : Antoine Saito)\" width=\"1200\" height=\"800\" srcset=\"https:\/\/www.ludwig-van.com\/montreal\/wp-content\/uploads\/sites\/3\/2020\/09\/Bernard-Labadie-cr-Antoine-Saito.jpeg 1200w, https:\/\/www.ludwig-van.com\/montreal\/wp-content\/uploads\/sites\/3\/2020\/09\/Bernard-Labadie-cr-Antoine-Saito-300x200.jpeg 300w, https:\/\/www.ludwig-van.com\/montreal\/wp-content\/uploads\/sites\/3\/2020\/09\/Bernard-Labadie-cr-Antoine-Saito-1024x683.jpeg 1024w, https:\/\/www.ludwig-van.com\/montreal\/wp-content\/uploads\/sites\/3\/2020\/09\/Bernard-Labadie-cr-Antoine-Saito-768x512.jpeg 768w\" sizes=\"(max-width: 1200px) 100vw, 1200px\" \/><figcaption id=\"caption-attachment-65018\" class=\"wp-caption-text\">Bernard Labadie dirigera les Violons du Roy et la Chapelle de Qu\u00e9bec \u00e0 Qu\u00e9bec et Montr\u00e9al. (Photo : Antoine Saito)<\/figcaption><\/figure>\n<h3>Le Gloria de Vivaldi par Bernard Labadie<\/h3>\n<p>\u00c0 Qu\u00e9bec et \u00e0 Montr\u00e9al, les Violons du Roy et la Chapelle de Qu\u00e9bec pr\u00e9sentent le toujours fort appr\u00e9ci\u00e9 Gloria de Vivaldi sous la direction du chef qui a form\u00e9 leur identit\u00e9 musicale, Bernard Labadie. Le Magnificat du m\u00eame compositeur ainsi que des oeuvres chorales de Buxtehude et Carissimi sont \u00e9galement au programme, qui met en vedette les solistes Myriam Leblanc, Sheila Dietrich, Marie Magistry, Marie-Andr\u00e9e Mathieu, Philippe Gagn\u00e9, Jo\u00e9 Lampron-Dandonneau et Nathaniel Watson.<\/p>\n<p>LES 11 ET 12 AVRIL, PALAIS MONTCALM <a href=\"https:\/\/palaismontcalm-violonsduroy.tuxedobillet.com\/violonsduroy\/le-gloria-de-vivaldi-jeudi\" target=\"_blank\" rel=\"noopener\">D\u00c9TAILS ET BILLETS<\/a><\/p>\n<p>LE 13 AVRIL, 19 H 30, MAISON SYMPHONIQUE <a href=\"https:\/\/www.violonsduroy.com\/fr\/programmation\/saison-montreal\/2024-04-13_19h30_le-gloria-de-vivaldi-3021\/\" target=\"_blank\" rel=\"noopener\">D\u00c9TAILS ET BILLETS<\/a><\/p>\n<p>&nbsp;<\/p>\n<figure id=\"attachment_60792\" aria-describedby=\"caption-attachment-60792\" style=\"width: 1200px\" class=\"wp-caption aligncenter\"><img decoding=\"async\" loading=\"lazy\" class=\"size-full wp-image-60792\" src=\"https:\/\/www.ludwig-van.com\/montreal\/wp-content\/uploads\/sites\/3\/2019\/08\/Carmina-Burana-cr-Sasha-Onyschchenko-WEB.jpg\" alt=\"Carmina Burana chor\u00e9graphi\u00e9 par Edward Clug pr\u00e9sent\u00e9 aux GRands ballets canadiens\" width=\"1200\" height=\"534\" srcset=\"https:\/\/www.ludwig-van.com\/montreal\/wp-content\/uploads\/sites\/3\/2019\/08\/Carmina-Burana-cr-Sasha-Onyschchenko-WEB.jpg 1200w, https:\/\/www.ludwig-van.com\/montreal\/wp-content\/uploads\/sites\/3\/2019\/08\/Carmina-Burana-cr-Sasha-Onyschchenko-WEB-300x134.jpg 300w, https:\/\/www.ludwig-van.com\/montreal\/wp-content\/uploads\/sites\/3\/2019\/08\/Carmina-Burana-cr-Sasha-Onyschchenko-WEB-768x342.jpg 768w, https:\/\/www.ludwig-van.com\/montreal\/wp-content\/uploads\/sites\/3\/2019\/08\/Carmina-Burana-cr-Sasha-Onyschchenko-WEB-1024x456.jpg 1024w\" sizes=\"(max-width: 1200px) 100vw, 1200px\" \/><figcaption id=\"caption-attachment-60792\" class=\"wp-caption-text\">Les Grands Ballets Canadiens pr\u00e9sentent Carmina Burana. (Photo : Sasha Onyshchenko)<\/figcaption><\/figure>\n<h3>Carmina Burana chor\u00e9graphi\u00e9<\/h3>\n<p>L&rsquo;<strong>Orchestre des Grands Ballets canadiens<\/strong> sera plac\u00e9 sous la direction de <strong>Jean-Claude Picard<\/strong>, <a href=\"https:\/\/www.ludwig-van.com\/montreal\/2024\/04\/04\/nouvelle-jean-claude-picard-nouveau-chef-dorchestre-au-conservatoire-de-musique-de-quebec\/\" target=\"_blank\" rel=\"noopener\">nouvellement nomm\u00e9 au <strong>Conservatoire de musique de Qu\u00e9bec<\/strong><\/a>, pour fournir l&rsquo;indispensable trame sonore aux chor\u00e9graphies d&rsquo;<strong>Edward Clug<\/strong> et d&rsquo;<strong>Uwe Scholz<\/strong>, faisant danser la troupe des Grands ballets sur les c\u00e9l\u00e9brissimes Carmina Burana de Carl Orff et le Concerto dit Jeune homme de Mozart.<\/p>\n<p>LE 13 AVRIL, 14 H ET 20 H, LE 14 AVRIL 14 H, SALLE WILFRID-PELLETIER (autres repr\u00e9sentations disponibles) <a href=\"https:\/\/placedesarts.com\/fr\/evenement\/carmina-burana-grands-ballets\" target=\"_blank\" rel=\"noopener\">D\u00c9TAILS ET BILLETS<\/a><\/p>\n<p>&nbsp;<\/p>\n<figure id=\"attachment_59019\" aria-describedby=\"caption-attachment-59019\" style=\"width: 600px\" class=\"wp-caption aligncenter\"><img decoding=\"async\" loading=\"lazy\" class=\"size-full wp-image-59019\" src=\"https:\/\/www.ludwig-van.com\/montreal\/wp-content\/uploads\/sites\/3\/2019\/03\/ChdBP-31-mars-600.jpg\" alt=\"Duo Dyachkov-Saulnier\" width=\"600\" height=\"400\" srcset=\"https:\/\/www.ludwig-van.com\/montreal\/wp-content\/uploads\/sites\/3\/2019\/03\/ChdBP-31-mars-600.jpg 600w, https:\/\/www.ludwig-van.com\/montreal\/wp-content\/uploads\/sites\/3\/2019\/03\/ChdBP-31-mars-600-300x200.jpg 300w\" sizes=\"(max-width: 600px) 100vw, 600px\" \/><figcaption id=\"caption-attachment-59019\" class=\"wp-caption-text\">Jean Saulnier et Yegor Dyachkov. (Photo : courtoisie de la Chapelle historique).<\/figcaption><\/figure>\n<h3>R\u00e9cital violoncelle et piano<\/h3>\n<p>Le violoncelliste Yegor Dyachkov et le pianiste Jean Saulnier, deux fid\u00e8les collaborateurs de la Chapelle historique du Bon-Pasteur, ont une complicit\u00e9 m\u00fbrie par de longues ann\u00e9es de collaboration sur la sc\u00e8ne musicale. Ensemble, ils interpr\u00e8tent Beethoven, Faur\u00e9 et Brahms.<\/p>\n<p>LE 14 AVRIL, 15 H, CENTRE CANADIEN D&rsquo;ARCHITECTURE <a href=\"https:\/\/www.quartierdesspectacles.com\/fr\/activite\/37693\/yegor-dyachkov-et-jean-saulnier\" target=\"_blank\" rel=\"noopener\">D\u00c9TAILS ET BILLETS<\/a><\/p>\n<h2><em>Inscrivez-vous \u00e0 notre infolettre! La musique classique et l\u2019op\u00e9ra en 5 minutes, chaque jour<\/em> <a href=\"https:\/\/ludwig-van.us9.list-manage.com\/subscribe?u=4f785cb3f9058f2393ccad035&amp;id=b9b160c032\" target=\"_blank\" rel=\"noopener noreferrer\">ICI\u00a0<\/a><\/h2>\n","protected":false},"excerpt":{"rendered":"<p>Comme le soleil qui jaillit de nouveau de l&rsquo;ombre de la lune, la musique ne se laisse pas \u00e9clipser longtemps et brille inlassablement, comme en t\u00e9moignent chaque semaine nos Choix de la r\u00e9daction.<\/p>\n","protected":false},"author":55,"featured_media":80917,"comment_status":"open","ping_status":"open","sticky":false,"template":"","format":"standard","meta":{"om_disable_all_campaigns":false,"jetpack_post_was_ever_published":false},"categories":[42107,10994],"tags":[42106,18011,42198,2542],"yst_prominent_words":[9863,16845,18022,11450,18277,18275,21231,26052,25356,11449,11448,21882,26055,26053,26054],"acf":[],"jetpack_featured_media_url":"https:\/\/www.ludwig-van.com\/montreal\/wp-content\/uploads\/sites\/3\/2024\/04\/Copie-de-CONCERTS8.jpg","jetpack_sharing_enabled":true,"jetpack_shortlink":"https:\/\/wp.me\/p9bdYt-l31","amp_enabled":true,"_links":{"self":[{"href":"https:\/\/www.ludwig-van.com\/montreal\/wp-json\/wp\/v2\/posts\/80911"}],"collection":[{"href":"https:\/\/www.ludwig-van.com\/montreal\/wp-json\/wp\/v2\/posts"}],"about":[{"href":"https:\/\/www.ludwig-van.com\/montreal\/wp-json\/wp\/v2\/types\/post"}],"author":[{"embeddable":true,"href":"https:\/\/www.ludwig-van.com\/montreal\/wp-json\/wp\/v2\/users\/55"}],"replies":[{"embeddable":true,"href":"https:\/\/www.ludwig-van.com\/montreal\/wp-json\/wp\/v2\/comments?post=80911"}],"version-history":[{"count":4,"href":"https:\/\/www.ludwig-van.com\/montreal\/wp-json\/wp\/v2\/posts\/80911\/revisions"}],"predecessor-version":[{"id":80938,"href":"https:\/\/www.ludwig-van.com\/montreal\/wp-json\/wp\/v2\/posts\/80911\/revisions\/80938"}],"wp:featuredmedia":[{"embeddable":true,"href":"https:\/\/www.ludwig-van.com\/montreal\/wp-json\/wp\/v2\/media\/80917"}],"wp:attachment":[{"href":"https:\/\/www.ludwig-van.com\/montreal\/wp-json\/wp\/v2\/media?parent=80911"}],"wp:term":[{"taxonomy":"category","embeddable":true,"href":"https:\/\/www.ludwig-van.com\/montreal\/wp-json\/wp\/v2\/categories?post=80911"},{"taxonomy":"post_tag","embeddable":true,"href":"https:\/\/www.ludwig-van.com\/montreal\/wp-json\/wp\/v2\/tags?post=80911"},{"taxonomy":"yst_prominent_words","embeddable":true,"href":"https:\/\/www.ludwig-van.com\/montreal\/wp-json\/wp\/v2\/yst_prominent_words?post=80911"}],"curies":[{"name":"wp","href":"https:\/\/api.w.org\/{rel}","templated":true}]}}