{"id":80796,"date":"2024-04-01T14:29:07","date_gmt":"2024-04-01T18:29:07","guid":{"rendered":"https:\/\/www.ludwig-van.com\/montreal\/?p=80796"},"modified":"2024-04-02T14:00:01","modified_gmt":"2024-04-02T18:00:01","slug":"choix-de-la-redaction-21","status":"publish","type":"post","link":"https:\/\/www.ludwig-van.com\/montreal\/2024\/04\/01\/choix-de-la-redaction-21\/","title":{"rendered":"CHOIX DE LA R\u00c9DACTION | Ce n&rsquo;est pas un poisson d&rsquo;avril : encore une semaine de belle musique!"},"content":{"rendered":"<figure id=\"attachment_80808\" aria-describedby=\"caption-attachment-80808\" style=\"width: 1200px\" class=\"wp-caption aligncenter\"><img decoding=\"async\" loading=\"lazy\" class=\"wp-image-80808 size-full\" src=\"https:\/\/www.ludwig-van.com\/montreal\/wp-content\/uploads\/sites\/3\/2024\/04\/Copie-de-CONCERTS6.jpg\" alt=\"Stewart Goodyear; Trio Mirzoev-McConnell-Rivard-Landry; OSMose\" width=\"1200\" height=\"628\" srcset=\"https:\/\/www.ludwig-van.com\/montreal\/wp-content\/uploads\/sites\/3\/2024\/04\/Copie-de-CONCERTS6.jpg 1200w, https:\/\/www.ludwig-van.com\/montreal\/wp-content\/uploads\/sites\/3\/2024\/04\/Copie-de-CONCERTS6-300x157.jpg 300w, https:\/\/www.ludwig-van.com\/montreal\/wp-content\/uploads\/sites\/3\/2024\/04\/Copie-de-CONCERTS6-1024x536.jpg 1024w, https:\/\/www.ludwig-van.com\/montreal\/wp-content\/uploads\/sites\/3\/2024\/04\/Copie-de-CONCERTS6-768x402.jpg 768w\" sizes=\"(max-width: 1200px) 100vw, 1200px\" \/><figcaption id=\"caption-attachment-80808\" class=\"wp-caption-text\">Le pianiste Stewart Goodyear, le Trio Mirzoev-McConnell-Rivard-Landry et l&rsquo;OSM lors d&rsquo;un concert-famille OSMose (Photos : Anita Zvonar et courtoisie)<\/figcaption><\/figure>\n<p>&nbsp;<\/p>\n<p><em><strong>On ne vous raconte pas de balivernes : du piano seul \u00e0 la musique symphonique de la Sinfonia de Montr\u00e9al ou de l&rsquo;OSM, en passant par le trio ou par des m\u00e9lodies iraniennes, nos sc\u00e8nes montr\u00e9alaises regorgent encore une fois d&rsquo;exp\u00e9riences musicales \u00e0 ne pas manquer.<\/strong><\/em><\/p>\n<p>&nbsp;<\/p>\n<figure id=\"attachment_79687\" aria-describedby=\"caption-attachment-79687\" style=\"width: 1200px\" class=\"wp-caption aligncenter\"><img decoding=\"async\" loading=\"lazy\" class=\"size-full wp-image-79687\" src=\"https:\/\/www.ludwig-van.com\/montreal\/wp-content\/uploads\/sites\/3\/2024\/01\/Trio-Mirzoev_McConnell_Rivard-Landry_nb_resized.jpg\" alt=\"Le trio form\u00e9 de Julia Mirzoev, Braden McConnell et Antoine Rivard-Landry (Photo : courtoisie Pro musica)\" width=\"1200\" height=\"1200\" srcset=\"https:\/\/www.ludwig-van.com\/montreal\/wp-content\/uploads\/sites\/3\/2024\/01\/Trio-Mirzoev_McConnell_Rivard-Landry_nb_resized.jpg 1200w, https:\/\/www.ludwig-van.com\/montreal\/wp-content\/uploads\/sites\/3\/2024\/01\/Trio-Mirzoev_McConnell_Rivard-Landry_nb_resized-300x300.jpg 300w, https:\/\/www.ludwig-van.com\/montreal\/wp-content\/uploads\/sites\/3\/2024\/01\/Trio-Mirzoev_McConnell_Rivard-Landry_nb_resized-1024x1024.jpg 1024w, https:\/\/www.ludwig-van.com\/montreal\/wp-content\/uploads\/sites\/3\/2024\/01\/Trio-Mirzoev_McConnell_Rivard-Landry_nb_resized-150x150.jpg 150w, https:\/\/www.ludwig-van.com\/montreal\/wp-content\/uploads\/sites\/3\/2024\/01\/Trio-Mirzoev_McConnell_Rivard-Landry_nb_resized-768x768.jpg 768w\" sizes=\"(max-width: 1200px) 100vw, 1200px\" \/><figcaption id=\"caption-attachment-79687\" class=\"wp-caption-text\">Le trio form\u00e9 de Julia Mirzoev, Braden McConnell et Antoine Rivard-Landry (Photo : courtoisie Pro musica)<\/figcaption><\/figure>\n<p>&nbsp;<\/p>\n<h3>Beethoven en trio avec Julia Mirzoev, Braden McConnell et Antoine Rivard-Landry<\/h3>\n<p>Le trio form\u00e9 de <strong>Julia Mirzoev<\/strong>, violon, <strong>Braden McConnell<\/strong>, violoncelliste et d&rsquo;<strong>Antoine Rivard-Landry<\/strong>, pianiste, jouera des transcriptions de mouvements de symphonies de Beethoven ainsi que le Trio no 1 d&rsquo;Anton Arensky.<\/p>\n<p>LE 3 AVRIL, 12 H 10, SALLE CLAUDE-L\u00c9VEILL\u00c9E <a href=\"https:\/\/promusica.qc.ca\/programmation\/melodines\/\" target=\"_blank\" rel=\"noopener\">D\u00c9TAILS ET BILLETS<\/a><\/p>\n<p>&nbsp;<\/p>\n<figure id=\"attachment_78829\" aria-describedby=\"caption-attachment-78829\" style=\"width: 800px\" class=\"wp-caption aligncenter\"><img decoding=\"async\" loading=\"lazy\" class=\"size-full wp-image-78829\" src=\"https:\/\/www.ludwig-van.com\/montreal\/wp-content\/uploads\/sites\/3\/2023\/11\/Bahar-Harandi.png\" alt=\"\" width=\"800\" height=\"1200\" srcset=\"https:\/\/www.ludwig-van.com\/montreal\/wp-content\/uploads\/sites\/3\/2023\/11\/Bahar-Harandi.png 800w, https:\/\/www.ludwig-van.com\/montreal\/wp-content\/uploads\/sites\/3\/2023\/11\/Bahar-Harandi-200x300.png 200w, https:\/\/www.ludwig-van.com\/montreal\/wp-content\/uploads\/sites\/3\/2023\/11\/Bahar-Harandi-683x1024.png 683w, https:\/\/www.ludwig-van.com\/montreal\/wp-content\/uploads\/sites\/3\/2023\/11\/Bahar-Harandi-768x1152.png 768w\" sizes=\"(max-width: 800px) 100vw, 800px\" \/><figcaption id=\"caption-attachment-78829\" class=\"wp-caption-text\">Bahar Harandi<\/figcaption><\/figure>\n<h3>Femmes iraniennes : un vent de libert\u00e9<\/h3>\n<p><strong>Bahar<\/strong> <strong>Harandi<\/strong>, soprano d&rsquo;origine iranienne gradu\u00e9e du Conservatoire de musique de Montr\u00e9al, rend hommage aux femmes iraniennes avec l&rsquo;aide d&rsquo;<strong>Amir Eslami <\/strong>au ney, de Hooshyar<strong> Khayam\u00a0<\/strong> au piano et de<strong> Saba Yousefi <\/strong>au violon. Des oeuvres d&rsquo;Amir Eslami, Hooshyar Khayam et Aida Shirazi contribueront \u00e0 nous faire d\u00e9couvrir la riche cr\u00e9ation musicale de ce pays du Moyen-Orient.<\/p>\n<p>LE 2 AVRIL, 19 H 30, SALLE BOURGIE <a href=\"https:\/\/www.mbam.qc.ca\/fr\/activites\/femmes-iraniennes-un-vent-de-liberte\/\" target=\"_blank\" rel=\"noopener\">D\u00c9TAILS ET BILLETS<\/a><\/p>\n<p>&nbsp;<\/p>\n<figure id=\"attachment_68608\" aria-describedby=\"caption-attachment-68608\" style=\"width: 1200px\" class=\"wp-caption aligncenter\"><img decoding=\"async\" loading=\"lazy\" class=\"size-full wp-image-68608\" src=\"https:\/\/www.ludwig-van.com\/montreal\/wp-content\/uploads\/sites\/3\/2021\/11\/IsabellaDP_credit_Sebastien-SauvageSt-Andre-Management-1200.jpg\" alt=\"Isabella D'\u00c9loize Perron, violoniste. (Photo: S\u00e9bastien Sauvage)\" width=\"1200\" height=\"1800\" \/><figcaption id=\"caption-attachment-68608\" class=\"wp-caption-text\">Isabella D&rsquo;\u00c9loize Perron, violoniste. (Photo : S\u00e9bastien Sauvage)<\/figcaption><\/figure>\n<h3>Isabella d&rsquo;\u00c9loize Perron dans Les Quatre Saisons de Vivaldi et de Piazzolla<\/h3>\n<p>Isabella d&rsquo;\u00c9loize Perron et le chef d&rsquo;orchestre Francis Choini\u00e8re reprennent leur collaboration autour des Quatre Saisons de Vivaldi et de Piazzolla, qui les m\u00e8nera de Qu\u00e9bec et Montr\u00e9al \u00e0 New York, Boston, Calgary et Vancouver.<\/p>\n<p>LES 3 ET 4 AVRIL, 19 H 30, PALAIS MONTCALM <a href=\"https:\/\/www.palaismontcalm.ca\/concert-spectacle-quebec\/les-quatre-saisons-de-vivaldi\/\" target=\"_blank\" rel=\"noopener\">D\u00c9TAILS ET BILLETS<\/a><\/p>\n<p>LES 5 ET 6 AVRIL, 19 H 30, MAISON SYMPHONIQUE D\u00c9TAILS ET BILLETS<\/p>\n<p>&nbsp;<\/p>\n<figure id=\"attachment_78845\" aria-describedby=\"caption-attachment-78845\" style=\"width: 1200px\" class=\"wp-caption aligncenter\"><img decoding=\"async\" loading=\"lazy\" class=\"size-full wp-image-78845\" src=\"https:\/\/www.ludwig-van.com\/montreal\/wp-content\/uploads\/sites\/3\/2023\/11\/Alexander-Kashpurin.png\" alt=\"Les pianistes Alexander Kashpurin (photo) et Illia Ovcharenko proposent trois r\u00e9citals de musique pour piano de Rachmaninov. (Photo : courtoisie)\" width=\"1200\" height=\"825\" srcset=\"https:\/\/www.ludwig-van.com\/montreal\/wp-content\/uploads\/sites\/3\/2023\/11\/Alexander-Kashpurin.png 1200w, https:\/\/www.ludwig-van.com\/montreal\/wp-content\/uploads\/sites\/3\/2023\/11\/Alexander-Kashpurin-300x206.png 300w, https:\/\/www.ludwig-van.com\/montreal\/wp-content\/uploads\/sites\/3\/2023\/11\/Alexander-Kashpurin-1024x704.png 1024w, https:\/\/www.ludwig-van.com\/montreal\/wp-content\/uploads\/sites\/3\/2023\/11\/Alexander-Kashpurin-768x528.png 768w\" sizes=\"(max-width: 1200px) 100vw, 1200px\" \/><figcaption id=\"caption-attachment-78845\" class=\"wp-caption-text\">Les pianistes Alexander Kashpurin (photo) et Illia Ovcharenko proposent trois r\u00e9citals de musique pour piano de Rachmaninov. (Photo : courtoisie)<\/figcaption><\/figure>\n<h3>Hommage \u00e0 Rachmaninov en trois concerts de piano<\/h3>\n<p>Deux pianistes d&rsquo;exception, <strong>Illia Ovcharenko<\/strong> et <strong>Alexander Kashpurin<\/strong>, pr\u00e9sentent la musique pour piano de Rachmaninov en trois concerts : chaque pianiste offre un r\u00e9cital en solo samedi, alors que la derni\u00e8re s\u00e9ance, dimanche apr\u00e8s-midi, est consacr\u00e9e \u00e0 la Suite pour deux pianos \u00ab\u00a0Fantaisie-tableaux\u00a0\u00bb ainsi qu&rsquo;\u00e0 une transcription pour deux pianos de la Troisi\u00e8me symphonie.<\/p>\n<p>LE 6 AVRIL, 16 H 30 ET 19 H 30, ET LE 7 AVRIL, 14 H 30, SALLE BOURGIE <a href=\"https:\/\/www.mbam.qc.ca\/fr\/activites\/illia-ovcharenko-piano-hommage-a-rachmaninov-concert-1\/\" target=\"_blank\" rel=\"noopener\">D\u00c9TAILS ET BILLETS<\/a><\/p>\n<p><img decoding=\"async\" loading=\"lazy\" class=\"aligncenter size-full wp-image-80797\" src=\"https:\/\/www.ludwig-van.com\/montreal\/wp-content\/uploads\/sites\/3\/2024\/03\/Sinfonia_Ludwig_590x300-Concert6avril@2x.png\" alt=\"\" width=\"1181\" height=\"601\" srcset=\"https:\/\/www.ludwig-van.com\/montreal\/wp-content\/uploads\/sites\/3\/2024\/03\/Sinfonia_Ludwig_590x300-Concert6avril@2x.png 1181w, https:\/\/www.ludwig-van.com\/montreal\/wp-content\/uploads\/sites\/3\/2024\/03\/Sinfonia_Ludwig_590x300-Concert6avril@2x-300x153.png 300w, https:\/\/www.ludwig-van.com\/montreal\/wp-content\/uploads\/sites\/3\/2024\/03\/Sinfonia_Ludwig_590x300-Concert6avril@2x-1024x521.png 1024w, https:\/\/www.ludwig-van.com\/montreal\/wp-content\/uploads\/sites\/3\/2024\/03\/Sinfonia_Ludwig_590x300-Concert6avril@2x-768x391.png 768w\" sizes=\"(max-width: 1181px) 100vw, 1181px\" \/><\/p>\n<h3>Un concert passionn\u00e9ment romantique avec Sinfonia de Montr\u00e9al<\/h3>\n<p>Sous la direction de Louis Lavigueur, d\u00e9couvrez la virtuosit\u00e9 de Phillip Shi, Laur\u00e9at 2023 du Festival et Concours de Lanaudi\u00e8re, dans le premeir mouvement du Concerto pour piano no. 3 de Prokofiev, et plongez dans l&rsquo;univers romantique des symphonies de Schumann et Brahms.<\/p>\n<p>LE 6 AVRIL, 19 H 30, SALLE CLAUDE-CHAMPAGNE <a href=\"https:\/\/www.sinfoniamtl.com\/billetterie-2023-2024-2\" target=\"_blank\" rel=\"noopener\">D\u00c9TAILS ET BILLETS<\/a><\/p>\n<p>&nbsp;<\/p>\n<p><img decoding=\"async\" loading=\"lazy\" class=\"aligncenter size-full wp-image-77542\" src=\"https:\/\/www.ludwig-van.com\/montreal\/wp-content\/uploads\/sites\/3\/2023\/08\/Osmose.jpg\" alt=\"\" width=\"1200\" height=\"381\" srcset=\"https:\/\/www.ludwig-van.com\/montreal\/wp-content\/uploads\/sites\/3\/2023\/08\/Osmose.jpg 1200w, https:\/\/www.ludwig-van.com\/montreal\/wp-content\/uploads\/sites\/3\/2023\/08\/Osmose-300x95.jpg 300w, https:\/\/www.ludwig-van.com\/montreal\/wp-content\/uploads\/sites\/3\/2023\/08\/Osmose-1024x325.jpg 1024w, https:\/\/www.ludwig-van.com\/montreal\/wp-content\/uploads\/sites\/3\/2023\/08\/Osmose-768x244.jpg 768w\" sizes=\"(max-width: 1200px) 100vw, 1200px\" \/><\/p>\n<h3>Concert famille de l&rsquo;OSM<\/h3>\n<p>Avec le concert OSMose, d\u00e9couvrez l\u2019orchestre symphonique, ses familles d\u2019instruments et la mani\u00e8re dont la musique g\u00e9n\u00e8re des \u00e9motions en nous. Ce concert, con\u00e7u comme une performance relax\u00e9e, permettra aux petits comme aux grands de vivre une exp\u00e9rience musicale inclusive respectant les besoins particuliers de chacun. Public cible : 7-12 ans, concert adapt\u00e9 aux enfants \u00e0 besoins particuliers.<\/p>\n<p>LE 7 AVRIL, 14 H, MAISON SYMPHONIQUE <a href=\"https:\/\/www.osm.ca\/fr\/concert\/osmose\" target=\"_blank\" rel=\"noopener\">D\u00c9TAILS ET BILLETS<\/a><\/p>\n<p>&nbsp;<\/p>\n<figure id=\"attachment_76372\" aria-describedby=\"caption-attachment-76372\" style=\"width: 1200px\" class=\"wp-caption aligncenter\"><img decoding=\"async\" loading=\"lazy\" class=\"size-full wp-image-76372\" src=\"https:\/\/www.ludwig-van.com\/montreal\/wp-content\/uploads\/sites\/3\/2017\/12\/Stewart-GoodyearA\u00a9Anita-Zvonar.jpg\" alt=\"Stewart Goodyear (Photo : Anita Zvonar)\" width=\"1200\" height=\"794\" \/><figcaption id=\"caption-attachment-76372\" class=\"wp-caption-text\">Stewart Goodyear (Photo : Anita Zvonar)<\/figcaption><\/figure>\n<h3>S&rsquo;affranchir des murs avec Stewart Goodyear<\/h3>\n<p class=\"\">Pianiste, improvisateur et compositeur canadien, <strong>Stewart Goodyear<\/strong> multiplie les projets musicaux visionnaires et innovants. Pour son troisi\u00e8me engagement au Ladies&rsquo; Morning Musical Club, il ouvrira son r\u00e9cital\u00a0 par une de ses propres oeuvres, intitul\u00e9e <em>Mending Wall<\/em>. Inspir\u00e9e d&rsquo;un po\u00e8me du m\u00eame titre par Robert Frost, l&rsquo;oeuvre interroge notre rapport aux murs \u00e9rig\u00e9s pendant les confinements pand\u00e9miques, \u00e0 la fois protection et contrainte. Les deux autres oeuvres au programme sont la Cinqui\u00e8me Suite fran\u00e7aise de Bach et les Variations Diabelli de Beethoven.<\/p>\n<p>LE 7 AVRIL, 15 H 30, SALLE POLLACK <a href=\"https:\/\/www.lmmc.ca\/fr\/stewartgoodyear\" target=\"_blank\" rel=\"noopener\">D\u00c9TAILS ET BILLETS<\/a><\/p>\n<h2><em>Inscrivez-vous \u00e0 notre infolettre! La musique classique et l\u2019op\u00e9ra en 5 minutes, chaque jour<\/em> <a href=\"https:\/\/ludwig-van.us9.list-manage.com\/subscribe?u=4f785cb3f9058f2393ccad035&amp;id=b9b160c032\" target=\"_blank\" rel=\"noopener noreferrer\">ICI\u00a0<\/a><\/h2>\n<p>&nbsp;<\/p>\n<p class=\"\">\n","protected":false},"excerpt":{"rendered":"<p>On ne vous raconte pas de balivernes : du piano seul \u00e0 la musique symphonique de la Sinfonia de Montr\u00e9al ou de l&rsquo;OSM, en passant par le trio ou par des m\u00e9lodies iraniennes, nos sc\u00e8nes montr\u00e9alaises regorgent encore une fois d&rsquo;exp\u00e9riences musicales \u00e0 ne pas manquer.<\/p>\n","protected":false},"author":55,"featured_media":80808,"comment_status":"open","ping_status":"open","sticky":false,"template":"","format":"standard","meta":{"om_disable_all_campaigns":false,"jetpack_post_was_ever_published":false},"categories":[42107,10994],"tags":[42106,11882,41949,36977],"yst_prominent_words":[9863,13120,33504,18277,18275,20734,26052,9877,13123,13119,33503,26053,31964],"acf":[],"jetpack_featured_media_url":"https:\/\/www.ludwig-van.com\/montreal\/wp-content\/uploads\/sites\/3\/2024\/04\/Copie-de-CONCERTS6.jpg","jetpack_sharing_enabled":true,"jetpack_shortlink":"https:\/\/wp.me\/p9bdYt-l1a","amp_enabled":true,"_links":{"self":[{"href":"https:\/\/www.ludwig-van.com\/montreal\/wp-json\/wp\/v2\/posts\/80796"}],"collection":[{"href":"https:\/\/www.ludwig-van.com\/montreal\/wp-json\/wp\/v2\/posts"}],"about":[{"href":"https:\/\/www.ludwig-van.com\/montreal\/wp-json\/wp\/v2\/types\/post"}],"author":[{"embeddable":true,"href":"https:\/\/www.ludwig-van.com\/montreal\/wp-json\/wp\/v2\/users\/55"}],"replies":[{"embeddable":true,"href":"https:\/\/www.ludwig-van.com\/montreal\/wp-json\/wp\/v2\/comments?post=80796"}],"version-history":[{"count":10,"href":"https:\/\/www.ludwig-van.com\/montreal\/wp-json\/wp\/v2\/posts\/80796\/revisions"}],"predecessor-version":[{"id":80819,"href":"https:\/\/www.ludwig-van.com\/montreal\/wp-json\/wp\/v2\/posts\/80796\/revisions\/80819"}],"wp:featuredmedia":[{"embeddable":true,"href":"https:\/\/www.ludwig-van.com\/montreal\/wp-json\/wp\/v2\/media\/80808"}],"wp:attachment":[{"href":"https:\/\/www.ludwig-van.com\/montreal\/wp-json\/wp\/v2\/media?parent=80796"}],"wp:term":[{"taxonomy":"category","embeddable":true,"href":"https:\/\/www.ludwig-van.com\/montreal\/wp-json\/wp\/v2\/categories?post=80796"},{"taxonomy":"post_tag","embeddable":true,"href":"https:\/\/www.ludwig-van.com\/montreal\/wp-json\/wp\/v2\/tags?post=80796"},{"taxonomy":"yst_prominent_words","embeddable":true,"href":"https:\/\/www.ludwig-van.com\/montreal\/wp-json\/wp\/v2\/yst_prominent_words?post=80796"}],"curies":[{"name":"wp","href":"https:\/\/api.w.org\/{rel}","templated":true}]}}