{"id":80631,"date":"2024-03-21T21:04:22","date_gmt":"2024-03-22T01:04:22","guid":{"rendered":"https:\/\/www.ludwig-van.com\/montreal\/?p=80631"},"modified":"2024-03-23T14:00:02","modified_gmt":"2024-03-23T18:00:02","slug":"nouvelle-le-toronto-consort-annonce-le-report-de-ses-concerts-de-fin-de-saison","status":"publish","type":"post","link":"https:\/\/www.ludwig-van.com\/montreal\/2024\/03\/21\/nouvelle-le-toronto-consort-annonce-le-report-de-ses-concerts-de-fin-de-saison\/","title":{"rendered":"NOUVELLE | Le Toronto Consort annonce le report de ses concerts de fin de saison"},"content":{"rendered":"<figure id=\"attachment_80634\" aria-describedby=\"caption-attachment-80634\" style=\"width: 1200px\" class=\"wp-caption aligncenter\"><img decoding=\"async\" loading=\"lazy\" class=\"size-full wp-image-80634\" src=\"https:\/\/www.ludwig-van.com\/montreal\/wp-content\/uploads\/sites\/3\/2024\/03\/Copie-de-NOUVELLE13.jpg\" alt=\"Hans Holbein le Jeune, D\u00e9tail du\u00a0Double portrait de Jean de Dinteville et de Georges de Selve, intitul\u00e9 Les Ambassadeurs, (1533)\u00a0huile et\u00a0tempera\u00a0sur panneau de ch\u00eane,\u00a0National Gallery, Londres (domaine public)\" width=\"1200\" height=\"628\" srcset=\"https:\/\/www.ludwig-van.com\/montreal\/wp-content\/uploads\/sites\/3\/2024\/03\/Copie-de-NOUVELLE13.jpg 1200w, https:\/\/www.ludwig-van.com\/montreal\/wp-content\/uploads\/sites\/3\/2024\/03\/Copie-de-NOUVELLE13-300x157.jpg 300w, https:\/\/www.ludwig-van.com\/montreal\/wp-content\/uploads\/sites\/3\/2024\/03\/Copie-de-NOUVELLE13-1024x536.jpg 1024w, https:\/\/www.ludwig-van.com\/montreal\/wp-content\/uploads\/sites\/3\/2024\/03\/Copie-de-NOUVELLE13-768x402.jpg 768w\" sizes=\"(max-width: 1200px) 100vw, 1200px\" \/><figcaption id=\"caption-attachment-80634\" class=\"wp-caption-text\">Hans Holbein le Jeune, d\u00e9tail du Double portrait de Jean de Dinteville et de Georges de Selve, intitul\u00e9 Les Ambassadeurs, (1533); huile et tempera sur panneau de ch\u00eane, National Gallery, Londres (domaine public)<\/figcaption><\/figure>\n<p><span style=\"color: #808080\"><em><strong>Le Toronto Consort, ensemble sp\u00e9cialis\u00e9 en musique ancienne, annonce le report de ses deux derniers concerts de la saison en cours, pr\u00e9vus en avril et en mai 2024, \u00e0 la prochaine saison.<\/strong><\/em><\/span><\/p>\n<p>Dans un communiqu\u00e9 publi\u00e9 sur son site web, le <em><strong>Toronto Consort<\/strong><\/em> explique cette d\u00e9cision en s&rsquo;appuyant sur la \u00ab\u00a0prudence financi\u00e8re et l&rsquo;engagement communautaire\u00a0\u00bb.<\/p>\n<h3>Le probl\u00e8me post-pand\u00e9mique<\/h3>\n<p>Comme la plupart des autres organismes artistiques, le <em>Toronto Consort<\/em> est confront\u00e9 \u00e0 un ensemble de circonstances d\u00e9l\u00e9t\u00e8res \u00e0 la suite de la pand\u00e9mie. Durant celle-ci, les revenus de billetterie ont \u00e9videmment chut\u00e9 dramatiquement, alors que les d\u00e9penses d&rsquo;op\u00e9ration n&rsquo;ont au contraire pas baiss\u00e9, d&rsquo;autant plus que les organismes ont d\u00fb engager des co\u00fbts pour produire des \u00e9v\u00e9nements en ligne. Depuis la reprise des activit\u00e9s, les ventes de billets tardent \u00e0 remonter \u00e0 leur niveau pr\u00e9-pand\u00e9mique, tandis que le soutien gouvernemental d&rsquo;urgence a cess\u00e9 et que m\u00eame les subventions r\u00e9guli\u00e8res ne r\u00e9ussissent plus \u00e0 couvrir les m\u00eames d\u00e9penses comme auparavant d\u00fb \u00e0 l&rsquo;inflation.<\/p>\n<p>Cela met une contrainte sur les finances de l&rsquo;organisation. Ajoutez \u00e0 cela un climat changeant pour le financement par subventions, et les r\u00e9sultats se font sentir dans toute l&rsquo;Am\u00e9rique du Nord et au Royaume-Uni, o\u00f9 de nombreux orchestres et autres organisations de longue date ferment d\u00e9finitivement leurs portes.<\/p>\n<h3><em>Toronto Consort<\/em><\/h3>\n<p>En prenant la d\u00e9cision proactive de reporter les prochains spectacles, le <em>Toronto Consort<\/em> esp\u00e8re \u00e9tablir une base plus solide pour sa saison 2024-2025.<\/p>\n<p>\u00ab\u00a0Bien que difficile, cette mesure proactive nous permet de viser la s\u00e9curit\u00e9 financi\u00e8re et de pr\u00e9senter une saison 2024-2025 attrayante. En nous accordant ce hiatus, nous pourrons entretenir des partenariats pr\u00e9cieux et \u00e9laborer des exp\u00e9riences qui r\u00e9sonneront vraiment avec notre communaut\u00e9,\u00a0\u00bb indique le communiqu\u00e9.<\/p>\n<p>Le <em>Toronto Consort<\/em> cite les mesures qui ont \u00e9t\u00e9 prises jusqu&rsquo;\u00e0 pr\u00e9sent dans le but de construire cette stabilit\u00e9 future, y compris une r\u00e9duction du d\u00e9ficit de 87 % et le remboursement d&rsquo;un pr\u00eat f\u00e9d\u00e9ral de 60 000 $.<\/p>\n<p>Cette refonte des op\u00e9rations m\u00e8ne \u00e9galement \u00e0 la fermeture de <em>Early Music TV<\/em>, leur service de diffusion vid\u00e9o sur demande, \u00e0 partir du 31 ao\u00fbt 2024. Le <em>Toronto Consort<\/em> ne ferme cependant pas enti\u00e8rement la porte aux offres num\u00e9riques, ce que des annonces prochaines devraient confirmer.<\/p>\n<h3>D\u00e9tenteurs de billets<\/h3>\n<p>Les d\u00e9tenteurs de billets pour les spectacles d&rsquo;avril et de mai recevront un cr\u00e9dit, qui pourra \u00eatre utilis\u00e9 pour des billets futurs ou offert au <em>Toronto Consort<\/em> avec un re\u00e7u de don de bienfaisance. Plus d&rsquo;informations (en anglais) disponibles <a href=\"https:\/\/www.torontoconsort.org\/2324-postponement-announcement\/\" target=\"_blank\" rel=\"noopener\">ici<\/a>.<\/p>\n<h3>Quelques bonnes nouvelles&#8230;<\/h3>\n<p>Les amateurs de musique ancienne pourront toujours profiter des prestations et des \u00e9v\u00e9nements du <em>Toronto Consort<\/em>, en personne et en ligne, gr\u00e2ce \u00e0 des partenariats avec <em>Charitable Gaming<\/em>, la s\u00e9rie de concerts gratuits de la <em>Canadian Opera Company<\/em> et l&rsquo;\u00c9glise du Saint-Sacrement. Cela inclut :<\/p>\n<ul>\n<li>le retour de la s\u00e9rie \u00e9ducative <em>Explorer<\/em> sur une base mensuelle \u00e0 partir du mois d&rsquo;avril et se poursuivant en 2024-2025;<\/li>\n<li>le 3 mai \u00e0 19 h 30 : <em>A Plethora of Pipes<\/em> : un mini-concert en partenariat avec l&rsquo;\u00c9glise du Saint-Sacrement;<\/li>\n<li>le 21 mai \u00e0 12 h : un concert-midi gratuit mettant en vedette <strong>Alison Melville<\/strong>, <strong>Martin Gomes<\/strong> et <strong>Felix Deak<\/strong> \u00e0 l&rsquo;<strong>Amphith\u00e9\u00e2tre Richard-Bradshaw<\/strong> de la <strong><em>Canadian Opera Company<\/em><\/strong>, ainsi qu&rsquo;une reprise de ce concert \u00e0 un emplacement \u00e0 confirmer.<\/li>\n<\/ul>\n<p>Comme le conclut leur communiqu\u00e9 :<\/p>\n<p>\u00ab\u00a0L&rsquo;histoire de la musique ancienne regorge de compositeurs et de musiciens qui ont affront\u00e9 et surmont\u00e9 des d\u00e9fis incroyables dans l&rsquo;exercice de leur art. Nous sommes donc en bonne compagnie tandis que nous naviguons \u00e0 travers ces obstacles contemporains.\u00a0\u00bb<\/p>\n<p>La famille Ludwig van souhaite au <em>Toronto Consort<\/em> beaucoup de succ\u00e8s dans leur r\u00e9flexion pour repenser la saison 2024\/25. Nul doute que les ensembles montr\u00e9alais du milieu de la musique ancienne suivront d&rsquo;un oeil attentif les d\u00e9veloppements \u00e0 venir chez leurs coll\u00e8gues de Toronto.<\/p>\n<p><em>Cet article d&rsquo;Anya Wassenberg <a href=\"https:\/\/www.ludwig-van.com\/toronto\/2024\/03\/21\/scoop-toronto-consort-announce-2023-24-concert-postponements\/\" target=\"_blank\" rel=\"noopener\">est paru en anglais sur Ludwig van Toronto<\/a>. Il a \u00e9t\u00e9 traduit et adapt\u00e9 par B\u00e9atrice Cadrin pour Ludwig van Montr\u00e9al.<\/em><\/p>\n<h2><em>Inscrivez-vous \u00e0 notre infolettre! La musique classique et l\u2019op\u00e9ra en 5 minutes, chaque jour<\/em>\u00a0\u00a0<a href=\"https:\/\/ludwig-van.us9.list-manage.com\/subscribe?u=4f785cb3f9058f2393ccad035&amp;id=b9b160c032\" target=\"_blank\" rel=\"noopener noreferrer\">ICI\u00a0<\/a><\/h2>\n","protected":false},"excerpt":{"rendered":"<p>Le Toronto Consort, ensemble sp\u00e9cialis\u00e9 en musique ancienne, a annonc\u00e9 le report de ses deux derniers concerts de la saison en cours \u00e0 la prochaine 2024-2025. L&rsquo;annonce concerne les concerts pr\u00e9vus en avril et en mai 2024.<\/p>\n","protected":false},"author":64,"featured_media":80634,"comment_status":"open","ping_status":"open","sticky":false,"template":"","format":"standard","meta":{"om_disable_all_campaigns":false,"jetpack_post_was_ever_published":false},"categories":[42107,10992],"tags":[42106,42176,3344],"yst_prominent_words":[13607,10143,6885,6871,16609,18123,38490,9810,9788,12496,9811,10652,6884,10546,6741,9809],"acf":[],"jetpack_featured_media_url":"https:\/\/www.ludwig-van.com\/montreal\/wp-content\/uploads\/sites\/3\/2024\/03\/Copie-de-NOUVELLE13.jpg","jetpack_sharing_enabled":true,"jetpack_shortlink":"https:\/\/wp.me\/p9bdYt-kYv","amp_enabled":true,"_links":{"self":[{"href":"https:\/\/www.ludwig-van.com\/montreal\/wp-json\/wp\/v2\/posts\/80631"}],"collection":[{"href":"https:\/\/www.ludwig-van.com\/montreal\/wp-json\/wp\/v2\/posts"}],"about":[{"href":"https:\/\/www.ludwig-van.com\/montreal\/wp-json\/wp\/v2\/types\/post"}],"author":[{"embeddable":true,"href":"https:\/\/www.ludwig-van.com\/montreal\/wp-json\/wp\/v2\/users\/64"}],"replies":[{"embeddable":true,"href":"https:\/\/www.ludwig-van.com\/montreal\/wp-json\/wp\/v2\/comments?post=80631"}],"version-history":[{"count":17,"href":"https:\/\/www.ludwig-van.com\/montreal\/wp-json\/wp\/v2\/posts\/80631\/revisions"}],"predecessor-version":[{"id":80651,"href":"https:\/\/www.ludwig-van.com\/montreal\/wp-json\/wp\/v2\/posts\/80631\/revisions\/80651"}],"wp:featuredmedia":[{"embeddable":true,"href":"https:\/\/www.ludwig-van.com\/montreal\/wp-json\/wp\/v2\/media\/80634"}],"wp:attachment":[{"href":"https:\/\/www.ludwig-van.com\/montreal\/wp-json\/wp\/v2\/media?parent=80631"}],"wp:term":[{"taxonomy":"category","embeddable":true,"href":"https:\/\/www.ludwig-van.com\/montreal\/wp-json\/wp\/v2\/categories?post=80631"},{"taxonomy":"post_tag","embeddable":true,"href":"https:\/\/www.ludwig-van.com\/montreal\/wp-json\/wp\/v2\/tags?post=80631"},{"taxonomy":"yst_prominent_words","embeddable":true,"href":"https:\/\/www.ludwig-van.com\/montreal\/wp-json\/wp\/v2\/yst_prominent_words?post=80631"}],"curies":[{"name":"wp","href":"https:\/\/api.w.org\/{rel}","templated":true}]}}