{"id":80596,"date":"2024-03-20T15:02:07","date_gmt":"2024-03-20T19:02:07","guid":{"rendered":"https:\/\/www.ludwig-van.com\/montreal\/?p=80596"},"modified":"2024-03-20T15:02:07","modified_gmt":"2024-03-20T19:02:07","slug":"nouvelle-autre-nouveaute-au-cmim-le-cmim-sur-la-route","status":"publish","type":"post","link":"https:\/\/www.ludwig-van.com\/montreal\/2024\/03\/20\/nouvelle-autre-nouveaute-au-cmim-le-cmim-sur-la-route\/","title":{"rendered":"NOUVELLE | Autre nouveaut\u00e9 au CMIM : le CMIM sur la route"},"content":{"rendered":"<figure id=\"attachment_79802\" aria-describedby=\"caption-attachment-79802\" style=\"width: 1200px\" class=\"wp-caption aligncenter\"><img decoding=\"async\" loading=\"lazy\" class=\"wp-image-79802 size-full\" src=\"https:\/\/www.ludwig-van.com\/montreal\/wp-content\/uploads\/sites\/3\/2024\/01\/CMIM_Visuel_Mosaique_Concurrents_2024_1200x630.jpg\" alt=\"Le CMIM annonce encore une nouvelle initiative, les concerts CMIM sur la route. \" width=\"1200\" height=\"630\" srcset=\"https:\/\/www.ludwig-van.com\/montreal\/wp-content\/uploads\/sites\/3\/2024\/01\/CMIM_Visuel_Mosaique_Concurrents_2024_1200x630.jpg 1200w, https:\/\/www.ludwig-van.com\/montreal\/wp-content\/uploads\/sites\/3\/2024\/01\/CMIM_Visuel_Mosaique_Concurrents_2024_1200x630-300x158.jpg 300w, https:\/\/www.ludwig-van.com\/montreal\/wp-content\/uploads\/sites\/3\/2024\/01\/CMIM_Visuel_Mosaique_Concurrents_2024_1200x630-1024x538.jpg 1024w, https:\/\/www.ludwig-van.com\/montreal\/wp-content\/uploads\/sites\/3\/2024\/01\/CMIM_Visuel_Mosaique_Concurrents_2024_1200x630-768x403.jpg 768w\" sizes=\"(max-width: 1200px) 100vw, 1200px\" \/><figcaption id=\"caption-attachment-79802\" class=\"wp-caption-text\">Le CMIM annonce encore une nouvelle initiative, les concerts CMIM sur la route.<\/figcaption><\/figure>\n<p><span style=\"color: #808080;\"><em><strong>D\u00e9cid\u00e9ment, la nouvelle direction du CMIM regorge d&rsquo;id\u00e9es originales! Apr\u00e8s l&rsquo;annonce de la <a style=\"color: #808080;\" href=\"https:\/\/www.ludwig-van.com\/montreal\/2024\/03\/13\/nouvelle-le-cmim-presente-son-nouveau-jury-de-la-releve\/\" target=\"_blank\" rel=\"noopener\">mise en place du jury de la rel\u00e8ve<\/a>, l&rsquo;organisation annonce aujourd&rsquo;hui le volet \u00ab\u00a0Le CMIM sur la route\u00a0\u00bb.<\/strong><\/em><\/span><\/p>\n<p>C&rsquo;est ainsi qu&rsquo;est intitul\u00e9e une s\u00e9rie de concerts donn\u00e9s par les candidat.e.s n&rsquo;ayant pas \u00e9t\u00e9 retenu.e.s apr\u00e8s la premi\u00e8re ronde. Ainsi, les pianistes \u00e9limin\u00e9s auront tout de m\u00eame l&rsquo;occasion de jouer leur r\u00e9pertoire pr\u00e9par\u00e9 pour la demi-finale, et le public \u00e0 l&rsquo;ext\u00e9rieur de l&rsquo;\u00eele de Montr\u00e9al aura l&rsquo;occasion d&rsquo;entendre de jeunes pianistes de haut niveau venu.e.s des quatre coins du monde.<\/p>\n<blockquote>\n<p dir=\"ltr\">\u00ab L\u2019\u00e9quipe du CMIM est tr\u00e8s enthousiaste \u00e0 l\u2019id\u00e9e de permettre au Concours de rayonner davantage en abattant les murs de la comp\u00e9tition, puis en proposant ces nouvelles repr\u00e9sentations hors de ses salles habituelles et ailleurs au Qu\u00e9bec. C\u2019est une occasion unique pour les concurrents de prolonger cette exp\u00e9rience enrichissante, de pratiquer leur art et de faire d\u00e9couvrir leur talent \u00e0 des nouveaux publics. \u00bb <strong>&#8211; Chantal Poulin<\/strong>, directrice g\u00e9n\u00e9rale du CMIM<\/p>\n<\/blockquote>\n<p>Dans le communiqu\u00e9 diffus\u00e9 aujourd&rsquo;hui, le CMIM montre qu&rsquo;il comprend bien la dure r\u00e9alit\u00e9 \u00e0 laquelle sont soumis les candidat.e.s de concours : \u00ab\u00a0La r\u00e9alit\u00e9 d\u2019un concours international est impardonnable et le CMIM en est bien conscient. C\u2019est pourquoi l\u2019organisation trouvait essentiel de donner la chance \u00e0 tous de b\u00e9n\u00e9ficier d\u2019une exp\u00e9rience inoubliable, m\u00eame pour ceux n\u2019ayant pas remport\u00e9 la premi\u00e8re \u00e9preuve.\u00a0\u00bb<\/p>\n<p>Pour le moment, les trois diffuseurs ayant r\u00e9pondu \u00e0 l&rsquo;offre du CMIM sont :<\/p>\n<p><b>La Maison de la musique de Sorel-Tracy<br \/>\n<\/b>Le mercredi 8 mai et le jeudi 9 mai, \u00e0 18h<\/p>\n<p><b>Concerts sur le fleuve, \u00cele des S\u0153urs<br \/>\n<\/b>Le jeudi 9 mai, \u00e0 19h30<br \/>\n<i>Sur invitation uniquement<\/i><\/p>\n<p><b>Hudson Chamber Music Series<br \/>\n<\/b>Le dimanche 12 mai, \u00e0 14h<\/p>\n<h2><em>Inscrivez-vous \u00e0 notre infolettre! La musique classique et l\u2019op\u00e9ra en 5 minutes, chaque jour<\/em>\u00a0\u00a0<a href=\"https:\/\/ludwig-van.us9.list-manage.com\/subscribe?u=4f785cb3f9058f2393ccad035&amp;id=b9b160c032\" target=\"_blank\" rel=\"noopener noreferrer\">ICI\u00a0<\/a><\/h2>\n<p>&nbsp;<\/p>\n<p>&nbsp;<\/p>\n","protected":false},"excerpt":{"rendered":"<p>D\u00e9cid\u00e9ment, la nouvelle direction du CMIM regorge d&rsquo;id\u00e9es originales! Apr\u00e8s l&rsquo;annonce de la mise en place du jury de la rel\u00e8ve, l&rsquo;organisation annonce aujourd&rsquo;hui le volet \u00ab\u00a0Le CMIM sur la route\u00a0\u00bb.<\/p>\n","protected":false},"author":55,"featured_media":80152,"comment_status":"open","ping_status":"open","sticky":false,"template":"","format":"standard","meta":{"om_disable_all_campaigns":false,"jetpack_post_was_ever_published":false},"categories":[42107,10956,39],"tags":[],"yst_prominent_words":[38735,17030,9842,10704,8858,10473,20891,15195,12496,9811,17265,9323,21865],"acf":[],"jetpack_featured_media_url":"https:\/\/www.ludwig-van.com\/montreal\/wp-content\/uploads\/sites\/3\/2024\/02\/Copie-de-NOUVELLE1.jpg","jetpack_sharing_enabled":true,"jetpack_shortlink":"https:\/\/wp.me\/p9bdYt-kXW","amp_enabled":true,"_links":{"self":[{"href":"https:\/\/www.ludwig-van.com\/montreal\/wp-json\/wp\/v2\/posts\/80596"}],"collection":[{"href":"https:\/\/www.ludwig-van.com\/montreal\/wp-json\/wp\/v2\/posts"}],"about":[{"href":"https:\/\/www.ludwig-van.com\/montreal\/wp-json\/wp\/v2\/types\/post"}],"author":[{"embeddable":true,"href":"https:\/\/www.ludwig-van.com\/montreal\/wp-json\/wp\/v2\/users\/55"}],"replies":[{"embeddable":true,"href":"https:\/\/www.ludwig-van.com\/montreal\/wp-json\/wp\/v2\/comments?post=80596"}],"version-history":[{"count":3,"href":"https:\/\/www.ludwig-van.com\/montreal\/wp-json\/wp\/v2\/posts\/80596\/revisions"}],"predecessor-version":[{"id":80599,"href":"https:\/\/www.ludwig-van.com\/montreal\/wp-json\/wp\/v2\/posts\/80596\/revisions\/80599"}],"wp:featuredmedia":[{"embeddable":true,"href":"https:\/\/www.ludwig-van.com\/montreal\/wp-json\/wp\/v2\/media\/80152"}],"wp:attachment":[{"href":"https:\/\/www.ludwig-van.com\/montreal\/wp-json\/wp\/v2\/media?parent=80596"}],"wp:term":[{"taxonomy":"category","embeddable":true,"href":"https:\/\/www.ludwig-van.com\/montreal\/wp-json\/wp\/v2\/categories?post=80596"},{"taxonomy":"post_tag","embeddable":true,"href":"https:\/\/www.ludwig-van.com\/montreal\/wp-json\/wp\/v2\/tags?post=80596"},{"taxonomy":"yst_prominent_words","embeddable":true,"href":"https:\/\/www.ludwig-van.com\/montreal\/wp-json\/wp\/v2\/yst_prominent_words?post=80596"}],"curies":[{"name":"wp","href":"https:\/\/api.w.org\/{rel}","templated":true}]}}