{"id":80552,"date":"2024-03-18T15:47:16","date_gmt":"2024-03-18T19:47:16","guid":{"rendered":"https:\/\/www.ludwig-van.com\/montreal\/?p=80552"},"modified":"2024-03-19T14:00:02","modified_gmt":"2024-03-19T18:00:02","slug":"choix-de-la-redaction-tout-ce-que-vous-avez-toujours-voulu-savoir-sur-lorgue-et-autres-concerts","status":"publish","type":"post","link":"https:\/\/www.ludwig-van.com\/montreal\/2024\/03\/18\/choix-de-la-redaction-tout-ce-que-vous-avez-toujours-voulu-savoir-sur-lorgue-et-autres-concerts\/","title":{"rendered":"CHOIX DE LA R\u00c9DACTION | Tout ce que vous avez toujours voulu savoir sur l&rsquo;orgue, et autres concerts"},"content":{"rendered":"<figure id=\"attachment_80512\" aria-describedby=\"caption-attachment-80512\" style=\"width: 1200px\" class=\"wp-caption aligncenter\"><img decoding=\"async\" loading=\"lazy\" class=\"size-full wp-image-80512\" src=\"https:\/\/www.ludwig-van.com\/montreal\/wp-content\/uploads\/sites\/3\/2024\/03\/Raffi-Armenian-Agnes-Grossmann_visuel-du-concert-hommage-Bourgie.png\" alt=\"Les chefs d'orchestre Raffi Armenian et Agnes Grossmann (Photo : courtoisie Salle Bourgie)\" width=\"1200\" height=\"1200\" srcset=\"https:\/\/www.ludwig-van.com\/montreal\/wp-content\/uploads\/sites\/3\/2024\/03\/Raffi-Armenian-Agnes-Grossmann_visuel-du-concert-hommage-Bourgie.png 1200w, https:\/\/www.ludwig-van.com\/montreal\/wp-content\/uploads\/sites\/3\/2024\/03\/Raffi-Armenian-Agnes-Grossmann_visuel-du-concert-hommage-Bourgie-300x300.png 300w, https:\/\/www.ludwig-van.com\/montreal\/wp-content\/uploads\/sites\/3\/2024\/03\/Raffi-Armenian-Agnes-Grossmann_visuel-du-concert-hommage-Bourgie-1024x1024.png 1024w, https:\/\/www.ludwig-van.com\/montreal\/wp-content\/uploads\/sites\/3\/2024\/03\/Raffi-Armenian-Agnes-Grossmann_visuel-du-concert-hommage-Bourgie-150x150.png 150w, https:\/\/www.ludwig-van.com\/montreal\/wp-content\/uploads\/sites\/3\/2024\/03\/Raffi-Armenian-Agnes-Grossmann_visuel-du-concert-hommage-Bourgie-768x768.png 768w\" sizes=\"(max-width: 1200px) 100vw, 1200px\" \/><figcaption id=\"caption-attachment-80512\" class=\"wp-caption-text\">Les chefs d&rsquo;orchestre Raffi Armenian et Agnes Grossmann (Photo : courtoisie Salle Bourgie)<\/figcaption><\/figure>\n<p><span style=\"color: #808080\"><em><strong>Cette semaine, un bel hommage sera rendu \u00e0 un couple dont le d\u00e9vouement \u00e0 la musique a form\u00e9 des g\u00e9n\u00e9rations de musicien.ne.s, alors qu&rsquo;un \u00e9chantillon de la nouvelle g\u00e9n\u00e9ration offrira un grand concert \u00e0 la Maison symphonique. Par ailleurs, tous les curieux et afficionados de l&rsquo;orgue Pierre-B\u00e9ique auront de quoi se mettre sous la dent lors d&rsquo;une fin de semaine remplie d&rsquo;ateliers et de concerts d\u00e9vou\u00e9s \u00e0 cet instrument.<\/strong><\/em><\/span><\/p>\n<h3>Hommage \u00e0 Raffi Armenian et Agnes Grossmann<\/h3>\n<p>N\u00e9 d&rsquo;une inititative d&rsquo;<strong>Olivier Godin<\/strong>, directeur artistique de la <strong>Salle Bourgie<\/strong>, ce concert rend hommage \u00e0 deux personnalit\u00e9s fondamentales pour le d\u00e9veloppement de la vie musicale \u00e0 Montr\u00e9al et ailleurs dans l&rsquo;Est du Canada, <strong>Raffi Armenian<\/strong> et <strong>Agnes Grossmann<\/strong>. Un programme vari\u00e9 sera interpr\u00e9t\u00e9 par des gradu\u00e9s du <strong>Conservatoire de musique de Montr\u00e9al<\/strong> et des musicien.ne.s de l&rsquo;<strong>Orchestre<\/strong> <strong>M\u00e9tropolitain<\/strong>.<\/p>\n<p><strong>LE 19 MARS, 19 H 30, SALLE BOURGIE <a href=\"https:\/\/www.mbam.qc.ca\/fr\/activites\/hommage-a-raffi-armenian-et-agnes-grossmann-1\/\" target=\"_blank\" rel=\"noopener\">D\u00c9TAILS ET BILLETS<\/a><\/strong><\/p>\n<p>&nbsp;<\/p>\n<figure id=\"attachment_78752\" aria-describedby=\"caption-attachment-78752\" style=\"width: 1200px\" class=\"wp-caption aligncenter\"><img decoding=\"async\" loading=\"lazy\" class=\"size-full wp-image-78752\" src=\"https:\/\/www.ludwig-van.com\/montreal\/wp-content\/uploads\/sites\/3\/2023\/11\/Ema-Nikolovska.png\" alt=\"La chanteuse Ema Nikolovska\" width=\"1200\" height=\"900\" srcset=\"https:\/\/www.ludwig-van.com\/montreal\/wp-content\/uploads\/sites\/3\/2023\/11\/Ema-Nikolovska.png 1200w, https:\/\/www.ludwig-van.com\/montreal\/wp-content\/uploads\/sites\/3\/2023\/11\/Ema-Nikolovska-300x225.png 300w, https:\/\/www.ludwig-van.com\/montreal\/wp-content\/uploads\/sites\/3\/2023\/11\/Ema-Nikolovska-1024x768.png 1024w, https:\/\/www.ludwig-van.com\/montreal\/wp-content\/uploads\/sites\/3\/2023\/11\/Ema-Nikolovska-768x576.png 768w\" sizes=\"(max-width: 1200px) 100vw, 1200px\" \/><figcaption id=\"caption-attachment-78752\" class=\"wp-caption-text\">Ema Nikolovska<\/figcaption><\/figure>\n<h3>Ema Nikolovska et Charles Richard-Hamelin<\/h3>\n<p>Remarqu\u00e9e pour ses qualit\u00e9s dramatiques et son vaste r\u00e9pertoire, la mezzo-soprano <strong>Ema Nikolovska<\/strong> a remport\u00e9 plusieurs prix prestigieux, dont le Ferrier Loveday Song Prize. Aux c\u00f4t\u00e9s du c\u00e9l\u00e8bre pianiste qu\u00e9b\u00e9cois <strong>Charles Richard-Hamelin<\/strong>, elle pr\u00e9sentera des m\u00e9lodies et lieder de Schubert, R. Strauss et Debussy.<\/p>\n<p><strong>LE 20 MARS, 19 H 30, SALLE BOURGIE <a href=\"https:\/\/www.mbam.qc.ca\/fr\/activites\/ema-nikolovska-mezzo-soprano-et-charles-richard-hamelin-piano\/\" target=\"_blank\" rel=\"noopener\">D\u00c9TAILS ET BILLETS<\/a><\/strong><\/p>\n<p>&nbsp;<\/p>\n<figure id=\"attachment_78990\" aria-describedby=\"caption-attachment-78990\" style=\"width: 1200px\" class=\"wp-caption aligncenter\"><img decoding=\"async\" loading=\"lazy\" class=\"size-full wp-image-78990\" src=\"https:\/\/www.ludwig-van.com\/montreal\/wp-content\/uploads\/sites\/3\/2018\/04\/EnsembleScholastica-2018.2-web.jpg\" alt=\"L'ensemble de voix de femmes Scholastica (Photo : courtoisie)\" width=\"1200\" height=\"686\" srcset=\"https:\/\/www.ludwig-van.com\/montreal\/wp-content\/uploads\/sites\/3\/2018\/04\/EnsembleScholastica-2018.2-web.jpg 1200w, https:\/\/www.ludwig-van.com\/montreal\/wp-content\/uploads\/sites\/3\/2018\/04\/EnsembleScholastica-2018.2-web-300x172.jpg 300w, https:\/\/www.ludwig-van.com\/montreal\/wp-content\/uploads\/sites\/3\/2018\/04\/EnsembleScholastica-2018.2-web-1024x585.jpg 1024w, https:\/\/www.ludwig-van.com\/montreal\/wp-content\/uploads\/sites\/3\/2018\/04\/EnsembleScholastica-2018.2-web-768x439.jpg 768w\" sizes=\"(max-width: 1200px) 100vw, 1200px\" \/><figcaption id=\"caption-attachment-78990\" class=\"wp-caption-text\">L&rsquo;ensemble de voix de femmes Scholastica (Photo : courtoisie)<\/figcaption><\/figure>\n<h3>La musique d&rsquo;Hildegard von Bingen<\/h3>\n<p>L&rsquo;ensemble de voix de femmes <strong>Scholastica<\/strong> pr\u00e9sente certaines des pi\u00e8ces les plus belles et les plus \u00e9labor\u00e9es de la compositrice m\u00e9di\u00e9vale Hildegard von Bingen, celles inspir\u00e9es par sa d\u00e9votion \u00e0 la Vierge Marie et \u00e0 Sainte Ursule. Par ses \u00e9crits, ses dessins visionnaires, ses trait\u00e9s de m\u00e9decine et ses quelques soixante-dix compositions musicales, Hildegard von Bingen (1098-1179) est l\u2019une des figures f\u00e9minines les plus c\u00e9l\u00e8bres de tout le Moyen \u00c2ge. Sa voix, extr\u00eamement originale, offre une perspective r\u00e9solument f\u00e9minine.<\/p>\n<p><strong>LE 20 MARS, 19 H 30, L&rsquo;ERMITAGE <a href=\"https:\/\/smamontreal.tuxedobillet.com\/main\/Hildegard%20et%20ses%20saintes%20%C3%A0%20l'Ermitage\" target=\"_blank\" rel=\"noopener\">D\u00c9TAILS ET BILLETS<\/a><\/strong><\/p>\n<p>&nbsp;<\/p>\n<figure id=\"attachment_75835\" aria-describedby=\"caption-attachment-75835\" style=\"width: 1200px\" class=\"wp-caption aligncenter\"><img decoding=\"async\" loading=\"lazy\" class=\"size-full wp-image-75835\" src=\"https:\/\/www.ludwig-van.com\/montreal\/wp-content\/uploads\/sites\/3\/2023\/04\/Orgue_OSM_TUX-Creative-1200.jpg\" alt=\"On f\u00eate les dix ans du Grand Orgue Pierre-B\u00e9ique en 2024.(Photo : Tux Creative)\" width=\"1200\" height=\"800\" \/><figcaption id=\"caption-attachment-75835\" class=\"wp-caption-text\">On f\u00eate les dix ans du Grand Orgue Pierre-B\u00e9ique en 2024.<br \/>(Photo : Tux Creative)<\/figcaption><\/figure>\n<h3>Activit\u00e9s gratuites autour des 10 ans de l&rsquo;orgue Pierre-B\u00e9ique<\/h3>\n<p>Toute la fin de semaine ont lieu des activit\u00e9s de familiarisation avec l&rsquo;orgue, dont un atelier destin\u00e9 aux enfants au cours duquel les jeunes construiront ensemble un petit orgue fonctionnel (r\u00e9servation obligatoire), une causerie sur la conception et la fabrication d&rsquo;orgues et la d\u00e9couverte de la Bach-Mobile permettant de reproduire l&rsquo;exp\u00e9rience des plus grandes orgues du monde entier.<\/p>\n<p><strong>LES 23 ET 24 MARS, MAISON SYMPHONIQUE <a href=\"https:\/\/www.osm.ca\/fr\/grand-orgue-pierre-beique\" target=\"_blank\" rel=\"noopener\">D\u00c9TAILS ET BILLETS<\/a><\/strong><\/p>\n<p>&nbsp;<\/p>\n<figure id=\"attachment_75870\" aria-describedby=\"caption-attachment-75870\" style=\"width: 1200px\" class=\"wp-caption aligncenter\"><img decoding=\"async\" loading=\"lazy\" class=\"size-full wp-image-75870\" src=\"https:\/\/www.ludwig-van.com\/montreal\/wp-content\/uploads\/sites\/3\/2023\/05\/OSJM-Musiciens-2022-2023_1200-pixels-.jpg\" alt=\"L'Orchestre symphonique des jeunes de Montr\u00e9al (OSJM)\" width=\"1200\" height=\"586\" \/><figcaption id=\"caption-attachment-75870\" class=\"wp-caption-text\">L&rsquo;Orchestre symphonique des jeunes de Montr\u00e9al (OSJM)<\/figcaption><\/figure>\n<h3>L&rsquo;OSJM et le Grand orgue<\/h3>\n<p>Pour la premi\u00e8re fois, l&rsquo;<strong>Orchestre symphonique des jeunes de Montr\u00e9al<\/strong> se joint aux sonorit\u00e9s de l&rsquo;orgue Pierre-B\u00e9ique \u00e0 la <strong>Maison symphonique<\/strong> dans un programme comprenant un arrangement de la Symphonie no 2 de Louis Vierne revue par <strong>Vincent Hamel<\/strong> et la transcription qu&rsquo;a faite le flamboyant Leopold Stokowski de la c\u00e9l\u00e8bre Toccate et fugue en <em>r\u00e9<\/em> mineur de Bach. \u00c9galement au programme, une oeuvre de la compositrice canadienne Jean Coulthard, <em>Music to St Cecilia<\/em>, et une marche orchestrale de William Walton.<\/p>\n<p><strong>LE 23 MARS, 14 h 30, MAISON SYMPHONIQUE D\u00c9TAILS ET BILLETS<\/strong><\/p>\n<figure id=\"attachment_61430\" aria-describedby=\"caption-attachment-61430\" style=\"width: 1200px\" class=\"wp-caption aligncenter\"><img decoding=\"async\" loading=\"lazy\" class=\"size-full wp-image-61430\" src=\"https:\/\/www.ludwig-van.com\/montreal\/wp-content\/uploads\/sites\/3\/2019\/09\/JWKunz-\u00a9Antoine-Saito-11-2016-web-1.jpg\" alt=\"Jean-Willy Kunz. Le Grand Orgue Pierre-B\u00e9ique a \u00e9t\u00e9 g\u00e9n\u00e9reusement offert \u00e0 l'OSM par madame Jacqueline Desmarais. (Photo: Antoine Saito)\" width=\"1200\" height=\"800\" srcset=\"https:\/\/www.ludwig-van.com\/montreal\/wp-content\/uploads\/sites\/3\/2019\/09\/JWKunz-\u00a9Antoine-Saito-11-2016-web-1.jpg 1200w, https:\/\/www.ludwig-van.com\/montreal\/wp-content\/uploads\/sites\/3\/2019\/09\/JWKunz-\u00a9Antoine-Saito-11-2016-web-1-300x200.jpg 300w, https:\/\/www.ludwig-van.com\/montreal\/wp-content\/uploads\/sites\/3\/2019\/09\/JWKunz-\u00a9Antoine-Saito-11-2016-web-1-768x512.jpg 768w, https:\/\/www.ludwig-van.com\/montreal\/wp-content\/uploads\/sites\/3\/2019\/09\/JWKunz-\u00a9Antoine-Saito-11-2016-web-1-1024x683.jpg 1024w\" sizes=\"(max-width: 1200px) 100vw, 1200px\" \/><figcaption id=\"caption-attachment-61430\" class=\"wp-caption-text\">Jean-Willy Kunz et le Grand orgue Pierre-B\u00e9ique (Photo : Antoine Saito)<\/figcaption><\/figure>\n<h3>Autres concerts d&rsquo;orgue<\/h3>\n<p>Trois autres concerts metteront en vedette l&rsquo;orgue Pierre-B\u00e9ique cette fin de semaine, soit une soir\u00e9e de court-m\u00e9trages accompagn\u00e9s par l&rsquo;organiste sp\u00e9cialis\u00e9 dans l&rsquo;accompagnement de films muets <strong>Thomas Ospital,<\/strong> une transcription des Plan\u00e8tes de Holst avec <strong>Jean-Willy Kunz<\/strong> \u00e0 l&rsquo;orgue et les cuivres et percussions de l&rsquo;OSM, et un r\u00e9cital d&rsquo;orgue pr\u00e9sentant les oeuvres-phares du r\u00e9pertoire pour cet instrument interpr\u00e9t\u00e9es par <strong>Ken Cowan<\/strong>.<\/p>\n<p><strong>LES 23 ET 24 MARS, MAISON SYMPHONIQUE <a href=\"https:\/\/www.osm.ca\/fr\/programmation?type=concerts&amp;style=orgue\" target=\"_blank\" rel=\"noopener\">D\u00c9TAILS ET BILLETS<\/a><\/strong><\/p>\n<p>&nbsp;<\/p>\n<figure id=\"attachment_79879\" aria-describedby=\"caption-attachment-79879\" style=\"width: 1920px\" class=\"wp-caption aligncenter\"><img decoding=\"async\" loading=\"lazy\" class=\"size-full wp-image-79879\" src=\"https:\/\/www.ludwig-van.com\/montreal\/wp-content\/uploads\/sites\/3\/2024\/02\/dolo-iglesias-FjElUqGfbAw-unsplash2.jpg\" alt=\"Stock photo Piano NB Steinway_Dolo Iglesias\" width=\"1920\" height=\"1280\" srcset=\"https:\/\/www.ludwig-van.com\/montreal\/wp-content\/uploads\/sites\/3\/2024\/02\/dolo-iglesias-FjElUqGfbAw-unsplash2.jpg 1920w, https:\/\/www.ludwig-van.com\/montreal\/wp-content\/uploads\/sites\/3\/2024\/02\/dolo-iglesias-FjElUqGfbAw-unsplash2-300x200.jpg 300w, https:\/\/www.ludwig-van.com\/montreal\/wp-content\/uploads\/sites\/3\/2024\/02\/dolo-iglesias-FjElUqGfbAw-unsplash2-1024x683.jpg 1024w, https:\/\/www.ludwig-van.com\/montreal\/wp-content\/uploads\/sites\/3\/2024\/02\/dolo-iglesias-FjElUqGfbAw-unsplash2-768x512.jpg 768w, https:\/\/www.ludwig-van.com\/montreal\/wp-content\/uploads\/sites\/3\/2024\/02\/dolo-iglesias-FjElUqGfbAw-unsplash2-1536x1024.jpg 1536w\" sizes=\"(max-width: 1920px) 100vw, 1920px\" \/><figcaption id=\"caption-attachment-79879\" class=\"wp-caption-text\">Stock photo Piano NB Steinway (photo : Dolo Iglesias)<\/figcaption><\/figure>\n<h3>Musique fran\u00e7aise avec Henry Kramer, piano et clavecin<\/h3>\n<p>Le pianiste Henry Kramer, laur\u00e9at du Concours International de Montr\u00e9al et 2e prix du Concours Queen Elisabeth de Bruxelles, interpr\u00e8te un programme de\u00a0 musique fran\u00e7aise (Rameau, Couperin, Ravel) au piano et au clavecin.<\/p>\n<p><strong>LE 24 MARS, 15 H, CHAPELLE HISTORIQUE DU BON PASTEUR AU CENTRE CANADIEN D&rsquo;ARCHITECTURE <a href=\"https:\/\/www.quartierdesspectacles.com\/fr\/activite\/37689\/henry-kramer\" target=\"_blank\" rel=\"noopener\">D\u00c9TAILS ET BILLETS<\/a><\/strong><\/p>\n","protected":false},"excerpt":{"rendered":"<p>Cette semaine, un bel hommage sera rendu \u00e0 un couple dont le d\u00e9vouement \u00e0 la musique a form\u00e9 des g\u00e9n\u00e9rations de musicien.ne.s, alors qu&rsquo;un \u00e9chantillon de la nouvelle g\u00e9n\u00e9ration offrira un grand concert \u00e0 la Maison symphonique. Par ailleurs, tous les curieux et afficionados de l&rsquo;orgue auront de quoi se mettre sous la dent lors d&rsquo;une fin de semaine remplie d&rsquo;ateliers et de concerts d\u00e9vou\u00e9s \u00e0 cet instrument.<\/p>\n","protected":false},"author":55,"featured_media":80559,"comment_status":"open","ping_status":"open","sticky":false,"template":"","format":"standard","meta":{"om_disable_all_campaigns":false,"jetpack_post_was_ever_published":false},"categories":[42107,10994],"tags":[42106,10985,2047,11137],"yst_prominent_words":[13120,13117,33504,26052,13119,33503,26053,18272,19229,31964,26054],"acf":[],"jetpack_featured_media_url":"https:\/\/www.ludwig-van.com\/montreal\/wp-content\/uploads\/sites\/3\/2024\/03\/Copie-de-CONCERTS3.jpg","jetpack_sharing_enabled":true,"jetpack_shortlink":"https:\/\/wp.me\/p9bdYt-kXe","amp_enabled":true,"_links":{"self":[{"href":"https:\/\/www.ludwig-van.com\/montreal\/wp-json\/wp\/v2\/posts\/80552"}],"collection":[{"href":"https:\/\/www.ludwig-van.com\/montreal\/wp-json\/wp\/v2\/posts"}],"about":[{"href":"https:\/\/www.ludwig-van.com\/montreal\/wp-json\/wp\/v2\/types\/post"}],"author":[{"embeddable":true,"href":"https:\/\/www.ludwig-van.com\/montreal\/wp-json\/wp\/v2\/users\/55"}],"replies":[{"embeddable":true,"href":"https:\/\/www.ludwig-van.com\/montreal\/wp-json\/wp\/v2\/comments?post=80552"}],"version-history":[{"count":14,"href":"https:\/\/www.ludwig-van.com\/montreal\/wp-json\/wp\/v2\/posts\/80552\/revisions"}],"predecessor-version":[{"id":80575,"href":"https:\/\/www.ludwig-van.com\/montreal\/wp-json\/wp\/v2\/posts\/80552\/revisions\/80575"}],"wp:featuredmedia":[{"embeddable":true,"href":"https:\/\/www.ludwig-van.com\/montreal\/wp-json\/wp\/v2\/media\/80559"}],"wp:attachment":[{"href":"https:\/\/www.ludwig-van.com\/montreal\/wp-json\/wp\/v2\/media?parent=80552"}],"wp:term":[{"taxonomy":"category","embeddable":true,"href":"https:\/\/www.ludwig-van.com\/montreal\/wp-json\/wp\/v2\/categories?post=80552"},{"taxonomy":"post_tag","embeddable":true,"href":"https:\/\/www.ludwig-van.com\/montreal\/wp-json\/wp\/v2\/tags?post=80552"},{"taxonomy":"yst_prominent_words","embeddable":true,"href":"https:\/\/www.ludwig-van.com\/montreal\/wp-json\/wp\/v2\/yst_prominent_words?post=80552"}],"curies":[{"name":"wp","href":"https:\/\/api.w.org\/{rel}","templated":true}]}}