{"id":80428,"date":"2024-03-11T16:53:43","date_gmt":"2024-03-11T20:53:43","guid":{"rendered":"https:\/\/www.ludwig-van.com\/montreal\/?p=80428"},"modified":"2024-03-13T08:00:03","modified_gmt":"2024-03-13T12:00:03","slug":"choix-de-la-redaction-20","status":"publish","type":"post","link":"https:\/\/www.ludwig-van.com\/montreal\/2024\/03\/11\/choix-de-la-redaction-20\/","title":{"rendered":"CHOIX DE LA R\u00c9DACTION | Bons qu&rsquo;il neige ou qu&rsquo;il fasse beau : nos choix de concerts du 11 au 17 mars"},"content":{"rendered":"<h3><img decoding=\"async\" loading=\"lazy\" class=\"aligncenter size-full wp-image-80034\" src=\"https:\/\/www.ludwig-van.com\/montreal\/wp-content\/uploads\/sites\/3\/2018\/05\/QB_Je-suis-en-feu_1200.jpg\" alt=\"\" width=\"1200\" height=\"628\" srcset=\"https:\/\/www.ludwig-van.com\/montreal\/wp-content\/uploads\/sites\/3\/2018\/05\/QB_Je-suis-en-feu_1200.jpg 1200w, https:\/\/www.ludwig-van.com\/montreal\/wp-content\/uploads\/sites\/3\/2018\/05\/QB_Je-suis-en-feu_1200-300x157.jpg 300w, https:\/\/www.ludwig-van.com\/montreal\/wp-content\/uploads\/sites\/3\/2018\/05\/QB_Je-suis-en-feu_1200-1024x536.jpg 1024w, https:\/\/www.ludwig-van.com\/montreal\/wp-content\/uploads\/sites\/3\/2018\/05\/QB_Je-suis-en-feu_1200-768x402.jpg 768w\" sizes=\"(max-width: 1200px) 100vw, 1200px\" \/><\/h3>\n<h3>Le Quatuor Bozzini est en feu<\/h3>\n<p>En co-diffusion avec <strong>La Semaine du Neuf<\/strong> produite par <strong>Le Vivier<\/strong>, le <strong>Quatuor Bozzini<\/strong> pr\u00e9sente la cr\u00e9ation de l&rsquo;oeuvre <em>Torrents<\/em> \/ <em>Je suis en feu<\/em> de la compositrice <strong>Linda Bouchard<\/strong> en collaboration avec le vid\u00e9aste <strong>Huei Lin<\/strong>. Inspir\u00e9e par les signaux maritimes, l\u2019\u0153uvre int\u00e8gre les id\u00e9es de communication et de relations, de singularit\u00e9 et de multiplicit\u00e9, de granularit\u00e9 et de fluidit\u00e9. Le quatuor cr\u00e9era \u00e9galement <em>Supreme Chains<\/em> de <strong>Luke Nickel<\/strong>, dans laquelle des films de montagnes russes virtuelles et impossibles interagissent avec le quatuor \u00e0 cordes. Le programme sera compl\u00e9t\u00e9 par la pi\u00e8ce <em>60 Loops<\/em> de <strong>Pierre Jodlowski<\/strong>, compositeur \u00e0 l&rsquo;honneur de cette deuxi\u00e8me \u00e9dition de La Semaine du Neuf.<\/p>\n<p><strong>LE 12 MARS, 21 H, \u00c9DIFICE WILDER <a href=\"https:\/\/quatuorbozzini.ca\/fr\/evenements\/45808\" target=\"_blank\" rel=\"noopener\">D\u00c9TAILS ET BILLETS<\/a><\/strong><\/p>\n<figure id=\"attachment_77829\" aria-describedby=\"caption-attachment-77829\" style=\"width: 366px\" class=\"wp-caption aligncenter\"><img decoding=\"async\" loading=\"lazy\" class=\"size-full wp-image-77829\" src=\"https:\/\/www.ludwig-van.com\/montreal\/wp-content\/uploads\/sites\/3\/2023\/09\/Louis-Pierre-Bergeron.jpg\" alt=\"\" width=\"366\" height=\"242\" srcset=\"https:\/\/www.ludwig-van.com\/montreal\/wp-content\/uploads\/sites\/3\/2023\/09\/Louis-Pierre-Bergeron.jpg 366w, https:\/\/www.ludwig-van.com\/montreal\/wp-content\/uploads\/sites\/3\/2023\/09\/Louis-Pierre-Bergeron-300x198.jpg 300w\" sizes=\"(max-width: 366px) 100vw, 366px\" \/><figcaption id=\"caption-attachment-77829\" class=\"wp-caption-text\">Louis-Pierre Bergeron<\/figcaption><\/figure>\n<p>Dans le cadre de leur s\u00e9rie Ap\u00e9ro, les musiciens des Violons du Roy re\u00e7oivent le corniste Louis-Pierre Bergeron, sp\u00e9cialiste du cor naturel, et M\u00e9lisande McNabney, fr\u00e9quente collaboratrice de l&rsquo;ensemble, au piano-forte. Ensemble, ils interpr\u00e9teront le Quintette pour cor et cordes de Mozart et la Sonate pour cor et piano-forte de Beethoven.<\/p>\n<p>Pour s&rsquo;initier \u00e0 la sonorit\u00e9 du cor naturel, les m\u00e9lomanes peuvent se procurer le tout r\u00e9cent album de Louis-Pierre Bergeron avec la pianiste Meagan Milatz, <em>Bravura<\/em>. Il comporte <span class=\"x4k7w5x x1h91t0o x1h9r5lt x1jfb8zj xv2umb2 x1beo9mf xaigb6o x12ejxvf x3igimt xarpa2k xedcshv x1lytzrv x1t2pt76 x7ja8zs x1qrby5j\"><span class=\"x1lliihq x1plvlek xryxfnj x1n2onr6 x193iq5w xeuugli x13faqbe x1vvkbs x1s928wv xhkezso x1gmr53x x1cpjm7i x1fgarty x1943h6x x1xmvt09 x6prxxf x1fcty0u xzsf02u xudqn12 x3x7a5m xq9mrsl\" dir=\"auto\">deux oeuvres (Righini, S\u00fcssmayr) jamais enregistr\u00e9es auparavant, ant\u00e9rieures \u00e0 la Sonate de Beethoven qu\u2019on pr\u00e9sumait la premi\u00e8re oeuvre jamais \u00e9crite pour cor et piano, ainsi que le premier enregistrement sur instruments d&rsquo;\u00e9poque de la formidable <em>Sonata di bravura<\/em> de Cipriani Potter. Le livret \u00e9labor\u00e9 devrait \u00e9galement apporter plusieurs r\u00e9ponses aux interrogations des plus curieux.<\/span><\/span><\/p>\n<p><strong>LES 13 ET 14 MARS, 17 H 30, PALAIS MONTCALM D\u00c9TAILS ET BILLETS <\/strong><\/p>\n<figure id=\"attachment_80432\" aria-describedby=\"caption-attachment-80432\" style=\"width: 1200px\" class=\"wp-caption aligncenter\"><img decoding=\"async\" loading=\"lazy\" class=\"size-full wp-image-80432\" src=\"https:\/\/www.ludwig-van.com\/montreal\/wp-content\/uploads\/sites\/3\/2024\/03\/Ariane_Matiakh_1200.jpg\" alt=\"La cheffe Ariane Matiakh sera \u00e0 la t\u00eate de l'Orchestre M\u00e9tropolitain pour quatre concerts cette semaine. (Photo : site web de l'artiste)\" width=\"1200\" height=\"674\" srcset=\"https:\/\/www.ludwig-van.com\/montreal\/wp-content\/uploads\/sites\/3\/2024\/03\/Ariane_Matiakh_1200.jpg 1200w, https:\/\/www.ludwig-van.com\/montreal\/wp-content\/uploads\/sites\/3\/2024\/03\/Ariane_Matiakh_1200-300x169.jpg 300w, https:\/\/www.ludwig-van.com\/montreal\/wp-content\/uploads\/sites\/3\/2024\/03\/Ariane_Matiakh_1200-1024x575.jpg 1024w, https:\/\/www.ludwig-van.com\/montreal\/wp-content\/uploads\/sites\/3\/2024\/03\/Ariane_Matiakh_1200-768x431.jpg 768w\" sizes=\"(max-width: 1200px) 100vw, 1200px\" \/><figcaption id=\"caption-attachment-80432\" class=\"wp-caption-text\">La cheffe Ariane Matiakh sera \u00e0 la t\u00eate de l&rsquo;Orchestre M\u00e9tropolitain pour quatre concerts cette semaine. (Photo : site web de l&rsquo;artiste)<\/figcaption><\/figure>\n<h3>Strauss, Mozart et Saariaho \u00e0 l&rsquo;Orchestre M\u00e9tropolitain<\/h3>\n<p>De retour de sa tourn\u00e9e aux \u00c9tats-Unis, l&rsquo;<strong>Orchestre M\u00e9tropolitain<\/strong> repart en tourn\u00e9e&#8230; d&rsquo;arrondissements! De l&rsquo;\u00c9glise Saint -Sixte de Saint-Laurent \u00e0 l&rsquo;\u00c9glise Sainte-Claire de Mercier, en passant par le Th\u00e9\u00e2tre Mirella et Lino Saputo de Saint-L\u00e9onard, l&rsquo;orchestre et la cheffe <strong>Ariane<\/strong> <strong>Matiakh<\/strong> pr\u00e9sentent un programme jumelant du Richard Strauss (<em>Don Juan<\/em> et <em>Aus<\/em> <em>Italien) <\/em>\u00e0 des compositions de Mozart, compositeur que Strauss admirait beaucoup. Au concert \u00e0 la Maison symphonique, le Concerto pour fl\u00fbte no 1 de Mozart est remplac\u00e9 par le Concerto pour fl\u00fbte <em>Aile du songe<\/em> de la compositrice finlandaise Kaija Saariaho, d\u00e9c\u00e9d\u00e9e en juin dernier. La soliste est <strong>Juliette Hurel<\/strong>.<\/p>\n<p><strong>LES 13, 14, 15 MARS, 19 H 30, \u00c9GLISES D&rsquo;ARRONDISSEMENT, <\/strong><strong>LE 17 MARS, 15 H MAISON SYMPHONIQUE <a href=\"https:\/\/orchestremetropolitain.com\/fr\/concerts\/songe-a-litalienne\/?show_date_id=5889\" target=\"_blank\" rel=\"noopener\">D\u00c9TAILS ET BILLETS<\/a><\/strong><\/p>\n<figure id=\"attachment_56308\" aria-describedby=\"caption-attachment-56308\" style=\"width: 1024px\" class=\"wp-caption aligncenter\"><img decoding=\"async\" loading=\"lazy\" class=\"size-full wp-image-56308\" src=\"https:\/\/www.ludwig-van.com\/montreal\/wp-content\/uploads\/sites\/3\/2017\/10\/boreades-1I8A0998-photo-Hugo-Lefort.jpg\" alt=\"Les Bor\u00e9ades. (Photo : Hugo Lefort)\" width=\"1024\" height=\"683\" srcset=\"https:\/\/www.ludwig-van.com\/montreal\/wp-content\/uploads\/sites\/3\/2017\/10\/boreades-1I8A0998-photo-Hugo-Lefort.jpg 1024w, https:\/\/www.ludwig-van.com\/montreal\/wp-content\/uploads\/sites\/3\/2017\/10\/boreades-1I8A0998-photo-Hugo-Lefort-300x200.jpg 300w, https:\/\/www.ludwig-van.com\/montreal\/wp-content\/uploads\/sites\/3\/2017\/10\/boreades-1I8A0998-photo-Hugo-Lefort-768x512.jpg 768w\" sizes=\"(max-width: 1024px) 100vw, 1024px\" \/><figcaption id=\"caption-attachment-56308\" class=\"wp-caption-text\">Les Bor\u00e9ades. (Photo : Hugo Lefort)<\/figcaption><\/figure>\n<h3>Pr\u00e9f\u00e9rez-vous Bach ou Telemann?<\/h3>\n<p><strong>Les Bor\u00e9ades<\/strong> pr\u00e9sentent une petite comparaison entre les deux compositeurs, dont le plus c\u00e9l\u00e8bre \u00e0 son \u00e9poque n&rsquo;\u00e9tait pas celui qu&rsquo;on pourrait penser. Bien s\u00fbr, la conclusion est donn\u00e9e d&rsquo;avance : bien que comparables par leur grande ma\u00eetrise des langages musicaux de leur \u00e9poque, les deux compositeurs sont uniques \u00e0 leur fa\u00e7on et m\u00e9ritent chacun leur place dans le panth\u00e9on musical. Pour en savoir plus, les m\u00e9lomanes peuvent d\u00e9j\u00e0 lire les <a href=\"https:\/\/www.boreades.com\/bachettelemann-petitessaidecomparaison\/\" target=\"_blank\" rel=\"noopener\">notes de programme pr\u00e9par\u00e9es par Fran\u00e7ois Filiatrault<\/a>.<\/p>\n<p><strong>LE 14 MARS, 19 H 30, CONSERVATOIRE DE MUSIQUE <a href=\"https:\/\/www.boreades.com\/saison-2023-2024\/bach-et-telemann\/\" target=\"_blank\" rel=\"noopener\">D\u00c9TAILS ET BILLETS<\/a><\/strong><\/p>\n<p>&nbsp;<\/p>\n<p><img decoding=\"async\" loading=\"lazy\" class=\"size-full wp-image-79207\" src=\"https:\/\/www.ludwig-van.com\/montreal\/wp-content\/uploads\/sites\/3\/2023\/12\/Tire_coyote.jpg\" alt=\"Tire le coyote rencontre l'Orchestre symphonique de Drummondville le 14 mars.\" width=\"1200\" height=\"782\" srcset=\"https:\/\/www.ludwig-van.com\/montreal\/wp-content\/uploads\/sites\/3\/2023\/12\/Tire_coyote.jpg 1200w, https:\/\/www.ludwig-van.com\/montreal\/wp-content\/uploads\/sites\/3\/2023\/12\/Tire_coyote-300x196.jpg 300w, https:\/\/www.ludwig-van.com\/montreal\/wp-content\/uploads\/sites\/3\/2023\/12\/Tire_coyote-1024x667.jpg 1024w, https:\/\/www.ludwig-van.com\/montreal\/wp-content\/uploads\/sites\/3\/2023\/12\/Tire_coyote-768x500.jpg 768w\" sizes=\"(max-width: 1200px) 100vw, 1200px\" \/><\/p>\n<h3>Collaboration Tire le coyote &#8211; Orchestre symphonique de Drummondville<\/h3>\n<p>L&rsquo;<strong>Orchestre symphonique de Drummondville<\/strong> se lance dans la pop symphonique en invitant <strong>Tire le coyote<\/strong>, dont les chansons sont arrang\u00e9es pour l&rsquo;orchestre par <strong>Gabriel Desjardins<\/strong>. On promet une soir\u00e9e remplie d&rsquo;\u00e9motions pour cette rencontre in\u00e9dite entre les m\u00e9lodies folk et les couleurs de l&rsquo;orchestre symphonique.<\/p>\n<p><strong>LE 14 MARS, 19 H 30, MAISON DES ARTS DESJARDINS DE DRUMMONDVILLE <a href=\"https:\/\/www.osdrummondville.com\/evenements\/hors-serie\/tire-le-coyote-osd\/\" target=\"_blank\" rel=\"noopener\">D\u00c9TAILS ET BILLETS<\/a><\/strong><\/p>\n<p>&nbsp;<\/p>\n<figure id=\"attachment_80434\" aria-describedby=\"caption-attachment-80434\" style=\"width: 2048px\" class=\"wp-caption aligncenter\"><img decoding=\"async\" loading=\"lazy\" class=\"size-full wp-image-80434\" src=\"https:\/\/www.ludwig-van.com\/montreal\/wp-content\/uploads\/sites\/3\/2024\/03\/Cyrille-Dubois-et-Tristant-Raes-_jean-baptiste-millot-scaled-1.jpg\" alt=\"Le t\u00e9nor Cyrille Dubois et le pianiste Tristan Ra\u00ebs pr\u00e9sentent un programme de m\u00e9lodie fran\u00e7aise autour de Faur\u00e9. (Photo : Jean-Baptiste Millot)\" width=\"2048\" height=\"1816\" srcset=\"https:\/\/www.ludwig-van.com\/montreal\/wp-content\/uploads\/sites\/3\/2024\/03\/Cyrille-Dubois-et-Tristant-Raes-_jean-baptiste-millot-scaled-1.jpg 2048w, https:\/\/www.ludwig-van.com\/montreal\/wp-content\/uploads\/sites\/3\/2024\/03\/Cyrille-Dubois-et-Tristant-Raes-_jean-baptiste-millot-scaled-1-300x266.jpg 300w, https:\/\/www.ludwig-van.com\/montreal\/wp-content\/uploads\/sites\/3\/2024\/03\/Cyrille-Dubois-et-Tristant-Raes-_jean-baptiste-millot-scaled-1-1024x908.jpg 1024w, https:\/\/www.ludwig-van.com\/montreal\/wp-content\/uploads\/sites\/3\/2024\/03\/Cyrille-Dubois-et-Tristant-Raes-_jean-baptiste-millot-scaled-1-768x681.jpg 768w, https:\/\/www.ludwig-van.com\/montreal\/wp-content\/uploads\/sites\/3\/2024\/03\/Cyrille-Dubois-et-Tristant-Raes-_jean-baptiste-millot-scaled-1-1536x1362.jpg 1536w\" sizes=\"(max-width: 2048px) 100vw, 2048px\" \/><figcaption id=\"caption-attachment-80434\" class=\"wp-caption-text\">Le t\u00e9nor Cyrille Dubois et le pianiste Tristan Ra\u00ebs pr\u00e9sentent un programme de m\u00e9lodie fran\u00e7aise autour de Faur\u00e9. (Photo : Jean-Baptiste Millot)<\/figcaption><\/figure>\n<h3>Ma\u00eetre Faur\u00e9 : M\u00e9lodies fran\u00e7aises de la Belle \u00e9poque<\/h3>\n<p class=\"text-short text-current-from-xs line-height-tight line-height-normal-from-xs\">Ce concert de m\u00e9lodies fran\u00e7aises, interpr\u00e9t\u00e9es par le t\u00e9nor <strong>Cyrille Dubois <\/strong>et le pianiste <strong>Tristan Ra\u00ebs<\/strong>, rend hommage \u00e0 Gabriel Faur\u00e9, dont on souligne en 2024 le 100e anniversaire du d\u00e9c\u00e8s, et r\u00e9v\u00e8le l\u2019\u00e9tendue de son influence sur ses \u00e9l\u00e8ves. En lien avec la conf\u00e9rence de Sylvain Caron,\u00a0<em><span class=\"relative z-index-1 color-main-text-lighter transition-label\">Faur\u00e9 et les sa<\/span><span class=\"relative z-index-1 color-main-text-lighter transition-label\">lons de la Belle \u00c9poque<\/span><\/em>, pr\u00e9sent\u00e9e le jour m\u00eame \u00e0 17 h 30.<\/p>\n<p><strong>LE 15 MARS, 19 H 30, SALLE BOURGIE <a href=\"https:\/\/www.mbam.qc.ca\/fr\/activites\/maitre-faure-melodies-francaises-de-la-belle-epoque\/\" target=\"_blank\" rel=\"noopener\">D\u00c9TAILS ET BILLETS<\/a><br \/>\n<\/strong><\/p>\n<p><img decoding=\"async\" loading=\"lazy\" class=\"aligncenter size-full wp-image-80438\" src=\"https:\/\/www.ludwig-van.com\/montreal\/wp-content\/uploads\/sites\/3\/2024\/03\/stockvault-Flute-traversiere-sur-partition.jpg\" alt=\"fl\u00fbte traversi\u00e8re\" width=\"1200\" height=\"800\" srcset=\"https:\/\/www.ludwig-van.com\/montreal\/wp-content\/uploads\/sites\/3\/2024\/03\/stockvault-Flute-traversiere-sur-partition.jpg 1200w, https:\/\/www.ludwig-van.com\/montreal\/wp-content\/uploads\/sites\/3\/2024\/03\/stockvault-Flute-traversiere-sur-partition-300x200.jpg 300w, https:\/\/www.ludwig-van.com\/montreal\/wp-content\/uploads\/sites\/3\/2024\/03\/stockvault-Flute-traversiere-sur-partition-1024x683.jpg 1024w, https:\/\/www.ludwig-van.com\/montreal\/wp-content\/uploads\/sites\/3\/2024\/03\/stockvault-Flute-traversiere-sur-partition-768x512.jpg 768w\" sizes=\"(max-width: 1200px) 100vw, 1200px\" \/><\/p>\n<h3>Carte blanche \u00e0 Jean-Philippe Tanguay \u00e0 l&rsquo;OSL<\/h3>\n<p class=\"font_8 wixui-rich-text__text\"><span class=\"wixui-rich-text__text\"><span class=\"color_42 wixui-rich-text__text\">Seconde fl\u00fbte et piccolo \u00e0 l\u2019Orchestre symphonique de Laval depuis sa fondation, <strong>Jean-Philippe Tanguay<\/strong> et ses coll\u00e8gues offrent dans ce concert de la s\u00e9rie Les Chambristes un programme d\u2019une grande vari\u00e9t\u00e9, compos\u00e9 d\u2019\u0153uvres tr\u00e8s repr\u00e9sentatives du grand r\u00e9pertoire pour quintette \u00e0 vents que lui-m\u00eame appelle ses \u00ab mignardises \u00bb.<\/span><\/span><\/p>\n<p><strong>LE 16 MARS, 14 H, \u00c9GLISE SAINT-MARTIN <a href=\"https:\/\/www.osl.ca\/carteblanche-jp-tanguay\" target=\"_blank\" rel=\"noopener\">D\u00c9TAILS ET BILLETS<\/a><\/strong><\/p>\n<p>&nbsp;<\/p>\n<figure id=\"attachment_79475\" aria-describedby=\"caption-attachment-79475\" style=\"width: 1200px\" class=\"wp-caption aligncenter\"><img decoding=\"async\" loading=\"lazy\" class=\"size-full wp-image-79475\" src=\"https:\/\/www.ludwig-van.com\/montreal\/wp-content\/uploads\/sites\/3\/2023\/07\/Aris-Quartett\u00a9Sophie-Wolter-12.jpg\" alt=\"Aris Quartett (Photo : Sophie Wolter)\" width=\"1200\" height=\"800\" srcset=\"https:\/\/www.ludwig-van.com\/montreal\/wp-content\/uploads\/sites\/3\/2023\/07\/Aris-Quartett\u00a9Sophie-Wolter-12.jpg 1200w, https:\/\/www.ludwig-van.com\/montreal\/wp-content\/uploads\/sites\/3\/2023\/07\/Aris-Quartett\u00a9Sophie-Wolter-12-300x200.jpg 300w, https:\/\/www.ludwig-van.com\/montreal\/wp-content\/uploads\/sites\/3\/2023\/07\/Aris-Quartett\u00a9Sophie-Wolter-12-1024x683.jpg 1024w, https:\/\/www.ludwig-van.com\/montreal\/wp-content\/uploads\/sites\/3\/2023\/07\/Aris-Quartett\u00a9Sophie-Wolter-12-768x512.jpg 768w\" sizes=\"(max-width: 1200px) 100vw, 1200px\" \/><figcaption id=\"caption-attachment-79475\" class=\"wp-caption-text\">Aris Quartett (Photo : Sophie Wolter)<\/figcaption><\/figure>\n<h3>Aris Quartett au Ladies&rsquo; Morning Musical Club<\/h3>\n<p>Fond\u00e9 en 2009 \u00e0 Frankfurt am Main, le quatuor \u00e0 cordes <strong>Aris Quartett<\/strong> a taill\u00e9 sa place sur la sc\u00e8ne mondiale de la musique de chambr. Pour ses d\u00e9buts au Ladies&rsquo; Morning Musical Club, il interpr\u00e9tera des oeuvres de Mendelssohn, Chostakovitch et Schubert.<\/p>\n<p><strong>LE 17 MARS, 15 H 30, SALLE POLLACK <a href=\"https:\/\/www.lmmc.ca\/fr\/arisquartett\" target=\"_blank\" rel=\"noopener\">D\u00c9TAILS ET BILLETS<\/a><\/strong><\/p>\n<h2><em>Inscrivez-vous \u00e0 notre infolettre! La musique classique et l\u2019op\u00e9ra en 5 minutes, chaque jour<\/em>\u00a0\u00a0<a href=\"https:\/\/ludwig-van.us9.list-manage.com\/subscribe?u=4f785cb3f9058f2393ccad035&amp;id=b9b160c032\" target=\"_blank\" rel=\"noopener noreferrer\">ICI\u00a0<\/a><\/h2>\n","protected":false},"excerpt":{"rendered":"<p>Contrairement \u00e0 Dame Nature et ses caprices, nous savons faire des choix raisonn\u00e9s et nous y tenir! Voici nos choix de concerts du 11 au 17 mars.<\/p>\n","protected":false},"author":55,"featured_media":80441,"comment_status":"open","ping_status":"open","sticky":false,"template":"","format":"standard","meta":{"om_disable_all_campaigns":false,"jetpack_post_was_ever_published":false},"categories":[42107,10994],"tags":[42169,5352,16968,2521,6035,42168],"yst_prominent_words":[38415,38413,23065,9863,26052,9877,20311,19340,18274,18272,14231],"acf":[],"jetpack_featured_media_url":"https:\/\/www.ludwig-van.com\/montreal\/wp-content\/uploads\/sites\/3\/2024\/03\/Copie-de-CONCERTS2.jpg","jetpack_sharing_enabled":true,"jetpack_shortlink":"https:\/\/wp.me\/p9bdYt-kVe","amp_enabled":true,"_links":{"self":[{"href":"https:\/\/www.ludwig-van.com\/montreal\/wp-json\/wp\/v2\/posts\/80428"}],"collection":[{"href":"https:\/\/www.ludwig-van.com\/montreal\/wp-json\/wp\/v2\/posts"}],"about":[{"href":"https:\/\/www.ludwig-van.com\/montreal\/wp-json\/wp\/v2\/types\/post"}],"author":[{"embeddable":true,"href":"https:\/\/www.ludwig-van.com\/montreal\/wp-json\/wp\/v2\/users\/55"}],"replies":[{"embeddable":true,"href":"https:\/\/www.ludwig-van.com\/montreal\/wp-json\/wp\/v2\/comments?post=80428"}],"version-history":[{"count":19,"href":"https:\/\/www.ludwig-van.com\/montreal\/wp-json\/wp\/v2\/posts\/80428\/revisions"}],"predecessor-version":[{"id":80461,"href":"https:\/\/www.ludwig-van.com\/montreal\/wp-json\/wp\/v2\/posts\/80428\/revisions\/80461"}],"wp:featuredmedia":[{"embeddable":true,"href":"https:\/\/www.ludwig-van.com\/montreal\/wp-json\/wp\/v2\/media\/80441"}],"wp:attachment":[{"href":"https:\/\/www.ludwig-van.com\/montreal\/wp-json\/wp\/v2\/media?parent=80428"}],"wp:term":[{"taxonomy":"category","embeddable":true,"href":"https:\/\/www.ludwig-van.com\/montreal\/wp-json\/wp\/v2\/categories?post=80428"},{"taxonomy":"post_tag","embeddable":true,"href":"https:\/\/www.ludwig-van.com\/montreal\/wp-json\/wp\/v2\/tags?post=80428"},{"taxonomy":"yst_prominent_words","embeddable":true,"href":"https:\/\/www.ludwig-van.com\/montreal\/wp-json\/wp\/v2\/yst_prominent_words?post=80428"}],"curies":[{"name":"wp","href":"https:\/\/api.w.org\/{rel}","templated":true}]}}