{"id":80256,"date":"2024-03-04T12:20:55","date_gmt":"2024-03-04T17:20:55","guid":{"rendered":"https:\/\/www.ludwig-van.com\/montreal\/?p=80256"},"modified":"2024-03-05T14:42:14","modified_gmt":"2024-03-05T19:42:14","slug":"concerts-4-au-10-mars","status":"publish","type":"post","link":"https:\/\/www.ludwig-van.com\/montreal\/2024\/03\/04\/concerts-4-au-10-mars\/","title":{"rendered":"CHOIX DE LA R\u00c9DACTION | La Semaine du neuf au Vivier et autres concerts du 4 au 10 mars"},"content":{"rendered":"<figure id=\"attachment_80288\" aria-describedby=\"caption-attachment-80288\" style=\"width: 1200px\" class=\"wp-caption aligncenter\"><img decoding=\"async\" loading=\"lazy\" class=\"size-full wp-image-80288\" src=\"https:\/\/www.ludwig-van.com\/montreal\/wp-content\/uploads\/sites\/3\/2024\/03\/Copie-de-CONCERTS1.jpg\" alt=\"Les Choix de la r\u00e9daction de la semaine du 4 mars : OSM et Payare, Ghostland avec les Percussions de Strasbourg, le violoncelliste Lluis Claret \u00e0 la Salle Bourgie\" width=\"1200\" height=\"628\" srcset=\"https:\/\/www.ludwig-van.com\/montreal\/wp-content\/uploads\/sites\/3\/2024\/03\/Copie-de-CONCERTS1.jpg 1200w, https:\/\/www.ludwig-van.com\/montreal\/wp-content\/uploads\/sites\/3\/2024\/03\/Copie-de-CONCERTS1-300x157.jpg 300w, https:\/\/www.ludwig-van.com\/montreal\/wp-content\/uploads\/sites\/3\/2024\/03\/Copie-de-CONCERTS1-1024x536.jpg 1024w, https:\/\/www.ludwig-van.com\/montreal\/wp-content\/uploads\/sites\/3\/2024\/03\/Copie-de-CONCERTS1-768x402.jpg 768w\" sizes=\"(max-width: 1200px) 100vw, 1200px\" \/><figcaption id=\"caption-attachment-80288\" class=\"wp-caption-text\">Les Choix de la r\u00e9daction de la semaine du 4 mars : OSM et Payare, Ghostland avec les Percussions de Strasbourg, le violoncelliste Lluis Claret \u00e0 la Salle Bourgie<\/figcaption><\/figure>\n<p><span style=\"color: #808080;\"><em><strong>Pendant que l&rsquo;Orchestre M\u00e9tropolitain joue Sibelius et Rachmaninov aux \u00c9tats-Unis, les m\u00e9lomanes montr\u00e9alais ont ici de beaux concerts \u00e0 se mettre sous la dent, que ce soit entre autres la Huiti\u00e8me Symphonie de Chostakovitch \u00e0 l&rsquo;OSM, un r\u00e9cital de violoncelle \u00e0 la Salle Bourgie ou une occasion rare de d\u00e9couvrir les Percussions de Strasbourg dans le cadre de la Semaine du neuf organis\u00e9e par Le Vivier.<\/strong><\/em><\/span><\/p>\n<p>&nbsp;<\/p>\n<figure id=\"attachment_79684\" aria-describedby=\"caption-attachment-79684\" style=\"width: 1200px\" class=\"wp-caption aligncenter\"><img decoding=\"async\" loading=\"lazy\" class=\"size-full wp-image-79684\" src=\"https:\/\/www.ludwig-van.com\/montreal\/wp-content\/uploads\/sites\/3\/2024\/01\/Zhan-Hong_Xiao_Carree_noir_blanc_sans-date_cropped_resized.jpg\" alt=\"Le pianiste Zhan Hong Xiao (Photo : courtoisie Soci\u00e9t\u00e9 Pro musica)\" width=\"1200\" height=\"815\" srcset=\"https:\/\/www.ludwig-van.com\/montreal\/wp-content\/uploads\/sites\/3\/2024\/01\/Zhan-Hong_Xiao_Carree_noir_blanc_sans-date_cropped_resized.jpg 1200w, https:\/\/www.ludwig-van.com\/montreal\/wp-content\/uploads\/sites\/3\/2024\/01\/Zhan-Hong_Xiao_Carree_noir_blanc_sans-date_cropped_resized-300x204.jpg 300w, https:\/\/www.ludwig-van.com\/montreal\/wp-content\/uploads\/sites\/3\/2024\/01\/Zhan-Hong_Xiao_Carree_noir_blanc_sans-date_cropped_resized-1024x695.jpg 1024w, https:\/\/www.ludwig-van.com\/montreal\/wp-content\/uploads\/sites\/3\/2024\/01\/Zhan-Hong_Xiao_Carree_noir_blanc_sans-date_cropped_resized-768x522.jpg 768w\" sizes=\"(max-width: 1200px) 100vw, 1200px\" \/><figcaption id=\"caption-attachment-79684\" class=\"wp-caption-text\">Le pianiste Zhan Hong Xiao (Photo : courtoisie Soci\u00e9t\u00e9 Pro musica)<\/figcaption><\/figure>\n<h3>Musique sur l&rsquo;heure du d\u00eener<\/h3>\n<p>La Soci\u00e9t\u00e9 Pro musica poursuit sa s\u00e9rie Les M\u00e9lodines avec le jeune pianiste <strong>Zhan Hong Xiao<\/strong>, que certains reconna\u00eetront peut-\u00eatre de sa participation \u00e0 l&rsquo;\u00e9mission <em>Virtuose<\/em> dont il a remport\u00e9 le Grand Prix en 2017. Pour son r\u00e9cital, Zhan a choisi de jouer les pi\u00e8ces qu\u2019il va interpr\u00e9ter lors de sa participation \u00e0 diff\u00e9rents concours internationaux en 2024, soit des extraits de la Suite de l&rsquo;<em>Oiseau de feu<\/em> de Stravinsky (arr. Guido Agosti), les <em>Valses nobles et sentimentales<\/em> de Ravel et les 24 Pr\u00e9ludes de Chopin.<\/p>\n<p><strong>LE 6 MARS, 12 H 10, SALLE CLAUDE-L\u00c9VEILL\u00c9E <a href=\"https:\/\/promusica.qc.ca\/programmation\/melodines\/\" target=\"_blank\" rel=\"noopener\">D\u00c9TAILS ET BILLETS<\/a><\/strong><\/p>\n<p>&nbsp;<\/p>\n<figure id=\"attachment_67175\" aria-describedby=\"caption-attachment-67175\" style=\"width: 1200px\" class=\"wp-caption aligncenter\"><img decoding=\"async\" loading=\"lazy\" class=\"size-full wp-image-67175\" src=\"https:\/\/www.ludwig-van.com\/montreal\/wp-content\/uploads\/sites\/3\/2021\/07\/Rafael-Payare-cr-Antoine-Saito-1200.jpeg\" alt=\"Rafael Payare, nouveau directeur musical de l'Orchestre symphonique de Montr\u00e9al. (Photo: Antoine Saito)\" width=\"1200\" height=\"800\" \/><figcaption id=\"caption-attachment-67175\" class=\"wp-caption-text\">Rafael Payare, directeur musical de l&rsquo;Orchestre symphonique de Montr\u00e9al. (Photo : Antoine Saito)<\/figcaption><\/figure>\n<h3>Beethoven et Chostakovitch \u00e0 l&rsquo;OSM<\/h3>\n<p>L&rsquo;<strong>OSM<\/strong> associe deux rebelles, chacun \u00e0 leur fa\u00e7on, dans ce programme constitu\u00e9 de la Premi\u00e8re Symphonie de Beethoven et de la Huit\u00e8me Symphonie de Chostakovitc, sous la baguette de <strong>Rafael Payare<\/strong>. Si la Premi\u00e8re Symphonie de Beethoven est encore fortement influenc\u00e9e par le classicisme de Haydn et Mozart, elle laisse d\u00e9j\u00e0 pressentir l&rsquo;\u00e9volution du compositeur qui fera \u00e9clater le moule classique et ouvrira plus tard la porte au romantisme. L\u2019\u00e9nergie motrice de la Huiti\u00e8me Symphonie de Chostakovitch est tout autre\u00a0: brutale, path\u00e9tique, impitoyable. Cette \u0153uvre saisissante \u00e9voque le climat dramatique des ann\u00e9es de guerre, et l\u2019ironie s\u2019y manifeste comme une r\u00e9ponse\u00a0\u00e0 la souffrance.<\/p>\n<p><strong>LES 6 ET 7 MARS, 19 H 30, ET LE 10 MARS, 14 H 30, MAISON SYMPHONIQUE <a href=\"https:\/\/www.osm.ca\/fr\/concerts\/rafael-payare-et-limpressionnante-symphonie-no-8-de-chostakovitch\/\" target=\"_blank\" rel=\"noopener\">D\u00c9TAILS ET BILLETS<\/a><\/strong><\/p>\n<p>(Le concert du 6 mars est \u00e9galement transmis en direct et en diff\u00e9r\u00e9 sur mezzo.tv et medici.tv.)<\/p>\n<p>&nbsp;<\/p>\n<figure id=\"attachment_80286\" aria-describedby=\"caption-attachment-80286\" style=\"width: 1200px\" class=\"wp-caption aligncenter\"><img decoding=\"async\" loading=\"lazy\" class=\"size-full wp-image-80286\" src=\"https:\/\/www.ludwig-van.com\/montreal\/wp-content\/uploads\/sites\/3\/2024\/03\/Lluis-Claret.png\" alt=\"Le violoncelliste Lluis Claret sera en r\u00e9cital avec la pianiste Sandra Murray le 6 mars. (Photo : Jordi Belver)\" width=\"1200\" height=\"757\" srcset=\"https:\/\/www.ludwig-van.com\/montreal\/wp-content\/uploads\/sites\/3\/2024\/03\/Lluis-Claret.png 1200w, https:\/\/www.ludwig-van.com\/montreal\/wp-content\/uploads\/sites\/3\/2024\/03\/Lluis-Claret-300x189.png 300w, https:\/\/www.ludwig-van.com\/montreal\/wp-content\/uploads\/sites\/3\/2024\/03\/Lluis-Claret-1024x646.png 1024w, https:\/\/www.ludwig-van.com\/montreal\/wp-content\/uploads\/sites\/3\/2024\/03\/Lluis-Claret-768x484.png 768w\" sizes=\"(max-width: 1200px) 100vw, 1200px\" \/><figcaption id=\"caption-attachment-80286\" class=\"wp-caption-text\">Le violoncelliste Lluis Claret sera en r\u00e9cital avec la pianiste Sandra Murray le 6 mars. (Photo : Jordi Belver)<\/figcaption><\/figure>\n<h3>Le violoncelliste Llu\u00eds Claret en r\u00e9cital \u00e0 la Salle Bourgie<\/h3>\n<p>Le violoncelliste au phras\u00e9 empreint de lyrisme et professeur au <em>New England Conservatory<\/em> <strong>Llu\u00eds Claret<\/strong> pr\u00e9sente avec la pianiste <strong>Sandra<\/strong> <strong>Murray<\/strong> les sonates pour violoncelle et piano de Dubois et Debussy, ainsi que Cinq pi\u00e8ces de Casals. Le lendemain, Claret donne \u00e9galement un cours de ma\u00eetre ouvert au public.<\/p>\n<p><strong>LE 6 MARS, 19 H 30, SALLE BOURGIE <a href=\"https:\/\/www.mbam.qc.ca\/fr\/activites\/lluis-claret-violoncelle-et-sandra-murray-piano\/\" target=\"_blank\" rel=\"noopener\">D\u00c9TAILS ET BILLETS<\/a><\/strong><\/p>\n<p><strong>COURS DE MA\u00ceTRE LE 7 MARS, 13 H, SALLE BOURGIE <a href=\"https:\/\/www.mbam.qc.ca\/fr\/activites\/lluis-claret-violoncelle-et-sandra-murray-piano\/\" target=\"_blank\" rel=\"noopener\">D\u00c9TAILS ET BILLETS<\/a><\/strong><\/p>\n<p>&nbsp;<\/p>\n<figure id=\"attachment_65398\" aria-describedby=\"caption-attachment-65398\" style=\"width: 1200px\" class=\"wp-caption aligncenter\"><img decoding=\"async\" loading=\"lazy\" class=\"size-full wp-image-65398\" src=\"https:\/\/www.ludwig-van.com\/montreal\/wp-content\/uploads\/sites\/3\/2017\/09\/Arion-2-redim.jpg\" alt=\"\" width=\"1200\" height=\"800\" srcset=\"https:\/\/www.ludwig-van.com\/montreal\/wp-content\/uploads\/sites\/3\/2017\/09\/Arion-2-redim.jpg 1200w, https:\/\/www.ludwig-van.com\/montreal\/wp-content\/uploads\/sites\/3\/2017\/09\/Arion-2-redim-300x200.jpg 300w, https:\/\/www.ludwig-van.com\/montreal\/wp-content\/uploads\/sites\/3\/2017\/09\/Arion-2-redim-1024x683.jpg 1024w, https:\/\/www.ludwig-van.com\/montreal\/wp-content\/uploads\/sites\/3\/2017\/09\/Arion-2-redim-768x512.jpg 768w\" sizes=\"(max-width: 1200px) 100vw, 1200px\" \/><figcaption id=\"caption-attachment-65398\" class=\"wp-caption-text\">Arion Orchestre Baroque. (Photo : Mari Photographe)<\/figcaption><\/figure>\n<p>L&rsquo;ensemble <strong>Arion<\/strong> et le <strong>Studio de musique ancienne de Montr\u00e9al<\/strong> s&rsquo;associent pour pr\u00e9senter le c\u00e9l\u00e8bre Requiem de Mozart ainsi que des oeuvres de compositeurs fran\u00e7ais entendues \u00e0 Paris \u00e0 la m\u00eame \u00e9poque, soit la <i>Marche fun\u00e8bre<\/i> de Cherubini, la <i>Marche lugubre<\/i> de Gossec et l&rsquo;\u00e9mouvant <i>Super flumina Babylonis<\/i> de Fran\u00e7ois Giroust.<\/p>\n<p><strong>LE 8 MARS, 19 H 30; LE 9 MARS, 16 H; LE 10 MARS, 14 H 30, SALLE BOURGIE D\u00c9TAILS ET BILLETS<\/strong><\/p>\n<p>&nbsp;<\/p>\n<figure id=\"attachment_80287\" aria-describedby=\"caption-attachment-80287\" style=\"width: 1200px\" class=\"wp-caption aligncenter\"><img decoding=\"async\" loading=\"lazy\" class=\"size-full wp-image-80287\" src=\"https:\/\/www.ludwig-van.com\/montreal\/wp-content\/uploads\/sites\/3\/2024\/03\/Ghostland-Percussions-Strasbourg.png\" alt=\"Ghostland de Pierre Jodlowski sera cr\u00e9\u00e9 par Les Percussions de Strasbourg. (Photo : site web du Vivier)\" width=\"1200\" height=\"603\" srcset=\"https:\/\/www.ludwig-van.com\/montreal\/wp-content\/uploads\/sites\/3\/2024\/03\/Ghostland-Percussions-Strasbourg.png 1200w, https:\/\/www.ludwig-van.com\/montreal\/wp-content\/uploads\/sites\/3\/2024\/03\/Ghostland-Percussions-Strasbourg-300x151.png 300w, https:\/\/www.ludwig-van.com\/montreal\/wp-content\/uploads\/sites\/3\/2024\/03\/Ghostland-Percussions-Strasbourg-1024x515.png 1024w, https:\/\/www.ludwig-van.com\/montreal\/wp-content\/uploads\/sites\/3\/2024\/03\/Ghostland-Percussions-Strasbourg-768x386.png 768w\" sizes=\"(max-width: 1200px) 100vw, 1200px\" \/><figcaption id=\"caption-attachment-80287\" class=\"wp-caption-text\">Ghostland de Pierre Jodlowski sera cr\u00e9\u00e9 par Les Percussions de Strasbourg. (Photo : site web du Vivier)<\/figcaption><\/figure>\n<h3><em>Ghostland<\/em> avec Les Percussions de Strasbourg<\/h3>\n<div class=\"mid-bold padding-top-24\">\n<p>La deuxi\u00e8me \u00e9dition de La Semaine du neuf pr\u00e9sent\u00e9e par Le Vivier met la lumi\u00e8re sur les oeuvres de Pierre Jodlowski. De ce compositeur, le c\u00e9l\u00e8bre ensemble Les Percussions de Strasbourg cr\u00e9era <em>Ghostland<\/em>, une oeuvre immersive et envo\u00fbtante con\u00e7ue pour quatre percussionnistes qui concentrent leur jeu sur quatre batteries et des instruments virtuels et une marionnettiste avec un dispositif interactif de lumi\u00e8res, sons et vid\u00e9os.<\/p>\n<p><strong>LE 9 MARS, 16 H ET 20 H 30, LE 10 MARS, 10 H (REPR\u00c9SENTATION FAMILLE), ESPACE WILDER <a href=\"https:\/\/levivier.ca\/fr\/concert\/saison-2023-24\/ghostland\" target=\"_blank\" rel=\"noopener\">D\u00c9TAILS ET BILLETS<\/a><\/strong><\/p>\n<\/div>\n","protected":false},"excerpt":{"rendered":"<p>Pendant que l&rsquo;Orchestre M\u00e9tropolitain joue Sibelius et Rachmaninov aux \u00c9tats-Unis, les m\u00e9lomanes montr\u00e9alais ont ici de beaux concerts \u00e0 se mettre sous la dent, que ce soit entre autres la Huiti\u00e8me Symphonie de Chostakovitch \u00e0 l&rsquo;OSM, un r\u00e9cital de violoncelle \u00e0 la Salle Bourgie ou une occasion rare de d\u00e9couvrir les Percussions de Strasbourg dans le cadre de la Semaine du neuf organis\u00e9e par Le Vivier.<\/p>\n","protected":false},"author":55,"featured_media":80288,"comment_status":"open","ping_status":"open","sticky":false,"template":"","format":"standard","meta":{"om_disable_all_campaigns":false,"jetpack_post_was_ever_published":false},"categories":[42107,10994],"tags":[42106,361,18011,2265,25753,2542,28803],"yst_prominent_words":[9863,33504,31965,26052,9877,13119,33503,30720,18274,18272,9956,21568,31964],"acf":[],"jetpack_featured_media_url":"https:\/\/www.ludwig-van.com\/montreal\/wp-content\/uploads\/sites\/3\/2024\/03\/Copie-de-CONCERTS1.jpg","jetpack_sharing_enabled":true,"jetpack_shortlink":"https:\/\/wp.me\/p9bdYt-kSs","amp_enabled":true,"_links":{"self":[{"href":"https:\/\/www.ludwig-van.com\/montreal\/wp-json\/wp\/v2\/posts\/80256"}],"collection":[{"href":"https:\/\/www.ludwig-van.com\/montreal\/wp-json\/wp\/v2\/posts"}],"about":[{"href":"https:\/\/www.ludwig-van.com\/montreal\/wp-json\/wp\/v2\/types\/post"}],"author":[{"embeddable":true,"href":"https:\/\/www.ludwig-van.com\/montreal\/wp-json\/wp\/v2\/users\/55"}],"replies":[{"embeddable":true,"href":"https:\/\/www.ludwig-van.com\/montreal\/wp-json\/wp\/v2\/comments?post=80256"}],"version-history":[{"count":5,"href":"https:\/\/www.ludwig-van.com\/montreal\/wp-json\/wp\/v2\/posts\/80256\/revisions"}],"predecessor-version":[{"id":80312,"href":"https:\/\/www.ludwig-van.com\/montreal\/wp-json\/wp\/v2\/posts\/80256\/revisions\/80312"}],"wp:featuredmedia":[{"embeddable":true,"href":"https:\/\/www.ludwig-van.com\/montreal\/wp-json\/wp\/v2\/media\/80288"}],"wp:attachment":[{"href":"https:\/\/www.ludwig-van.com\/montreal\/wp-json\/wp\/v2\/media?parent=80256"}],"wp:term":[{"taxonomy":"category","embeddable":true,"href":"https:\/\/www.ludwig-van.com\/montreal\/wp-json\/wp\/v2\/categories?post=80256"},{"taxonomy":"post_tag","embeddable":true,"href":"https:\/\/www.ludwig-van.com\/montreal\/wp-json\/wp\/v2\/tags?post=80256"},{"taxonomy":"yst_prominent_words","embeddable":true,"href":"https:\/\/www.ludwig-van.com\/montreal\/wp-json\/wp\/v2\/yst_prominent_words?post=80256"}],"curies":[{"name":"wp","href":"https:\/\/api.w.org\/{rel}","templated":true}]}}