{"id":80178,"date":"2024-02-26T10:41:39","date_gmt":"2024-02-26T15:41:39","guid":{"rendered":"https:\/\/www.ludwig-van.com\/montreal\/?p=80178"},"modified":"2024-02-26T11:31:05","modified_gmt":"2024-02-26T16:31:05","slug":"choix-de-la-redaction-19","status":"publish","type":"post","link":"https:\/\/www.ludwig-van.com\/montreal\/2024\/02\/26\/choix-de-la-redaction-19\/","title":{"rendered":"CHOIX DE LA R\u00c9DACTION | Prenez votre envol en musique en cette semaine du 26 f\u00e9vrier"},"content":{"rendered":"<figure id=\"attachment_80182\" aria-describedby=\"caption-attachment-80182\" style=\"width: 1200px\" class=\"wp-caption aligncenter\"><img decoding=\"async\" loading=\"lazy\" class=\"size-full wp-image-80182\" src=\"https:\/\/www.ludwig-van.com\/montreal\/wp-content\/uploads\/sites\/3\/2024\/02\/Copie-de-CONCERTS-3.jpg\" alt=\"en sens horaire : Maria Callas, La Fl\u00fbte enchant\u00e9e et Tara-Louise Montour\" width=\"1200\" height=\"628\" srcset=\"https:\/\/www.ludwig-van.com\/montreal\/wp-content\/uploads\/sites\/3\/2024\/02\/Copie-de-CONCERTS-3.jpg 1200w, https:\/\/www.ludwig-van.com\/montreal\/wp-content\/uploads\/sites\/3\/2024\/02\/Copie-de-CONCERTS-3-300x157.jpg 300w, https:\/\/www.ludwig-van.com\/montreal\/wp-content\/uploads\/sites\/3\/2024\/02\/Copie-de-CONCERTS-3-1024x536.jpg 1024w, https:\/\/www.ludwig-van.com\/montreal\/wp-content\/uploads\/sites\/3\/2024\/02\/Copie-de-CONCERTS-3-768x402.jpg 768w\" sizes=\"(max-width: 1200px) 100vw, 1200px\" \/><figcaption id=\"caption-attachment-80182\" class=\"wp-caption-text\">en sens horaire : Maria Callas \u00e0 l&rsquo;OSL, La Fl\u00fbte enchant\u00e9e \u00e0 l&rsquo;UdeM et Tara-Louise Montour \u00e0 l&rsquo;OCM. (Photos courtoisie des artistes)<\/figcaption><\/figure>\n<p><span style=\"color: #808080;\"><em><strong>Cette semaine, des concerts marquent le centi\u00e8me anniversaire de d\u00e9c\u00e8s de Gabriel Faur\u00e9, et celui de naissance de Maria Callas. Par ailleurs, un concerto pour violon d\u00e9crivant la renaissance du ph\u00e9nix est donn\u00e9 en premi\u00e8re nord-am\u00e9ricaine, tandis que, sur la sc\u00e8ne de la salle Claude-Champagne, l&rsquo;oiseleur Papageno t\u00e2che d&rsquo;attraper des oiseaux et trouve plut\u00f4t sa Papagena. Ajoutez un concert mettant l&rsquo;orgue en vedette, une grande symphonie de Bruckner et une nouvelle cr\u00e9ation de Julien Bilodeau et vous obtiendrez une autre semaine charg\u00e9e de concerts attrayants.<\/strong><\/em><\/span><\/p>\n<p>&nbsp;<\/p>\n<figure id=\"attachment_56961\" aria-describedby=\"caption-attachment-56961\" style=\"width: 1023px\" class=\"wp-caption aligncenter\"><img decoding=\"async\" loading=\"lazy\" class=\"size-full wp-image-56961\" src=\"https:\/\/www.ludwig-van.com\/montreal\/wp-content\/uploads\/sites\/3\/2018\/10\/TaraLouiseMontour-WEB.jpg\" alt=\"La violoniste Tara-Louise Montour est la soliste invit\u00e9e de l'OCM le 27 f\u00e9vrier dans un concerto pour violon de Louis Babin. (Photo : courtoisie du MCO)\" width=\"1023\" height=\"547\" srcset=\"https:\/\/www.ludwig-van.com\/montreal\/wp-content\/uploads\/sites\/3\/2018\/10\/TaraLouiseMontour-WEB.jpg 1023w, https:\/\/www.ludwig-van.com\/montreal\/wp-content\/uploads\/sites\/3\/2018\/10\/TaraLouiseMontour-WEB-300x160.jpg 300w, https:\/\/www.ludwig-van.com\/montreal\/wp-content\/uploads\/sites\/3\/2018\/10\/TaraLouiseMontour-WEB-768x411.jpg 768w\" sizes=\"(max-width: 1023px) 100vw, 1023px\" \/><figcaption id=\"caption-attachment-56961\" class=\"wp-caption-text\">La violoniste Tara-Louise Montour est la soliste invit\u00e9e de l&rsquo;OCM le 27 f\u00e9vrier dans un concerto pour violon de Louis Babin. (Photo : courtoisie de l&rsquo;OCM)<\/figcaption><\/figure>\n<h3>Phoenix<\/h3>\n<p>L&rsquo;image du Phoenix renaissant de ses cendres se marie bien \u00e0 la th\u00e9matique de saison de l&rsquo;<strong>Orchestre classique de Montr\u00e9al<\/strong>, Nouveau d\u00e9part. Le ballet <em>L&rsquo;Oiseau ph\u00e9nix<\/em> de Clermont P\u00e9pin s&rsquo;imposait naturellement, ainsi que la premi\u00e8re nord-am\u00e9ricaine du Concerto pour violon (2015) de Louis Babin, interpr\u00e9t\u00e9 par <strong>Tara-Louise Montour<\/strong>. Babin promet qu&rsquo;on y entend \u00ab\u00a0distinctement les multiples ailes qui se d\u00e9ploient et les multiples transformations que traversera le ph\u00e9nix, oiseau mythique, avant de rena\u00eetre de ses cendres.\u00a0\u00bb\u00a0 <em>Verkl\u00e4rte Nacht<\/em> de Schoenberg et la Suite pour orchestre \u00e0 cordes de Janacek sont \u00e9galement au programme, le tout sous la direction de <strong>Jacques Lacombe<\/strong>.<\/p>\n<p><strong>LE 27 F\u00c9VRIER, 19 H 30, SALLE PIERRE-MERCURE <a href=\"https:\/\/orchestre.ca\/phoenix\/\" target=\"_blank\" rel=\"noopener\">D\u00c9TAILS ET BILLETS<\/a><\/strong><\/p>\n<p>&nbsp;<\/p>\n<figure id=\"attachment_78330\" aria-describedby=\"caption-attachment-78330\" style=\"width: 1200px\" class=\"wp-caption aligncenter\"><img decoding=\"async\" loading=\"lazy\" class=\"size-full wp-image-78330\" src=\"https:\/\/www.ludwig-van.com\/montreal\/wp-content\/uploads\/sites\/3\/2023\/10\/Barbara-Hannigan-1200.jpg\" alt=\"Barbara Hannigan en concert avec l'OSM en d\u00e9cembre 2022 (Photo : Antoine Saito)\" width=\"1200\" height=\"800\" srcset=\"https:\/\/www.ludwig-van.com\/montreal\/wp-content\/uploads\/sites\/3\/2023\/10\/Barbara-Hannigan-1200.jpg 1200w, https:\/\/www.ludwig-van.com\/montreal\/wp-content\/uploads\/sites\/3\/2023\/10\/Barbara-Hannigan-1200-300x200.jpg 300w, https:\/\/www.ludwig-van.com\/montreal\/wp-content\/uploads\/sites\/3\/2023\/10\/Barbara-Hannigan-1200-1024x683.jpg 1024w, https:\/\/www.ludwig-van.com\/montreal\/wp-content\/uploads\/sites\/3\/2023\/10\/Barbara-Hannigan-1200-768x512.jpg 768w\" sizes=\"(max-width: 1200px) 100vw, 1200px\" \/><figcaption id=\"caption-attachment-78330\" class=\"wp-caption-text\">Barbara Hannigan en concert avec l&rsquo;OSM en d\u00e9cembre 2022 (Photo : Antoine Saito)<\/figcaption><\/figure>\n<h3>Barbara Hannigan chante avec l&rsquo;OSM<\/h3>\n<p>Apr\u00e8s son immense succ\u00e8s dans <em>La Voix humaine<\/em> la semaine derni\u00e8re, <strong>Barbara Hannigan<\/strong> est de retour sur la sc\u00e8ne de la Maison symphonique pour chanter <em>In the Half-light<\/em> de la compositrice canadienne <strong>Zosha di Castri<\/strong>, une oeuvre n\u00e9e d&rsquo;une collaboration \u00e9troite entre la chanteuse, di Castri et l&rsquo;auteur malaisien <strong>Tash Aw<\/strong>. En deuxi\u00e8me partie, <strong>Rafael Payare<\/strong> dirige la Symphonie no 4 de Bruckner, dite La Romantique.<\/p>\n<p><strong>LES 28 ET 29 F\u00c9VRIER, 19 H 30, MAISON SYMPHONIQUE <a href=\"https:\/\/www.osm.ca\/fr\/concerts\/rafael-payare-et-la-quatrieme-symphonie-de-bruckner\/\" target=\"_blank\" rel=\"noopener\">D\u00c9TAILS ET BILLETS<\/a><\/strong><\/p>\n<p>&nbsp;<\/p>\n<figure id=\"attachment_71335\" aria-describedby=\"caption-attachment-71335\" style=\"width: 827px\" class=\"wp-caption aligncenter\"><img decoding=\"async\" loading=\"lazy\" class=\"size-full wp-image-71335\" src=\"https:\/\/www.ludwig-van.com\/montreal\/wp-content\/uploads\/sites\/3\/2022\/06\/Simon-Rivard.jpg\" alt=\"Simon Rivard, chef d'orchestre. (Photo : Tam Lan Truong)\" width=\"827\" height=\"1244\" \/><figcaption id=\"caption-attachment-71335\" class=\"wp-caption-text\">Simon Rivard, chef d&rsquo;orchestre. (Photo : Tam Lan Truong)<\/figcaption><\/figure>\n<h3>Hommage \u00e0 La Callas<\/h3>\n<p>L&rsquo;<strong>Orchestre symphonique de Laval<\/strong> c\u00e9l\u00e8bre en grand le 100e anniversaire de naissance de la mythique cantatrice Maria Callas avec un programme enti\u00e8rement constitu\u00e9 d&rsquo;extraits d&rsquo;op\u00e9ras des compositeurs italiens Verdi, Bellini et Mascagni. Les solistes sont <strong>Kirsten<\/strong> <strong>MacKinnon<\/strong>, <strong>Matthew Daley<\/strong> et <strong>Alexandre Sylvestre<\/strong>. Le <strong>Choeur de Laval<\/strong>, pr\u00e9par\u00e9 par <strong>Dany Wiseman<\/strong>, sera \u00e9galement de la partie pour interpr\u00e9ter des succ\u00e8s immortels comme le choeur Va pensiero de <em>Nabucco<\/em>, sous la baguette de <strong>Simon Rivard<\/strong>.<\/p>\n<p><strong>LE 28 F\u00c9VRIER, 19 H 30, SALLE ANDR\u00c9-MATHIEU <a href=\"https:\/\/www.osl.ca\/hommagealacallas\" target=\"_blank\" rel=\"noopener\">D\u00c9TAILS ET BILLETS<\/a><\/strong><\/p>\n<p>&nbsp;<\/p>\n<figure id=\"attachment_79941\" aria-describedby=\"caption-attachment-79941\" style=\"width: 1200px\" class=\"wp-caption aligncenter\"><img decoding=\"async\" loading=\"lazy\" class=\"size-full wp-image-79941\" src=\"https:\/\/www.ludwig-van.com\/montreal\/wp-content\/uploads\/sites\/3\/2024\/02\/Alexander-Shelley_Photo-by-Remi-Theriault_cropped_resized.jpg\" alt=\"Alexander Shelley, directeur musical de l'Orchestre du CNA (Photo : R\u00e9mi Th\u00e9riault)\" width=\"1200\" height=\"803\" srcset=\"https:\/\/www.ludwig-van.com\/montreal\/wp-content\/uploads\/sites\/3\/2024\/02\/Alexander-Shelley_Photo-by-Remi-Theriault_cropped_resized.jpg 1200w, https:\/\/www.ludwig-van.com\/montreal\/wp-content\/uploads\/sites\/3\/2024\/02\/Alexander-Shelley_Photo-by-Remi-Theriault_cropped_resized-300x201.jpg 300w, https:\/\/www.ludwig-van.com\/montreal\/wp-content\/uploads\/sites\/3\/2024\/02\/Alexander-Shelley_Photo-by-Remi-Theriault_cropped_resized-1024x685.jpg 1024w, https:\/\/www.ludwig-van.com\/montreal\/wp-content\/uploads\/sites\/3\/2024\/02\/Alexander-Shelley_Photo-by-Remi-Theriault_cropped_resized-768x514.jpg 768w\" sizes=\"(max-width: 1200px) 100vw, 1200px\" \/><figcaption id=\"caption-attachment-79941\" class=\"wp-caption-text\">Alexander Shelley dirigera les orchestre conjoints du CNA et de Qu\u00e9bec les 28 f\u00e9vrier, 2, 7 et 8 mars.(Photo : R\u00e9mi Th\u00e9riault)<\/figcaption><\/figure>\n<h3>Les orchestres des deux capitales r\u00e9unis<\/h3>\n<p>Ce mercredi, l&rsquo;<strong>Orchestre du Centre national des arts<\/strong> et l&rsquo;<strong>Orchestre symphonique de Qu\u00e9bec<\/strong> lancent au Grand Th\u00e9\u00e2tre leur tourn\u00e9e commune qui les m\u00e8nera ensuite au Roy Thomson Hall de Toronto (2 mars) et au Centre national des arts d&rsquo;Ottawa (7 et 8 mars). Dirig\u00e9 par <strong>Alexander Shelley<\/strong>, le programme met en vedette le jeune <strong>Kevin Chen<\/strong> dans le Concerto pour piano no 2 de Saint-Saens. En deuxi\u00e8me partie, le <strong>Mendelssohn Choir<\/strong> de Toronto se joint aux deux orchestres pour interpr\u00e9ter la Symphonie no 5 du compositeur qu\u00e9b\u00e9cois Jacques H\u00e9tu, alors qu&rsquo;on d\u00e9couvrira en ouverture de concert une commande du CNA faite \u00e0 la compositrice <strong>Kelly-Marie Murphy<\/strong> intitul\u00e9e <em><span xml:lang=\"FR-CA\" data-contrast=\"auto\">Dark<\/span> Nights, Bright Stars, Vast Universe.<\/em><\/p>\n<p><strong>LE 28 F\u00c9VRIER, 19 H 30, GRAND TH\u00c9\u00c2TRE, LE 2 MARS, ROY THOMSON HALL, LES 7 ET 8 MARS, CENTRE NATIONAL DES ARTS<\/strong><\/p>\n<p><a href=\"https:\/\/www.osq.org\/concerts\/deux-orchestres-pour-une-symphonie\/\" target=\"_blank\" rel=\"noopener\"><strong>D\u00c9TAILS ET BILLETS<\/strong><\/a><\/p>\n<p>&nbsp;<\/p>\n<p>&nbsp;<\/p>\n<figure id=\"attachment_78109\" aria-describedby=\"caption-attachment-78109\" style=\"width: 400px\" class=\"wp-caption aligncenter\"><img decoding=\"async\" loading=\"lazy\" class=\"size-full wp-image-78109\" src=\"https:\/\/www.ludwig-van.com\/montreal\/wp-content\/uploads\/sites\/3\/2023\/09\/Mozart\u202f_-La-flute-enchantee-e1708956593104.jpg\" alt=\"L'Atelier d'op\u00e9ra de la Facult\u00e9 de musique de l'Universit\u00e9 de Montr\u00e9al pr\u00e9sente La Fl\u00fbte enchant\u00e9e de Mozart le 29 f\u00e9vrier et le 2 mars. \" width=\"400\" height=\"400\" srcset=\"https:\/\/www.ludwig-van.com\/montreal\/wp-content\/uploads\/sites\/3\/2023\/09\/Mozart\u202f_-La-flute-enchantee-e1708956593104.jpg 400w, https:\/\/www.ludwig-van.com\/montreal\/wp-content\/uploads\/sites\/3\/2023\/09\/Mozart\u202f_-La-flute-enchantee-e1708956593104-300x300.jpg 300w, https:\/\/www.ludwig-van.com\/montreal\/wp-content\/uploads\/sites\/3\/2023\/09\/Mozart\u202f_-La-flute-enchantee-e1708956593104-150x150.jpg 150w\" sizes=\"(max-width: 400px) 100vw, 400px\" \/><figcaption id=\"caption-attachment-78109\" class=\"wp-caption-text\">L&rsquo;Atelier d&rsquo;op\u00e9ra de la Facult\u00e9 de musique de l&rsquo;Universit\u00e9 de Montr\u00e9al pr\u00e9sente La Fl\u00fbte enchant\u00e9e de Mozart le 29 f\u00e9vrier et le 2 mars.<\/figcaption><\/figure>\n<h3>La Fl\u00fbte enchant\u00e9e<\/h3>\n<p>Ceux qui auront eu la piq\u00fbre de l&rsquo;op\u00e9ra pourront poursuivre dans cette veine avec la production de <em>La Fl\u00fbte enchant\u00e9e<\/em> pr\u00e9sent\u00e9e par l&rsquo;<strong>Atelier d&rsquo;op\u00e9ra de la Facult\u00e9 de musique de l&rsquo;Universit\u00e9 de Montr\u00e9al<\/strong>. <strong>Jean-Fran\u00e7ois Rivest<\/strong> sera au commande de l&rsquo;orchestre pour son dernier op\u00e9ra avec la Facult\u00e9, puisqu&rsquo;il prend sa retraite \u00e0 la fin de cette ann\u00e9e scolaire (nous ne manquerons pas de vous signaler son concert de d\u00e9part \u00e0 la retraite, pour lequel il s&rsquo;offre la Symphonie de la R\u00e9surrection de Mahler pour choeur et orchestre). La mise en sc\u00e8ne de <strong>Patrick R. Lacharit\u00e9<\/strong> est appuy\u00e9e par des vid\u00e9os et des projections con\u00e7ues par <strong>Gabriela H\u00e9bert<\/strong>, \u00e9tudiante au baccalaur\u00e9at en musique num\u00e9riques.<\/p>\n<p><strong>LE 29 F\u00c9VRIER ET LE 2 MARS, 19 H 30, SALLE CLAUDE-CHAMPAGNE <a href=\"https:\/\/musiqueumontreal.tuxedobillet.com\/main\/mozart-la-flute-enchantee?_gl=1*25k069*_ga*MTM5MzAwNTM1NC4xNjk1MTMzNTQz*_ga_40VYQJJGRM*MTY5NTY3NTkxNi40LjEuMTY5NTY3NjA1OS41MC4wLjA.*_gcl_au*MTY1MTM5NjUwNy4xNjk1MTMzNTQz\" target=\"_blank\" rel=\"noopener\">D\u00c9TAILS ET BILLETS<\/a><\/strong><\/p>\n<p>&nbsp;<\/p>\n<figure id=\"attachment_78732\" aria-describedby=\"caption-attachment-78732\" style=\"width: 797px\" class=\"wp-caption aligncenter\"><img decoding=\"async\" loading=\"lazy\" class=\"size-full wp-image-78732\" src=\"https:\/\/www.ludwig-van.com\/montreal\/wp-content\/uploads\/sites\/3\/2023\/11\/Frank-Braley.png\" alt=\"Le pianiste Frank Braley et les Solistes de la Chapelle musicale Reine \u00c9lisabeth s'associent pour jouer de grands quatuors avec piano de Faur\u00e9 et Enesco. (Photo : courtoisie)\" width=\"797\" height=\"1177\" srcset=\"https:\/\/www.ludwig-van.com\/montreal\/wp-content\/uploads\/sites\/3\/2023\/11\/Frank-Braley.png 797w, https:\/\/www.ludwig-van.com\/montreal\/wp-content\/uploads\/sites\/3\/2023\/11\/Frank-Braley-203x300.png 203w, https:\/\/www.ludwig-van.com\/montreal\/wp-content\/uploads\/sites\/3\/2023\/11\/Frank-Braley-693x1024.png 693w, https:\/\/www.ludwig-van.com\/montreal\/wp-content\/uploads\/sites\/3\/2023\/11\/Frank-Braley-768x1134.png 768w\" sizes=\"(max-width: 797px) 100vw, 797px\" \/><figcaption id=\"caption-attachment-78732\" class=\"wp-caption-text\">Le pianiste Frank Braley et les Solistes de la Chapelle musicale Reine \u00c9lisabeth s&rsquo;associent pour jouer de grands quatuors avec piano de Faur\u00e9 et Enesco. (Photo : courtoisie)<\/figcaption><\/figure>\n<h3>Quatuors avec piano<\/h3>\n<p>Dans les cadres des c\u00e9l\u00e9brations marquant le 100e anniversaire de naissance de Gabriel Faur\u00e9, les Solistes de la Chapelle musicale Reine \u00c9lisabeth, de Belgique, s&rsquo;associent au pianiste Frank Brailey pour interpr\u00e9ter son Quatuor avec piano no 1 en <em>do<\/em> mineur et celui en <em>r\u00e9<\/em> majeur de son brillant \u00e9l\u00e8ve Enesco.<\/p>\n<p><strong>LE 29 F\u00c9VRIER, 19 H 30, SALLE BOURGIE <a href=\"https:\/\/www.mbam.qc.ca\/fr\/activites\/faure-et-enesco-maitre-et-eleve\/\" target=\"_blank\" rel=\"noopener\">D\u00c9TAILS ET BILLETS<\/a><\/strong><\/p>\n<p>&nbsp;<\/p>\n<figure id=\"attachment_70997\" aria-describedby=\"caption-attachment-70997\" style=\"width: 941px\" class=\"wp-caption aligncenter\"><img decoding=\"async\" loading=\"lazy\" class=\"size-full wp-image-70997\" src=\"https:\/\/www.ludwig-van.com\/montreal\/wp-content\/uploads\/sites\/3\/2022\/05\/Isabelle-Demers-cr-Abi-Poe.jpg\" alt=\"L'organiste Isabelle Demers est l'invit\u00e9e des Violons du Roy sous la direction de Nicolas Ellis pour un concert orgue et orchestre de chambre. (Photo : Abi Poe)\" width=\"941\" height=\"1280\" \/><figcaption id=\"caption-attachment-70997\" class=\"wp-caption-text\">L&rsquo;organiste Isabelle Demers est l&rsquo;invit\u00e9e des Violons du Roy sous la direction de Nicolas Ellis pour un concert orgue et orchestre de chambre. (Photo : Abi Poe)<\/figcaption><\/figure>\n<h3>Orgue et orchestre<\/h3>\n<p>Avec son infinie palette de couleurs cr\u00e9\u00e9es par les diff\u00e9rents jeux, l&rsquo;orgue est un mini-orchestre en soi qui s&rsquo;ajoute \u00e0 la richesse de l&rsquo;orchestre de chambre. Dans ce concert, l&rsquo;organiste <strong>Isabelle Demers<\/strong> pr\u00e9sente des concertos de Handels et des sinfonias de Bach. <strong>Nicolas Ellis<\/strong> et <strong>Les<\/strong> <strong>Violons du Roy<\/strong> compl\u00e8tent la soir\u00e9e avec de la musique de Telemann et de Fux.<\/p>\n<p><strong>LE 29 F\u00c9VRIER, 14 H ET 19 H 30, PALAIS MONTCALM ET 1 MARS, 19 H 30, SALLE BOURGIE <a href=\"https:\/\/www.violonsduroy.com\/fr\/programmation\/saison-montreal\/2024-03-01_19h30_bach-handel-et-l-orgue-concertant-3018\/\" target=\"_blank\" rel=\"noopener\">D\u00c9TAILS ET BILLETS<\/a><\/strong><\/p>\n<p>&nbsp;<\/p>\n<figure id=\"attachment_70351\" aria-describedby=\"caption-attachment-70351\" style=\"width: 834px\" class=\"wp-caption aligncenter\"><img decoding=\"async\" loading=\"lazy\" class=\"size-full wp-image-70351\" src=\"https:\/\/www.ludwig-van.com\/montreal\/wp-content\/uploads\/sites\/3\/2022\/03\/Pentaedre.jpg\" alt=\"Penta\u00e8dre\" width=\"834\" height=\"829\" \/><figcaption id=\"caption-attachment-70351\" class=\"wp-caption-text\">Penta\u00e8dre (Photo : courtoisie de la salle Bourgie)<\/figcaption><\/figure>\n<h3>Mahler et Uguay\u00a0 Bilodeau<\/h3>\n<p>Le quintette \u00e0 vents <strong>Penta\u00e8dre<\/strong> invite le quatuor \u00e0 cordes <strong>Penderecki<\/strong>, la soprano <strong>Magali Simard-Gald\u00e8s<\/strong> et d&rsquo;autres complices pour interpr\u00e9ter un arrangement de la Quatri\u00e8me symphonie de Mahler et une cr\u00e9ation intitul\u00e9e T<em>oute l&rsquo;amplitude f\u00e9conde<\/em>, une mise en musique de la po\u00e9sie de Marie Uguay par <strong>Julien Bilodeau<\/strong>.<\/p>\n<p><strong>LE 2 MARS, 19 H 30, SALLE BOURGIE <a href=\"https:\/\/pentaedre.com\/fr\/concerts\/2023-2024\/la-4e-symphonie-de-mahler\" target=\"_blank\" rel=\"noopener\">D\u00c9TAILS ET BILLETS<\/a><\/strong><\/p>\n<p>&nbsp;<\/p>\n<h2><em>Inscrivez-vous \u00e0 notre infolettre! La musique classique et l\u2019op\u00e9ra en 5 minutes, chaque jour<\/em>\u00a0\u00a0<a href=\"https:\/\/ludwig-van.us9.list-manage.com\/subscribe?u=4f785cb3f9058f2393ccad035&amp;id=b9b160c032\" target=\"_blank\" rel=\"noopener noreferrer\">ICI\u00a0<\/a><\/h2>\n","protected":false},"excerpt":{"rendered":"<p>Cette semaine, des concerts marquent le centi\u00e8me anniversaire de d\u00e9c\u00e8s de Gabriel Faur\u00e9, et celui de naissance de Maria Callas. Par ailleurs, un concerto pour violon d\u00e9crivant la renaissance du ph\u00e9nix est donn\u00e9 en premi\u00e8re nord-am\u00e9ricaine, tandis que, sur la sc\u00e8ne de la salle Claude-Champagne, l&rsquo;oiseleur Papageno t\u00e2che d&rsquo;attraper des oiseaux et trouve plut\u00f4t sa Papagena. Ajoutez un concert mettant l&rsquo;orgue en vedette, une grande symphonie de Bruckner, une nouvelle cr\u00e9ation de Julien Bilodeau et vous obtiendrez une autre semaine charg\u00e9e de concerts attrayants.<\/p>\n","protected":false},"author":55,"featured_media":80182,"comment_status":"open","ping_status":"open","sticky":false,"template":"","format":"standard","meta":{"om_disable_all_campaigns":false,"jetpack_post_was_ever_published":false},"categories":[42107,10994],"tags":[42106,35505,34470,42121,2542,11137],"yst_prominent_words":[9878,9863,13120,13117,38088,33504,18266,26052,16844,16842,18329,9877,13123,13119,33503,18272,19229,31964],"acf":[],"jetpack_featured_media_url":"https:\/\/www.ludwig-van.com\/montreal\/wp-content\/uploads\/sites\/3\/2024\/02\/Copie-de-CONCERTS-3.jpg","jetpack_sharing_enabled":true,"jetpack_shortlink":"https:\/\/wp.me\/p9bdYt-kRc","amp_enabled":true,"_links":{"self":[{"href":"https:\/\/www.ludwig-van.com\/montreal\/wp-json\/wp\/v2\/posts\/80178"}],"collection":[{"href":"https:\/\/www.ludwig-van.com\/montreal\/wp-json\/wp\/v2\/posts"}],"about":[{"href":"https:\/\/www.ludwig-van.com\/montreal\/wp-json\/wp\/v2\/types\/post"}],"author":[{"embeddable":true,"href":"https:\/\/www.ludwig-van.com\/montreal\/wp-json\/wp\/v2\/users\/55"}],"replies":[{"embeddable":true,"href":"https:\/\/www.ludwig-van.com\/montreal\/wp-json\/wp\/v2\/comments?post=80178"}],"version-history":[{"count":7,"href":"https:\/\/www.ludwig-van.com\/montreal\/wp-json\/wp\/v2\/posts\/80178\/revisions"}],"predecessor-version":[{"id":80186,"href":"https:\/\/www.ludwig-van.com\/montreal\/wp-json\/wp\/v2\/posts\/80178\/revisions\/80186"}],"wp:featuredmedia":[{"embeddable":true,"href":"https:\/\/www.ludwig-van.com\/montreal\/wp-json\/wp\/v2\/media\/80182"}],"wp:attachment":[{"href":"https:\/\/www.ludwig-van.com\/montreal\/wp-json\/wp\/v2\/media?parent=80178"}],"wp:term":[{"taxonomy":"category","embeddable":true,"href":"https:\/\/www.ludwig-van.com\/montreal\/wp-json\/wp\/v2\/categories?post=80178"},{"taxonomy":"post_tag","embeddable":true,"href":"https:\/\/www.ludwig-van.com\/montreal\/wp-json\/wp\/v2\/tags?post=80178"},{"taxonomy":"yst_prominent_words","embeddable":true,"href":"https:\/\/www.ludwig-van.com\/montreal\/wp-json\/wp\/v2\/yst_prominent_words?post=80178"}],"curies":[{"name":"wp","href":"https:\/\/api.w.org\/{rel}","templated":true}]}}