{"id":80073,"date":"2024-02-19T11:45:17","date_gmt":"2024-02-19T16:45:17","guid":{"rendered":"https:\/\/www.ludwig-van.com\/montreal\/?p=80073"},"modified":"2024-02-19T11:47:14","modified_gmt":"2024-02-19T16:47:14","slug":"choix-de-la-redaction-18","status":"publish","type":"post","link":"https:\/\/www.ludwig-van.com\/montreal\/2024\/02\/19\/choix-de-la-redaction-18\/","title":{"rendered":"CHOIX DE LA R\u00c9DACTION | De flamboyants artistes sur nos sc\u00e8nes en cette semaine du 18 f\u00e9vrier"},"content":{"rendered":"<p><img decoding=\"async\" loading=\"lazy\" class=\"aligncenter size-full wp-image-80033\" src=\"https:\/\/www.ludwig-van.com\/montreal\/wp-content\/uploads\/sites\/3\/2018\/05\/Harmonies_Inouies_1200.jpg\" alt=\"\" width=\"1200\" height=\"628\" srcset=\"https:\/\/www.ludwig-van.com\/montreal\/wp-content\/uploads\/sites\/3\/2018\/05\/Harmonies_Inouies_1200.jpg 1200w, https:\/\/www.ludwig-van.com\/montreal\/wp-content\/uploads\/sites\/3\/2018\/05\/Harmonies_Inouies_1200-300x157.jpg 300w, https:\/\/www.ludwig-van.com\/montreal\/wp-content\/uploads\/sites\/3\/2018\/05\/Harmonies_Inouies_1200-1024x536.jpg 1024w, https:\/\/www.ludwig-van.com\/montreal\/wp-content\/uploads\/sites\/3\/2018\/05\/Harmonies_Inouies_1200-768x402.jpg 768w\" sizes=\"(max-width: 1200px) 100vw, 1200px\" \/><\/p>\n<h3>Harmonies inou\u00efes avec le Quatuor Bozzini<\/h3>\n<p>Le <strong>Quatuor Bozzini<\/strong> pr\u00e9sente mardi soir le r\u00e9sultat des r\u00e9sidences de cr\u00e9ations de quatre compositeurs et compositrices, soit <strong>Francis Battah<\/strong>, <strong>Bekah Simms<\/strong>, <strong>Paolo Griffin<\/strong> et <strong>Gabriel Dufour-Laperri\u00e8re<\/strong>. Une excellente soir\u00e9e pour prendre le pouls de la cr\u00e9ation musicale canadienne.<\/p>\n<p><strong>LE 20 F\u00c9VRIER, 19 H 30, \u00c9DIFICE WILDER <a href=\"https:\/\/levivier.tuxedobillet.com\/levivier\/harmonies-inouies\" target=\"_blank\" rel=\"noopener\">D\u00c9TAILS ET BILLETS<\/a><\/strong><\/p>\n<p>&nbsp;<\/p>\n<figure id=\"attachment_78330\" aria-describedby=\"caption-attachment-78330\" style=\"width: 1200px\" class=\"wp-caption aligncenter\"><img decoding=\"async\" loading=\"lazy\" class=\"size-full wp-image-78330\" src=\"https:\/\/www.ludwig-van.com\/montreal\/wp-content\/uploads\/sites\/3\/2023\/10\/Barbara-Hannigan-1200.jpg\" alt=\"Barbara Hannigan en concert avec l'OSM en d\u00e9cembre 2022 (Photo : Antoine Saito)\" width=\"1200\" height=\"800\" srcset=\"https:\/\/www.ludwig-van.com\/montreal\/wp-content\/uploads\/sites\/3\/2023\/10\/Barbara-Hannigan-1200.jpg 1200w, https:\/\/www.ludwig-van.com\/montreal\/wp-content\/uploads\/sites\/3\/2023\/10\/Barbara-Hannigan-1200-300x200.jpg 300w, https:\/\/www.ludwig-van.com\/montreal\/wp-content\/uploads\/sites\/3\/2023\/10\/Barbara-Hannigan-1200-1024x683.jpg 1024w, https:\/\/www.ludwig-van.com\/montreal\/wp-content\/uploads\/sites\/3\/2023\/10\/Barbara-Hannigan-1200-768x512.jpg 768w\" sizes=\"(max-width: 1200px) 100vw, 1200px\" \/><figcaption id=\"caption-attachment-78330\" class=\"wp-caption-text\">Barbara Hannigan en concert avec l&rsquo;OSM en d\u00e9cembre 2022 (Photo : Antoine Saito)<\/figcaption><\/figure>\n<h3>Une production hors du commun de <em>La Voix humaine<\/em> avec Barbara Hannigan<\/h3>\n<p>Apr\u00e8s avoir chant\u00e9 l&rsquo;oeuvre phare de Claude Vivier<em> Lonely Child<\/em> l&rsquo;an dernier, <strong>Barbara Hannigan<\/strong> revient \u00e0 l&rsquo;<strong>OSM<\/strong>, cette fois en tant que chanteuse et cheffe d&rsquo;orchestre. Elle pr\u00e9sentera au public montr\u00e9alais sa production sc\u00e9nique du monodrame de Poulenc <em>La voix humaine<\/em> , pour laquelle des cam\u00e9ras plac\u00e9es dans l&rsquo;orchestre projetteront sur grand \u00e9cran le jeu dramatique de la chanteuse-cheffe. En premi\u00e8re partie, Hannigan et l&rsquo;OSM interpr\u00e9teront les <em>M\u00e9tamorphoses<\/em> de Richard Strauss.<\/p>\n<p><strong>LES 21 ET 22 F\u00c9VRIER, 19 H 30, MAISON SYMPHONIQUE <a href=\"https:\/\/www.osm.ca\/fr\/concerts\/richard-strauss-et-poulenc-par-barbara-hannigan\/\" target=\"_blank\" rel=\"noopener\">D\u00c9TAILS ET BILLETS<\/a><\/strong><\/p>\n<p>&nbsp;<\/p>\n<figure id=\"attachment_80078\" aria-describedby=\"caption-attachment-80078\" style=\"width: 1200px\" class=\"wp-caption aligncenter\"><img decoding=\"async\" loading=\"lazy\" class=\"size-full wp-image-80078\" src=\"https:\/\/www.ludwig-van.com\/montreal\/wp-content\/uploads\/sites\/3\/2024\/02\/Nemanja-Radulovic_Photographer-Sever-Zolak.jpg\" alt=\"\" width=\"1200\" height=\"800\" srcset=\"https:\/\/www.ludwig-van.com\/montreal\/wp-content\/uploads\/sites\/3\/2024\/02\/Nemanja-Radulovic_Photographer-Sever-Zolak.jpg 1200w, https:\/\/www.ludwig-van.com\/montreal\/wp-content\/uploads\/sites\/3\/2024\/02\/Nemanja-Radulovic_Photographer-Sever-Zolak-300x200.jpg 300w, https:\/\/www.ludwig-van.com\/montreal\/wp-content\/uploads\/sites\/3\/2024\/02\/Nemanja-Radulovic_Photographer-Sever-Zolak-1024x683.jpg 1024w, https:\/\/www.ludwig-van.com\/montreal\/wp-content\/uploads\/sites\/3\/2024\/02\/Nemanja-Radulovic_Photographer-Sever-Zolak-768x512.jpg 768w\" sizes=\"(max-width: 1200px) 100vw, 1200px\" \/><figcaption id=\"caption-attachment-80078\" class=\"wp-caption-text\">Le violoniset franco-serbe Nemanja Radulovic (Photo : Sever Zolak)<\/figcaption><\/figure>\n<h3>Un violoniste flamboyant, une dessinatrice sur sable et la cheffe JoAnn Falletta \u00e0 l&rsquo;Orchestre M\u00e9tropolitain<\/h3>\n<p>L&rsquo;<strong>Orchestre M\u00e9tropolitain<\/strong> propose cette semaine un programme qui a tout pour plaire! La virtuosit\u00e9 et l&rsquo;\u00e9nergie fougueuse du flamboyant violoniste franco-serbe <strong>Nemanja Radulovic<\/strong> seront mises en lumi\u00e8re dans le Concerto pour violon de Katchaturian. Tandis que l&rsquo;orchestre interpr\u00e9tera la musique de <em>La petite sir\u00e8ne<\/em> de Zemlinsky, <strong>Kseniya Simonova<\/strong> illustrera l&rsquo;histoire par ses po\u00e9tiques dessins dans le sable, projet\u00e9s sur grand \u00e9cran au-dessus de l&rsquo;orchestre. C&rsquo;est la musique de Gustav Holst qui ouvrira ce concert f\u00e9\u00e9rique avec <em>Winter Idyll<\/em>, le tout sous la direction de <strong>JoAnn Falletta<\/strong>.<\/p>\n<p><strong>LE 21 F\u00c9VRIER, 19 H 30, \u00c9GLISE NOTRE-DAME-DES-SEPT-DOULEURS ET LE 23 F\u00c9VRIER, 19 H 30, MAISON SYMPHONIQUE <a href=\"https:\/\/orchestremetropolitain.com\/fr\/concerts\/pacte-avec-le-sable\/?show_date_id=5883\" target=\"_blank\" rel=\"noopener\">D\u00c9TAILS ET BILLETS<\/a><\/strong><\/p>\n<p>&nbsp;<\/p>\n<figure id=\"attachment_80075\" aria-describedby=\"caption-attachment-80075\" style=\"width: 1200px\" class=\"wp-caption aligncenter\"><img decoding=\"async\" loading=\"lazy\" class=\"size-full wp-image-80075\" src=\"https:\/\/www.ludwig-van.com\/montreal\/wp-content\/uploads\/sites\/3\/2024\/02\/Wallis-Giunta-en-Carmen_Dario-Acosta.png\" alt=\"Wallis Giunta tiendra le r\u00f4le de Carmen en version concert avec l'OPCM. (Photo : Dario Avosta)\" width=\"1200\" height=\"675\" srcset=\"https:\/\/www.ludwig-van.com\/montreal\/wp-content\/uploads\/sites\/3\/2024\/02\/Wallis-Giunta-en-Carmen_Dario-Acosta.png 1200w, https:\/\/www.ludwig-van.com\/montreal\/wp-content\/uploads\/sites\/3\/2024\/02\/Wallis-Giunta-en-Carmen_Dario-Acosta-300x169.png 300w, https:\/\/www.ludwig-van.com\/montreal\/wp-content\/uploads\/sites\/3\/2024\/02\/Wallis-Giunta-en-Carmen_Dario-Acosta-1024x576.png 1024w, https:\/\/www.ludwig-van.com\/montreal\/wp-content\/uploads\/sites\/3\/2024\/02\/Wallis-Giunta-en-Carmen_Dario-Acosta-768x432.png 768w\" sizes=\"(max-width: 1200px) 100vw, 1200px\" \/><figcaption id=\"caption-attachment-80075\" class=\"wp-caption-text\">Wallis Giunta tiendra le r\u00f4le de Carmen en version concert avec l&rsquo;OPCM. (Photo : Dario Avosta)<\/figcaption><\/figure>\n<h3><em>Carmen<\/em> en version concert<\/h3>\n<p>La sc\u00e8ne de la Maison symphonique prendra des allures du sud de l&rsquo;Espagne tandis que les airs bien connus de l&rsquo;op\u00e9ra <em>Carmen<\/em> seront interpr\u00e9t\u00e9s par l&rsquo;<strong>Orchestre philharmonique et le Choeur des<\/strong> <strong>m\u00e9lomanes<\/strong> et les solistes <strong>Wallis Giunta, Adrian Kramer, Hugo Laporte<\/strong> et <strong>Myriam Leblanc<\/strong> sous la direction de <strong>Francis Choini\u00e8re<\/strong>. Les <strong>Petits Chanteurs du Mont-Royal<\/strong>, pr\u00e9par\u00e9s par <strong>Andrew<\/strong> <strong>Gray<\/strong>, seront \u00e9galement de la partie.<\/p>\n<p><strong>LES 24 ET 25 F\u00c9VRIER, 19 H 30, MAISON SYMPHONIQUE <a href=\"https:\/\/fr.opcmelomanes.ca\/event-details\/carmen-bizet-2024-02-24-14-00\" target=\"_blank\" rel=\"noopener\">D\u00c9TAILS ET BILLETS<\/a><\/strong><\/p>\n<p>&nbsp;<\/p>\n<p>&nbsp;<\/p>\n<figure id=\"attachment_55884\" aria-describedby=\"caption-attachment-55884\" style=\"width: 700px\" class=\"wp-caption aligncenter\"><img decoding=\"async\" loading=\"lazy\" class=\"size-full wp-image-55884\" src=\"https:\/\/www.ludwig-van.com\/montreal\/wp-content\/uploads\/sites\/3\/2018\/08\/Austin-Howle_OSM.jpg\" alt=\"Austin Howle\" width=\"700\" height=\"400\" srcset=\"https:\/\/www.ludwig-van.com\/montreal\/wp-content\/uploads\/sites\/3\/2018\/08\/Austin-Howle_OSM.jpg 700w, https:\/\/www.ludwig-van.com\/montreal\/wp-content\/uploads\/sites\/3\/2018\/08\/Austin-Howle_OSM-300x171.jpg 300w\" sizes=\"(max-width: 700px) 100vw, 700px\" \/><figcaption id=\"caption-attachment-55884\" class=\"wp-caption-text\">Austin Howle, virtuose du tuba. (Photo: courtoisie de l&rsquo;OSM)<\/figcaption><\/figure>\n<h3>Concert d&rsquo;ensemble de tubas<\/h3>\n<p>Les 24 et 25 f\u00e9vrier se tiendra le symposium annuel de l&rsquo;<strong>Association des tubas et euphoniums du Qu\u00e9bec<\/strong>, qui culminera par un concert d&rsquo;ensemble de tubas \u00e0 la salle de concert du Conservatoire de musique. C&rsquo;est l&rsquo;occasion d&rsquo;en d\u00e9couvrir plus sur cet instrument peu souvent mis de l&rsquo;avant!<\/p>\n<p><strong>LE 25 F\u00c9VRIER, 14 H 30, CONSERVATOIRE DE MUSIQUE DE MONTR\u00c9AL <a href=\"https:\/\/conservatoire-montreal.tuxedobillet.com\/Conservatoire%20Montr%C3%A9al\/concert-densemble-de-tubas\" target=\"_blank\" rel=\"noopener\">D\u00c9TAILS ET BILLETS<\/a><\/strong><\/p>\n<p>&nbsp;<\/p>\n<figure id=\"attachment_80077\" aria-describedby=\"caption-attachment-80077\" style=\"width: 1200px\" class=\"wp-caption aligncenter\"><img decoding=\"async\" loading=\"lazy\" class=\"size-full wp-image-80077\" src=\"https:\/\/www.ludwig-van.com\/montreal\/wp-content\/uploads\/sites\/3\/2024\/02\/Societe-chorale-PMR_1200.jpg\" alt=\"La Soci\u00e9t\u00e9 chorale du Plateau Mont-Royal, dirig\u00e9e par Roseline Blain (Photo : courtoisie)\" width=\"1200\" height=\"600\" srcset=\"https:\/\/www.ludwig-van.com\/montreal\/wp-content\/uploads\/sites\/3\/2024\/02\/Societe-chorale-PMR_1200.jpg 1200w, https:\/\/www.ludwig-van.com\/montreal\/wp-content\/uploads\/sites\/3\/2024\/02\/Societe-chorale-PMR_1200-300x150.jpg 300w, https:\/\/www.ludwig-van.com\/montreal\/wp-content\/uploads\/sites\/3\/2024\/02\/Societe-chorale-PMR_1200-1024x512.jpg 1024w, https:\/\/www.ludwig-van.com\/montreal\/wp-content\/uploads\/sites\/3\/2024\/02\/Societe-chorale-PMR_1200-768x384.jpg 768w\" sizes=\"(max-width: 1200px) 100vw, 1200px\" \/><figcaption id=\"caption-attachment-80077\" class=\"wp-caption-text\">La Soci\u00e9t\u00e9 chorale du Plateau Mont-Royal, dirig\u00e9e par Roseline Blain (Photo : courtoisie)<\/figcaption><\/figure>\n<p>La <strong>Soci\u00e9t\u00e9 chorale du Plateau Mont-Royal<\/strong> pr\u00e9sente le concert <em>Voix nordiques<\/em>, pour lequel les ensembles vocaux <strong>Phoebus<\/strong> et <strong>Ga\u00efa<\/strong> seront r\u00e9unis. Les deux ensembles seront \u00e9galement rejoints\u00a0 par l&rsquo;ensemble <strong>Oktoecho<\/strong>, qui s&rsquo;est r\u00e9cemment vu d\u00e9cern\u00e9 le Prix Opus du Concert de l&rsquo;ann\u00e9e dans la cat\u00e9gorie Musiques du monde. Ensemble, ils cr\u00e9eront une oeuvre de <strong>Katia Makdissi-Warren<\/strong>, sacr\u00e9e compositrice de l&rsquo;ann\u00e9e lors du m\u00eame gala des Prix Opus, mettant en vedette les chanteuses de gorge inuites <strong>Lydia Etok <\/strong>et <strong>Nina Segalowitz<\/strong>. Les aurtes oeuvres au programme sont de Elgar, Gjiello, Grieg, L\u00e9veill\u00e9e et Sibelius.<\/p>\n<p><strong>LE 25 F\u00c9VRIER, 15 H, \u00c9GLISE SAINT-PIERRE-AP\u00d4TRE D\u00c9TAILS ET BILLETS<\/strong><\/p>\n<p>&nbsp;<\/p>\n<p><img decoding=\"async\" loading=\"lazy\" class=\"aligncenter size-full wp-image-79678\" src=\"https:\/\/www.ludwig-van.com\/montreal\/wp-content\/uploads\/sites\/3\/2024\/01\/Kevin-Chen_resized.jpg\" alt=\"Kevin Chen\" width=\"1200\" height=\"799\" srcset=\"https:\/\/www.ludwig-van.com\/montreal\/wp-content\/uploads\/sites\/3\/2024\/01\/Kevin-Chen_resized.jpg 1200w, https:\/\/www.ludwig-van.com\/montreal\/wp-content\/uploads\/sites\/3\/2024\/01\/Kevin-Chen_resized-300x200.jpg 300w, https:\/\/www.ludwig-van.com\/montreal\/wp-content\/uploads\/sites\/3\/2024\/01\/Kevin-Chen_resized-1024x682.jpg 1024w, https:\/\/www.ludwig-van.com\/montreal\/wp-content\/uploads\/sites\/3\/2024\/01\/Kevin-Chen_resized-768x511.jpg 768w\" sizes=\"(max-width: 1200px) 100vw, 1200px\" \/><\/p>\n<h3>Kevin Chen en r\u00e9cital<\/h3>\n<p>La <strong>Soci\u00e9t\u00e9 Pro musica<\/strong> donne carte blanche au ph\u00e9nom\u00e8ne du piano <strong>Kevin Chen<\/strong>, qui n&rsquo;avait que neuf ans quand la CBC l&rsquo;a inclus sur sa liste des \u00ab\u00a030 Canadiens de moins de 30 ans \u00e0 suivre\u00a0\u00bb. Aujourd&rsquo;hui \u00e2g\u00e9 de 18 ans, le jeune Canadien cumule les prix, dont le premier prix \u00e0 la Comp\u00e9tition Arthur Rubinstein en mars 2023. Chen jouera Beethoven, Mendelssohn, Ravel et Liszt. \u00c0 peine quelques jours plus tard, il montera sur sc\u00e8ne avec l&rsquo;orchestre conjoint form\u00e9 par l&rsquo;<strong>OSQ<\/strong> et l&rsquo;<strong>O<\/strong><strong>rchestre du CNA<\/strong> pour jouer le Deuxi\u00e8me concerto pour piano de Saint-Saens \u00e0 Qu\u00e9bec, Toronto et Ottawa.<\/p>\n<p><strong>LE 25 F\u00c9VRIER, 15 H, SALLE PIERRE-MERCURE <a href=\"https:\/\/centrepierrepeladeau.tuxedobillet.com\/main\/piano-symphonique-kevin-chen\" target=\"_blank\" rel=\"noopener\">D\u00c9TAILS ET BILLETS<\/a><\/strong><\/p>\n<h2><em>Inscrivez-vous \u00e0 notre infolettre! La musique classique et l\u2019op\u00e9ra en 5 minutes, chaque jour<\/em>\u00a0\u00a0<a href=\"https:\/\/ludwig-van.us9.list-manage.com\/subscribe?u=4f785cb3f9058f2393ccad035&amp;id=b9b160c032\" target=\"_blank\" rel=\"noopener noreferrer\">ICI\u00a0<\/a><\/h2>\n","protected":false},"excerpt":{"rendered":"<p>Une soprano-cheffe multi-talentueuse, un violoniste endiabl\u00e9, une s\u00e9ductrice indomptable, un pianiste ph\u00e9nom\u00e9nal&#8230; ce ne sont l\u00e0 que quelques unes des options qui s&rsquo;offrent aux m\u00e9lomanes montr\u00e9alais en cette semaine du 18 f\u00e9vrier.<\/p>\n","protected":false},"author":55,"featured_media":80080,"comment_status":"open","ping_status":"open","sticky":false,"template":"","format":"standard","meta":{"om_disable_all_campaigns":false,"jetpack_post_was_ever_published":false},"categories":[42107,10994],"tags":[42106,2265,25753],"yst_prominent_words":[9863,16845,18022,18837,11450,26052,16844,16842,16843,9877,11449,11448,21882,26055,26053,26054],"acf":[],"jetpack_featured_media_url":"https:\/\/www.ludwig-van.com\/montreal\/wp-content\/uploads\/sites\/3\/2024\/02\/Copie-de-CONCERTS-2.jpg","jetpack_sharing_enabled":true,"jetpack_shortlink":"https:\/\/wp.me\/p9bdYt-kPv","amp_enabled":true,"_links":{"self":[{"href":"https:\/\/www.ludwig-van.com\/montreal\/wp-json\/wp\/v2\/posts\/80073"}],"collection":[{"href":"https:\/\/www.ludwig-van.com\/montreal\/wp-json\/wp\/v2\/posts"}],"about":[{"href":"https:\/\/www.ludwig-van.com\/montreal\/wp-json\/wp\/v2\/types\/post"}],"author":[{"embeddable":true,"href":"https:\/\/www.ludwig-van.com\/montreal\/wp-json\/wp\/v2\/users\/55"}],"replies":[{"embeddable":true,"href":"https:\/\/www.ludwig-van.com\/montreal\/wp-json\/wp\/v2\/comments?post=80073"}],"version-history":[{"count":5,"href":"https:\/\/www.ludwig-van.com\/montreal\/wp-json\/wp\/v2\/posts\/80073\/revisions"}],"predecessor-version":[{"id":80083,"href":"https:\/\/www.ludwig-van.com\/montreal\/wp-json\/wp\/v2\/posts\/80073\/revisions\/80083"}],"wp:featuredmedia":[{"embeddable":true,"href":"https:\/\/www.ludwig-van.com\/montreal\/wp-json\/wp\/v2\/media\/80080"}],"wp:attachment":[{"href":"https:\/\/www.ludwig-van.com\/montreal\/wp-json\/wp\/v2\/media?parent=80073"}],"wp:term":[{"taxonomy":"category","embeddable":true,"href":"https:\/\/www.ludwig-van.com\/montreal\/wp-json\/wp\/v2\/categories?post=80073"},{"taxonomy":"post_tag","embeddable":true,"href":"https:\/\/www.ludwig-van.com\/montreal\/wp-json\/wp\/v2\/tags?post=80073"},{"taxonomy":"yst_prominent_words","embeddable":true,"href":"https:\/\/www.ludwig-van.com\/montreal\/wp-json\/wp\/v2\/yst_prominent_words?post=80073"}],"curies":[{"name":"wp","href":"https:\/\/api.w.org\/{rel}","templated":true}]}}