{"id":79966,"date":"2024-02-13T12:37:46","date_gmt":"2024-02-13T17:37:46","guid":{"rendered":"https:\/\/www.ludwig-van.com\/montreal\/?p=79966"},"modified":"2024-02-13T22:55:06","modified_gmt":"2024-02-14T03:55:06","slug":"choix-de-la-redaction-bouquet-de-concerts-choisis-13-au-18-fevrier","status":"publish","type":"post","link":"https:\/\/www.ludwig-van.com\/montreal\/2024\/02\/13\/choix-de-la-redaction-bouquet-de-concerts-choisis-13-au-18-fevrier\/","title":{"rendered":"CHOIX DE LA R\u00c9DACTION | Bouquet de concerts choisis du 13 au 18 f\u00e9vrier"},"content":{"rendered":"<p><img decoding=\"async\" loading=\"lazy\" class=\"aligncenter size-full wp-image-80005\" src=\"https:\/\/www.ludwig-van.com\/montreal\/wp-content\/uploads\/sites\/3\/2024\/02\/Copie-de-CONCERTS-1.jpg\" alt=\"\" width=\"1200\" height=\"628\" srcset=\"https:\/\/www.ludwig-van.com\/montreal\/wp-content\/uploads\/sites\/3\/2024\/02\/Copie-de-CONCERTS-1.jpg 1200w, https:\/\/www.ludwig-van.com\/montreal\/wp-content\/uploads\/sites\/3\/2024\/02\/Copie-de-CONCERTS-1-300x157.jpg 300w, https:\/\/www.ludwig-van.com\/montreal\/wp-content\/uploads\/sites\/3\/2024\/02\/Copie-de-CONCERTS-1-1024x536.jpg 1024w, https:\/\/www.ludwig-van.com\/montreal\/wp-content\/uploads\/sites\/3\/2024\/02\/Copie-de-CONCERTS-1-768x402.jpg 768w\" sizes=\"(max-width: 1200px) 100vw, 1200px\" \/><\/p>\n<p><span style=\"color: #808080;\"><em><strong>Puisque nous avons publi\u00e9 nos concerts choisis <a style=\"color: #808080;\" href=\"https:\/\/www.ludwig-van.com\/montreal\/2024\/02\/12\/liszt-6-cadeaux-musicaux-a-offrir-a-la-saint-valentin-plutot-que-des-fleurs\/\" target=\"_blank\" rel=\"noopener\">en lien avec la Saint-Valentin<\/a> hier, nous avons report\u00e9 \u00e0 aujourd&rsquo;hui les Choix de la r\u00e9daction, normalement publi\u00e9s le lundi. Voici donc notre bouquet hebdomadaire de concerts.<\/strong><\/em><\/span><\/p>\n<p>&nbsp;<\/p>\n<figure id=\"attachment_56544\" aria-describedby=\"caption-attachment-56544\" style=\"width: 1024px\" class=\"wp-caption aligncenter\"><img decoding=\"async\" loading=\"lazy\" class=\"size-full wp-image-56544\" src=\"https:\/\/www.ludwig-van.com\/montreal\/wp-content\/uploads\/sites\/3\/2017\/09\/Louis-Lortie-photo-Elias-photography.jpg\" alt=\"Louis Lortie\" width=\"1024\" height=\"495\" srcset=\"https:\/\/www.ludwig-van.com\/montreal\/wp-content\/uploads\/sites\/3\/2017\/09\/Louis-Lortie-photo-Elias-photography.jpg 1024w, https:\/\/www.ludwig-van.com\/montreal\/wp-content\/uploads\/sites\/3\/2017\/09\/Louis-Lortie-photo-Elias-photography-300x145.jpg 300w, https:\/\/www.ludwig-van.com\/montreal\/wp-content\/uploads\/sites\/3\/2017\/09\/Louis-Lortie-photo-Elias-photography-768x371.jpg 768w\" sizes=\"(max-width: 1024px) 100vw, 1024px\" \/><figcaption id=\"caption-attachment-56544\" class=\"wp-caption-text\">Louis Lortie (Photo : Elias Photography)<\/figcaption><\/figure>\n<h3>Louis Lortie \u00e0 l&rsquo;OSM<\/h3>\n<p>Pour le plus grand plaisir des m\u00e9lomanes, le pianiste <strong>Louis Lortie<\/strong> retrouve <strong>l\u2019OSM<\/strong> afin de les transporter de l\u2019univers viennois de Mozart aux salles de concert parisiennes de Faur\u00e9. Eun Sun Kim, la directrice musicale de l\u2019op\u00e9ra de San Francisco, dirigera \u00e9galement les Tableaux d\u2019une exposition de Moussorgski, une \u0153uvre tr\u00e8s imaginative aux couleurs chatoyantes aviv\u00e9es par l\u2019ing\u00e9nieuse orchestration de Ravel.<\/p>\n<p><strong>LE 15 F\u00c9VRIER,\u00a0 10 H 30 ET 19 H 30 ET LE 17 F\u00c9VRIER, 14 H 30, MAISON SYMPHONIQUE <a href=\"https:\/\/www.osm.ca\/fr\/concerts\/mozart-et-faure-avec-louis-lortie-et-eun-sun-kim\/\" target=\"_blank\" rel=\"noopener\">D\u00c9TAILS ET BILLETS<\/a><\/strong><\/p>\n<p>&nbsp;<\/p>\n<figure id=\"attachment_79204\" aria-describedby=\"caption-attachment-79204\" style=\"width: 1200px\" class=\"wp-caption aligncenter\"><img decoding=\"async\" loading=\"lazy\" class=\"size-full wp-image-79204\" src=\"https:\/\/www.ludwig-van.com\/montreal\/wp-content\/uploads\/sites\/3\/2023\/12\/Julien-Proulx.jpg\" alt=\"\" width=\"1200\" height=\"782\" srcset=\"https:\/\/www.ludwig-van.com\/montreal\/wp-content\/uploads\/sites\/3\/2023\/12\/Julien-Proulx.jpg 1200w, https:\/\/www.ludwig-van.com\/montreal\/wp-content\/uploads\/sites\/3\/2023\/12\/Julien-Proulx-300x196.jpg 300w, https:\/\/www.ludwig-van.com\/montreal\/wp-content\/uploads\/sites\/3\/2023\/12\/Julien-Proulx-1024x667.jpg 1024w, https:\/\/www.ludwig-van.com\/montreal\/wp-content\/uploads\/sites\/3\/2023\/12\/Julien-Proulx-768x500.jpg 768w\" sizes=\"(max-width: 1200px) 100vw, 1200px\" \/><figcaption id=\"caption-attachment-79204\" class=\"wp-caption-text\">Julien Proulx<\/figcaption><\/figure>\n<h3>Julien Proulx c\u00e9l\u00e8bre 10 ans avec l&rsquo;OSD<\/h3>\n<p>Venez c\u00e9l\u00e9brer la 10e saison de<strong> Julien Proulx<\/strong> dans un concert \u00e0 la fois intense et lumineux! Pour souligner tout le chemin parcouru, nous revisitons la 1re symphonie de Brahms, \u0153uvre qui \u00e9tait au programme de sa premi\u00e8re saison comme directeur artistique. Nous la pr\u00e9sentons cette fois accompagn\u00e9e de la Rhapsodie pour voix d\u2019alto et ch\u0153ur d\u2019hommes du m\u00eame compositeur, une \u0153uvre ch\u00e8re au c\u0153ur de notre chef.<\/p>\n<p>\u00ab Un ch\u0153ur d\u2019hommes, pour moi, \u00e7a rime avec amiti\u00e9. C\u2019est le plaisir de chanter entre amis du Schubert, du Poulenc et des Barbershop. La sensation indescriptible des r\u00e9sonances tant humaines que musicales. Et si on ajoute la musique de Brahms, et bien, tout y est! \u00bb &#8211; Julien Proulx<\/p>\n<p><strong>LE 15 F\u00c9VRIER, 19 H 30, MAISON DES ARTS DE DRUMMONDVILLE D\u00c9TAILS ET BILLETS<\/strong><\/p>\n<p>&nbsp;<\/p>\n<figure id=\"attachment_80019\" aria-describedby=\"caption-attachment-80019\" style=\"width: 1200px\" class=\"wp-caption aligncenter\"><img decoding=\"async\" loading=\"lazy\" class=\"size-full wp-image-80019\" src=\"https:\/\/www.ludwig-van.com\/montreal\/wp-content\/uploads\/sites\/3\/2024\/02\/collectif9_Vagues-et-ombres_credit-Danylo-Bobyk_1200.jpg\" alt=\"collectif9 en concert (Photo : Danylo Bobyk)\" width=\"1200\" height=\"800\" srcset=\"https:\/\/www.ludwig-van.com\/montreal\/wp-content\/uploads\/sites\/3\/2024\/02\/collectif9_Vagues-et-ombres_credit-Danylo-Bobyk_1200.jpg 1200w, https:\/\/www.ludwig-van.com\/montreal\/wp-content\/uploads\/sites\/3\/2024\/02\/collectif9_Vagues-et-ombres_credit-Danylo-Bobyk_1200-300x200.jpg 300w, https:\/\/www.ludwig-van.com\/montreal\/wp-content\/uploads\/sites\/3\/2024\/02\/collectif9_Vagues-et-ombres_credit-Danylo-Bobyk_1200-1024x683.jpg 1024w, https:\/\/www.ludwig-van.com\/montreal\/wp-content\/uploads\/sites\/3\/2024\/02\/collectif9_Vagues-et-ombres_credit-Danylo-Bobyk_1200-768x512.jpg 768w\" sizes=\"(max-width: 1200px) 100vw, 1200px\" \/><figcaption id=\"caption-attachment-80019\" class=\"wp-caption-text\">collectif9 en concert (Photo : Danylo Bobyk)<\/figcaption><\/figure>\n<h3>Collectif9 prend un bain<\/h3>\n<p>Le nonette \u00e0 cordes montr\u00e9alais <strong>collectif9<\/strong> nous invite \u00e0 plonger dans un univers de couleurs et de textures avec la musique de Claude Debussy, Luna Pearl Woolf et Tom Morrison, et un d\u00e9cor d\u2019ombres f\u00e9\u00e9riques de Mere Phantoms dans\u00a0<em>Vagues et ombres<\/em>. Le programme comprend des arrangements originaux de pi\u00e8ces de Debussy dont son \u0153uvre symphonique embl\u00e9matique,\u00a0<em>La Mer<\/em>. \u00c9vocation sonore du monde sous-marin des b\u00e9lugas dans l\u2019estuaire du fleuve Saint-Laurent,\u00a0<em>Contact<\/em>\u00a0de Woolf adresse une situation urgente qui affecte l\u2019\u00e9cosyst\u00e8me marin au Qu\u00e9bec, alors que\u00a0<em>Sea Change<\/em>\u00a0de Morrison exprime l\u2019anxi\u00e9t\u00e9 face \u00e0 la crise climatique.<\/p>\n<p>Le concert est pr\u00e9sent\u00e9 au Bain Mathieu \u00e0 Montr\u00e9al, et au Palais Montcalm \u00e0 Qu\u00e9bec dans le cadre de la s\u00e9rie \u00c9chos du territoire du Club musical de Qu\u00e9bec.<\/p>\n<p><strong>LE 15 F\u00c9VRIER, 19 H 30, BAIN MATHIEU ET LE 16 F\u00c9VRIER, 20 H, PALAIS MONTCALM <a href=\"https:\/\/www.collectif9.ca\/\" target=\"_blank\" rel=\"noopener\">D\u00c9TAILS ET BILLETS<\/a><\/strong><\/p>\n<p>&nbsp;<\/p>\n<p><img decoding=\"async\" loading=\"lazy\" class=\"aligncenter size-full wp-image-79995\" src=\"https:\/\/www.ludwig-van.com\/montreal\/wp-content\/uploads\/sites\/3\/2024\/02\/CMM_Hommage-a-Francois-Dompierre.jpg\" alt=\"\" width=\"1100\" height=\"660\" srcset=\"https:\/\/www.ludwig-van.com\/montreal\/wp-content\/uploads\/sites\/3\/2024\/02\/CMM_Hommage-a-Francois-Dompierre.jpg 1100w, https:\/\/www.ludwig-van.com\/montreal\/wp-content\/uploads\/sites\/3\/2024\/02\/CMM_Hommage-a-Francois-Dompierre-300x180.jpg 300w, https:\/\/www.ludwig-van.com\/montreal\/wp-content\/uploads\/sites\/3\/2024\/02\/CMM_Hommage-a-Francois-Dompierre-1024x614.jpg 1024w, https:\/\/www.ludwig-van.com\/montreal\/wp-content\/uploads\/sites\/3\/2024\/02\/CMM_Hommage-a-Francois-Dompierre-768x461.jpg 768w\" sizes=\"(max-width: 1100px) 100vw, 1100px\" \/><\/p>\n<h3>Hommage au grand Fran\u00e7ois Dompierre<\/h3>\n<p>Lors de ce concert en hommage \u00e0 <strong>Fran\u00e7ois Dompierre<\/strong>, l\u2019<strong>Orchestre symphonique du Conservatoire de musique de Montr\u00e9al<\/strong>, ainsi que le pianiste <strong>Emmanuel Laforest<\/strong> de la classe de Richard Raymond, se produiront \u00e0 la Maison symphonique sous la direction du chef <strong>Jean-Marie Zeitouni<\/strong>, avec la participation de 16 \u00e9l\u00e8ves des 3 classes de chant du Conservatoire.<\/p>\n<p><strong>LE 16 F\u00c9VRIER, 19 H 30, MAISON SYMPHONIQUE <a href=\"https:\/\/placedesarts.com\/fr\/evenement\/hommage-francois-dompierre\" target=\"_blank\" rel=\"noopener\">D\u00c9TAILS ET BILLETS<\/a><\/strong><\/p>\n<p>&nbsp;<\/p>\n<figure id=\"attachment_80004\" aria-describedby=\"caption-attachment-80004\" style=\"width: 1200px\" class=\"wp-caption aligncenter\"><img decoding=\"async\" loading=\"lazy\" class=\"size-full wp-image-80004\" src=\"https:\/\/www.ludwig-van.com\/montreal\/wp-content\/uploads\/sites\/3\/2024\/02\/Daniel-Bartholomew-Poyser_10.8.2022_PhotographerMelissaTaylor_1200.jpg\" alt=\"\" width=\"1200\" height=\"800\" srcset=\"https:\/\/www.ludwig-van.com\/montreal\/wp-content\/uploads\/sites\/3\/2024\/02\/Daniel-Bartholomew-Poyser_10.8.2022_PhotographerMelissaTaylor_1200.jpg 1200w, https:\/\/www.ludwig-van.com\/montreal\/wp-content\/uploads\/sites\/3\/2024\/02\/Daniel-Bartholomew-Poyser_10.8.2022_PhotographerMelissaTaylor_1200-300x200.jpg 300w, https:\/\/www.ludwig-van.com\/montreal\/wp-content\/uploads\/sites\/3\/2024\/02\/Daniel-Bartholomew-Poyser_10.8.2022_PhotographerMelissaTaylor_1200-1024x683.jpg 1024w, https:\/\/www.ludwig-van.com\/montreal\/wp-content\/uploads\/sites\/3\/2024\/02\/Daniel-Bartholomew-Poyser_10.8.2022_PhotographerMelissaTaylor_1200-768x512.jpg 768w\" sizes=\"(max-width: 1200px) 100vw, 1200px\" \/><figcaption id=\"caption-attachment-80004\" class=\"wp-caption-text\">Daniel Bartholomew-Poyser (Photo : Melissa Taylor)<\/figcaption><\/figure>\n<h3>Premi\u00e8re visite du chef Daniel Bartholomew-Poyser \u00e0 Montr\u00e9al<\/h3>\n<p>Pour sa premi\u00e8re prestation \u00e0 Montr\u00e9al, le chef afro-canadien <strong>Daniel Bartholomew-Poyser<\/strong>\u00a0dirigera l\u2019<strong>Ensemble Obiora<\/strong> dans un programme intitul\u00e9 <em>Influences<\/em>, regroupant des \u0153uvres aux histoires passionnantes \u00e0 partager. Wijeratne, Piazzolla et Bragato offrent un air de danse alors que les c\u00e9l\u00e8bres <em>Variations Enigma <\/em>d&rsquo;Elgar cl\u00f4turent le concert. Concert pr\u00e9sent\u00e9 dans le cadre du Mois de l&rsquo;Histoire des Noir.e.s<\/p>\n<p>LE 17 F\u00c9VRIER, 19 H 30, SALLE PIERRE-MERCURE <a href=\"https:\/\/centrepierrepeladeau.tuxedobillet.com\/main\/influences-avec-daniel-bartholomew-poyser\" target=\"_blank\" rel=\"noopener\">D\u00c9TAILS ET BILLETS<\/a><\/p>\n<p>&nbsp;<\/p>\n<figure id=\"attachment_78527\" aria-describedby=\"caption-attachment-78527\" style=\"width: 1200px\" class=\"wp-caption aligncenter\"><img decoding=\"async\" loading=\"lazy\" class=\"size-full wp-image-78527\" src=\"https:\/\/www.ludwig-van.com\/montreal\/wp-content\/uploads\/sites\/3\/2023\/10\/Ihor-Mostovoi_Serhiy-Salov.jpg\" alt=\"\" width=\"1200\" height=\"1200\" srcset=\"https:\/\/www.ludwig-van.com\/montreal\/wp-content\/uploads\/sites\/3\/2023\/10\/Ihor-Mostovoi_Serhiy-Salov.jpg 1200w, https:\/\/www.ludwig-van.com\/montreal\/wp-content\/uploads\/sites\/3\/2023\/10\/Ihor-Mostovoi_Serhiy-Salov-300x300.jpg 300w, https:\/\/www.ludwig-van.com\/montreal\/wp-content\/uploads\/sites\/3\/2023\/10\/Ihor-Mostovoi_Serhiy-Salov-1024x1024.jpg 1024w, https:\/\/www.ludwig-van.com\/montreal\/wp-content\/uploads\/sites\/3\/2023\/10\/Ihor-Mostovoi_Serhiy-Salov-150x150.jpg 150w, https:\/\/www.ludwig-van.com\/montreal\/wp-content\/uploads\/sites\/3\/2023\/10\/Ihor-Mostovoi_Serhiy-Salov-768x768.jpg 768w\" sizes=\"(max-width: 1200px) 100vw, 1200px\" \/><figcaption id=\"caption-attachment-78527\" class=\"wp-caption-text\">Ihor Mostovoi, Serhiy Salov<\/figcaption><\/figure>\n<p>Ce r\u00e9cital de chant avec <strong>Ihor Mostovoi<\/strong> et <strong>Serhiy Salov<\/strong> au piano rend hommage au peuple ukrainien en proposant des m\u00e9lodies des XIXe et XXe si\u00e8cles de Lyssenko, Liatochinski et Dankevitch, des pi\u00e8ces pour piano de Chopin et Salov, ainsi que plusieurs \u0153uvres en cr\u00e9ation mondiale dont<em> Letters from the frontline<\/em>, un cycle compos\u00e9 par Evan Mack et inspir\u00e9 de po\u00e8mes de soldats ukrainiens \u00e9crits au front.<\/p>\n<p><strong>LE 17 F\u00c9VRIER, 19 H 30, SALLE BOURGIE <a href=\"https:\/\/www.mbam.qc.ca\/fr\/activites\/ihor-mostovoi-baryton-et-serhiy-salov-piano\/\" target=\"_blank\" rel=\"noopener\">D\u00c9TAILS ET BILLETS\u00a0<\/a><\/strong><\/p>\n<p>&nbsp;<\/p>\n<figure id=\"attachment_79972\" aria-describedby=\"caption-attachment-79972\" style=\"width: 1200px\" class=\"wp-caption aligncenter\"><img decoding=\"async\" loading=\"lazy\" class=\"size-full wp-image-79972\" src=\"https:\/\/www.ludwig-van.com\/montreal\/wp-content\/uploads\/sites\/3\/2024\/02\/Christine-Brandes_1-Photo-Credit-Henry-Dombey_1200.jpg\" alt=\"\" width=\"1200\" height=\"800\" srcset=\"https:\/\/www.ludwig-van.com\/montreal\/wp-content\/uploads\/sites\/3\/2024\/02\/Christine-Brandes_1-Photo-Credit-Henry-Dombey_1200.jpg 1200w, https:\/\/www.ludwig-van.com\/montreal\/wp-content\/uploads\/sites\/3\/2024\/02\/Christine-Brandes_1-Photo-Credit-Henry-Dombey_1200-300x200.jpg 300w, https:\/\/www.ludwig-van.com\/montreal\/wp-content\/uploads\/sites\/3\/2024\/02\/Christine-Brandes_1-Photo-Credit-Henry-Dombey_1200-1024x683.jpg 1024w, https:\/\/www.ludwig-van.com\/montreal\/wp-content\/uploads\/sites\/3\/2024\/02\/Christine-Brandes_1-Photo-Credit-Henry-Dombey_1200-768x512.jpg 768w\" sizes=\"(max-width: 1200px) 100vw, 1200px\" \/><figcaption id=\"caption-attachment-79972\" class=\"wp-caption-text\">Christine Brandes, cheffe d&rsquo;orchestre (Photo : Henry Dombey)<\/figcaption><\/figure>\n<h3>Deux c\u00e9l\u00e8bres Requiem fran\u00e7ais<\/h3>\n<p><strong>Christine Brandes<\/strong> prend la rel\u00e8ve de <strong>Bernard Labadie<\/strong>, indispos\u00e9, \u00e0 la t\u00eate de La <strong>Chapelle de Qu\u00e9bec<\/strong> et des<strong> Violons du Roy<\/strong> pour faire briller toute la splendeur de deux grands chefs-d\u2019\u0153uvre chorals. Le Requiem de Faur\u00e9 baigne dans une lumi\u00e8re d\u2019apaisement et de r\u00e9confort. De profondes \u00e9motions de s\u00e9r\u00e9nit\u00e9 r\u00e8gnent aussi dans le Requiem de Durufl\u00e9. Les voix de <strong>Magali Simard- Gald\u00e8s<\/strong>, <strong>Julie Boulianne<\/strong> et <strong>Jean-Fran\u00e7ois Lapointe<\/strong> s\u2019allient \u00e0 celles de La Chapelle de Qu\u00e9bec pour faire de ces Requiem des instants m\u00e9morables.<\/p>\n<p><strong>LES 14 ET 15 F\u00c9VRIER, 19 H 30, PALAIS MONTCALM; LE 18 F\u00c9VRIER, 14 H, MAISON SYMPHONIQUE <a href=\"https:\/\/www.violonsduroy.com\/fr\/programmation\/saison-montreal\/2024-02-18_14h_faure-et-durufle-deux-requiem-3006\/\" target=\"_blank\" rel=\"noopener\">D\u00c9TAILS ET BILLETS<\/a><\/strong><\/p>\n<p>&nbsp;<\/p>\n<figure id=\"attachment_48494\" aria-describedby=\"caption-attachment-48494\" style=\"width: 1024px\" class=\"wp-caption aligncenter\"><img decoding=\"async\" loading=\"lazy\" class=\"size-full wp-image-48494\" src=\"https:\/\/www.ludwig-van.com\/montreal\/wp-content\/uploads\/sites\/3\/2017\/10\/Rachel-Laurin-Ville-aux-100-clochers.jpg\" alt=\"L'organiste montr\u00e9alaise Rachel Laurin jouera notamment son oeuvre, Po\u00e8me symphonique pour le temps de l'Avent. (Photo: courtoisie).\" width=\"1024\" height=\"576\" srcset=\"https:\/\/www.ludwig-van.com\/montreal\/wp-content\/uploads\/sites\/3\/2017\/10\/Rachel-Laurin-Ville-aux-100-clochers.jpg 1024w, https:\/\/www.ludwig-van.com\/montreal\/wp-content\/uploads\/sites\/3\/2017\/10\/Rachel-Laurin-Ville-aux-100-clochers-300x169.jpg 300w, https:\/\/www.ludwig-van.com\/montreal\/wp-content\/uploads\/sites\/3\/2017\/10\/Rachel-Laurin-Ville-aux-100-clochers-768x432.jpg 768w\" sizes=\"(max-width: 1024px) 100vw, 1024px\" \/><figcaption id=\"caption-attachment-48494\" class=\"wp-caption-text\">Rachel Laurin (Photo : courtoisie).<\/figcaption><\/figure>\n<h3>Hommage \u00e0 Rachel Laurin<\/h3>\n<p>Organiste virtuose de r\u00e9putation mondiale, <strong>Isabelle Demers<\/strong>, \u00e0 c\u00f4t\u00e9 de ses plus brillant.e.s \u00e9l\u00e8ves de l\u2019\u00c9cole de musique Schulich de l\u2019Universit\u00e9 McGill <strong>Maria Gajraj, Henry Webb<\/strong>\u00a0et<strong> Qing Xu<\/strong>, nous propose un voyage musical autour du riche r\u00e9pertoire pour orgue de Rachel Laurin \u00e0 qui ce concert rend hommage. En plus d&rsquo;oeuvres de Laurin, le programme propose du Bach, Daveluy et Sweelinck.<\/p>\n<p><strong>LE 18 F\u00c9VRIER, 14 H 30, SALLE BOURGIE <a href=\"https:\/\/www.mbam.qc.ca\/fr\/activites\/hommage-a-rachel-laurin\/\" target=\"_blank\" rel=\"noopener\">D\u00c9TAILS ET BILLETS<\/a><\/strong><\/p>\n<p>&nbsp;<\/p>\n<figure id=\"attachment_62708\" aria-describedby=\"caption-attachment-62708\" style=\"width: 1200px\" class=\"wp-caption aligncenter\"><img decoding=\"async\" loading=\"lazy\" class=\"size-full wp-image-62708\" src=\"https:\/\/www.ludwig-van.com\/montreal\/wp-content\/uploads\/sites\/3\/2019\/10\/TSNJ_Orgue-de-tribune-Nuit-CREDIT-Fr\u00e9d\u00e9ric-Pichelle.jpg\" alt=\"L'orgue de tribune de l'\u00e9glise Tr\u00e8s-Saint-Nom-de-J\u00e9sus (Photo : Fr\u00e9d\u00e9ric Pichette)\" width=\"1200\" height=\"581\" srcset=\"https:\/\/www.ludwig-van.com\/montreal\/wp-content\/uploads\/sites\/3\/2019\/10\/TSNJ_Orgue-de-tribune-Nuit-CREDIT-Fr\u00e9d\u00e9ric-Pichelle.jpg 1200w, https:\/\/www.ludwig-van.com\/montreal\/wp-content\/uploads\/sites\/3\/2019\/10\/TSNJ_Orgue-de-tribune-Nuit-CREDIT-Fr\u00e9d\u00e9ric-Pichelle-300x145.jpg 300w, https:\/\/www.ludwig-van.com\/montreal\/wp-content\/uploads\/sites\/3\/2019\/10\/TSNJ_Orgue-de-tribune-Nuit-CREDIT-Fr\u00e9d\u00e9ric-Pichelle-768x372.jpg 768w, https:\/\/www.ludwig-van.com\/montreal\/wp-content\/uploads\/sites\/3\/2019\/10\/TSNJ_Orgue-de-tribune-Nuit-CREDIT-Fr\u00e9d\u00e9ric-Pichelle-1024x496.jpg 1024w\" sizes=\"(max-width: 1200px) 100vw, 1200px\" \/><figcaption id=\"caption-attachment-62708\" class=\"wp-caption-text\">L&rsquo;orgue de tribune de l&rsquo;\u00e9glise du Tr\u00e8s-Saint-Nom-de-J\u00e9sus a \u00e9t\u00e9 restaur\u00e9 par Casavant. (Photo : Fr\u00e9d\u00e9ric Pichette)<\/figcaption><\/figure>\n<p>La <strong>Soci\u00e9t\u00e9 des orgues de Maisonneuve<\/strong> accueille l\u2019organiste <strong>R\u00e9gis Rousseau<\/strong> dans un programme original, regroupant Healey Willan, Jehan Alain, Philip Glass et Jean-S\u00e9bastien Bach. Originaire de Chicoutimi, R\u00e9gis Rousseau d\u00e9tient un doctorat en musique de l\u2019Universit\u00e9 de Montr\u00e9al. Il s\u2019est perfectionn\u00e9 pendant deux ans en France. Titulaire de 1994 \u00e0 2008 de l\u2019orgue de l\u2019\u00e9glise du Tr\u00e8s-Saint-Nom-de-J\u00e9sus, il en a dirig\u00e9 la<br \/>\nrestauration. En 1999, il cofondait le Festival Orgue et couleurs qui r\u00e9unissait de nombreux musiciens et artistes autour de l\u2019instrument. En 2002, il recevait le prix Opus de Directeur artistique de l\u2019ann\u00e9e d\u00e9cern\u00e9 par le Conseil qu\u00e9b\u00e9cois de la musique. Depuis mai 2021, il est organiste cotitulaire \u00e0 l\u2019\u00e9glise Saint-L\u00e9on de Westmount et directeur de la Schola Cantorum de Qu\u00e9bec.<\/p>\n<p><strong>LE 18 F\u00c9VRIER, 15 H, \u00c9GLISE DU TR\u00c8S-SAINT-NOM-DE-J\u00c9SUS, CONTRIBUTION VOLONTAIRE<\/strong><\/p>\n<h2><em>Inscrivez-vous \u00e0 notre infolettre! La musique classique et l\u2019op\u00e9ra en 5 minutes, chaque jour<\/em>\u00a0<a href=\"https:\/\/ludwig-van.us9.list-manage.com\/subscribe?u=4f785cb3f9058f2393ccad035&amp;id=b9b160c032\" target=\"_blank\" rel=\"noopener noreferrer\">ICI\u00a0<\/a><\/h2>\n<div class=\"abh_box abh_box_down abh_box_business\"><\/div>\n","protected":false},"excerpt":{"rendered":"<p>Bouquet de concerts choisis du 13 au 18 f\u00e9vrier<\/p>\n","protected":false},"author":55,"featured_media":80005,"comment_status":"open","ping_status":"open","sticky":false,"template":"","format":"standard","meta":{"om_disable_all_campaigns":false,"jetpack_post_was_ever_published":false},"categories":[42107,10994],"tags":[42106,2265,25753],"yst_prominent_words":[18615,9878,9863,16845,26052,37934,16844,16842,16843,18329,9877,11448,21882,33503,26053,31964,26054],"acf":[],"jetpack_featured_media_url":"https:\/\/www.ludwig-van.com\/montreal\/wp-content\/uploads\/sites\/3\/2024\/02\/Copie-de-CONCERTS-1.jpg","jetpack_sharing_enabled":true,"jetpack_shortlink":"https:\/\/wp.me\/p9bdYt-kNM","amp_enabled":true,"_links":{"self":[{"href":"https:\/\/www.ludwig-van.com\/montreal\/wp-json\/wp\/v2\/posts\/79966"}],"collection":[{"href":"https:\/\/www.ludwig-van.com\/montreal\/wp-json\/wp\/v2\/posts"}],"about":[{"href":"https:\/\/www.ludwig-van.com\/montreal\/wp-json\/wp\/v2\/types\/post"}],"author":[{"embeddable":true,"href":"https:\/\/www.ludwig-van.com\/montreal\/wp-json\/wp\/v2\/users\/55"}],"replies":[{"embeddable":true,"href":"https:\/\/www.ludwig-van.com\/montreal\/wp-json\/wp\/v2\/comments?post=79966"}],"version-history":[{"count":9,"href":"https:\/\/www.ludwig-van.com\/montreal\/wp-json\/wp\/v2\/posts\/79966\/revisions"}],"predecessor-version":[{"id":80021,"href":"https:\/\/www.ludwig-van.com\/montreal\/wp-json\/wp\/v2\/posts\/79966\/revisions\/80021"}],"wp:featuredmedia":[{"embeddable":true,"href":"https:\/\/www.ludwig-van.com\/montreal\/wp-json\/wp\/v2\/media\/80005"}],"wp:attachment":[{"href":"https:\/\/www.ludwig-van.com\/montreal\/wp-json\/wp\/v2\/media?parent=79966"}],"wp:term":[{"taxonomy":"category","embeddable":true,"href":"https:\/\/www.ludwig-van.com\/montreal\/wp-json\/wp\/v2\/categories?post=79966"},{"taxonomy":"post_tag","embeddable":true,"href":"https:\/\/www.ludwig-van.com\/montreal\/wp-json\/wp\/v2\/tags?post=79966"},{"taxonomy":"yst_prominent_words","embeddable":true,"href":"https:\/\/www.ludwig-van.com\/montreal\/wp-json\/wp\/v2\/yst_prominent_words?post=79966"}],"curies":[{"name":"wp","href":"https:\/\/api.w.org\/{rel}","templated":true}]}}