{"id":79957,"date":"2024-02-12T14:55:59","date_gmt":"2024-02-12T19:55:59","guid":{"rendered":"https:\/\/www.ludwig-van.com\/montreal\/?p=79957"},"modified":"2024-02-12T14:55:59","modified_gmt":"2024-02-12T19:55:59","slug":"liszt-6-cadeaux-musicaux-a-offrir-a-la-saint-valentin-plutot-que-des-fleurs","status":"publish","type":"post","link":"https:\/\/www.ludwig-van.com\/montreal\/2024\/02\/12\/liszt-6-cadeaux-musicaux-a-offrir-a-la-saint-valentin-plutot-que-des-fleurs\/","title":{"rendered":"LISZT | 6 Cadeaux musicaux \u00e0 offrir \u00e0 la Saint-Valentin plut\u00f4t que des fleurs"},"content":{"rendered":"<p><em><strong><span style=\"color: #808080;\"><img decoding=\"async\" loading=\"lazy\" class=\"aligncenter size-full wp-image-79985\" src=\"https:\/\/www.ludwig-van.com\/montreal\/wp-content\/uploads\/sites\/3\/2024\/02\/Copie-de-CONCERTS.jpg\" alt=\"\" width=\"1200\" height=\"628\" srcset=\"https:\/\/www.ludwig-van.com\/montreal\/wp-content\/uploads\/sites\/3\/2024\/02\/Copie-de-CONCERTS.jpg 1200w, https:\/\/www.ludwig-van.com\/montreal\/wp-content\/uploads\/sites\/3\/2024\/02\/Copie-de-CONCERTS-300x157.jpg 300w, https:\/\/www.ludwig-van.com\/montreal\/wp-content\/uploads\/sites\/3\/2024\/02\/Copie-de-CONCERTS-1024x536.jpg 1024w, https:\/\/www.ludwig-van.com\/montreal\/wp-content\/uploads\/sites\/3\/2024\/02\/Copie-de-CONCERTS-768x402.jpg 768w\" sizes=\"(max-width: 1200px) 100vw, 1200px\" \/><\/span><\/strong><\/em><\/p>\n<p><em><strong><span style=\"color: #808080;\">Des fleurs, c&rsquo;est bien&#8230; mais la musique, c&rsquo;est mieux! Voici six suggestions pour la Saint-Valentin qui sauront ravir les oreilles et les coeurs. (Mais le chocolat, c&rsquo;est irrempla\u00e7able. On ne vous recommande pas de remplacer le chocolat par autre chose. On vous aura averti.)<\/span><\/strong><\/em><\/p>\n<p>&nbsp;<\/p>\n<p><img decoding=\"async\" loading=\"lazy\" class=\"aligncenter size-full wp-image-79981\" src=\"https:\/\/www.ludwig-van.com\/montreal\/wp-content\/uploads\/sites\/3\/2024\/02\/Amour-fou_couverture_1200.jpg\" alt=\"\" width=\"1200\" height=\"1200\" srcset=\"https:\/\/www.ludwig-van.com\/montreal\/wp-content\/uploads\/sites\/3\/2024\/02\/Amour-fou_couverture_1200.jpg 1200w, https:\/\/www.ludwig-van.com\/montreal\/wp-content\/uploads\/sites\/3\/2024\/02\/Amour-fou_couverture_1200-300x300.jpg 300w, https:\/\/www.ludwig-van.com\/montreal\/wp-content\/uploads\/sites\/3\/2024\/02\/Amour-fou_couverture_1200-1024x1024.jpg 1024w, https:\/\/www.ludwig-van.com\/montreal\/wp-content\/uploads\/sites\/3\/2024\/02\/Amour-fou_couverture_1200-150x150.jpg 150w, https:\/\/www.ludwig-van.com\/montreal\/wp-content\/uploads\/sites\/3\/2024\/02\/Amour-fou_couverture_1200-768x768.jpg 768w\" sizes=\"(max-width: 1200px) 100vw, 1200px\" \/><\/p>\n<h3>L&rsquo;Amour fou de Myriam Leblanc<\/h3>\n<p>Vous voulez manifester \u00e0 votre douce moiti\u00e9 que vos sentiments sont plus forts que le passage du temps et que vous l&rsquo;aimerez toujours? Offrez-lui le parcours amoureux sur plus de 800 ans concoct\u00e9 par la lumineuse voix de <b>Myriam Leblanc\u00a0<\/b>et l\u2019<b>Ensemble Mirabilia<\/b>. Ce bouquet de chansons et de m\u00e9lodies d\u00e9peint la vaste gamme des \u00e9motions amoureuses, passant de l&rsquo;amour serein et contemplatif \u00e0 la tourmente, au d\u00e9sespoir, au doux chagrin et au d\u00e9sir sensuel. Le Baroque italien de Vivaldi et les vieilles chansons anglaises de Thomas Campion y c\u00f4toient Jacques Brel (<em>Ne me quitte pas<\/em>) et Barbara (<em>Dis, quand reviendras-tu?<\/em>) dans des arrangements d\u00e9licats interpr\u00e9t\u00e9s par <strong>Gr\u00e9goire Jeay<\/strong>, <strong>Antoine Malette-Ch\u00e9nier<\/strong> et <strong>M\u00e9lisande Corriveau<\/strong>, avec l&rsquo;invit\u00e9e <strong>Ellen Torrie<\/strong> (chant et guitare baroque).<\/p>\n<p>&nbsp;<\/p>\n<p><img decoding=\"async\" loading=\"lazy\" class=\"aligncenter size-full wp-image-79982\" src=\"https:\/\/www.ludwig-van.com\/montreal\/wp-content\/uploads\/sites\/3\/2024\/02\/Don-Quichotte_couverture_1200.jpg\" alt=\"\" width=\"1200\" height=\"1200\" srcset=\"https:\/\/www.ludwig-van.com\/montreal\/wp-content\/uploads\/sites\/3\/2024\/02\/Don-Quichotte_couverture_1200.jpg 1200w, https:\/\/www.ludwig-van.com\/montreal\/wp-content\/uploads\/sites\/3\/2024\/02\/Don-Quichotte_couverture_1200-300x300.jpg 300w, https:\/\/www.ludwig-van.com\/montreal\/wp-content\/uploads\/sites\/3\/2024\/02\/Don-Quichotte_couverture_1200-1024x1024.jpg 1024w, https:\/\/www.ludwig-van.com\/montreal\/wp-content\/uploads\/sites\/3\/2024\/02\/Don-Quichotte_couverture_1200-150x150.jpg 150w, https:\/\/www.ludwig-van.com\/montreal\/wp-content\/uploads\/sites\/3\/2024\/02\/Don-Quichotte_couverture_1200-768x768.jpg 768w\" sizes=\"(max-width: 1200px) 100vw, 1200px\" \/><\/p>\n<h3>Don Quichotte chez la duchesse<\/h3>\n<p>Dans cet op\u00e9ra-ballet farfelu de Joseph Bodin de Boismortier, Don Quichotte, soumis \u00e0 la tentation par Altisidore amourach\u00e9e de lui, reste imperturbablement loyal envers l&rsquo;id\u00e9al de Dulcin\u00e9e qu&rsquo;il garde noble et pur en son coeur &#8211; et ce m\u00eame si Altisidore poss\u00e8de (inexplicablement) le pouvoir de les transformer, Sancho Pan\u00e7a et lui, en singe et en ours (quelle arme de s\u00e9duction, quand m\u00eame!). Au terme d&rsquo;une histoire rocambolesque au cours de laquelle le pauvre Sancho re\u00e7oit quelques coups de b\u00e2tons, Altisidore admet que la fid\u00e9lit\u00e9 de Don Quichotte est une vertu m\u00e9ritant des honneurs et le r\u00e9compense en le nommant empereur du Japon.<\/p>\n<p>On n&rsquo;encourage personne \u00e0 faussement adopter le titre d&#8217;empereur du Japon, ni de quelque endroit souverain que ce soit &#8211; alors si, comme Don Quichotte, votre fid\u00e9lit\u00e9 est inattaquable, offrez plut\u00f4t cet all\u00e8gre album \u00e0 votre partenaire entich\u00e9.e d&rsquo;histoires chevaleresques! Fruit d&rsquo;un minutieux travail de transcription d&rsquo;<strong>Olivier Brault<\/strong> \u00e0 partir du manuscrit conserv\u00e9 \u00e0 la Biblioth\u00e8que nationale de France, cette collaboration entre les ensembles <strong>Caprice<\/strong> et <strong>Sonate 1704<\/strong> fait entendre les voix d&rsquo;<strong>Arthur Tanguay-Labrosse<\/strong> (Don Quichotte), <strong>Dominique C\u00f4t\u00e9<\/strong> (Sancho Pan\u00e7a), <strong>Catherine St-Arnaud<\/strong> (Altisidore), <strong>Geoffroy Salvas<\/strong> (Merlin!), <strong>Doroth\u00e9a Ventura<\/strong> (une paysanne) et <strong>Claudine Ledoux<\/strong> (une amante).<\/p>\n<p>&nbsp;<\/p>\n<p><img decoding=\"async\" loading=\"lazy\" class=\"aligncenter size-full wp-image-79979\" src=\"https:\/\/www.ludwig-van.com\/montreal\/wp-content\/uploads\/sites\/3\/2024\/02\/swipte-ton-altiste_1200.jpg\" alt=\"\" width=\"1200\" height=\"630\" srcset=\"https:\/\/www.ludwig-van.com\/montreal\/wp-content\/uploads\/sites\/3\/2024\/02\/swipte-ton-altiste_1200.jpg 1200w, https:\/\/www.ludwig-van.com\/montreal\/wp-content\/uploads\/sites\/3\/2024\/02\/swipte-ton-altiste_1200-300x158.jpg 300w, https:\/\/www.ludwig-van.com\/montreal\/wp-content\/uploads\/sites\/3\/2024\/02\/swipte-ton-altiste_1200-1024x538.jpg 1024w, https:\/\/www.ludwig-van.com\/montreal\/wp-content\/uploads\/sites\/3\/2024\/02\/swipte-ton-altiste_1200-768x403.jpg 768w\" sizes=\"(max-width: 1200px) 100vw, 1200px\" \/><\/p>\n<h3>Swipe ton altiste! &#8211; Power Quartet<\/h3>\n<p>Si vous avez rencontr\u00e9 votre Valentin sur une application de rencontre, faites un petit clin d&rsquo;oeil \u00e0 ce mode de connexion tout \u00e0 fait moderne en l&rsquo;invitant au concert de <em>Swipe ton altiste<\/em>! Le troisi\u00e8me rendez-vous de la saison offre un buffet \u00e0 volont\u00e9 d&rsquo;altistes chevronn\u00e9s, r\u00e9unis pour la premi\u00e8re fois sur sc\u00e8ne dans un r\u00e9pertoire baroque et romantique : <strong>Jutta Puchhammer<\/strong>, <strong>Jocelyne Bastien<\/strong>, <strong>Victor Fournelle-Blain<\/strong> et <strong>Fr\u00e9d\u00e9ric Lambert<\/strong>, respectivement professeur.e.s \u00e0 l\u2019UdeM, au Conservatoire, \u00e0 McGill et \u00e0 l\u2019UQ\u00e0M.<\/p>\n<p><strong>LE 18 F\u00c9VRIER, 16 H, KIN EXP\u00c9RIENCE <a href=\"https:\/\/www.eventbrite.ca\/e\/altofest-swipe-ton-altiste-3-power-quartet-tickets-715139209627?aff=oddtdtcreator&amp;fbclid=IwAR2OKeqxC47xo4X684XpUXOWl-kQS6SZINJby3JiGMWOfFgUBjEUjsxYUPo\" target=\"_blank\" rel=\"noopener\">D\u00c9TAILS ET BILLETS<\/a><\/strong><\/p>\n<p>&nbsp;<\/p>\n<p><img decoding=\"async\" loading=\"lazy\" class=\"aligncenter size-full wp-image-77147\" src=\"https:\/\/www.ludwig-van.com\/montreal\/wp-content\/uploads\/sites\/3\/2023\/07\/ArionWEB_Saison2023-24-FR5.png\" alt=\"\" width=\"800\" height=\"800\" \/><\/p>\n<h3>\u00ab\u00a0Je t&rsquo;aime!\u00a0\u00bb &#8211; \u00ab\u00a0Oui, mais encore?\u00a0\u00bb<\/h3>\n<p>Comme Christian dans <em>Cyrano de Bergerac<\/em>, vous pr\u00e9f\u00e9rez confier \u00e0 d&rsquo;autres le soin de formuler avec adresse les sentiments passionn\u00e9s qui vous animent et faire fondre l&rsquo;objet de vos d\u00e9sirs? Le programme <em>Lettres d&rsquo;amour<\/em> est tout trouv\u00e9 pour vous. Sous la direction inspir\u00e9e de la violoniste australienne <strong>Sophie Gent<\/strong>, l&rsquo;ensemble <strong>Arion<\/strong> pr\u00e9sente un heureux m\u00e9lange de concertos grossos baroques italiens et anglais dans un programme de musiques et de po\u00e8mes brossant le portrait \u00e0 la fois complexe et d\u00e9licieux des sentiments amoureux.<\/p>\n<p><strong>LE 14 F\u00c9VRIER, 19 H 30, SALLE BOURGIE <a href=\"https:\/\/www.mbam.qc.ca\/fr\/activites\/arion-orchestre-baroque-lettres-d-amour\/\" target=\"_blank\" rel=\"noopener\">D\u00c9TAILS ET BILLETS<\/a><\/strong><\/p>\n<p>&nbsp;<\/p>\n<p><img decoding=\"async\" loading=\"lazy\" class=\"aligncenter size-full wp-image-79978\" src=\"https:\/\/www.ludwig-van.com\/montreal\/wp-content\/uploads\/sites\/3\/2024\/02\/SMAM_toutesbeautes_1200.jpg\" alt=\"\" width=\"1200\" height=\"1343\" srcset=\"https:\/\/www.ludwig-van.com\/montreal\/wp-content\/uploads\/sites\/3\/2024\/02\/SMAM_toutesbeautes_1200.jpg 1200w, https:\/\/www.ludwig-van.com\/montreal\/wp-content\/uploads\/sites\/3\/2024\/02\/SMAM_toutesbeautes_1200-268x300.jpg 268w, https:\/\/www.ludwig-van.com\/montreal\/wp-content\/uploads\/sites\/3\/2024\/02\/SMAM_toutesbeautes_1200-915x1024.jpg 915w, https:\/\/www.ludwig-van.com\/montreal\/wp-content\/uploads\/sites\/3\/2024\/02\/SMAM_toutesbeautes_1200-768x860.jpg 768w\" sizes=\"(max-width: 1200px) 100vw, 1200px\" \/><\/p>\n<h3><em>Toutes les beaut\u00e9s<\/em> pour la Beaut\u00e9 dans votre vie<\/h3>\n<p>Pour une exp\u00e9rience toute en intimit\u00e9, propice \u00e0 cr\u00e9er les rapprochements, le <strong>Studio de musique ancienne de Montr\u00e9al<\/strong> propose <em>Toutes les beaut\u00e9s<\/em>, un programme d&rsquo;oeuvres choisies, sign\u00e9es Dowland, Lambert, Monteverdi, Machaut, Purcell ou anonymes. Savamment entrem\u00eal\u00e9s pour rendre compte de l\u2019universalit\u00e9 et de l\u2019intemporalit\u00e9 de l\u2018amour transpos\u00e9es en musique, ces ballades traditionnelles,<em>\u00a0lute songs<\/em>, airs de cour et monodies italiennes sont interpr\u00e9t\u00e9s par l&rsquo;ensemble M\u00e9nestrel (<strong>Janelle Lucyk<\/strong>, soprano et <strong>Kerry Bursey<\/strong>, t\u00e9nor et luth) alliant voix et cordes pinc\u00e9es.<\/p>\n<p><strong>LE 14 F\u00c9VRIER, 19 H 30, L&rsquo;ERMITAGE (COLL\u00c8GE DE MONTR\u00c9AL) <a href=\"https:\/\/smamontreal.ca\/toutes-les-beautes\/\" target=\"_blank\" rel=\"noopener\">D\u00c9TAILS ET BILLETS<\/a><\/strong><\/p>\n<p>&nbsp;<\/p>\n<p><img decoding=\"async\" loading=\"lazy\" class=\"aligncenter size-full wp-image-79980\" src=\"https:\/\/www.ludwig-van.com\/montreal\/wp-content\/uploads\/sites\/3\/2024\/02\/Affiche-La-Traviata-premiere-representation-1853.jpg\" alt=\"\" width=\"1024\" height=\"695\" srcset=\"https:\/\/www.ludwig-van.com\/montreal\/wp-content\/uploads\/sites\/3\/2024\/02\/Affiche-La-Traviata-premiere-representation-1853.jpg 1024w, https:\/\/www.ludwig-van.com\/montreal\/wp-content\/uploads\/sites\/3\/2024\/02\/Affiche-La-Traviata-premiere-representation-1853-300x204.jpg 300w, https:\/\/www.ludwig-van.com\/montreal\/wp-content\/uploads\/sites\/3\/2024\/02\/Affiche-La-Traviata-premiere-representation-1853-768x521.jpg 768w\" sizes=\"(max-width: 1024px) 100vw, 1024px\" \/><\/p>\n<h3>La Traviata<\/h3>\n<p>Vous faites plus dans les grandes d\u00e9clarations? L\u00e0 aussi, on a ce qu&rsquo;il vous faut : l&rsquo;op\u00e9ra. Et pas n&rsquo;importe lequel, <em>La Traviata<\/em>, romantique \u00e0 souhait et l&rsquo;un des plus grands op\u00e9ras qu&rsquo;il soit. Si votre compagnie ne s&rsquo;\u00e9croule pas en pleurs sur votre \u00e9paule lorsque Papa Germont convainc Violetta de renoncer \u00e0 vivre avec Alfredo (\u00ab\u00a0<em>Piangi! Piangi!\u00a0\u00bb<\/em>), on ne sait plus comment vous aider. Bon, faut \u00eatre un peu patient, c&rsquo;est au mois de mai.<\/p>\n<p><strong>LES 4, 7, 9, 14 MAI, 19 H 30, LE 12 MAI, 14 H, SALLE WILFRID-PELLETIER <a href=\"https:\/\/www.operademontreal.com\/programmation\/la-traviata\" target=\"_blank\" rel=\"noopener\">D\u00c9TAILS ET BILLETS<\/a><\/strong><\/p>\n<h2><em>Inscrivez-vous \u00e0 notre infolettre! La musique classique et l\u2019op\u00e9ra en 5 minutes, chaque jour<\/em>\u00a0<a href=\"https:\/\/ludwig-van.us9.list-manage.com\/subscribe?u=4f785cb3f9058f2393ccad035&amp;id=b9b160c032\" target=\"_blank\" rel=\"noopener noreferrer\">ICI\u00a0<\/a><\/h2>\n","protected":false},"excerpt":{"rendered":"<p>Des fleurs, c&rsquo;est bien&#8230; mais la musique, c&rsquo;est mieux! Voici six suggestions pour la Saint-Valentin qui sauront ravir les oreilles et les coeurs. (Mais le chocolat, c&rsquo;est irrempla\u00e7able. On ne vous recommande pas de remplacer le chocolat par autre chose. On vous aura averti.)<\/p>\n","protected":false},"author":55,"featured_media":79985,"comment_status":"open","ping_status":"open","sticky":false,"template":"","format":"standard","meta":{"om_disable_all_campaigns":false,"jetpack_post_was_ever_published":false},"categories":[42107,5797],"tags":[42106,2265,25753,41576],"yst_prominent_words":[11445,29553,37817,37812,9878,9863,9842,26052,11180,13891,16849,16844,16842,9877,9811,13814,13893],"acf":[],"jetpack_featured_media_url":"https:\/\/www.ludwig-van.com\/montreal\/wp-content\/uploads\/sites\/3\/2024\/02\/Copie-de-CONCERTS.jpg","jetpack_sharing_enabled":true,"jetpack_shortlink":"https:\/\/wp.me\/p9bdYt-kND","amp_enabled":true,"_links":{"self":[{"href":"https:\/\/www.ludwig-van.com\/montreal\/wp-json\/wp\/v2\/posts\/79957"}],"collection":[{"href":"https:\/\/www.ludwig-van.com\/montreal\/wp-json\/wp\/v2\/posts"}],"about":[{"href":"https:\/\/www.ludwig-van.com\/montreal\/wp-json\/wp\/v2\/types\/post"}],"author":[{"embeddable":true,"href":"https:\/\/www.ludwig-van.com\/montreal\/wp-json\/wp\/v2\/users\/55"}],"replies":[{"embeddable":true,"href":"https:\/\/www.ludwig-van.com\/montreal\/wp-json\/wp\/v2\/comments?post=79957"}],"version-history":[{"count":10,"href":"https:\/\/www.ludwig-van.com\/montreal\/wp-json\/wp\/v2\/posts\/79957\/revisions"}],"predecessor-version":[{"id":79992,"href":"https:\/\/www.ludwig-van.com\/montreal\/wp-json\/wp\/v2\/posts\/79957\/revisions\/79992"}],"wp:featuredmedia":[{"embeddable":true,"href":"https:\/\/www.ludwig-van.com\/montreal\/wp-json\/wp\/v2\/media\/79985"}],"wp:attachment":[{"href":"https:\/\/www.ludwig-van.com\/montreal\/wp-json\/wp\/v2\/media?parent=79957"}],"wp:term":[{"taxonomy":"category","embeddable":true,"href":"https:\/\/www.ludwig-van.com\/montreal\/wp-json\/wp\/v2\/categories?post=79957"},{"taxonomy":"post_tag","embeddable":true,"href":"https:\/\/www.ludwig-van.com\/montreal\/wp-json\/wp\/v2\/tags?post=79957"},{"taxonomy":"yst_prominent_words","embeddable":true,"href":"https:\/\/www.ludwig-van.com\/montreal\/wp-json\/wp\/v2\/yst_prominent_words?post=79957"}],"curies":[{"name":"wp","href":"https:\/\/api.w.org\/{rel}","templated":true}]}}