{"id":79452,"date":"2024-01-08T07:11:45","date_gmt":"2024-01-08T12:11:45","guid":{"rendered":"https:\/\/www.ludwig-van.com\/montreal\/?p=79452"},"modified":"2024-01-08T07:11:45","modified_gmt":"2024-01-08T12:11:45","slug":"in-memoriam-le-violoncelliste-marcel-saint-cyr-est-decede-a-85-ans","status":"publish","type":"post","link":"https:\/\/www.ludwig-van.com\/montreal\/2024\/01\/08\/in-memoriam-le-violoncelliste-marcel-saint-cyr-est-decede-a-85-ans\/","title":{"rendered":"IN MEMORIAM | Le violoncelliste Marcel Saint-Cyr est d\u00e9c\u00e9d\u00e9 \u00e0 85 ans"},"content":{"rendered":"<figure id=\"attachment_79453\" aria-describedby=\"caption-attachment-79453\" style=\"width: 1200px\" class=\"wp-caption alignnone\"><img decoding=\"async\" loading=\"lazy\" class=\"size-full wp-image-79453\" src=\"https:\/\/www.ludwig-van.com\/montreal\/wp-content\/uploads\/sites\/3\/2024\/01\/Marcel-Saint-Cyr.jpg\" alt=\"\u00c0 gauche: Marcel Saint-Cyr (Photo courtoisie); \u00e0 droite, le Quatuor Franz Joseph (Photo courtoisie d'ATMA Classique)\" width=\"1200\" height=\"628\" srcset=\"https:\/\/www.ludwig-van.com\/montreal\/wp-content\/uploads\/sites\/3\/2024\/01\/Marcel-Saint-Cyr.jpg 1200w, https:\/\/www.ludwig-van.com\/montreal\/wp-content\/uploads\/sites\/3\/2024\/01\/Marcel-Saint-Cyr-300x157.jpg 300w, https:\/\/www.ludwig-van.com\/montreal\/wp-content\/uploads\/sites\/3\/2024\/01\/Marcel-Saint-Cyr-1024x536.jpg 1024w, https:\/\/www.ludwig-van.com\/montreal\/wp-content\/uploads\/sites\/3\/2024\/01\/Marcel-Saint-Cyr-768x402.jpg 768w\" sizes=\"(max-width: 1200px) 100vw, 1200px\" \/><figcaption id=\"caption-attachment-79453\" class=\"wp-caption-text\">\u00c0 gauche: Marcel Saint-Cyr (Photo courtoisie); \u00e0 droite, le Quatuor Franz Joseph (Photo courtoisie d&rsquo;ATMA Classique)<\/figcaption><\/figure>\n<h3><span style=\"color: #808080;\">Le violoncelliste canadien Marcel Saint-Cyr est d\u00e9c\u00e9d\u00e9 \u00e0 l&rsquo;\u00e2ge de 85 ans. L&rsquo;\u00e9minent musicien et p\u00e9dagogue, membre fondateur du Quatuor \u00e0 cordes Orford, est d\u00e9c\u00e9d\u00e9 le 30 d\u00e9cembre 2023 \u00e0 Montr\u00e9al.<\/span><\/h3>\n<p>Bien qu&rsquo;il soit surtout connu pour son travail de violoncelliste, Marcel Saint-Cyr a \u00e9galement jou\u00e9 de la viole de gambe et du baryton, et a utilis\u00e9 son influence pour encourager le d\u00e9veloppement de la musique de chambre en tant qu&rsquo;\u00e9ducateur.<\/p>\n<h3>Premi\u00e8res ann\u00e9es<\/h3>\n<p><strong>Marcel Saint-Cyr<\/strong> est n\u00e9 le 20 mai 1938 \u00e0 Qu\u00e9bec dans une famille de musiciens. Il d\u00e9bute ses \u00e9tudes au Conservatoire de musique de Qu\u00e9bec, o\u00f9 il remporte le premier prix de violoncelle en 1961, la m\u00eame ann\u00e9e o\u00f9 il obtient un baccalaur\u00e9at \u00e0 l&rsquo;Universit\u00e9 Laval. Il \u00e9tudie ensuite \u00e0 Paris et \u00e0 Sienne, s&rsquo;installe \u00e0 la Staatliche Hochschule f\u00fcr Musik de Karlsruhe, en Allemagne, en 1962, dont il obtient un dipl\u00f4me en 1964.<\/p>\n<p>Le lien entre <strong>Marcel Saint-Cyr<\/strong> et la direction chorale est peut-\u00eatre moins connu. En 1960,\u00a0 il fonde et dirige le Ch\u0153ur Jannequin et \u00e9tudie la direction d&rsquo;orchestre en Europe. En 1964, il devient directeur du ch\u0153ur de l&rsquo;Universit\u00e9 Laval.<\/p>\n<h3>Le Quatuor \u00e0 cordes Orford<\/h3>\n<p>Le <strong>Quatuor \u00e0 cordes Orford<\/strong>, avec <strong>Marcel Saint-Cyr<\/strong> comme violoncelliste, a \u00e9t\u00e9 fond\u00e9 en 1965. On ne saurait trop insister sur le r\u00f4le de l&rsquo;ensemble dans l&rsquo;ouverture du monde \u00e0 la musique de chambre canadienne, ainsi que dans l&rsquo;\u00e9tablissement du quatuor \u00e0 cordes comme une force majeure dans Musique classique canadienne.<\/p>\n<p><strong>Gilles Lefebvre<\/strong> fonde ce qu&rsquo;on appelle alors le <strong>Centre d&rsquo;arts Orford<\/strong> en 1951. En 1965, les violonistes Andrew Dawes et Kenneth Perkins viennent y \u00e9tudier et leur professeur les encourage \u00e0 former un quatuor \u00e0 cordes, auquel s&rsquo;ajoutent Terence Helmer (alto) et Marcel Saint-Cyr.<\/p>\n<p>Le quatuor s&rsquo;\u00e9tablit plus tard \u00e0 Toronto, o\u00f9 Marcel d\u00e9bute \u00e9galement sa carri\u00e8re d&rsquo;enseignant \u00e0 la Facult\u00e9 de musique de l&rsquo;Universit\u00e9 de Toronto.\u00a0Il y demeure de 1968 \u00e0 1980, date \u00e0 laquelle il prend sa retraite du Quatuor et s&rsquo;installe \u00e0 Montr\u00e9al.<\/p>\n<p>Le<strong> Quatuor Orford<\/strong> a \u00e9t\u00e9 parmi les premiers ensembles de musique classique canadiens \u00e0 atteindre une renomm\u00e9e internationale et \u00e0 faire conna\u00eetre les quatuors \u00e0 cordes canadiens. Le <strong>Quatuor \u00e0 cordes Orford<\/strong> remporte le premier prix d&rsquo;un concours organis\u00e9 par l&rsquo;Union europ\u00e9enne de radiodiffusion en 1974, ce qui lance sa r\u00e9putation internationale.<\/p>\n<p>En 1978, ils re\u00e7oivent le Prix du Conseil canadien de la musique pour leur enregistrement des quatuors de Mendelssohn nos 1 et 2. Le quatuor se produit partout dans le monde et laisse une discographie consid\u00e9rable.<\/p>\n<p><strong>Andrew Dawes<\/strong> (violon 1), <strong>Kenneth Perkins<\/strong> (violon 2), <strong>Terrence Helmer<\/strong> (alto) et <strong>Marcel Saint-Cyr<\/strong> (violoncelle) interpr\u00e8tent Beethoven : Quatuor \u00e0 cordes en sib+, op.18, no.6\u00a0:<\/p>\n<p>&nbsp;<\/p>\n<div class=\"jetpack-video-wrapper\"><span class=\"embed-youtube\" style=\"text-align:center; display: block;\"><iframe loading=\"lazy\" class=\"youtube-player\" width=\"640\" height=\"360\" src=\"https:\/\/www.youtube.com\/embed\/S9IKtiqJ-ZE?version=3&#038;rel=1&#038;showsearch=0&#038;showinfo=1&#038;iv_load_policy=1&#038;fs=1&#038;hl=fr-FR&#038;autohide=2&#038;wmode=transparent\" allowfullscreen=\"true\" style=\"border:0;\" sandbox=\"allow-scripts allow-same-origin allow-popups allow-presentation\"><\/iframe><\/span><\/div>\n<p>&nbsp;<\/p>\n<h3>\u00c9ducateur et passionn\u00e9 de baryton<\/h3>\n<p><strong>Marcel Saint-Cyr<\/strong> a marqu\u00e9 la rel\u00e8ve en tant qu&rsquo;\u00e9ducateur.\u00a0Apr\u00e8s son passage \u00e0 l&rsquo;<strong>Universit\u00e9 de Toronto<\/strong>, il a enseign\u00e9 \u00e0 l&rsquo;<strong>Universit\u00e9 de Montr\u00e9al<\/strong> de 1981 \u00e0 1984. \u00c0 partir de 1984, il a dirig\u00e9 le d\u00e9partement de musique de chambre de l&rsquo;<strong>Universit\u00e9 McGill<\/strong> pendant plus de deux d\u00e9cennies. profil du minist\u00e8re au cours de cette p\u00e9riode.\u00a0Il a \u00e9galement enseign\u00e9 au Conservatoire de musique de Montr\u00e9al de 1986 \u00e0 1988.<\/p>\n<p>De 2002 jusqu&rsquo;\u00e0 son d\u00e9c\u00e8s, il a \u00e9t\u00e9 membre du <strong>Quatuor \u00e0 cordes Franz Joseph<\/strong> de Montr\u00e9al.\u00a0Avec le Trio Franz Joseph, <strong>Marcel Saint-Cyr<\/strong> interpr\u00e8te l&rsquo;int\u00e9grale des trios avec piano de Haydn.<\/p>\n<p>Parall\u00e8lement au violoncelle, <strong>Marcel Saint-Cyr<\/strong> a \u00e9tudi\u00e9 et interpr\u00e9t\u00e9 le baryton, un instrument \u00e0 cordes frott\u00e9es caract\u00e9ris\u00e9 par un arrangement unique de cordes pinc\u00e9es. Son usage \u00e9tait courant en Europe du XVIIe jusqu&rsquo;\u00e0 la fin du XVIIIe si\u00e8cle.<\/p>\n<p>Haydn, en particulier, a \u00e9crit un r\u00e9pertoire important pour cet instrument, souvent en trio avec alto et violoncelle.\u00a0<strong>Marcel Saint-Cyr<\/strong> fonde l&rsquo;Ensemble de baryton Eisenstadt en 1981 pour pr\u00e9senter l&rsquo;instrument, et en 1986, l&rsquo;Ensemble enregistre quatre des trios de Haydn.<\/p>\n<p>Outre son travail avec le <strong>Quatuor Orford<\/strong>, les autres enregistrements de Marcel comprennent la <em>Suite miniature<\/em> de Claude Champagne avec le fl\u00fbtiste <strong>Robert Langevin<\/strong> et la pianiste <strong>Berta Rosenohl-Grinhauz<\/strong> en 1987, ainsi que la <em>Sonate<\/em> de Rodolphe Mathieu en 1988.<\/p>\n<p><strong>Marcel Saint-Cyr<\/strong> laisse derri\u00e8re lui deux enfants, Jean-Pascal et Violaine.<\/p>\n<p>Toutes nos condol\u00e9ances \u00e0 ses proches.<\/p>\n<h2><em>Inscrivez-vous \u00e0 notre infolettre! La musique classique et l&rsquo;op\u00e9ra en 5 minutes, chaque jour<\/em> \u00a0<span style=\"color: #ff0000;\"><a style=\"color: #ff0000;\" href=\"https:\/\/ludwig-van.us9.list-manage.com\/subscribe?u=4f785cb3f9058f2393ccad035&amp;id=b9b160c032\" target=\"_blank\" rel=\"noopener noreferrer\">ICI\u00a0<\/a><\/span><\/h2>\n","protected":false},"excerpt":{"rendered":"<p>Le violoncelliste canadien Marcel Saint-Cyr est d\u00e9c\u00e9d\u00e9 \u00e0 l&rsquo;\u00e2ge de 85 ans. L&rsquo;\u00e9minent musicien et p\u00e9dagogue, membre fondateur du Quatuor \u00e0 cordes Orford, est d\u00e9c\u00e9d\u00e9 le 30 d\u00e9cembre 2023 \u00e0 Montr\u00e9al.<\/p>\n","protected":false},"author":64,"featured_media":79453,"comment_status":"open","ping_status":"open","sticky":false,"template":"","format":"standard","meta":{"om_disable_all_campaigns":false,"jetpack_post_was_ever_published":false},"categories":[42107,10956],"tags":[42106,401,42108,42109],"yst_prominent_words":[10289,9998,20055,37947,9811,10167,12698,9999,10015,20053],"acf":[],"jetpack_featured_media_url":"https:\/\/www.ludwig-van.com\/montreal\/wp-content\/uploads\/sites\/3\/2024\/01\/Marcel-Saint-Cyr.jpg","jetpack_sharing_enabled":true,"jetpack_shortlink":"https:\/\/wp.me\/p9bdYt-kFu","amp_enabled":true,"_links":{"self":[{"href":"https:\/\/www.ludwig-van.com\/montreal\/wp-json\/wp\/v2\/posts\/79452"}],"collection":[{"href":"https:\/\/www.ludwig-van.com\/montreal\/wp-json\/wp\/v2\/posts"}],"about":[{"href":"https:\/\/www.ludwig-van.com\/montreal\/wp-json\/wp\/v2\/types\/post"}],"author":[{"embeddable":true,"href":"https:\/\/www.ludwig-van.com\/montreal\/wp-json\/wp\/v2\/users\/64"}],"replies":[{"embeddable":true,"href":"https:\/\/www.ludwig-van.com\/montreal\/wp-json\/wp\/v2\/comments?post=79452"}],"version-history":[{"count":2,"href":"https:\/\/www.ludwig-van.com\/montreal\/wp-json\/wp\/v2\/posts\/79452\/revisions"}],"predecessor-version":[{"id":79455,"href":"https:\/\/www.ludwig-van.com\/montreal\/wp-json\/wp\/v2\/posts\/79452\/revisions\/79455"}],"wp:featuredmedia":[{"embeddable":true,"href":"https:\/\/www.ludwig-van.com\/montreal\/wp-json\/wp\/v2\/media\/79453"}],"wp:attachment":[{"href":"https:\/\/www.ludwig-van.com\/montreal\/wp-json\/wp\/v2\/media?parent=79452"}],"wp:term":[{"taxonomy":"category","embeddable":true,"href":"https:\/\/www.ludwig-van.com\/montreal\/wp-json\/wp\/v2\/categories?post=79452"},{"taxonomy":"post_tag","embeddable":true,"href":"https:\/\/www.ludwig-van.com\/montreal\/wp-json\/wp\/v2\/tags?post=79452"},{"taxonomy":"yst_prominent_words","embeddable":true,"href":"https:\/\/www.ludwig-van.com\/montreal\/wp-json\/wp\/v2\/yst_prominent_words?post=79452"}],"curies":[{"name":"wp","href":"https:\/\/api.w.org\/{rel}","templated":true}]}}