{"id":79359,"date":"2023-12-19T09:58:05","date_gmt":"2023-12-19T14:58:05","guid":{"rendered":"https:\/\/www.ludwig-van.com\/montreal\/?p=79359"},"modified":"2023-12-19T10:09:11","modified_gmt":"2023-12-19T15:09:11","slug":"actualites-quatre-nouvelles-en-musique-decouvrir-cette-semaine","status":"publish","type":"post","link":"https:\/\/www.ludwig-van.com\/montreal\/2023\/12\/19\/actualites-quatre-nouvelles-en-musique-decouvrir-cette-semaine\/","title":{"rendered":"ACTUALIT\u00c9S | Quatre nouvelles en musique \u00e0 d\u00e9couvrir cette semaine"},"content":{"rendered":"<p>&nbsp;<\/p>\n<figure id=\"attachment_79363\" aria-describedby=\"caption-attachment-79363\" style=\"width: 1200px\" class=\"wp-caption alignnone\"><img decoding=\"async\" loading=\"lazy\" class=\"wp-image-79363 size-full\" src=\"https:\/\/www.ludwig-van.com\/montreal\/wp-content\/uploads\/sites\/3\/2023\/12\/Copie-de-NOUVELLE-2023-12-19T095335.729.jpg\" alt=\"\" width=\"1200\" height=\"628\" srcset=\"https:\/\/www.ludwig-van.com\/montreal\/wp-content\/uploads\/sites\/3\/2023\/12\/Copie-de-NOUVELLE-2023-12-19T095335.729.jpg 1200w, https:\/\/www.ludwig-van.com\/montreal\/wp-content\/uploads\/sites\/3\/2023\/12\/Copie-de-NOUVELLE-2023-12-19T095335.729-300x157.jpg 300w, https:\/\/www.ludwig-van.com\/montreal\/wp-content\/uploads\/sites\/3\/2023\/12\/Copie-de-NOUVELLE-2023-12-19T095335.729-1024x536.jpg 1024w, https:\/\/www.ludwig-van.com\/montreal\/wp-content\/uploads\/sites\/3\/2023\/12\/Copie-de-NOUVELLE-2023-12-19T095335.729-768x402.jpg 768w\" sizes=\"(max-width: 1200px) 100vw, 1200px\" \/><figcaption id=\"caption-attachment-79363\" class=\"wp-caption-text\">Francis Battah, compositeur (Photo: courtoisie)<\/figcaption><\/figure>\n<h3>Francis Battah s&rsquo;illustre \u00e0 l&rsquo;international<\/h3>\n<p>Le compositeur qu\u00e9b\u00e9cois <strong>Francis Battah<\/strong> vient de remporter le Concours international de composition Free Range, organis\u00e9 par le Alvarez Chamber Orchestra, au Royaume-Uni, gr\u00e2ce \u00e0 sa pi\u00e8ce <em>Traduttore, Traditore<\/em>, dont il vient tout de publier l&rsquo;enregistrement. La pi\u00e8ce sera donc inscrite dans le catalogue de la maison d&rsquo;\u00e9dition Universal Edition.<\/p>\n<p>Il a \u00e9galement remport\u00e9 la troisi\u00e8me place au m\u00eame concours avec sa pi\u00e8ce <em>Trois paysages<\/em>, interpr\u00e9t\u00e9e par l\u2019Orchestre de l&rsquo;Agora et Nicolas Ellis l\u2019automne dernier!<\/p>\n<p>D&rsquo;une dur\u00e9e de 21 minutes, la pi\u00e8ce<em> Traduttore, Traditore<\/em> a \u00e9t\u00e9 con\u00e7ue pour une instrumentation in\u00e9dite : fl\u00fbte, clarinette, violon, violoncelle, deux percussionnistes et surtout, trois claviers num\u00e9riques. Les trois claviers num\u00e9riques utilisent des sons de synth\u00e9tiseurs cr\u00e9\u00e9s sur mesure et des \u00e9chelles micro-tonales, c\u2019est-\u00e0-dire qu\u2019ils ne sont pas accord\u00e9s comme des pianos acoustiques. Gr\u00e2ce \u00e0 des contr\u00f4leurs, les clavi\u00e9ristes changent en cours de route les sons de synth\u00e9tiseurs et les \u00e9chelles microtonales.<\/p>\n<p>Lanc\u00e9e le 8 d\u00e9cembre dernier, <em>Traduttore, Traditore<\/em> est disponible sur toutes les plateformes de diffusion num\u00e9riques, et notamment sur <a href=\"https:\/\/francisbattah.bandcamp.com\/album\/traduttore-traditore?fbclid=IwAR01rYe3g1RUYnXaoJNwAtr0LwXQ1UYT8KBEb4ySn8s_E22Jl_xujXEz924\" target=\"_blank\" rel=\"noopener\">Bandcamp.\u00a0<\/a><\/p>\n<p><strong>Francis Battah<\/strong> n&rsquo;en est pas \u00e0 ses premiers prix \u00e0 des concours. En effet, dans le pass\u00e9, il a remport\u00e9 le Concours International de Composition Antonin Dvorak, dont un prix pour la meilleure composition orchestrale. Il a \u00e9galement remport\u00e9 en juin dernier la Bourse Pierre-Mantha du Prix d\u2019Europe en composition, et il est finaliste du Prix coll\u00e9gien de musique contemporaine 2023.<\/p>\n<p>Toutes nos f\u00e9licitations!<\/p>\n<p>&nbsp;<\/p>\n<figure id=\"attachment_79360\" aria-describedby=\"caption-attachment-79360\" style=\"width: 1800px\" class=\"wp-caption alignnone\"><img decoding=\"async\" loading=\"lazy\" class=\"size-full wp-image-79360\" src=\"https:\/\/www.ludwig-van.com\/montreal\/wp-content\/uploads\/sites\/3\/2023\/12\/Xavier-Roy.jpg\" alt=\"Xavier Roy, directeur g\u00e9n\u00e9ral du Festival de Lanaudi\u00e8re, \u00e0 l'occasion de l'inauguration. (Photo: courtoisie du Festival de Lanaudi\u00e8re)\" width=\"1800\" height=\"1200\" srcset=\"https:\/\/www.ludwig-van.com\/montreal\/wp-content\/uploads\/sites\/3\/2023\/12\/Xavier-Roy.jpg 1800w, https:\/\/www.ludwig-van.com\/montreal\/wp-content\/uploads\/sites\/3\/2023\/12\/Xavier-Roy-300x200.jpg 300w, https:\/\/www.ludwig-van.com\/montreal\/wp-content\/uploads\/sites\/3\/2023\/12\/Xavier-Roy-1024x683.jpg 1024w, https:\/\/www.ludwig-van.com\/montreal\/wp-content\/uploads\/sites\/3\/2023\/12\/Xavier-Roy-768x512.jpg 768w, https:\/\/www.ludwig-van.com\/montreal\/wp-content\/uploads\/sites\/3\/2023\/12\/Xavier-Roy-1536x1024.jpg 1536w\" sizes=\"(max-width: 1800px) 100vw, 1800px\" \/><figcaption id=\"caption-attachment-79360\" class=\"wp-caption-text\">Xavier Roy, directeur g\u00e9n\u00e9ral du Festival de Lanaudi\u00e8re, \u00e0 l&rsquo;occasion de l&rsquo;inauguration. (Photo: courtoisie du Festival de Lanaudi\u00e8re)<\/figcaption><\/figure>\n<h3>Lanaudi\u00e8re: inauguration de la Maison de la Musique Ren\u00e9-Charette<\/h3>\n<p>L\u2019inauguration officielle de la <strong>Maison de la Musique Ren\u00e9-Charette<\/strong>, situ\u00e9e rue St-Paul \u00e0 Joliette, a eu lieu le 12 d\u00e9cembre dernier. Pr\u00e8s de 150 personnes \u00e9taient pr\u00e9sentes et ont pu d\u00e9couvrir ce nouveau p\u00f4le musical et culturel qui accueille maintenant de nombreux espaces \u00e0 vocation culturelle, dont une salle d\u2019une centaine de places, en plus des bureaux administratifs du <strong>Festival de Lanaudi\u00e8re<\/strong>.<\/p>\n<p>Cette infrastructure permettra au <strong>Festival de Lanaudi\u00e8re<\/strong> de d\u00e9ployer \u00e0 l\u2019ann\u00e9e ses activit\u00e9s de d\u00e9mocratisation de la musique classique, en plus d\u2019accueillir sur une base r\u00e9guli\u00e8re des activit\u00e9s de partenaires, notamment d\u2019organismes en \u00e9ducation musicale de la r\u00e9gion.<\/p>\n<p>En plus du don du b\u00e2timent en tant que tel par l&rsquo;homme d&rsquo;affaires <strong>G\u00e9rard Descheneaux<\/strong>, le projet de Maison de la Musique Ren\u00e9-Charette a totalit\u00e9 des investissements de 2,6 M$, dont plus de 1M$ en financement priv\u00e9 de partenaires et donateurs.<\/p>\n<p>&nbsp;<\/p>\n<p style=\"text-align: center;\"><img decoding=\"async\" loading=\"lazy\" class=\"alignnone size-full wp-image-74662\" src=\"https:\/\/www.ludwig-van.com\/montreal\/wp-content\/uploads\/sites\/3\/2023\/01\/Pierre-Loup_OSM.png\" alt=\"\" width=\"942\" height=\"534\" \/><\/p>\n<h3>Pierre et le loup: webdiffusion gratuite de l&rsquo;OSM<\/h3>\n<p>\u00c0 compter d&rsquo;aujourd&rsquo;hui, 19 d\u00e9cembre, et jusqu&rsquo;au 8 janvier, on peut visionner gratuitement la webdiffusion de <em>Pierre et le loup<\/em>, de Prokofiev, qui a \u00e9t\u00e9 pr\u00e9sent\u00e9 lors de la 10e \u00e9dition du Bal des enfants en avril dernier, sous la direction de <strong>Rafael Payare<\/strong>. Il suffit de r\u00e9server en ligne pour obtenir un lien de visionnement.<\/p>\n<p><a href=\"https:\/\/www.osm.ca\/fr\/concerts\/webdiffusion-pierre-et-le-loup\/\" target=\"_blank\" rel=\"noopener\">D\u00c9TAILS<\/a><\/p>\n<h3>Poste disponible: la GMMQ cherche un DG<\/h3>\n<p>La <strong>Guilde des musiciens et musiciennes du Qu\u00e9bec<\/strong> est \u00e0 la recherche d&rsquo;un(e) nouveau\/nouvelle directeur\/directrice g\u00e9n\u00e9ral(e). La date limite pour postuler est le 15 janvier 2024, et la nouvelle personne entrera en poste en mars prochain. Tous les d\u00e9tails <a href=\"https:\/\/www.gmmq.com\/fr\/nouvelles\/emploi?fbclid=IwAR0uG0PpezEaifoI68jaCVJ-bWu2S7SZzpnnSMp4xE5IGiAGvNSPgLD9sYY\" target=\"_blank\" rel=\"noopener\">sont ici.\u00a0<\/a><\/p>\n<p>&nbsp;<\/p>\n<h2><em>Inscrivez-vous \u00e0 notre infolettre! La musique classique et l&rsquo;op\u00e9ra en 5 minutes, chaque jour<\/em> \u00a0<span style=\"color: #ff0000;\"><a style=\"color: #ff0000;\" href=\"https:\/\/ludwig-van.us9.list-manage.com\/subscribe?u=4f785cb3f9058f2393ccad035&amp;id=b9b160c032\" target=\"_blank\" rel=\"noopener noreferrer\">ICI\u00a0<\/a><\/span><\/h2>\n","protected":false},"excerpt":{"rendered":"<p>Les actualit\u00e9s de la semaine en musique classique au Qu\u00e9bec<\/p>\n","protected":false},"author":51,"featured_media":79363,"comment_status":"open","ping_status":"open","sticky":false,"template":"","format":"standard","meta":{"om_disable_all_campaigns":false,"jetpack_post_was_ever_published":false},"categories":[42065,10956],"tags":[42066,14145,4485,2542],"yst_prominent_words":[11628,10473,12254,40554,7412,15883,17613,40556,15885,11442,15805,9811,10167,39552,9857],"acf":[],"jetpack_featured_media_url":"https:\/\/www.ludwig-van.com\/montreal\/wp-content\/uploads\/sites\/3\/2023\/12\/Copie-de-NOUVELLE-2023-12-19T095335.729.jpg","jetpack_sharing_enabled":true,"jetpack_shortlink":"https:\/\/wp.me\/p9bdYt-kDZ","amp_enabled":true,"_links":{"self":[{"href":"https:\/\/www.ludwig-van.com\/montreal\/wp-json\/wp\/v2\/posts\/79359"}],"collection":[{"href":"https:\/\/www.ludwig-van.com\/montreal\/wp-json\/wp\/v2\/posts"}],"about":[{"href":"https:\/\/www.ludwig-van.com\/montreal\/wp-json\/wp\/v2\/types\/post"}],"author":[{"embeddable":true,"href":"https:\/\/www.ludwig-van.com\/montreal\/wp-json\/wp\/v2\/users\/51"}],"replies":[{"embeddable":true,"href":"https:\/\/www.ludwig-van.com\/montreal\/wp-json\/wp\/v2\/comments?post=79359"}],"version-history":[{"count":4,"href":"https:\/\/www.ludwig-van.com\/montreal\/wp-json\/wp\/v2\/posts\/79359\/revisions"}],"predecessor-version":[{"id":79365,"href":"https:\/\/www.ludwig-van.com\/montreal\/wp-json\/wp\/v2\/posts\/79359\/revisions\/79365"}],"wp:featuredmedia":[{"embeddable":true,"href":"https:\/\/www.ludwig-van.com\/montreal\/wp-json\/wp\/v2\/media\/79363"}],"wp:attachment":[{"href":"https:\/\/www.ludwig-van.com\/montreal\/wp-json\/wp\/v2\/media?parent=79359"}],"wp:term":[{"taxonomy":"category","embeddable":true,"href":"https:\/\/www.ludwig-van.com\/montreal\/wp-json\/wp\/v2\/categories?post=79359"},{"taxonomy":"post_tag","embeddable":true,"href":"https:\/\/www.ludwig-van.com\/montreal\/wp-json\/wp\/v2\/tags?post=79359"},{"taxonomy":"yst_prominent_words","embeddable":true,"href":"https:\/\/www.ludwig-van.com\/montreal\/wp-json\/wp\/v2\/yst_prominent_words?post=79359"}],"curies":[{"name":"wp","href":"https:\/\/api.w.org\/{rel}","templated":true}]}}