{"id":79324,"date":"2023-12-13T10:07:28","date_gmt":"2023-12-13T15:07:28","guid":{"rendered":"https:\/\/www.ludwig-van.com\/montreal\/?p=79324"},"modified":"2023-12-13T10:07:28","modified_gmt":"2023-12-13T15:07:28","slug":"liste-decoute-notre-liste-de-noel-classique-a-ecouter-pour-des-fetes-relax","status":"publish","type":"post","link":"https:\/\/www.ludwig-van.com\/montreal\/2023\/12\/13\/liste-decoute-notre-liste-de-noel-classique-a-ecouter-pour-des-fetes-relax\/","title":{"rendered":"LISTE D&rsquo;\u00c9COUTE | Notre liste de No\u00ebl classique \u00e0 \u00e9couter pour des f\u00eates relax"},"content":{"rendered":"<figure id=\"attachment_69018\" aria-describedby=\"caption-attachment-69018\" style=\"width: 1200px\" class=\"wp-caption alignnone\"><img decoding=\"async\" loading=\"lazy\" class=\"size-full wp-image-69018\" src=\"https:\/\/www.ludwig-van.com\/montreal\/wp-content\/uploads\/sites\/3\/2021\/12\/Dortmund-playlist-2021.jpg\" alt=\"March\u00e9 de No\u00ebl \u00e0 Dortmund en Allemagne, 2017. (Photo: Caroline Rodgers)\" width=\"1200\" height=\"628\" \/><figcaption id=\"caption-attachment-69018\" class=\"wp-caption-text\">March\u00e9 de No\u00ebl \u00e0 Dortmund en Allemagne, 2017. (Photo: Caroline Rodgers)<\/figcaption><\/figure>\n<h3><span style=\"color: #808080;\">La tradition est de retour! Ludwig van Montr\u00e9al vous revient avec sa magnifique liste de pi\u00e8ces \u00e0 \u00e9couter pour le temps des f\u00eates, et m\u00eame pour tout l&rsquo;hiver.\u00a0<\/span><\/h3>\n<p>En effet, cette liste cr\u00e9\u00e9e avec soin ne contient pas uniquement de la musique de No\u00ebl dans le sens pur du terme, mais surtout des pi\u00e8ces dont l&rsquo;ambiance \u00e9voque l&rsquo;hiver, la magie, la douceur. L&rsquo;ann\u00e9e 2023 a \u00e9t\u00e9 stressante avec ses guerres et ses tensions politiques, alors prenons le temps de nous faire plaisir et surtout, de nous reposer.<\/p>\n<p>Pour avoir acc\u00e8s aux pi\u00e8ces en entier, vous devez cr\u00e9er un compte sur Spotify, mais rassurez-vous: c&rsquo;est gratuit.<\/p>\n<p><strong>NB que vous devez avoir un compte Spotify (c&rsquo;est gratuit) pour entendre les pi\u00e8ces au complet.<\/strong><\/p>\n<h3><strong>\u00c0 savoir avant de commencer:\u00a0<\/strong><\/h3>\n<p><strong>1-<\/strong>Cette liste est un cadeau personnel de remerciements de ma part, Caroline, aux lecteurs de Ludwig van Montr\u00e9al ainsi qu&rsquo;\u00e0 nos membres et annonceurs qui nous sont fid\u00e8les depuis notre lancement, en 2017. Eh oui! Cela fait d\u00e9j\u00e0 six ans.<\/p>\n<p><strong>2-<\/strong>Comme je l&rsquo;ai dit plus haut, ce n&rsquo;est pas, techniquement, une <em>playlist<\/em> 100% de No\u00ebl, car elle contient aussi beaucoup de musique \u00ab\u00a0pas-de-No\u00ebl\u00a0\u00bb. Ce sont tout de m\u00eame des pi\u00e8ces qui ont, \u00e0 mon avis, une atmosph\u00e8re d&rsquo;hiver, de magie, de myst\u00e8re, de nuit \u00e9toil\u00e9e, de recueillement, de nostalgie, de r\u00e9confort et de d\u00e9tente.<\/p>\n<p><b>3-<\/b>Vous \u00eates sur un site de musique classique, mais ce n&rsquo;est pas non plus une liste purement \u00ab\u00a0classique\u00a0\u00bb. J&rsquo;ai mis des pi\u00e8ces du regrett\u00e9 <a href=\"https:\/\/www.ludwig-van.com\/montreal\/2017\/11\/30\/50051-quatre-saisons-andre-gagnon\/\" target=\"_blank\" rel=\"noopener noreferrer\">Andr\u00e9 Gagnon<\/a>, les Ch\u0153urs de l&rsquo;Arm\u00e9e Rouge et de la musique de film. Parce que c&rsquo;est beau. Voir point 4.<\/p>\n<p><strong>4-<\/strong>J&rsquo;ai fait cette liste aussi pour moi, avec des pi\u00e8ces que j&rsquo;aime, qui me touchent et que j&rsquo;ai envie d&rsquo;\u00e9couter. Elle commence et se termine par deux de mes \u0153uvres pr\u00e9f\u00e9r\u00e9es, et contient surtout du chant choral et du piano, parce que c&rsquo;est ce je pr\u00e9f\u00e8re. Elle dure 1 h 41 et contient 21 pi\u00e8ces de musique inspirantes.<\/p>\n<p><strong>5-<\/strong>Cette liste contient de la musique enveloppante et r\u00e9confortante qui se pr\u00eate davantage \u00e0 l&rsquo;introspection qu&rsquo;aux partys. Vous n&rsquo;y trouverez pas l&rsquo;ambiance \u00ab\u00a0Jingle Bells\u00a0\u00bb. C&rsquo;est une liste \u00e0 \u00e9couter tranquille au coin du feu car se reposer, passer du temps seul et penser \u00e0 sa vie, c&rsquo;est aussi \u00e7a, le temps des f\u00eates. Du moins, je vous le souhaite. En plus, c&rsquo;est prouv\u00e9: <a href=\"https:\/\/www.ludwig-van.com\/montreal\/2018\/11\/27\/music-and-you-why-sad-music-makes-us-feel-good\/\" target=\"_blank\" rel=\"noopener noreferrer\">la musique triste nous fait du bien.<\/a><\/p>\n<h3>Bonne \u00e9coute!<\/h3>\n<p>&nbsp;<\/p>\n<p><iframe loading=\"lazy\" style=\"border-radius: 12px;\" src=\"https:\/\/open.spotify.com\/embed\/playlist\/3TVvryVp5gv9sieYcBpJqm?utm_source=generator\" width=\"100%\" height=\"352\" frameborder=\"0\" allowfullscreen=\"allowfullscreen\"><\/iframe><\/p>\n<p>&nbsp;<\/p>\n<h2><em>Inscrivez-vous \u00e0 notre infolettre! La musique classique et l&rsquo;op\u00e9ra en 5 minutes, chaque jour<\/em> \u00a0<span style=\"color: #ff0000;\"><a style=\"color: #ff0000;\" href=\"https:\/\/ludwig-van.us9.list-manage.com\/subscribe?u=4f785cb3f9058f2393ccad035&amp;id=b9b160c032\" target=\"_blank\" rel=\"noopener noreferrer\">ICI\u00a0<\/a><\/span><\/h2>\n","protected":false},"excerpt":{"rendered":"<p>La tradition est de retour! Ludwig van Montr\u00e9al vous revient avec sa magnifique liste de pi\u00e8ces \u00e0 \u00e9couter pour le temps des f\u00eates, et m\u00eame pour tout l&rsquo;hiver.\u00a0<\/p>\n","protected":false},"author":51,"featured_media":69018,"comment_status":"open","ping_status":"open","sticky":false,"template":"","format":"standard","meta":{"om_disable_all_campaigns":false,"jetpack_post_was_ever_published":false},"categories":[42065,10956],"tags":[42066,3089],"yst_prominent_words":[10230,9842,10935,10175,28004,13914,27813,11021,9810,9788,9787,7694,9811,10167,12408,11542,17072,9809,9804],"acf":[],"jetpack_featured_media_url":"https:\/\/www.ludwig-van.com\/montreal\/wp-content\/uploads\/sites\/3\/2021\/12\/Dortmund-playlist-2021.jpg","jetpack_sharing_enabled":true,"jetpack_shortlink":"https:\/\/wp.me\/p9bdYt-kDq","amp_enabled":true,"_links":{"self":[{"href":"https:\/\/www.ludwig-van.com\/montreal\/wp-json\/wp\/v2\/posts\/79324"}],"collection":[{"href":"https:\/\/www.ludwig-van.com\/montreal\/wp-json\/wp\/v2\/posts"}],"about":[{"href":"https:\/\/www.ludwig-van.com\/montreal\/wp-json\/wp\/v2\/types\/post"}],"author":[{"embeddable":true,"href":"https:\/\/www.ludwig-van.com\/montreal\/wp-json\/wp\/v2\/users\/51"}],"replies":[{"embeddable":true,"href":"https:\/\/www.ludwig-van.com\/montreal\/wp-json\/wp\/v2\/comments?post=79324"}],"version-history":[{"count":6,"href":"https:\/\/www.ludwig-van.com\/montreal\/wp-json\/wp\/v2\/posts\/79324\/revisions"}],"predecessor-version":[{"id":79330,"href":"https:\/\/www.ludwig-van.com\/montreal\/wp-json\/wp\/v2\/posts\/79324\/revisions\/79330"}],"wp:featuredmedia":[{"embeddable":true,"href":"https:\/\/www.ludwig-van.com\/montreal\/wp-json\/wp\/v2\/media\/69018"}],"wp:attachment":[{"href":"https:\/\/www.ludwig-van.com\/montreal\/wp-json\/wp\/v2\/media?parent=79324"}],"wp:term":[{"taxonomy":"category","embeddable":true,"href":"https:\/\/www.ludwig-van.com\/montreal\/wp-json\/wp\/v2\/categories?post=79324"},{"taxonomy":"post_tag","embeddable":true,"href":"https:\/\/www.ludwig-van.com\/montreal\/wp-json\/wp\/v2\/tags?post=79324"},{"taxonomy":"yst_prominent_words","embeddable":true,"href":"https:\/\/www.ludwig-van.com\/montreal\/wp-json\/wp\/v2\/yst_prominent_words?post=79324"}],"curies":[{"name":"wp","href":"https:\/\/api.w.org\/{rel}","templated":true}]}}