{"id":79236,"date":"2023-12-05T11:39:22","date_gmt":"2023-12-05T16:39:22","guid":{"rendered":"https:\/\/www.ludwig-van.com\/montreal\/?p=79236"},"modified":"2023-12-05T13:28:11","modified_gmt":"2023-12-05T18:28:11","slug":"actualites-cinq-nouvelles-en-musique-classique-a-connaitre-cette-semaine-5","status":"publish","type":"post","link":"https:\/\/www.ludwig-van.com\/montreal\/2023\/12\/05\/actualites-cinq-nouvelles-en-musique-classique-a-connaitre-cette-semaine-5\/","title":{"rendered":"ACTUALIT\u00c9S | Cinq nouvelles en musique classique \u00e0 conna\u00eetre aujourd&rsquo;hui"},"content":{"rendered":"<figure id=\"attachment_79257\" aria-describedby=\"caption-attachment-79257\" style=\"width: 1200px\" class=\"wp-caption alignnone\"><img decoding=\"async\" loading=\"lazy\" class=\"wp-image-79257 size-full\" src=\"https:\/\/www.ludwig-van.com\/montreal\/wp-content\/uploads\/sites\/3\/2023\/12\/Copie-de-CONCERTS-2023-12-05T132207.876.jpg\" alt=\"Sophie Naubert, soprano (Photo: courtoisie), Tim Brady (Photo: Laurence Labat); l'Orchestre FILMharmonique (Photo: Tam Photography)\" width=\"1200\" height=\"628\" srcset=\"https:\/\/www.ludwig-van.com\/montreal\/wp-content\/uploads\/sites\/3\/2023\/12\/Copie-de-CONCERTS-2023-12-05T132207.876.jpg 1200w, https:\/\/www.ludwig-van.com\/montreal\/wp-content\/uploads\/sites\/3\/2023\/12\/Copie-de-CONCERTS-2023-12-05T132207.876-300x157.jpg 300w, https:\/\/www.ludwig-van.com\/montreal\/wp-content\/uploads\/sites\/3\/2023\/12\/Copie-de-CONCERTS-2023-12-05T132207.876-1024x536.jpg 1024w, https:\/\/www.ludwig-van.com\/montreal\/wp-content\/uploads\/sites\/3\/2023\/12\/Copie-de-CONCERTS-2023-12-05T132207.876-768x402.jpg 768w\" sizes=\"(max-width: 1200px) 100vw, 1200px\" \/><figcaption id=\"caption-attachment-79257\" class=\"wp-caption-text\">Sophie Naubert, soprano (Photo: courtoisie), Tim Brady (Photo: Laurence Labat); l&rsquo;Orchestre FILMharmonique (Photo: Tam Photography)<\/figcaption><\/figure>\n<h3><span style=\"color: #808080;\">Avec tout ce qui se passe en musique classique, il est difficile de suivre l&rsquo;actualit\u00e9! Mais vous pouvez toujours compter sur Ludwig van Montr\u00e9al pour vous tenir au courant des nouvelles les plus importantes! Assurez-vous de ne rien rater en vous abonnant <a href=\"https:\/\/ludwig-van.us9.list-manage.com\/subscribe?u=4f785cb3f9058f2393ccad035&amp;id=b9b160c032\" target=\"_blank\" rel=\"noopener\">\u00e0 notre infolettre gratuite<\/a>.\u00a0<\/span><\/h3>\n<p>&nbsp;<\/p>\n<figure id=\"attachment_56074\" aria-describedby=\"caption-attachment-56074\" style=\"width: 699px\" class=\"wp-caption alignnone\"><img decoding=\"async\" loading=\"lazy\" class=\"size-full wp-image-56074\" src=\"https:\/\/www.ludwig-van.com\/montreal\/wp-content\/uploads\/sites\/3\/2018\/08\/Tim-Brady-calendrier.jpg\" alt=\"Tim Brady\" width=\"699\" height=\"500\" srcset=\"https:\/\/www.ludwig-van.com\/montreal\/wp-content\/uploads\/sites\/3\/2018\/08\/Tim-Brady-calendrier.jpg 699w, https:\/\/www.ludwig-van.com\/montreal\/wp-content\/uploads\/sites\/3\/2018\/08\/Tim-Brady-calendrier-300x215.jpg 300w\" sizes=\"(max-width: 699px) 100vw, 699px\" \/><figcaption id=\"caption-attachment-56074\" class=\"wp-caption-text\">Tim Brady. (Photo: Laurence :Labat)<\/figcaption><\/figure>\n<h3>Un nouvel op\u00e9ra pour Bradyworks<\/h3>\n<p>Bradyworks, en codiffusion avec Chants libres et Le Vivier, annonce la premi\u00e8re mondiale d\u2019<em>Information<\/em>, un op\u00e9ra de chambre bilingue et audacieux. Se d\u00e9roulant \u00e0 Montr\u00e9al en octobre 1970, l\u2019op\u00e9ra traite de questions puissantes telles que la crise d\u2019octobre, le droit \u00e0 l\u2019avortement et le r\u00f4le du journalisme dans la soci\u00e9t\u00e9. La musique est sign\u00e9e par <strong>Tim Brady<\/strong> et le livret par <strong>Mishka Lavigne<\/strong>. Les repr\u00e9sentations auront lieu les <strong>27 et 28 avril 2024<\/strong> \u00e0 l\u2019Espace Orange de l\u2019\u00c9difice Wilder.<\/p>\n<p>Cinq solistes canadiens seront en vedette : la mezzo-soprano <strong>Marie-Annick B\u00e9liveau<\/strong>, le baryton <strong>Pierre Rancourt<\/strong>, le t\u00e9nor <strong>David Menzies<\/strong>, la soprano <strong>Jacqueline Woodley<\/strong> et le baryton <strong>Clayton Kennedy<\/strong>. La mise en sc\u00e8ne sera assur\u00e9e par<strong> Anne-Marie Donovan<\/strong> alors que <strong>Pascal Germain Berardi<\/strong> dirigera les musiciens.<\/p>\n<p>Ce nouvel op\u00e9ra est le deuxi\u00e8me du cycle intitul\u00e9 <em>Hope (and the Dark Matter of History)<\/em>. Le premier op\u00e9ra du cycle, <em>Backstage at Carnegie Hall<\/em> a \u00e9t\u00e9 cr\u00e9\u00e9 au Th\u00e9\u00e2tre Centaur, \u00e0 Montr\u00e9al, en septembre 2022 et a \u00e9t\u00e9 bien accueilli. Les op\u00e9ras <em>The Mars Project<\/em> (livret d\u2019<strong>Alexis Diamond<\/strong>) et Sophia (livret d\u2019<strong>Yvette Nolan<\/strong>), viendront compl\u00e9ter le cycle dans les prochaines ann\u00e9es.<\/p>\n<p>Un op\u00e9ra sur la crise d&rsquo;octobre, sujet d\u00e9licat s&rsquo;il en est un, pique certainement notre curiosit\u00e9.<\/p>\n<p>&nbsp;<\/p>\n<p>&nbsp;<\/p>\n<figure id=\"attachment_68542\" aria-describedby=\"caption-attachment-68542\" style=\"width: 479px\" class=\"wp-caption aligncenter\"><img decoding=\"async\" loading=\"lazy\" class=\"size-full wp-image-68542\" src=\"https:\/\/www.ludwig-van.com\/montreal\/wp-content\/uploads\/sites\/3\/2021\/11\/Sophie-Naubert.jpg\" alt=\"\" width=\"479\" height=\"477\" \/><figcaption id=\"caption-attachment-68542\" class=\"wp-caption-text\">Sophie Naubert, soprano<\/figcaption><\/figure>\n<h2>L&rsquo;Elisir d&rsquo;amore \u00e0 Drummondville<\/h2>\n<p>Pour les f\u00eates, l\u2019OSD s\u2019offre un op\u00e9ra en cadeau. Dans le cadre de la s\u00e9rie des <strong>Grands concerts Canimex pr\u00e9sent\u00e9s en collaboration avec Hydro-Qu\u00e9bec<\/strong>, il vous pr\u00e9sente le c\u00e9l\u00e8bre op\u00e9ra\u00a0<strong><em>L\u2019Elisir d\u2019amore<\/em><\/strong>\u00a0de Donizetti dans une version concert, habill\u00e9e de costumes et d\u2019\u00e9clairages. Julien Proulx sera au podium pour les deux repr\u00e9sentations: la premi\u00e8re le\u00a0<strong>jeudi 14 d\u00e9cembre 2023<\/strong>\u00a0\u00e0<strong>\u00a019 h 30\u00a0<\/strong>\u00e0 la<strong>\u00a0Maison des arts Desjardins Drummondville<\/strong>\u00a0et la deuxi\u00e8me le\u00a0<strong>samedi 16 d\u00e9cembre 2023\u00a0<\/strong>\u00e0\u00a0<strong>20 h au Carr\u00e9 150 de Victoriaville<\/strong>. Une collaboration avec l\u2019Atelier lyrique de l\u2019Op\u00e9ra de Montr\u00e9al<\/p>\n<p><a href=\"https:\/\/www.ludwig-van.com\/montreal\/2023\/12\/05\/communaute-lelisir-damore-un-opera-en-concert-offert-pour-la-premiere-fois-lorchestre-symphonique-de-drummondville\/\" target=\"_blank\" rel=\"noopener\">EN SAVOIR PLUS<\/a><\/p>\n<p>&nbsp;<\/p>\n<figure id=\"attachment_79246\" aria-describedby=\"caption-attachment-79246\" style=\"width: 1200px\" class=\"wp-caption alignnone\"><img decoding=\"async\" loading=\"lazy\" class=\"size-full wp-image-79246\" src=\"https:\/\/www.ludwig-van.com\/montreal\/wp-content\/uploads\/sites\/3\/2023\/12\/vieux-nani-chavez-EKHB_4kEYzw-unsplash.jpg\" alt=\"(Cr\u00e9dit photo: Nani Chavez, Unsplash)\" width=\"1200\" height=\"795\" srcset=\"https:\/\/www.ludwig-van.com\/montreal\/wp-content\/uploads\/sites\/3\/2023\/12\/vieux-nani-chavez-EKHB_4kEYzw-unsplash.jpg 1200w, https:\/\/www.ludwig-van.com\/montreal\/wp-content\/uploads\/sites\/3\/2023\/12\/vieux-nani-chavez-EKHB_4kEYzw-unsplash-300x199.jpg 300w, https:\/\/www.ludwig-van.com\/montreal\/wp-content\/uploads\/sites\/3\/2023\/12\/vieux-nani-chavez-EKHB_4kEYzw-unsplash-1024x678.jpg 1024w, https:\/\/www.ludwig-van.com\/montreal\/wp-content\/uploads\/sites\/3\/2023\/12\/vieux-nani-chavez-EKHB_4kEYzw-unsplash-768x509.jpg 768w\" sizes=\"(max-width: 1200px) 100vw, 1200px\" \/><figcaption id=\"caption-attachment-79246\" class=\"wp-caption-text\">(Cr\u00e9dit photo: Nani Chavez, Unsplash)<\/figcaption><\/figure>\n<h2>L&rsquo;Orchestre symphonique de Sherbrooke dans les CHSLD<\/h2>\n<p><strong>L\u2019Orchestre symphonique de Sherbrooke (OSS)<\/strong> une tourn\u00e9e pour le mois de d\u00e9cembre avec un trio \u00e0 cordes compos\u00e9 d\u2019instrumentistes au violon, \u00e0 l\u2019alto et au violoncelle. En collaboration avec le CIUSSS de l\u2019Estrie &#8211; CHUS, du 1er au 22 d\u00e9cembre, cet ensemble visitera plus de 25 CHSLD de la r\u00e9gion pour amener un peu de joie \u00e0 ces personnes en perte d&rsquo;autonomie.<\/p>\n<p>&nbsp;<\/p>\n<figure id=\"attachment_70367\" aria-describedby=\"caption-attachment-70367\" style=\"width: 1200px\" class=\"wp-caption alignnone\"><img decoding=\"async\" loading=\"lazy\" class=\"size-full wp-image-70367\" src=\"https:\/\/www.ludwig-van.com\/montreal\/wp-content\/uploads\/sites\/3\/2022\/03\/Orchestre-FILMharmonique-Tam-Photography.jpg\" alt=\"L'Orchestre FILMharmonique (Photo: Tam Photography)\" width=\"1200\" height=\"800\" \/><figcaption id=\"caption-attachment-70367\" class=\"wp-caption-text\">L&rsquo;Orchestre FILMharmonique (Photo: Tam Photography)<\/figcaption><\/figure>\n<h2>Raz-de-mar\u00e9e de pop symphonique en 2024<\/h2>\n<p><strong>Led Zeppelin<\/strong><\/p>\n<p>La multiplication des concerts pop et rock symphoniques &#8211; une veine qui semble lucrative en vendant principalement des billets aux babyboomers nostalgiques &#8211; se poursuivra en 2024, cette fois avec <em><strong>Led Zeppelin Symphonic<\/strong><\/em>, qui sera pr\u00e9sent\u00e9 \u00e0 la Place des arts en mars prochain. Il s&rsquo;agit d&rsquo;un spectacle des Productions Martin Leclerc. On nous promet quatre musiciens rock et 30 musiciens symphoniques ainsi que trois chanteurs sur sc\u00e8ne de la salle Wilfrid-Pelletier, sous la direction du chef Richard Sidwell.<\/p>\n<p><a href=\"https:\/\/placedesarts.com\/fr\/evenement\/led-zeppelin-symphonic?utm_source=dialoginsight&amp;utm_medium=email&amp;utm_campaign=B7743&amp;utm_term=PDA-MEV-231130&amp;oft_id=18101111&amp;oft_k=g9nhbRe1&amp;oft_lk=rtqQQV&amp;oft_d=638373682182000000\">D\u00c9TAILS<\/a><\/p>\n<p><strong>Les Beatles en philharmonique<\/strong><\/p>\n<p>L&rsquo;<strong>Institut du cancer de Montr\u00e9al<\/strong> pr\u00e9sentera son 15e <em>Concert contre le cancer<\/em>, un \u00e9v\u00e9nement-b\u00e9n\u00e9fice annuel dont la prochaine \u00e9ditions sera consacr\u00e9e \u00e0 la musique des Beatles en formule \u00ab\u00a0philharmonique\u00a0\u00bb sous la direction d&rsquo;Alexandre Da Costa. En mai. <a href=\"https:\/\/placedesarts.com\/fr\/evenement\/hommage-aux-beatles-lexperience-philarmonique?utm_source=dialoginsight&amp;utm_medium=email&amp;utm_campaign=B7743&amp;utm_term=PDA-MEV-231130&amp;oft_id=18101111&amp;oft_k=g9nhbRe1&amp;oft_lk=spcZNm&amp;oft_d=638373687877800000\" target=\"_blank\" rel=\"noopener\">D\u00c9TAILS<\/a><\/p>\n<p><strong>Patrick Watson<\/strong><\/p>\n<p>Dans la m\u00eame veine, l&rsquo;<strong>Orchestre FILMharmonique<\/strong> recevra <strong>Patrick Watson<\/strong> pour une soir\u00e9e \u00ab\u00a0immersive\u00a0\u00bb avec l&rsquo;auteur-compositeur-interpr\u00e8te sous la direction de<strong> Francis Choini\u00e8re<\/strong>, en novembre 2024. <a href=\"https:\/\/placedesarts.com\/fr\/evenement\/patrick-watson?utm_source=dialoginsight&amp;utm_medium=email&amp;utm_campaign=B7743&amp;utm_term=PDA-MEV-231130&amp;oft_id=18101111&amp;oft_k=g9nhbRe1&amp;oft_lk=C7bA8v&amp;oft_d=638373685880900000\" target=\"_blank\" rel=\"noopener\">D\u00c9TAILS<\/a><\/p>\n<h2>Nominations<\/h2>\n<p><strong>I Musici<\/strong><\/p>\n<p><strong>I Musici de Montr\u00e9al<\/strong> a annonc\u00e9 r\u00e9cemment la nomination d\u2019<strong>\u00c9tienne Lalonde<\/strong> au poste de directeur g\u00e9n\u00e9ral de l\u2019Orchestre. Il est entr\u00e9 en fonction fin novembre. Au cours des cinq derni\u00e8res ann\u00e9es, M. Lalonde a \u0153uvr\u00e9 \u00e0 titre de directeur g\u00e9n\u00e9ral de la Fondation du Conservatoire de musique et d\u2019art dramatique du Qu\u00e9bec. Il cumule plus de 13 ans d\u2019exp\u00e9rience au sein d\u2019organismes \u00e0 but non lucratif, notamment l\u2019Orchestre Symphonique de Montr\u00e9al et l\u2019organisme Dans la rue. M. Lalonde est d\u00e9tenteur d\u2019un MBA ex\u00e9cutif de l\u2019\u00c9cole des sciences de la gestion de l\u2019Universit\u00e9 du Qu\u00e9bec \u00e0 Montr\u00e9al et de l\u2019Universit\u00e9 Paris Dauphine.<\/p>\n<p><strong>Nouvel Ensemble Moderne<\/strong><\/p>\n<p>Apr\u00e8s six ans \u00e0 la direction du Festival Bach, <strong>Pascal Corciulo<\/strong> occupe maintenant le poste de directeur g\u00e9n\u00e9ral au sein Nouvel Ensemble Moderne.<\/p>\n<p><b>Ch\u0153ur\u00a0Saint-Laurent<\/b><\/p>\n<p>Le <strong>Ch\u0153ur Saint-Laurent<\/strong> a \u00e9galement un nouveau directeur g\u00e9n\u00e9ral depuis novembre. Il s&rsquo;agit de <strong>Brent Besner<\/strong>, qui succ\u00e8de \u00e0 <strong>David Bergeron<\/strong>.<\/p>\n<p>&nbsp;<\/p>\n<h2><em>Inscrivez-vous \u00e0 notre infolettre! La musique classique et l&rsquo;op\u00e9ra en 5 minutes, chaque jour<\/em> \u00a0<a href=\"https:\/\/ludwig-van.us9.list-manage.com\/subscribe?u=4f785cb3f9058f2393ccad035&amp;id=b9b160c032\" target=\"_blank\" rel=\"noopener noreferrer\">ICI\u00a0<\/a><\/h2>\n","protected":false},"excerpt":{"rendered":"<p>Avec tout ce qui se passe en musique classique, il est difficile de suivre l&rsquo;actualit\u00e9! Mais vous pouvez toujours compter sur Ludwig van Montr\u00e9al pour vous tenir au courant des nouvelles les plus importantes! Assurez-vous de ne rien rater en vous abonnant \u00e0 notre infolettre gratuite.\u00a0<\/p>\n","protected":false},"author":51,"featured_media":79257,"comment_status":"open","ping_status":"open","sticky":false,"template":"","format":"standard","meta":{"om_disable_all_campaigns":false,"jetpack_post_was_ever_published":false},"categories":[42065,10956],"tags":[42066,42047,15897,20645,30933],"yst_prominent_words":[10536,9808,10206,37735,24159,40959,16851],"acf":[],"jetpack_featured_media_url":"https:\/\/www.ludwig-van.com\/montreal\/wp-content\/uploads\/sites\/3\/2023\/12\/Copie-de-CONCERTS-2023-12-05T132207.876.jpg","jetpack_sharing_enabled":true,"jetpack_shortlink":"https:\/\/wp.me\/p9bdYt-kC0","amp_enabled":true,"_links":{"self":[{"href":"https:\/\/www.ludwig-van.com\/montreal\/wp-json\/wp\/v2\/posts\/79236"}],"collection":[{"href":"https:\/\/www.ludwig-van.com\/montreal\/wp-json\/wp\/v2\/posts"}],"about":[{"href":"https:\/\/www.ludwig-van.com\/montreal\/wp-json\/wp\/v2\/types\/post"}],"author":[{"embeddable":true,"href":"https:\/\/www.ludwig-van.com\/montreal\/wp-json\/wp\/v2\/users\/51"}],"replies":[{"embeddable":true,"href":"https:\/\/www.ludwig-van.com\/montreal\/wp-json\/wp\/v2\/comments?post=79236"}],"version-history":[{"count":13,"href":"https:\/\/www.ludwig-van.com\/montreal\/wp-json\/wp\/v2\/posts\/79236\/revisions"}],"predecessor-version":[{"id":79259,"href":"https:\/\/www.ludwig-van.com\/montreal\/wp-json\/wp\/v2\/posts\/79236\/revisions\/79259"}],"wp:featuredmedia":[{"embeddable":true,"href":"https:\/\/www.ludwig-van.com\/montreal\/wp-json\/wp\/v2\/media\/79257"}],"wp:attachment":[{"href":"https:\/\/www.ludwig-van.com\/montreal\/wp-json\/wp\/v2\/media?parent=79236"}],"wp:term":[{"taxonomy":"category","embeddable":true,"href":"https:\/\/www.ludwig-van.com\/montreal\/wp-json\/wp\/v2\/categories?post=79236"},{"taxonomy":"post_tag","embeddable":true,"href":"https:\/\/www.ludwig-van.com\/montreal\/wp-json\/wp\/v2\/tags?post=79236"},{"taxonomy":"yst_prominent_words","embeddable":true,"href":"https:\/\/www.ludwig-van.com\/montreal\/wp-json\/wp\/v2\/yst_prominent_words?post=79236"}],"curies":[{"name":"wp","href":"https:\/\/api.w.org\/{rel}","templated":true}]}}