{"id":79018,"date":"2023-11-22T12:56:32","date_gmt":"2023-11-22T17:56:32","guid":{"rendered":"https:\/\/www.ludwig-van.com\/montreal\/?p=79018"},"modified":"2023-11-22T12:56:32","modified_gmt":"2023-11-22T17:56:32","slug":"concerts-la-serie-off-festival-du-festival-bach-des-concerts-gratuits-pour-commencer-la-soiree","status":"publish","type":"post","link":"https:\/\/www.ludwig-van.com\/montreal\/2023\/11\/22\/concerts-la-serie-off-festival-du-festival-bach-des-concerts-gratuits-pour-commencer-la-soiree\/","title":{"rendered":"CONCERTS | La s\u00e9rie \u00ab\u00a0Off-Festival\u00a0\u00bb du Festival Bach: des concerts gratuits pour commencer la soir\u00e9e"},"content":{"rendered":"<figure id=\"attachment_79023\" aria-describedby=\"caption-attachment-79023\" style=\"width: 1200px\" class=\"wp-caption alignnone\"><img decoding=\"async\" loading=\"lazy\" class=\"wp-image-79023 size-full\" src=\"https:\/\/www.ludwig-van.com\/montreal\/wp-content\/uploads\/sites\/3\/2023\/11\/Copie-de-CONCERTS-2023-11-22T124258.584.jpg\" alt=\"\" width=\"1200\" height=\"628\" srcset=\"https:\/\/www.ludwig-van.com\/montreal\/wp-content\/uploads\/sites\/3\/2023\/11\/Copie-de-CONCERTS-2023-11-22T124258.584.jpg 1200w, https:\/\/www.ludwig-van.com\/montreal\/wp-content\/uploads\/sites\/3\/2023\/11\/Copie-de-CONCERTS-2023-11-22T124258.584-300x157.jpg 300w, https:\/\/www.ludwig-van.com\/montreal\/wp-content\/uploads\/sites\/3\/2023\/11\/Copie-de-CONCERTS-2023-11-22T124258.584-1024x536.jpg 1024w, https:\/\/www.ludwig-van.com\/montreal\/wp-content\/uploads\/sites\/3\/2023\/11\/Copie-de-CONCERTS-2023-11-22T124258.584-768x402.jpg 768w\" sizes=\"(max-width: 1200px) 100vw, 1200px\" \/><figcaption id=\"caption-attachment-79023\" class=\"wp-caption-text\">Le duo Akoya (Naomi Dumas, Caitlyn Koester); Ian Sabourin, contret\u00e9nor, et musiciens; Sonia Prina, contralto (Photos: courtoisies du Festival Bach Montr\u00e9al)<\/figcaption><\/figure>\n<h3><span style=\"color: #808080;\">Si vous \u00eates m\u00e9lomane et Montr\u00e9alais, vous connaissez certainement d\u00e9j\u00e0 le Festival Bach Montr\u00e9al, qui existe depuis 2005. Mais saviez-vous que depuis 2019, il existe \u00e9galement un \u00ab\u00a0Off-Festival\u00a0\u00bb? Cette programmation parall\u00e8le, qui propose des concerts de 45-50 minutes sans entracte et des prestations impromptues d&rsquo;invit\u00e9s du Festival ainsi que des conf\u00e9rences, est enti\u00e8rement gratuite.<\/span><\/h3>\n<p>La s\u00e9rie est pr\u00e9sent\u00e9e dans un espace situ\u00e9 au <strong>3487 boulevard Saint-Laurent<\/strong>, au croisement de Sherbrooke, et la plupart des r\u00e9citals ont lieu \u00e0 16 h.<\/p>\n<p>C&rsquo;est une excellente fa\u00e7on de terminer sa journ\u00e9e de travail ou encore, de commencer une soir\u00e9e entre amis. Un peu de musique avant le souper vous fournira un excellent sujet de conversation pour votre sortie au restaurant!<\/p>\n<h3>Mini-conf\u00e9rences de Fran\u00e7oise Davoine<\/h3>\n<p>Certains concerts sont pr\u00e9c\u00e9d\u00e9s, \u00e0 15 h 30,\u00a0 d&rsquo;une mini-conf\u00e9rence de 15 minutes (en fran\u00e7ais seulement) donn\u00e9e par <strong>Fran\u00e7oise Davoine.\u00a0<\/strong>L&rsquo;animatrice nous parlera de diff\u00e9rents \u00e9pisodes dans la vie de Jean-S\u00e9bastien Bach, les 22, 25, 26 et 29 novembre.<\/p>\n<h3>Prestations impromptues<\/h3>\n<p>Des artistes internationaux invit\u00e9s du <strong>Festival Bach Montr\u00e9al<\/strong> offriront des prestations impromptues de 15 minutes. Il s&rsquo;agit d&rsquo;Eva Gevorgyan, pianiste (22 novembre, 15 h), du Signum Saxophone Quartet (23 novembre, 15 h), de Capella Cracoviensis (24 novembre, 15 h), de l&rsquo;Ensemble Diderot (24 novembre, <strong><span style=\"color: #ff0000;\">17 h<\/span><\/strong>), de Sonia Prina, contralto italienne (26 novembre, <strong><span style=\"color: #ff0000;\">17h15<\/span><\/strong>), de Sergei Babayan (29 novembre, <strong><span style=\"color: #ff0000;\">14 h<\/span><\/strong>) et de Daniel Johansen et Matthias Helm (29 novembre, 14h45).<\/p>\n<p>&nbsp;<\/p>\n<figure id=\"attachment_74397\" aria-describedby=\"caption-attachment-74397\" style=\"width: 1200px\" class=\"wp-caption alignnone\"><img decoding=\"async\" loading=\"lazy\" class=\"size-full wp-image-74397\" src=\"https:\/\/www.ludwig-van.com\/montreal\/wp-content\/uploads\/sites\/3\/2022\/12\/Serhiy_salov_08_credit_julie_beauchemin.jpg\" alt=\"Serhiy Salov, pianiste. (Photo: Julie Beauchemin)\" width=\"1200\" height=\"800\" \/><figcaption id=\"caption-attachment-74397\" class=\"wp-caption-text\">Serhiy Salov, pianiste. (Photo: Julie Beauchemin)<\/figcaption><\/figure>\n<h3>Programmation<\/h3>\n<p>Voici un aper\u00e7u des \u00e9v\u00e9nements de l&rsquo;\u00e9dition 2023 du Off-Bach, principalement compos\u00e9e d&rsquo;artistes du Qu\u00e9bec, mais aussi de quelques artistes internationaux:<\/p>\n<p>&nbsp;<\/p>\n<ul>\n<li><strong>Ohla Kudriakova<\/strong>, pianiste, en r\u00e9cital (50 minutes, gratuit). Au programme: Rameau, Debussy, Ravel. Le 22 novembre, 16 h. <a href=\"https:\/\/festivalbachmontreal.com\/concerts\/olga-kudriakova\/\" target=\"_blank\" rel=\"noopener\">D\u00c9TAILS<\/a><\/li>\n<li><strong>Ian Sabourin<\/strong>, contre-t\u00e9nor, et un ensemble de quatre musiciens. Au programme: Dowland, Bach, Purcell, Haendel. Le 23 novembre, 16 h <a href=\"https:\/\/festivalbachmontreal.com\/concerts\/ian-sabourin-matthew-larkin-karim-nase-kerry-bursey\/\" target=\"_blank\" rel=\"noopener\">D\u00c9TAILS<\/a><\/li>\n<li><strong>Space Time Continuo<\/strong> avec Amanda Keesmaat (violoncelle) Elinor Frey (violoncelle et viole de gambe), et Christophe Gauthier (clavecin). Au programme: Frescobaldi, Gabrielli et autres. Le 24 novembre, 16 h. <a href=\"https:\/\/festivalbachmontreal.com\/concerts\/space-time-continuo\/\" target=\"_blank\" rel=\"noopener\">D\u00c9TAILS<\/a><\/li>\n<li><strong>Guillaume Martineau<\/strong>, piano jazz. Improvisations sur Bach. Le 24 novembre, <span style=\"color: #ff0000;\"><strong>19 h<\/strong>\u00a0<span style=\"color: #000000;\"><a href=\"https:\/\/festivalbachmontreal.com\/concerts\/guillaume-martineau\/\" target=\"_blank\" rel=\"noopener\">D\u00c9TAILS<\/a>\u00a0<\/span><\/span><\/li>\n<li><strong>Martha de Francisco<\/strong>, conf\u00e9rence (en anglais seulement): <em>What to listen for in classical music<\/em>. Avec caf\u00e9 et croissants, le 25 novembre, <strong><span style=\"color: #ff0000;\">11 h<\/span><\/strong>. <a href=\"https:\/\/festivalbachmontreal.com\/concerts\/tlk-martha-de-francisco-2\/\" target=\"_blank\" rel=\"noopener\">D\u00c9TAILS<\/a><\/li>\n<li><strong>Ensemble Le Petit Rien<\/strong> (trio de cordes). Musicien de cour au temps de Bach. Le 25 novembre, 16 h. <a href=\"https:\/\/festivalbachmontreal.com\/concerts\/le-petit-rien\/\" target=\"_blank\" rel=\"noopener\">D\u00c9TAILS<\/a><\/li>\n<li><strong>Nicolas Ellis<\/strong>, chef d&rsquo;orchestre. Conf\u00e9rence, caf\u00e9 et croissants. Le 26 novembre, 11 h. <a href=\"https:\/\/festivalbachmontreal.com\/concerts\/tlk-nicolas-ellis\/\" target=\"_blank\" rel=\"noopener\">D\u00c9TAILS<\/a><\/li>\n<li><strong>Gabriella Magah\u00e2es<\/strong>, piano. Au programme: Bach, Mozart, Beethoven, Piazzolla. le 26 novembre, 16 h. <a href=\"https:\/\/festivalbachmontreal.com\/concerts\/gabriella-maghalaes\/\" target=\"_blank\" rel=\"noopener\">D\u00c9TAILS<\/a><\/li>\n<li><strong>Meagan Milatz<\/strong>, piano, et <strong>Cameron Crozman<\/strong>, violoncelle. Au programme: Schumann, Bach, Mendelssoh. Le 26 novembre, <strong><span style=\"color: #ff0000;\">19 h<\/span><\/strong>. <a href=\"https:\/\/festivalbachmontreal.com\/concerts\/meagan-milatz-cameron-crozman\/\" target=\"_blank\" rel=\"noopener\">D\u00c9TAILS<\/a><\/li>\n<li><strong>Ensemble d&rsquo;\u00e9tudiants de l&rsquo;UdeM<\/strong>. Le 27 novembre, 14 h.<\/li>\n<li><strong>Victor Lazarov<\/strong>, pianiste. Conf\u00e9rence: comprendre et analyser les styles d&rsquo;interpr\u00e9tation dans la musique pour clavier de J.S. Bach et C. Graupner. Le 27 novembre, 15 h. <a href=\"https:\/\/festivalbachmontreal.com\/concerts\/tlk-viktor-lazarov\/\" target=\"_blank\" rel=\"noopener\">D\u00c9TAILS<\/a><\/li>\n<li><strong>Kristian Del Cantero<\/strong>, guitare. Au programme: Houghton, Bach et Berkeley. Le 27 novembre, 16 h. <a href=\"https:\/\/festivalbachmontreal.com\/concerts\/kristian-del-cantero\/\" target=\"_blank\" rel=\"noopener\">D\u00c9TAILS<\/a><\/li>\n<li><strong>Akoya<\/strong>, duo clavecin et violon. Au programme: Bach, Telemann, Graupner. Le 27 novembre, 19 h. <a href=\"https:\/\/festivalbachmontreal.com\/concerts\/akoya\/\" target=\"_blank\" rel=\"noopener\">D\u00c9TAILS<\/a><\/li>\n<li><strong>Serhiy Salov<\/strong>, piano. Au programme: Chopin, Bach, Mozart, Beethoven. Le 28 novembre, 16 h. <a href=\"https:\/\/festivalbachmontreal.com\/concerts\/serhiy-salov-2\/\" target=\"_blank\" rel=\"noopener\">D\u00c9TAILS<\/a><\/li>\n<li><strong>Bach r\u00e9invent\u00e9<\/strong>: <strong>Vincent Lauzer<\/strong>, fl\u00fbte \u00e0 bec, et <strong>Doroth\u00e9a Ventura<\/strong>, clavecin. Le 29 novembre, 16 h. <a href=\"https:\/\/festivalbachmontreal.com\/concerts\/bach-reinvente\/\" target=\"_blank\" rel=\"noopener\">D\u00c9TAILS<\/a><\/li>\n<\/ul>\n<p>&nbsp;<\/p>\n<h2><em>Inscrivez-vous \u00e0 notre infolettre! La musique classique et l&rsquo;op\u00e9ra en 5 minutes, chaque jour<\/em> \u00a0<a href=\"https:\/\/ludwig-van.us9.list-manage.com\/subscribe?u=4f785cb3f9058f2393ccad035&amp;id=b9b160c032\" target=\"_blank\" rel=\"noopener noreferrer\">ICI\u00a0<\/a><\/h2>\n","protected":false},"excerpt":{"rendered":"<p>Si vous \u00eates m\u00e9lomane et Montr\u00e9alais, vous connaissez certainement d\u00e9j\u00e0 le Festival Bach Montr\u00e9al, qui existe depuis 2005. Mais saviez-vous que depuis 2019, il existe \u00e9galement un \u00ab\u00a0Off-Festival\u00a0\u00bb? Cette programmation parall\u00e8le, qui propose des concerts de 45-50 minutes sans entracte et des prestations impromptues d&rsquo;invit\u00e9s du Festival ainsi que des conf\u00e9rences, est enti\u00e8rement gratuite.<\/p>\n","protected":false},"author":51,"featured_media":79023,"comment_status":"open","ping_status":"open","sticky":false,"template":"","format":"standard","meta":{"om_disable_all_campaigns":false,"jetpack_post_was_ever_published":false},"categories":[42065,10956,74,19],"tags":[42066,42102],"yst_prominent_words":[15751,19182,15527,17292,14674,35958,14333,14240],"acf":[],"jetpack_featured_media_url":"https:\/\/www.ludwig-van.com\/montreal\/wp-content\/uploads\/sites\/3\/2023\/11\/Copie-de-CONCERTS-2023-11-22T124258.584.jpg","jetpack_sharing_enabled":true,"jetpack_shortlink":"https:\/\/wp.me\/p9bdYt-kyu","amp_enabled":true,"_links":{"self":[{"href":"https:\/\/www.ludwig-van.com\/montreal\/wp-json\/wp\/v2\/posts\/79018"}],"collection":[{"href":"https:\/\/www.ludwig-van.com\/montreal\/wp-json\/wp\/v2\/posts"}],"about":[{"href":"https:\/\/www.ludwig-van.com\/montreal\/wp-json\/wp\/v2\/types\/post"}],"author":[{"embeddable":true,"href":"https:\/\/www.ludwig-van.com\/montreal\/wp-json\/wp\/v2\/users\/51"}],"replies":[{"embeddable":true,"href":"https:\/\/www.ludwig-van.com\/montreal\/wp-json\/wp\/v2\/comments?post=79018"}],"version-history":[{"count":5,"href":"https:\/\/www.ludwig-van.com\/montreal\/wp-json\/wp\/v2\/posts\/79018\/revisions"}],"predecessor-version":[{"id":79024,"href":"https:\/\/www.ludwig-van.com\/montreal\/wp-json\/wp\/v2\/posts\/79018\/revisions\/79024"}],"wp:featuredmedia":[{"embeddable":true,"href":"https:\/\/www.ludwig-van.com\/montreal\/wp-json\/wp\/v2\/media\/79023"}],"wp:attachment":[{"href":"https:\/\/www.ludwig-van.com\/montreal\/wp-json\/wp\/v2\/media?parent=79018"}],"wp:term":[{"taxonomy":"category","embeddable":true,"href":"https:\/\/www.ludwig-van.com\/montreal\/wp-json\/wp\/v2\/categories?post=79018"},{"taxonomy":"post_tag","embeddable":true,"href":"https:\/\/www.ludwig-van.com\/montreal\/wp-json\/wp\/v2\/tags?post=79018"},{"taxonomy":"yst_prominent_words","embeddable":true,"href":"https:\/\/www.ludwig-van.com\/montreal\/wp-json\/wp\/v2\/yst_prominent_words?post=79018"}],"curies":[{"name":"wp","href":"https:\/\/api.w.org\/{rel}","templated":true}]}}