{"id":78994,"date":"2023-11-21T12:29:17","date_gmt":"2023-11-21T17:29:17","guid":{"rendered":"https:\/\/www.ludwig-van.com\/montreal\/?p=78994"},"modified":"2023-11-21T16:49:32","modified_gmt":"2023-11-21T21:49:32","slug":"choix-de-la-redaction-les-concerts-classiques-a-ne-pas-manquer-du-21-au-27-novembre-2","status":"publish","type":"post","link":"https:\/\/www.ludwig-van.com\/montreal\/2023\/11\/21\/choix-de-la-redaction-les-concerts-classiques-a-ne-pas-manquer-du-21-au-27-novembre-2\/","title":{"rendered":"CHOIX DE LA R\u00c9DACTION | Les concerts classiques \u00e0 ne pas manquer, du 21 au 26 novembre"},"content":{"rendered":"<h3><span style=\"color: #808080;\">Concerts classiques \u00e0 Montr\u00e9al et au Qu\u00e9bec<\/span><\/h3>\n<figure id=\"attachment_79012\" aria-describedby=\"caption-attachment-79012\" style=\"width: 1200px\" class=\"wp-caption alignnone\"><img decoding=\"async\" loading=\"lazy\" class=\"size-full wp-image-79012\" src=\"https:\/\/www.ludwig-van.com\/montreal\/wp-content\/uploads\/sites\/3\/2023\/11\/Copie-de-CONCERTS-2023-11-21T122439.261.jpg\" alt=\"\" width=\"1200\" height=\"628\" srcset=\"https:\/\/www.ludwig-van.com\/montreal\/wp-content\/uploads\/sites\/3\/2023\/11\/Copie-de-CONCERTS-2023-11-21T122439.261.jpg 1200w, https:\/\/www.ludwig-van.com\/montreal\/wp-content\/uploads\/sites\/3\/2023\/11\/Copie-de-CONCERTS-2023-11-21T122439.261-300x157.jpg 300w, https:\/\/www.ludwig-van.com\/montreal\/wp-content\/uploads\/sites\/3\/2023\/11\/Copie-de-CONCERTS-2023-11-21T122439.261-1024x536.jpg 1024w, https:\/\/www.ludwig-van.com\/montreal\/wp-content\/uploads\/sites\/3\/2023\/11\/Copie-de-CONCERTS-2023-11-21T122439.261-768x402.jpg 768w\" sizes=\"(max-width: 1200px) 100vw, 1200px\" \/><figcaption id=\"caption-attachment-79012\" class=\"wp-caption-text\">Javier Perianes, pianiste; Ensemble Diderot;, Ensemble Scholastica<\/figcaption><\/figure>\n<h2><span style=\"color: #808080;\">Cette semaine encore, les m\u00e9lomanes ne manquent pas d&rsquo;options pour les concerts en musique classique alors que le Festival Bach Montr\u00e9al se poursuit et que l&rsquo;Universit\u00e9 de Montr\u00e9al nous offre son festival Vibrations du 23 novembre au 2 d\u00e9cembre. <\/span><\/h2>\n<h2><span style=\"color: #808080;\">Voici nos Choix de la r\u00e9daction, du 21 au 26 novembre 2023.\u00a0<\/span><\/h2>\n<p>&nbsp;<\/p>\n<figure id=\"attachment_78305\" aria-describedby=\"caption-attachment-78305\" style=\"width: 900px\" class=\"wp-caption alignnone\"><img decoding=\"async\" loading=\"lazy\" class=\"size-full wp-image-78305\" src=\"https:\/\/www.ludwig-van.com\/montreal\/wp-content\/uploads\/sites\/3\/2023\/10\/Ensemble-Diderot_Photo_-Guida_Werner.jpg\" alt=\"Ensemble Diderot (Photo: Guida Werner)\" width=\"900\" height=\"599\" srcset=\"https:\/\/www.ludwig-van.com\/montreal\/wp-content\/uploads\/sites\/3\/2023\/10\/Ensemble-Diderot_Photo_-Guida_Werner.jpg 900w, https:\/\/www.ludwig-van.com\/montreal\/wp-content\/uploads\/sites\/3\/2023\/10\/Ensemble-Diderot_Photo_-Guida_Werner-300x200.jpg 300w, https:\/\/www.ludwig-van.com\/montreal\/wp-content\/uploads\/sites\/3\/2023\/10\/Ensemble-Diderot_Photo_-Guida_Werner-768x511.jpg 768w\" sizes=\"(max-width: 900px) 100vw, 900px\" \/><figcaption id=\"caption-attachment-78305\" class=\"wp-caption-text\">Ensemble Diderot (Photo: Guida Werner)<\/figcaption><\/figure>\n<h3>Au Festival Bach Montr\u00e9al cette semaine<\/h3>\n<ul>\n<li><strong>Eva Gevorgyan<\/strong>, piano (Bach, Mozart, Brahms et Liszt) &#8211; 21 novembre, 19h30, Salle Bourgie <a href=\"https:\/\/festivalbachmontreal.com\/concerts\/eva-gevorgyan-2\/?axeptio_token=ogtkam7tpkf8x4mxdi2bil\" target=\"_blank\" rel=\"noopener\">BILLETS<\/a><\/li>\n<li><strong>Signum Saxophone Quartet<\/strong> (Bach &amp; Beyond) &#8211; 22 novembre, 19h30, \u00c9glise St-George <a href=\"https:\/\/festivalbachmontreal.com\/concerts\/signum-saxophone-quartet\/?axeptio_token=ogtkam7tpkf8x4mxdi2bil\" target=\"_blank\" rel=\"noopener\">BILLETS<\/a><\/li>\n<li><strong>Capella Cracoviensis<\/strong>, dir. Jan Tomasz Adamus &#8211; 24 novembre, 19h30, \u00c9glise St.Andrew &amp; St.Paul <a href=\"https:\/\/festivalbachmontreal.com\/concerts\/capella-cracoviensis\/?axeptio_token=ogtkam7tpkf8x4mxdi2bil\" target=\"_blank\" rel=\"noopener\">BILLETS<\/a><\/li>\n<li><strong>Ensemble Diderot<\/strong>, Sonates pour trois violons &#8211; 25 novembre, 19h30, Chapelle Notre-Dame-de-Bon-Secours <a href=\"https:\/\/festivalbachmontreal.com\/concerts\/ensemble-diderot\/?axeptio_token=ogtkam7tpkf8x4mxdi2bil\" target=\"_blank\" rel=\"noopener\">BILLETS<\/a><\/li>\n<\/ul>\n<h3>Au Off-Bach<\/h3>\n<ul>\n<li>Olha Kudriakova, piano (concert gratuit): le 22 novembre, 16 h, 3487 boul. St-Laurent <a href=\"https:\/\/festivalbachmontreal.com\/concerts\/olga-kudriakova\/\" target=\"_blank\" rel=\"noopener\">D\u00c9TAILS<\/a><\/li>\n<li>Ian Sabourin, contre-t\u00e9nor, et musiciens (concert gratuit): le 23 novembre, 16 h, 3487 boul. St-Laurent <a href=\"https:\/\/festivalbachmontreal.com\/concerts\/ian-sabourin-matthew-larkin-karim-nase-kerry-bursey\/\" target=\"_blank\" rel=\"noopener\">D\u00c9TAILS<\/a><\/li>\n<li>Spane Time Continuo (concert gratuit), le 24 novembre, 16 h, 3487 boul. St-Laurent <a href=\"https:\/\/festivalbachmontreal.com\/concerts\/space-time-continuo\/\" target=\"_blank\" rel=\"noopener\">D\u00c9TAILS<\/a><\/li>\n<\/ul>\n<p>Ceci n&rsquo;est qu&rsquo;un aper\u00e7u des activit\u00e9s du <strong>Off-Bach<\/strong>. On peut voir <a href=\"https:\/\/festivalbachmontreal.com\/programmation-off-bach\/\" target=\"_blank\" rel=\"noopener\">le reste de la programmation ici.\u00a0<\/a><\/p>\n<p>&nbsp;<\/p>\n<figure id=\"attachment_78179\" aria-describedby=\"caption-attachment-78179\" style=\"width: 1200px\" class=\"wp-caption alignnone\"><img decoding=\"async\" loading=\"lazy\" class=\"size-full wp-image-78179\" src=\"https:\/\/www.ludwig-van.com\/montreal\/wp-content\/uploads\/sites\/3\/2017\/09\/Corpo-UDM-Festival-Vibrations-Jour-3-Op\u00aera_WEB-178.jpg\" alt=\"Le Festival Vibrations aura lieu du 23 novembre au 2 d\u00e9cembre \u00e0 l'Universit\u00e9 de Montr\u00e9al (Photo: fournie par la Facult\u00e9 de musique de l'UdeM)\" width=\"1200\" height=\"800\" srcset=\"https:\/\/www.ludwig-van.com\/montreal\/wp-content\/uploads\/sites\/3\/2017\/09\/Corpo-UDM-Festival-Vibrations-Jour-3-Op\u00aera_WEB-178.jpg 1200w, https:\/\/www.ludwig-van.com\/montreal\/wp-content\/uploads\/sites\/3\/2017\/09\/Corpo-UDM-Festival-Vibrations-Jour-3-Op\u00aera_WEB-178-300x200.jpg 300w, https:\/\/www.ludwig-van.com\/montreal\/wp-content\/uploads\/sites\/3\/2017\/09\/Corpo-UDM-Festival-Vibrations-Jour-3-Op\u00aera_WEB-178-1024x683.jpg 1024w, https:\/\/www.ludwig-van.com\/montreal\/wp-content\/uploads\/sites\/3\/2017\/09\/Corpo-UDM-Festival-Vibrations-Jour-3-Op\u00aera_WEB-178-768x512.jpg 768w\" sizes=\"(max-width: 1200px) 100vw, 1200px\" \/><figcaption id=\"caption-attachment-78179\" class=\"wp-caption-text\">Le Festival Vibrations aura lieu du 23 novembre au 2 d\u00e9cembre \u00e0 l&rsquo;Universit\u00e9 de Montr\u00e9al (Photo: fournie par la Facult\u00e9 de musique de l&rsquo;UdeM)<\/figcaption><\/figure>\n<h3>Au Festival Vibrations de l&rsquo;Universit\u00e9 de Montr\u00e9al<\/h3>\n<p>Du 23 novembre au 2 d\u00e9cembre 2023, la <strong>Facult\u00e9 de musique de l&rsquo;Universit\u00e9 de Montr\u00e9al<\/strong> pr\u00e9sente la 3e \u00e9dition de son festival annuel. \u00c0 cette occasion, 7 grands \u00e9v\u00e9nements mettront en lumi\u00e8re le talent des \u00e9tudiantes et \u00e9tudiants de la Facult\u00e9 et de son corps enseignant. \u00c0 travers une programmation riche et diversifi\u00e9e, les diff\u00e9rentes disciplines musicales se rencontrent \u00e0 la Facult\u00e9, \u00e0 la Salle Bourgie, et au Livart!<\/p>\n<ul>\n<li>Une soir\u00e9e \u00e0 l&rsquo;op\u00e9ra, le 23 novembre, 19 h 30, Salle Bourgie <a href=\"https:\/\/www.ludwig-van.com\/montreal\/event\/faculte-de-musique-de-luniversite-de-montreal-festival-vibrations-une-soiree-lopera\/\" target=\"_blank\" rel=\"noopener\">D\u00c9TAILS<\/a><\/li>\n<li>Voix, timbres, identit\u00e9s, le 24 novembre, 15 h, salle Jean-Papineau Couture <a href=\"https:\/\/calendrier.umontreal.ca\/detail\/888222-festival-vibrations-voix-timbres-identites\" target=\"_blank\" rel=\"noopener\">D\u00c9TAILS<\/a><\/li>\n<li>Ensemble de musique contemporaine, dir. Jean-Micha\u00ebl Lavoie, le 25 novembre, 19h30, salle Serge-Garant &#8211; <a href=\"https:\/\/calendrier.umontreal.ca\/detail\/888187-festival-vibrations-n-emc-n-cap-sur-la-creation-etudiante\" target=\"_blank\" rel=\"noopener\">D\u00c9TAILS<\/a><\/li>\n<\/ul>\n<p>&nbsp;<\/p>\n<figure id=\"attachment_77645\" aria-describedby=\"caption-attachment-77645\" style=\"width: 1200px\" class=\"wp-caption alignnone\"><img decoding=\"async\" loading=\"lazy\" class=\"size-full wp-image-77645\" src=\"https:\/\/www.ludwig-van.com\/montreal\/wp-content\/uploads\/sites\/3\/2023\/09\/Anders-Muskens.png\" alt=\"\" width=\"1200\" height=\"800\" srcset=\"https:\/\/www.ludwig-van.com\/montreal\/wp-content\/uploads\/sites\/3\/2023\/09\/Anders-Muskens.png 1200w, https:\/\/www.ludwig-van.com\/montreal\/wp-content\/uploads\/sites\/3\/2023\/09\/Anders-Muskens-300x200.png 300w, https:\/\/www.ludwig-van.com\/montreal\/wp-content\/uploads\/sites\/3\/2023\/09\/Anders-Muskens-1024x683.png 1024w, https:\/\/www.ludwig-van.com\/montreal\/wp-content\/uploads\/sites\/3\/2023\/09\/Anders-Muskens-768x512.png 768w\" sizes=\"(max-width: 1200px) 100vw, 1200px\" \/><figcaption id=\"caption-attachment-77645\" class=\"wp-caption-text\">Anders Muskens<\/figcaption><\/figure>\n<h3>\u00c0 la Salle Bourgie<\/h3>\n<ul>\n<li>Ensemble Gemelli, airs baroques italiens, le 22 novembre, 19 h 30 <a href=\"https:\/\/www.mbam.qc.ca\/fr\/activites\/ensemble-i-gemelli-la-chambre-des-miroirs\/\" target=\"_blank\" rel=\"noopener\">D\u00c9TAILS ET BILLETS<\/a><\/li>\n<li>Anders Muskens, pianoforte, le 26 novembre, 14 h 30 <a href=\"https:\/\/www.mbam.qc.ca\/fr\/activites\/anders-muskens-le-pianoforte-intime\/\" target=\"_blank\" rel=\"noopener\">D\u00c9TAILS ET BILLETS<\/a><\/li>\n<\/ul>\n<p>&nbsp;<\/p>\n<figure id=\"attachment_66019\" aria-describedby=\"caption-attachment-66019\" style=\"width: 772px\" class=\"wp-caption alignnone\"><img decoding=\"async\" loading=\"lazy\" class=\"size-full wp-image-66019\" src=\"https:\/\/www.ludwig-van.com\/montreal\/wp-content\/uploads\/sites\/3\/2021\/02\/Javier-Perianes-cr-Igor-Studios.jpg\" alt=\"\" width=\"772\" height=\"512\" srcset=\"https:\/\/www.ludwig-van.com\/montreal\/wp-content\/uploads\/sites\/3\/2021\/02\/Javier-Perianes-cr-Igor-Studios.jpg 772w, https:\/\/www.ludwig-van.com\/montreal\/wp-content\/uploads\/sites\/3\/2021\/02\/Javier-Perianes-cr-Igor-Studios-300x199.jpg 300w, https:\/\/www.ludwig-van.com\/montreal\/wp-content\/uploads\/sites\/3\/2021\/02\/Javier-Perianes-cr-Igor-Studios-768x509.jpg 768w\" sizes=\"(max-width: 772px) 100vw, 772px\" \/><figcaption id=\"caption-attachment-66019\" class=\"wp-caption-text\">Javier Perianes, pianiste (Photo: Igor Studios)<\/figcaption><\/figure>\n<h3>\u00c0 l&rsquo;Orchestre symphonique de Montr\u00e9al<\/h3>\n<p>L\u2019<strong>OSM<\/strong> et <strong>Rafael Payare<\/strong> accueillent le pianiste <strong>Javier Perianes<\/strong> pour une excursion musicale aux accents sud-am\u00e9ricains. Au programme: le Br\u00e9sil avec Villa-Lobos et sa Bachianas no 8; l\u2019Argentine de Ginastera \u00e0 travers ses Variations concertantes. Aussi:\u00a0 la cr\u00e9ation montr\u00e9alaise d\u2019Ephemerae de L\u00f3pez Bellido, un concerto pour piano con\u00e7u comme une transposition musicale de divers parfums. Les inflexions hispaniques du Bol\u00e9ro de Ravel compl\u00e9teront ce programme riche en r\u00e9v\u00e9lations.<\/p>\n<p><strong>Le 22 novembre, 19 h 30, le 23 novembre, 19h30 et le 23 novembre, 19h30, Maison symphonique<\/strong> <a href=\"https:\/\/www.osm.ca\/fr\/concerts\/voyage-sud-americain-avec-rafael-payare-et-javier-perianes\/\" target=\"_blank\" rel=\"noopener\">D\u00c9TAILS ET BILLETS<\/a><\/p>\n<p>&nbsp;<\/p>\n<figure id=\"attachment_66994\" aria-describedby=\"caption-attachment-66994\" style=\"width: 759px\" class=\"wp-caption alignnone\"><img decoding=\"async\" loading=\"lazy\" class=\"size-full wp-image-66994\" src=\"https:\/\/www.ludwig-van.com\/montreal\/wp-content\/uploads\/sites\/3\/2021\/06\/Julie-Nesrallah-cr-Couvrette-Ottawa.jpg\" alt=\"\" width=\"759\" height=\"618\" \/><figcaption id=\"caption-attachment-66994\" class=\"wp-caption-text\">Julie Nesrallah, mezzo-soprano. (Photo: Couvrette\/Ottawa)<\/figcaption><\/figure>\n<h3>Orchestre classique de Montr\u00e9al: Maria de Buenos Aires<\/h3>\n<p>Passion de la musique, passion du tango : le fant\u00f4me de Mar\u00eda ne saurait \u00eatre ignor\u00e9 dans cette version concert dramatique du tango operita homonyme, \u0153uvre surr\u00e9aliste \u00e0 trois personnages, interpr\u00e9t\u00e9e en espagnol avec des surtitres anglais et fran\u00e7ais.<\/p>\n<p>Rarement pr\u00e9sent\u00e9, cet hommage op\u00e9ratique de Piazzolla au monde urbain secret qui a vu na\u00eetre le tango, mettra \u00e0 l\u2019honneur la voix expressive et charg\u00e9e d\u2019\u00e9motions de la mezzo-soprano <strong>Julie Nesrallah<\/strong>, ainsi que la suavit\u00e9 du baryton <strong>Clarence Frazer.<\/strong><\/p>\n<p><strong>Le 23 novembre, 19 h 30, salle Pierre-Mercure <a href=\"https:\/\/orchestre.ca\/maria-de-buenos-aires\/\" target=\"_blank\" rel=\"noopener\">D\u00c9TAILS ET BILLETS<\/a><\/strong><\/p>\n<p>&nbsp;<\/p>\n<p>&nbsp;<\/p>\n<p style=\"text-align: center;\"><img decoding=\"async\" loading=\"lazy\" class=\"alignnone size-full wp-image-78481\" src=\"https:\/\/www.ludwig-van.com\/montreal\/wp-content\/uploads\/sites\/3\/2019\/01\/Mozart_2799x1080.jpg\" alt=\"\" width=\"1200\" height=\"463\" srcset=\"https:\/\/www.ludwig-van.com\/montreal\/wp-content\/uploads\/sites\/3\/2019\/01\/Mozart_2799x1080.jpg 1200w, https:\/\/www.ludwig-van.com\/montreal\/wp-content\/uploads\/sites\/3\/2019\/01\/Mozart_2799x1080-300x116.jpg 300w, https:\/\/www.ludwig-van.com\/montreal\/wp-content\/uploads\/sites\/3\/2019\/01\/Mozart_2799x1080-1024x395.jpg 1024w, https:\/\/www.ludwig-van.com\/montreal\/wp-content\/uploads\/sites\/3\/2019\/01\/Mozart_2799x1080-768x296.jpg 768w\" sizes=\"(max-width: 1200px) 100vw, 1200px\" \/><\/p>\n<h3>Club musical de Qu\u00e9bec: \u00c9chos du territoire avec Mozzart<\/h3>\n<p><strong>Antoine Bareil, violon; Juan-Miguel Hernandez, alto; Cameron Crozman, violoncelle; Luc Beaus\u00e9jour, pianoforte<\/strong><\/p>\n<p>Pour inaugurer sa nouvelle s\u00e9rie de concerts \u00c9chos du territoire, le <strong>Club musical de Qu\u00e9bec<\/strong> nous offre une pr\u00e9sentation de la s\u00e9rie montr\u00e9alaise <strong>Clavecin en concert<\/strong>, dirig\u00e9e par <strong>Luc Beaus\u00e9jour<\/strong>. Autour de lui et du Quatuor avec piano en sol mineur de Mozart se greffent d\u2019autres \u0153uvres du compositeur, ainsi que quelques figures de proue du foisonnant milieu musical de la m\u00e9tropole. C\u2019est aussi une rare chance d\u2019entendre le pianoforte appartenant \u00e0 la Fondation des Violons du Roy.<\/p>\n<p><strong>Le 23 novembre, 20 h, Palais-Montcalm &#8211; <a href=\"https:\/\/www.clubmusicaldequebec.com\/cmq\/index.php\/programmation\/echos-du-territoire\/mozart-de-la-joie-a-la-tristesse\" target=\"_blank\" rel=\"noopener\">D\u00c9TAILS ET BILLETS<\/a><\/strong><\/p>\n<p>&nbsp;<\/p>\n<p>&nbsp;<\/p>\n<figure id=\"attachment_78707\" aria-describedby=\"caption-attachment-78707\" style=\"width: 695px\" class=\"wp-caption alignnone\"><img decoding=\"async\" loading=\"lazy\" class=\"size-full wp-image-78707\" src=\"https:\/\/www.ludwig-van.com\/montreal\/wp-content\/uploads\/sites\/3\/2023\/10\/La-sonate-en-trio-une-histoire.jpg\" alt=\"\" width=\"695\" height=\"550\" srcset=\"https:\/\/www.ludwig-van.com\/montreal\/wp-content\/uploads\/sites\/3\/2023\/10\/La-sonate-en-trio-une-histoire.jpg 695w, https:\/\/www.ludwig-van.com\/montreal\/wp-content\/uploads\/sites\/3\/2023\/10\/La-sonate-en-trio-une-histoire-300x237.jpg 300w\" sizes=\"(max-width: 695px) 100vw, 695px\" \/><figcaption id=\"caption-attachment-78707\" class=\"wp-caption-text\">La sonate en trio, une histoire &#8211; cr\u00e9dit : Catherine St-Martin<\/figcaption><\/figure>\n<h3>Les Bor\u00e9ades: la Sonate en trio, une histoire<\/h3>\n<p>La sonate en trio de l\u2019\u00e9poque baroque, telle que mise au point par les Italiens au cours du XVIIe si\u00e8cle et bient\u00f4t adopt\u00e9e partout en Europe, demande deux \u00ab dessus \u00bb m\u00e9lodiques et la basse continue, celle-ci se chargeant du d\u00e9roulement harmonique de la composition. D\u00e9velopp\u00e9e un peu avant la sonate soliste, elle permet un jeu contrapuntique ou un dialogue entre les dessus, recourant relativement peu \u00e0 la pure virtuosit\u00e9 \u2013 confi\u00e9e plus volontiers \u00e0 sa cadette. Ce concert montrera l\u2019ing\u00e9niosit\u00e9 et l\u2019extraordinaire vari\u00e9t\u00e9 de styles et de climats que le genre a permis, de la vigueur italienne \u00e0 la d\u00e9licatesse fran\u00e7aise, en passant par la m\u00e9lancolie anglaise et l\u2019aplomb germanique.<\/p>\n<p><strong>Le 24 novembre, salle multim\u00e9dia du Conservatoire de musique de Montr\u00e9al &#8211; <a href=\"https:\/\/boreades.tuxedobillet.com\/main\/la-sonate-en-trio-une-histoire\/20231124193000\" target=\"_blank\" rel=\"noopener\">D\u00c9TAILS ET BILLETS<\/a><\/strong><\/p>\n<p>&nbsp;<\/p>\n<p>&nbsp;<\/p>\n<p><img decoding=\"async\" loading=\"lazy\" class=\"size-full wp-image-78810\" src=\"https:\/\/www.ludwig-van.com\/montreal\/wp-content\/uploads\/sites\/3\/2023\/11\/Sinfonia-2023-11-25-Banniere-2.jpg\" alt=\"\" width=\"1200\" height=\"628\" srcset=\"https:\/\/www.ludwig-van.com\/montreal\/wp-content\/uploads\/sites\/3\/2023\/11\/Sinfonia-2023-11-25-Banniere-2.jpg 1200w, https:\/\/www.ludwig-van.com\/montreal\/wp-content\/uploads\/sites\/3\/2023\/11\/Sinfonia-2023-11-25-Banniere-2-300x157.jpg 300w, https:\/\/www.ludwig-van.com\/montreal\/wp-content\/uploads\/sites\/3\/2023\/11\/Sinfonia-2023-11-25-Banniere-2-1024x536.jpg 1024w, https:\/\/www.ludwig-van.com\/montreal\/wp-content\/uploads\/sites\/3\/2023\/11\/Sinfonia-2023-11-25-Banniere-2-768x402.jpg 768w\" sizes=\"(max-width: 1200px) 100vw, 1200px\" \/><\/p>\n<h3>Sinfonia de Montr\u00e9al et les Petits Chanteurs du Mont-Royal<\/h3>\n<p>Sous la direction de Louis Lavigueur, les musiciens de Sinfonia de Montr\u00e9al et les Petits Chanteurs du Mont-Royal vous invitent \u00e0 un voyage musical \u00e0 travers les cultures et les \u00e9poques. Entre paysages tch\u00e8ques et folklore acadien, \u00e2me russe et sorcellerie, c\u00e9l\u00e9bration de la foi et de la paix, ce concert rend hommage \u00e0 la cr\u00e9ativit\u00e9 humaine et \u00e0 la capacit\u00e9 de la musique \u00e0 nous unir dans l\u2019harmonie.<\/p>\n<p>Au programme:<\/p>\n<p>Moussorgsky : Une nuit sur le mont Chauve ; Smetana : La Moldau ;<br \/>\nCalmel : 3 rondeaux de Charles D&rsquo;Orl\u00e9ans ; Daunais : Le pont Mirabeau ; Matton : L&rsquo;Escaouette ; Strauss : Ainsi parlait Zarathoustra (Introduction) ; Jenkins : Gloria.<\/p>\n<p><strong>Le 25 novembre, 19 h 30, \u00c9glise Saint-Jean-Baptiste <a href=\"https:\/\/www.zeffy.com\/fr-CA\/ticketing\/033e5f3a-a5dd-49a4-851b-d78afb1b5bbf\" target=\"_blank\" rel=\"noopener\">D\u00c9TAILS ET BILLETS<\/a><\/strong><\/p>\n<p>&nbsp;<\/p>\n<figure id=\"attachment_79009\" aria-describedby=\"caption-attachment-79009\" style=\"width: 1200px\" class=\"wp-caption alignnone\"><img decoding=\"async\" loading=\"lazy\" class=\"size-full wp-image-79009\" src=\"https:\/\/www.ludwig-van.com\/montreal\/wp-content\/uploads\/sites\/3\/2023\/11\/Les-9-cr-GFN-1200.jpg\" alt=\"Ensemble Les 9 (Photo: courtoisie de GFN Productions)\" width=\"1200\" height=\"800\" srcset=\"https:\/\/www.ludwig-van.com\/montreal\/wp-content\/uploads\/sites\/3\/2023\/11\/Les-9-cr-GFN-1200.jpg 1200w, https:\/\/www.ludwig-van.com\/montreal\/wp-content\/uploads\/sites\/3\/2023\/11\/Les-9-cr-GFN-1200-300x200.jpg 300w, https:\/\/www.ludwig-van.com\/montreal\/wp-content\/uploads\/sites\/3\/2023\/11\/Les-9-cr-GFN-1200-1024x683.jpg 1024w, https:\/\/www.ludwig-van.com\/montreal\/wp-content\/uploads\/sites\/3\/2023\/11\/Les-9-cr-GFN-1200-768x512.jpg 768w\" sizes=\"(max-width: 1200px) 100vw, 1200px\" \/><figcaption id=\"caption-attachment-79009\" class=\"wp-caption-text\">Ensemble Les 9 (Photo: courtoisie de GFN Productions)<\/figcaption><\/figure>\n<h3>Nocturne &#8211; Les 9<\/h3>\n<p><strong>Les 9<\/strong> proposent un voyage tiss\u00e9 de magie \u00e9th\u00e9r\u00e9e \u00e0 travers les m\u00e9lodies enchanteresses de la nuit, avec leur nouveau concert et album, <strong><em>Nocturne<\/em><\/strong>. Au son de huit violoncelles et d&rsquo;une contrebasse, le public sera transport\u00e9 par la beaut\u00e9 de la nuit, au c\u0153ur de ses secrets. Des interpr\u00e9tations \u00e9vocatrices de classiques intemporels, de la <em>Sonate au clair de lune<\/em> de Beethoven au <em>Clair de lune<\/em> de Debussy, se m\u00e9langeront aux touches uniques et contemporaines de l\u2019ensemble \u00e0 cordes. Un projet sous la direction de <strong>Vincent B\u00e9langer<\/strong>, violoncelliste.<\/p>\n<p><strong>Le 25 novembre, 19 h 30, Maison symphonique <a href=\"https:\/\/placedesarts.com\/fr\/evenement\/nocturne-les-9\" target=\"_blank\" rel=\"noopener\">D\u00c9TAILS ET BILLETS<\/a><\/strong><\/p>\n<p>&nbsp;<\/p>\n<figure id=\"attachment_78339\" aria-describedby=\"caption-attachment-78339\" style=\"width: 1200px\" class=\"wp-caption alignnone\"><img decoding=\"async\" loading=\"lazy\" class=\"size-full wp-image-78339\" src=\"https:\/\/www.ludwig-van.com\/montreal\/wp-content\/uploads\/sites\/3\/2023\/10\/Innovations.jpg\" alt=\"\" width=\"1200\" height=\"674\" srcset=\"https:\/\/www.ludwig-van.com\/montreal\/wp-content\/uploads\/sites\/3\/2023\/10\/Innovations.jpg 1200w, https:\/\/www.ludwig-van.com\/montreal\/wp-content\/uploads\/sites\/3\/2023\/10\/Innovations-300x169.jpg 300w, https:\/\/www.ludwig-van.com\/montreal\/wp-content\/uploads\/sites\/3\/2023\/10\/Innovations-1024x575.jpg 1024w, https:\/\/www.ludwig-van.com\/montreal\/wp-content\/uploads\/sites\/3\/2023\/10\/Innovations-768x431.jpg 768w\" sizes=\"(max-width: 1200px) 100vw, 1200px\" \/><figcaption id=\"caption-attachment-78339\" class=\"wp-caption-text\">Innovations &#8211; Musica Orbium<\/figcaption><\/figure>\n<h3>Musica Orbium: Invocations<\/h3>\n<p>L\u2019Ensemble Musica Orbium entame sa saison 2023-2024 avec un concert intitul\u00e9 Invocations et mettant en vedette Musica Orbium, Gaia et Phoebus, trois ensembles dirig\u00e9s par Roseline Blain, directrice artistique. Au programme:<\/p>\n<p>Requiem de Gabriel Faur\u00e9<\/p>\n<p>Quatre motets sur des th\u00e8mes gr\u00e9goriens de Maurice Durufl\u00e9<\/p>\n<p>Tantum Ergo de Deodat de S\u00e9v\u00e9rac<\/p>\n<p>Ave Maria de Th\u00e9odore Dubois<\/p>\n<p>L\u2019Ensemble sera accompagn\u00e9 par M\u00e9lanie Barney, organiste, Geoffroy Salvas, baryton et Susan Elizabeth Brown, soprano<\/p>\n<h4>Le 26 novembre, 15 h, \u00c9glise de l&rsquo;Immacul\u00e9e-Conception <a href=\"https:\/\/www.musicaorbium.org\/invocations\" target=\"_blank\" rel=\"noopener\">D\u00c9TAILS ET BILLETS<\/a><\/h4>\n<p>&nbsp;<\/p>\n<p style=\"text-align: center;\"><img decoding=\"async\" loading=\"lazy\" class=\"alignnone size-full wp-image-78990\" src=\"https:\/\/www.ludwig-van.com\/montreal\/wp-content\/uploads\/sites\/3\/2018\/04\/EnsembleScholastica-2018.2-web.jpg\" alt=\"\" width=\"1200\" height=\"686\" srcset=\"https:\/\/www.ludwig-van.com\/montreal\/wp-content\/uploads\/sites\/3\/2018\/04\/EnsembleScholastica-2018.2-web.jpg 1200w, https:\/\/www.ludwig-van.com\/montreal\/wp-content\/uploads\/sites\/3\/2018\/04\/EnsembleScholastica-2018.2-web-300x172.jpg 300w, https:\/\/www.ludwig-van.com\/montreal\/wp-content\/uploads\/sites\/3\/2018\/04\/EnsembleScholastica-2018.2-web-1024x585.jpg 1024w, https:\/\/www.ludwig-van.com\/montreal\/wp-content\/uploads\/sites\/3\/2018\/04\/EnsembleScholastica-2018.2-web-768x439.jpg 768w\" sizes=\"(max-width: 1200px) 100vw, 1200px\" \/><\/p>\n<h3>Ensemble Scholastica: l&rsquo;\u00c9pouse, la Colombe et la Rose<\/h3>\n<p><strong>L&rsquo;Ensemble Scholastica<\/strong> vous invite \u00e0 son concert <a href=\"https:\/\/www.ludwig-van.com\/montreal\/2023\/11\/17\/communaute-lensemble-scholastica-vous-invite-a-lepouse-la-colombe-et-la-rose\/\" target=\"_blank\" rel=\"noopener\">L&rsquo;\u00c9pouse, la Colombe et la Rose<\/a>, pour entendre des chants de d\u00e9votion des communaut\u00e9s f\u00e9minines de l\u2019Espagne \u00e0 la Su\u00e8de du XIIe au XVIe si\u00e8cle.<\/p>\n<h4>Le 26 novembre, 19 h 00, Chapelle Notre-Dame-de-Bon-Secours<a href=\"https:\/\/www.ludwig-van.com\/montreal\/2023\/11\/17\/communaute-lensemble-scholastica-vous-invite-a-lepouse-la-colombe-et-la-rose\/\" target=\"_blank\" rel=\"noopener\"> D\u00c9TAILS ET BILLETS<\/a><\/h4>\n<p>&nbsp;<\/p>\n<h2><em>Inscrivez-vous \u00e0 notre infolettre! La musique classique et l&rsquo;op\u00e9ra en 5 minutes, chaque jour<\/em> \u00a0<a href=\"https:\/\/ludwig-van.us9.list-manage.com\/subscribe?u=4f785cb3f9058f2393ccad035&amp;id=b9b160c032\" target=\"_blank\" rel=\"noopener noreferrer\">ICI\u00a0<\/a><\/h2>\n","protected":false},"excerpt":{"rendered":"<p>Cette semaine encore, les m\u00e9lomanes ne manquent pas d&rsquo;options pour les concerts en musique classique alors que le Festival Bach Montr\u00e9al se poursuit et que l&rsquo;Universit\u00e9 de Montr\u00e9al nous offre son festival Vibrations du 23 novembre au 2 d\u00e9cembre.<br \/>\nVoici nos Choix de la r\u00e9daction, du 21 au 27 novembre 2023.\u00a0<\/p>\n","protected":false},"author":1,"featured_media":79012,"comment_status":"open","ping_status":"open","sticky":false,"template":"","format":"standard","meta":{"om_disable_all_campaigns":false,"jetpack_post_was_ever_published":false},"categories":[42065,10956,10994],"tags":[42066,4485,11137],"yst_prominent_words":[9878,9863,15316,15306,26052,26053,14242,14240,14241,14321,16999],"acf":[],"jetpack_featured_media_url":"https:\/\/www.ludwig-van.com\/montreal\/wp-content\/uploads\/sites\/3\/2023\/11\/Copie-de-CONCERTS-2023-11-21T122439.261.jpg","jetpack_sharing_enabled":true,"jetpack_shortlink":"https:\/\/wp.me\/p9bdYt-ky6","amp_enabled":true,"_links":{"self":[{"href":"https:\/\/www.ludwig-van.com\/montreal\/wp-json\/wp\/v2\/posts\/78994"}],"collection":[{"href":"https:\/\/www.ludwig-van.com\/montreal\/wp-json\/wp\/v2\/posts"}],"about":[{"href":"https:\/\/www.ludwig-van.com\/montreal\/wp-json\/wp\/v2\/types\/post"}],"author":[{"embeddable":true,"href":"https:\/\/www.ludwig-van.com\/montreal\/wp-json\/wp\/v2\/users\/1"}],"replies":[{"embeddable":true,"href":"https:\/\/www.ludwig-van.com\/montreal\/wp-json\/wp\/v2\/comments?post=78994"}],"version-history":[{"count":19,"href":"https:\/\/www.ludwig-van.com\/montreal\/wp-json\/wp\/v2\/posts\/78994\/revisions"}],"predecessor-version":[{"id":79016,"href":"https:\/\/www.ludwig-van.com\/montreal\/wp-json\/wp\/v2\/posts\/78994\/revisions\/79016"}],"wp:featuredmedia":[{"embeddable":true,"href":"https:\/\/www.ludwig-van.com\/montreal\/wp-json\/wp\/v2\/media\/79012"}],"wp:attachment":[{"href":"https:\/\/www.ludwig-van.com\/montreal\/wp-json\/wp\/v2\/media?parent=78994"}],"wp:term":[{"taxonomy":"category","embeddable":true,"href":"https:\/\/www.ludwig-van.com\/montreal\/wp-json\/wp\/v2\/categories?post=78994"},{"taxonomy":"post_tag","embeddable":true,"href":"https:\/\/www.ludwig-van.com\/montreal\/wp-json\/wp\/v2\/tags?post=78994"},{"taxonomy":"yst_prominent_words","embeddable":true,"href":"https:\/\/www.ludwig-van.com\/montreal\/wp-json\/wp\/v2\/yst_prominent_words?post=78994"}],"curies":[{"name":"wp","href":"https:\/\/api.w.org\/{rel}","templated":true}]}}