{"id":78961,"date":"2023-11-17T11:01:51","date_gmt":"2023-11-17T16:01:51","guid":{"rendered":"https:\/\/www.ludwig-van.com\/montreal\/?p=78961"},"modified":"2023-11-17T11:01:51","modified_gmt":"2023-11-17T16:01:51","slug":"communaute-lensemble-scholastica-vous-invite-a-lepouse-la-colombe-et-la-rose","status":"publish","type":"post","link":"https:\/\/www.ludwig-van.com\/montreal\/2023\/11\/17\/communaute-lensemble-scholastica-vous-invite-a-lepouse-la-colombe-et-la-rose\/","title":{"rendered":"COMMUNAUT\u00c9 | L&rsquo;Ensemble Scholastica vous invite \u00e0 L&rsquo;\u00c9pouse, la Colombe et la Rose"},"content":{"rendered":"<figure id=\"attachment_78964\" aria-describedby=\"caption-attachment-78964\" style=\"width: 1200px\" class=\"wp-caption alignnone\"><img decoding=\"async\" loading=\"lazy\" class=\"size-full wp-image-78964\" src=\"https:\/\/www.ludwig-van.com\/montreal\/wp-content\/uploads\/sites\/3\/2023\/11\/Copie-de-COMMENTARY-9.jpg\" alt=\"\" width=\"1200\" height=\"628\" srcset=\"https:\/\/www.ludwig-van.com\/montreal\/wp-content\/uploads\/sites\/3\/2023\/11\/Copie-de-COMMENTARY-9.jpg 1200w, https:\/\/www.ludwig-van.com\/montreal\/wp-content\/uploads\/sites\/3\/2023\/11\/Copie-de-COMMENTARY-9-300x157.jpg 300w, https:\/\/www.ludwig-van.com\/montreal\/wp-content\/uploads\/sites\/3\/2023\/11\/Copie-de-COMMENTARY-9-1024x536.jpg 1024w, https:\/\/www.ludwig-van.com\/montreal\/wp-content\/uploads\/sites\/3\/2023\/11\/Copie-de-COMMENTARY-9-768x402.jpg 768w\" sizes=\"(max-width: 1200px) 100vw, 1200px\" \/><figcaption id=\"caption-attachment-78964\" class=\"wp-caption-text\">L&rsquo;Ensemble Scholastica pr\u00e9sentera le concert L&rsquo;\u00c9pouse, la Colombe et la Rose le 26 novembre prochain. (Photo: courtoisie de l&rsquo;Ensemble Scholastica)<\/figcaption><\/figure>\n<h1 style=\"text-align: center;\"><del>Un message de l&rsquo;Ensemble Scholastica<\/del><\/h1>\n<p>&nbsp;<\/p>\n<h2 style=\"text-align: center;\">L&rsquo;\u00c9pouse, la Colombe et la Rose<\/h2>\n<p><strong>Montr\u00e9al, le 17 novembre 2023<\/strong> \u2013 <strong>L\u2019Ensemble Scholastica<\/strong> est heureux de vous pr\u00e9senter son prochain concert, <strong><em>L\u2019\u00c9pouse, la Colombe et la Rose<\/em><\/strong>, chants de d\u00e9votion des communaut\u00e9s f\u00e9minines de l\u2019Espagne \u00e0 la Su\u00e8de du XII au XVe si\u00e8cle. Le concert aura lieu le <strong>dimanche 26 novembre <\/strong>\u00e0 <strong>19 h<\/strong>, \u00e0 la <strong>Chapelle Notre-Dame-de-Bon-Secours<\/strong>.<\/p>\n<p><strong>Notre ensemble<\/strong> tire son nom de celui d\u2019une femme oubli\u00e9e dans l\u2019ombre de son c\u00e9l\u00e8bre fr\u00e8re, Saint Beno\u00eet, fondateur\u00a0 de l\u2019Ordre des B\u00e9n\u00e9dictins. Sainte Scholastique a fond\u00e9 la branche f\u00e9minine de cette institution extr\u00eamement influente, qui a contribu\u00e9 \u00e0 la cr\u00e9ation et \u00e0 la diffusion d\u2019un immense corpus de musique au fil des si\u00e8cles. Historiquement, les ordres monastiques offraient aux femmes la possibilit\u00e9 de recevoir une \u00e9ducation, de d\u00e9velopper leurs habilet\u00e9s (notamment en chant!) et de faire une diff\u00e9rence dans leur communaut\u00e9. Pour c\u00e9l\u00e9brer cet h\u00e9ritage, nous pr\u00e9sentons des \u0153uvres compos\u00e9es, recueillies et\/ou chant\u00e9es par des femmes dans leur couvent et leur communaut\u00e9 de la\u00efques du XII<sup>e<\/sup> au XV<sup>e <\/sup>si\u00e8cle en Europe. Avec des textes riches en symboles, notre programme offre un regard intime sur les d\u00e9sirs et les d\u00e9votions de cette cons\u0153urerie d&rsquo;\u00e9pouses \u00e9ternelles dont les contributions bien r\u00e9elles ont \u00e9t\u00e9 largement ignor\u00e9es par l&rsquo;histoire.<\/p>\n<p style=\"text-align: center;\"><strong><a href=\"https:\/\/lepointdevente.com\/billets\/scholastica261123\" target=\"_blank\" rel=\"noopener\">ACHETER DES BILLETS<\/a><\/strong><\/p>\n<p>&nbsp;<\/p>\n<p>Montr\u00e9al, November 17, 2023 \u2013 <strong>Ensemble Scholastica<\/strong> is pleased to announce its upcoming concert <strong><em>The Bride, the Dove and the Rose<\/em><\/strong>, songs of devotion from women\u2019s communities from Spain to Sweden, 12<sup>th<\/sup> to 16<sup>th<\/sup> century. The concert will be held on <strong>Sunday, November 26 at<\/strong> <strong>7 p.m. <\/strong>at the<strong> Notre Dame de Bon Secours Chapel<\/strong>.<\/p>\n<p><strong>Our ensemble <\/strong>is named after St. Scholastica, the 6<sup>th<\/sup>-century woman who was the sister of St. Benedict, founder of the Benedictine Order. Although Scholastica\u2019s renown has been eclipsed by that of her brother, she herself was the founder of the female branch of that immensely influential institution, which was responsible for the creation and dissemination of an extensive body of music over many centuries. Historically, monastic orders offered women a chance to receive an education, develop various skills (including singing!) and make a difference in their communities. In celebrating this legacy, we present works composed, collected and\/or sung by women in their convents and lay communities in 12<sup>th<\/sup> to 15<sup>th<\/sup>-century Europe. With lyrics rich in symbolism, our program offers an intimate look at the desires and devotions of this sisterhood of eternal brides whose very real contributions have been largely ignored by history. <strong><br \/>\n<\/strong><\/p>\n<p style=\"text-align: center;\"><strong><a href=\"https:\/\/lepointdevente.com\/billets\/scholastica261123\" target=\"_blank\" rel=\"noopener\">BUY TICKETS<\/a><\/strong><\/p>\n<h3><strong>L\u2019\u00c9pouse, la Colombe et la Rose<\/strong><\/h3>\n<p><strong>Dimanche 26 novembre \u00e0 19 h\u00a0\/ <\/strong><strong>Sunday November 26, 7 pm<\/strong><\/p>\n<p><strong>Chapelle Notre-Dame-de-Bon-Secours <\/strong>(400 rue St-Paul est, Montr\u00e9al)<\/p>\n<p><strong>\u00a0<\/strong><\/p>\n<p><strong>Avec: Ensemble Scholastica<\/strong>\u00a0 \u00a0(8 chanteuses, dont certaines joueront des instruments d\u2019\u00e9poque)<\/p>\n<p><strong>With:<\/strong> Ensemble Scholastica (8 singers, some of whom will also play period instruments)<\/p>\n<p><strong>Rebecca Bain<\/strong>\u00a0\u00a0\u00a0\u00a0\u00a0\u00a0\u00a0\u00a0\u00a0\u00a0\u00a0\u00a0\u00a0\u00a0\u00a0\u00a0\u00a0 Direction artistique<\/p>\n<p>&nbsp;<\/p>\n<h3><strong>Programme<\/strong><\/h3>\n<p>\u0152uvres tir\u00e9es du <strong><em>Speculum virginum<\/em><\/strong> (XIIe s.), <strong><em>Codex Las Huelgas<\/em><\/strong> (XIIIe s.), <strong><em>Cantus sororum<\/em><\/strong> (XIVe s.) et le <strong>Chansonnier d\u2019Anna de Cologne<\/strong> (XVe s.)\u00a0; oeuvres de <strong>Pierre Ab\u00e9lard<\/strong> (XIIe s.) et de <strong>Catherina de Ricci<\/strong> (XVIe s.)<\/p>\n<p><strong>Billets \/ tickets : 25 $ &#8211; 30 $ <a href=\"https:\/\/lepointdevente.com\/billets\/scholastica261123\" target=\"_blank\" rel=\"noopener\">BILLETS<\/a><\/strong><\/p>\n<p><strong>Aussi en vente sur <\/strong><a href=\"https:\/\/ensemblescholastica.ca\/\">ensemblescholastica.ca \u00a0\u00a0\u00a0<\/a><\/p>\n<p>&nbsp;<\/p>\n<p><strong>ENSEMBLE SCHOLASTICA<\/strong><\/p>\n<p><strong>L\u2019Ensemble Scholastica<\/strong> se consacre principalement au r\u00e9pertoire vocal allant du IX<sup>e <\/sup>au XIV<sup>e <\/sup>si\u00e8cle. Fond\u00e9 en 2008 par la musicologue Pascale Duhamel et dirig\u00e9 depuis 2012 par Rebecca Bain, sp\u00e9cialiste de la musique m\u00e9di\u00e9vale, il est compos\u00e9 exclusivement de femmes. chanteuses\u00a0talentueuses et enthousiastes, issues du milieu florissant de la musique ancienne \u00e0 Montr\u00e9al. Certaines\u00a0d\u2019entre elles jouent \u00e9galement de divers instruments de musique.<\/p>\n<p>R\u00e9cemment, l\u2019Ensemble Scholastica a explor\u00e9 des r\u00e9pertoires historiques issus des musiques du monde, notamment indien (concert <em>Raag &amp; Mode<\/em>, mars 2022) et malien (concert \u00e0 venir en 2024, avec chanteuse <strong>Djely Tapa<\/strong>). Entre 2017 et 2022, il a collabor\u00e9 avec Genevi\u00e8ve Soly et son ensemble <strong>Les Id\u00e9es heureuses<\/strong> autour de la musique sacr\u00e9e en Nouvelle-France (XVII<sup>e<\/sup> si\u00e8cle). Cette collaboration a donn\u00e9 lieu \u00e0 un concert qui a \u00e9t\u00e9 nomin\u00e9 deux fois au Prix Opus pour Concert de l\u2019ann\u00e9e dans la cat\u00e9gorie \u00ab\u00a0Musiques m\u00e9di\u00e9vale, de la Renaissance, baroque\u00a0\u00bb (2018, 2022). De plus, l\u2019Ensemble Scholastica a enregistr\u00e9 deux disques chez ATMA Classique (2017, 2020), auxquels s\u2019ajoute un troisi\u00e8me album \u00e0 para\u00eetre en 2024.<\/p>\n<p>Ensemble Scholastica is a professional female vocal ensemble that specializes in medieval plainchant and polyphony (c. 800-1300 AD). Founded in 2008 by musicologist Pascale Duhamel and directed by leading medievalist Rebecca Bain since 2012, Scholastica is made up of talented and enthusiastic vocalists from Montr\u00e9al\u2019s thriving early music community, some of whom also play medieval instruments.<\/p>\n<p>In recent years, Ensemble Scholastica has been exploring historical world-music repertoires, including Indian classical music (<em>Raag &amp; Mode<\/em> concert, March 2022) and the classical Mandinka music of West Africa (upcoming concert in 2024 featuring singer <strong>Djely Tapa<\/strong>). Between 2017 and 2022, Scholastica collaborated with Genevi\u00e8ve Soly and her ensemble <strong><em>Les Id\u00e9es heureuses<\/em><\/strong> on a repertoire of sacred music from New France (17<sup>th<\/sup> century). Concerts resulting from their collaborative work were nominated twice for a <em>Prix Opus <\/em>award for Concert of the Year in the category of \u201cMedieval, Renaissance, Baroque Music\u201d (2018, 2022).<\/p>\n<p><em>La publication de ce communiqu\u00e9 est un privil\u00e8ge offert \u00e0 nos membres. Pour plus d&rsquo;information, contactez Caroline Rodgers \u00e0 caroline@ludwig-van.com<\/em><\/p>\n<h2><em>Inscrivez-vous \u00e0 notre infolettre! La musique classique et l&rsquo;op\u00e9ra en 5 minutes, chaque jour<\/em> \u00a0<a href=\"https:\/\/ludwig-van.us9.list-manage.com\/subscribe?u=4f785cb3f9058f2393ccad035&amp;id=b9b160c032\" target=\"_blank\" rel=\"noopener noreferrer\">ICI\u00a0<\/a><\/h2>\n","protected":false},"excerpt":{"rendered":"<p>L\u2019Ensemble Scholastica est heureux de vous pr\u00e9senter son prochain concert, L\u2019\u00c9pouse, la Colombe et la Rose, chants de d\u00e9votion des communaut\u00e9s f\u00e9minines de l\u2019Espagne \u00e0 la Su\u00e8de du XII au XVe si\u00e8cle. Le concert aura lieu le dimanche 26 novembre \u00e0 19 h, \u00e0 la Chapelle Notre-Dame-de-Bon-Secours.<\/p>\n","protected":false},"author":1,"featured_media":78964,"comment_status":"open","ping_status":"open","sticky":false,"template":"","format":"standard","meta":{"om_disable_all_campaigns":false,"jetpack_post_was_ever_published":false},"categories":[42065,10956,13504],"tags":[42066,42104],"yst_prominent_words":[21888,22678,11995,10018,21889,8306,10019],"acf":[],"jetpack_featured_media_url":"https:\/\/www.ludwig-van.com\/montreal\/wp-content\/uploads\/sites\/3\/2023\/11\/Copie-de-COMMENTARY-9.jpg","jetpack_sharing_enabled":true,"jetpack_shortlink":"https:\/\/wp.me\/p9bdYt-kxz","amp_enabled":true,"_links":{"self":[{"href":"https:\/\/www.ludwig-van.com\/montreal\/wp-json\/wp\/v2\/posts\/78961"}],"collection":[{"href":"https:\/\/www.ludwig-van.com\/montreal\/wp-json\/wp\/v2\/posts"}],"about":[{"href":"https:\/\/www.ludwig-van.com\/montreal\/wp-json\/wp\/v2\/types\/post"}],"author":[{"embeddable":true,"href":"https:\/\/www.ludwig-van.com\/montreal\/wp-json\/wp\/v2\/users\/1"}],"replies":[{"embeddable":true,"href":"https:\/\/www.ludwig-van.com\/montreal\/wp-json\/wp\/v2\/comments?post=78961"}],"version-history":[{"count":6,"href":"https:\/\/www.ludwig-van.com\/montreal\/wp-json\/wp\/v2\/posts\/78961\/revisions"}],"predecessor-version":[{"id":78968,"href":"https:\/\/www.ludwig-van.com\/montreal\/wp-json\/wp\/v2\/posts\/78961\/revisions\/78968"}],"wp:featuredmedia":[{"embeddable":true,"href":"https:\/\/www.ludwig-van.com\/montreal\/wp-json\/wp\/v2\/media\/78964"}],"wp:attachment":[{"href":"https:\/\/www.ludwig-van.com\/montreal\/wp-json\/wp\/v2\/media?parent=78961"}],"wp:term":[{"taxonomy":"category","embeddable":true,"href":"https:\/\/www.ludwig-van.com\/montreal\/wp-json\/wp\/v2\/categories?post=78961"},{"taxonomy":"post_tag","embeddable":true,"href":"https:\/\/www.ludwig-van.com\/montreal\/wp-json\/wp\/v2\/tags?post=78961"},{"taxonomy":"yst_prominent_words","embeddable":true,"href":"https:\/\/www.ludwig-van.com\/montreal\/wp-json\/wp\/v2\/yst_prominent_words?post=78961"}],"curies":[{"name":"wp","href":"https:\/\/api.w.org\/{rel}","templated":true}]}}