{"id":78909,"date":"2023-11-13T13:08:32","date_gmt":"2023-11-13T18:08:32","guid":{"rendered":"https:\/\/www.ludwig-van.com\/montreal\/?p=78909"},"modified":"2023-11-13T13:31:36","modified_gmt":"2023-11-13T18:31:36","slug":"choix-redaction-concerts-classiques-a-ne-pas-manquer-du-13-au-19-novembre","status":"publish","type":"post","link":"https:\/\/www.ludwig-van.com\/montreal\/2023\/11\/13\/choix-redaction-concerts-classiques-a-ne-pas-manquer-du-13-au-19-novembre\/","title":{"rendered":"CHOIX DE LA R\u00c9DACTION | Les concerts classiques \u00e0 ne pas manquer du 13 au 19 novembre"},"content":{"rendered":"<figure id=\"attachment_78923\" aria-describedby=\"caption-attachment-78923\" style=\"width: 1200px\" class=\"wp-caption alignnone\"><img decoding=\"async\" loading=\"lazy\" class=\"size-full wp-image-78923\" src=\"https:\/\/www.ludwig-van.com\/montreal\/wp-content\/uploads\/sites\/3\/2023\/11\/Copie-de-CONCERTS-2023-11-13T131254.622.jpg\" alt=\"Pascal G. Berardi (Photo: courtoisie), Elisabeth St-Gelais (Photo: courtoisie)\" width=\"1200\" height=\"628\" srcset=\"https:\/\/www.ludwig-van.com\/montreal\/wp-content\/uploads\/sites\/3\/2023\/11\/Copie-de-CONCERTS-2023-11-13T131254.622.jpg 1200w, https:\/\/www.ludwig-van.com\/montreal\/wp-content\/uploads\/sites\/3\/2023\/11\/Copie-de-CONCERTS-2023-11-13T131254.622-300x157.jpg 300w, https:\/\/www.ludwig-van.com\/montreal\/wp-content\/uploads\/sites\/3\/2023\/11\/Copie-de-CONCERTS-2023-11-13T131254.622-1024x536.jpg 1024w, https:\/\/www.ludwig-van.com\/montreal\/wp-content\/uploads\/sites\/3\/2023\/11\/Copie-de-CONCERTS-2023-11-13T131254.622-768x402.jpg 768w\" sizes=\"(max-width: 1200px) 100vw, 1200px\" \/><figcaption id=\"caption-attachment-78923\" class=\"wp-caption-text\">Pascal G. Berardi (Photo: courtoisie), Elisabeth St-Gelais (Photo: courtoisie); Schaghajegh Nosrati<\/figcaption><\/figure>\n<h3><span style=\"color: #808080;\">Cette semaine, le concert inaugural de l&rsquo;\u00e9dition 2023 du Festival Bach Montr\u00e9al retient notre attention. On remarque aussi la pr\u00e9sence de Yannick N\u00e9zet-S\u00e9guin \u00e0 Montr\u00e9al pour diriger la Symphonie Leningrad de Chostakovitch, la visite du claveciniste Jean Rondeau \u00e0 la Salle Bourgie, et un rarissime concert d\u00e9di\u00e9 \u00e0 la musique de Max Reger. Quels que soient vos go\u00fbts, il y a certainement de quoi vous int\u00e9resser parmi nos Choix de la r\u00e9daction allant du 13 au 19 novembre. Bon concert!<\/span><\/h3>\n<p>&nbsp;<\/p>\n<figure id=\"attachment_77639\" aria-describedby=\"caption-attachment-77639\" style=\"width: 967px\" class=\"wp-caption alignnone\"><img decoding=\"async\" loading=\"lazy\" class=\"size-full wp-image-77639\" src=\"https:\/\/www.ludwig-van.com\/montreal\/wp-content\/uploads\/sites\/3\/2023\/09\/Jean-Rondeau.png\" alt=\"\" width=\"967\" height=\"1200\" srcset=\"https:\/\/www.ludwig-van.com\/montreal\/wp-content\/uploads\/sites\/3\/2023\/09\/Jean-Rondeau.png 967w, https:\/\/www.ludwig-van.com\/montreal\/wp-content\/uploads\/sites\/3\/2023\/09\/Jean-Rondeau-242x300.png 242w, https:\/\/www.ludwig-van.com\/montreal\/wp-content\/uploads\/sites\/3\/2023\/09\/Jean-Rondeau-825x1024.png 825w, https:\/\/www.ludwig-van.com\/montreal\/wp-content\/uploads\/sites\/3\/2023\/09\/Jean-Rondeau-768x953.png 768w\" sizes=\"(max-width: 967px) 100vw, 967px\" \/><figcaption id=\"caption-attachment-77639\" class=\"wp-caption-text\">Jean Rondeau<\/figcaption><\/figure>\n<h3>Jean Rondeau au pianoforte<\/h3>\n<p>Le claveciniste <strong>Jean Rondeau<\/strong> d\u00e9laisse son instrument habituel pour le pianoforte dans un programme d\u2019\u0153uvres de ma\u00eetres viennois de la fin du XVIIIe si\u00e8cle, compl\u00e9t\u00e9 par quelques \u00e9tudes du recueil p\u00e9dagogique Gradus ad Parnassum de Muzio Clementi.<\/p>\n<h3>Le 15 novembre, 19 h 30, Salle Bourgie <a href=\"https:\/\/www.mbam.qc.ca\/fr\/activites\/jean-rondeau-pianoforte-gradus-ad-parnassum\/\" target=\"_blank\" rel=\"noopener\">D\u00c9TAILS ET BILLETS<\/a><\/h3>\n<h3>Un cours de ma\u00eetre aura aussi lieu le 16 novembre \u00e0 10 h.<\/h3>\n<p>&nbsp;<\/p>\n<figure id=\"attachment_67373\" aria-describedby=\"caption-attachment-67373\" style=\"width: 2048px\" class=\"wp-caption alignnone\"><img decoding=\"async\" loading=\"lazy\" class=\"size-full wp-image-67373\" src=\"https:\/\/www.ludwig-van.com\/montreal\/wp-content\/uploads\/sites\/3\/2021\/08\/David-Therrien-Brongo.jpg\" alt=\"\" width=\"2048\" height=\"1365\" \/><figcaption id=\"caption-attachment-67373\" class=\"wp-caption-text\">David Therrien Brongo, percussionniste (Photo: page Facebook de l&rsquo;artiste)<\/figcaption><\/figure>\n<h3>Percussions : David Therrien-Brongo<\/h3>\n<p>Dans le cadre de la saison de la Chapelle historique du Bon-Pasteur, le percussionniste <strong>David Therrien-Brongo<\/strong> pr\u00e9sente en premi\u00e8re le r\u00e9pertoire de son dernier disque <em>Confluence.<\/em><\/p>\n<h3>Le 15 novembre, 19 h 30, salle Paul-Desmarais du Centre canadien d&rsquo;architecture. <a href=\"https:\/\/montreal.ca\/evenements\/confluence-david-therrien-brongo-47796\" target=\"_blank\" rel=\"noopener\">D\u00c9TAILS ET BILLETS<\/a><\/h3>\n<p>&nbsp;<\/p>\n<p>&nbsp;<\/p>\n<figure id=\"attachment_49236\" aria-describedby=\"caption-attachment-49236\" style=\"width: 1024px\" class=\"wp-caption alignnone\"><img decoding=\"async\" loading=\"lazy\" class=\"size-full wp-image-49236\" src=\"https:\/\/www.ludwig-van.com\/montreal\/wp-content\/uploads\/sites\/3\/2017\/10\/Cre\u0301ditphoto_Ve\u0301ronique_St-Amand_Julien-Proulx-Portrait-OSD-2017-HR-23.jpg\" alt=\"Julien Proulx\" width=\"1024\" height=\"341\" srcset=\"https:\/\/www.ludwig-van.com\/montreal\/wp-content\/uploads\/sites\/3\/2017\/10\/Cre\u0301ditphoto_Ve\u0301ronique_St-Amand_Julien-Proulx-Portrait-OSD-2017-HR-23.jpg 1024w, https:\/\/www.ludwig-van.com\/montreal\/wp-content\/uploads\/sites\/3\/2017\/10\/Cre\u0301ditphoto_Ve\u0301ronique_St-Amand_Julien-Proulx-Portrait-OSD-2017-HR-23-300x100.jpg 300w, https:\/\/www.ludwig-van.com\/montreal\/wp-content\/uploads\/sites\/3\/2017\/10\/Cre\u0301ditphoto_Ve\u0301ronique_St-Amand_Julien-Proulx-Portrait-OSD-2017-HR-23-768x256.jpg 768w\" sizes=\"(max-width: 1024px) 100vw, 1024px\" \/><figcaption id=\"caption-attachment-49236\" class=\"wp-caption-text\">Julien Proulx. (Cr\u00e9dit : V\u00e9ronique St-Amand.)<\/figcaption><\/figure>\n<h3>Orchestre symphonique de Drummondville: Beethoven<\/h3>\n<p>Musique et mouvement ont toujours \u00e9t\u00e9 intimement li\u00e9s. Alors, imaginez que pour l\u2019instant d\u2019un concert, dans un th\u00e9\u00e2tre d\u2019ombres, des personnages prennent vie, s\u2019animent et se mettent \u00e0 danser au son de la musique symphonique de Stravinsky (Pulcinella), Beethoven (Symphonie no 7) et Evangelista (Symphonie Minute). Sous la direction de <strong>Julien Proulx<\/strong>. Avec les danseurs du C\u00e9gep de Drummondville.<\/p>\n<h3>Le 16 novembre, 19 h 30, Maison des arts Desjardins de Drummondville <a href=\"https:\/\/www.osdrummondville.com\/evenements\/les-grands-concerts-canimex\/jeu-dombres\/\" target=\"_blank\" rel=\"noopener\">D\u00c9TAILS ET BILLETS<\/a><\/h3>\n<p>&nbsp;<\/p>\n<figure id=\"attachment_66527\" aria-describedby=\"caption-attachment-66527\" style=\"width: 1200px\" class=\"wp-caption alignnone\"><img decoding=\"async\" loading=\"lazy\" class=\"size-full wp-image-66527\" src=\"https:\/\/www.ludwig-van.com\/montreal\/wp-content\/uploads\/sites\/3\/2021\/04\/Portrait-Dina-Gilbert-1200.jpg\" alt=\"\" width=\"1200\" height=\"559\" \/><figcaption id=\"caption-attachment-66527\" class=\"wp-caption-text\">Dina Gilbert, cheffe d&rsquo;orchestre. (Photo: fournie par l&rsquo;OSM)<\/figcaption><\/figure>\n<h3>Harmonium symphonique: la Grand Messe<\/h3>\n<p>Le Grand Messe du spectacle<em> Histoire sans paroles \u2013 Harmonium symphonique<\/em> invite les spectateurs \u00e0 se plonger dans la beaut\u00e9 de la musique au c\u0153ur d\u2019un environnement \u00e0 couper le souffle.<br \/>\nS\u2019inspirant de l\u2019album <em>Histoires sans paroles \u2013 Harmonium symphonique<\/em>, arrang\u00e9 par <strong>Simon Leclerc<\/strong>, les concerts sont interpr\u00e9t\u00e9s par l\u2019Orchestre symphonique de Montr\u00e9al (OSM), le guitariste Sylvain Quesnel et le Ch\u0153ur des Petits chanteurs de Laval sous la direction de la cheffe <strong>Dina Gilbert.<\/strong><\/p>\n<h3>Les 16 et 17 novembre, \u00c9glise St-Jean-Baptiste <a href=\"https:\/\/www.osm.ca\/fr\/concerts\/harmonium-symphonique-la-grand-messe\/\" target=\"_blank\" rel=\"noopener\">D\u00c9TAILS ET BILLETS<\/a><\/h3>\n<p>&nbsp;<\/p>\n<figure id=\"attachment_78283\" aria-describedby=\"caption-attachment-78283\" style=\"width: 1200px\" class=\"wp-caption alignnone\"><img decoding=\"async\" loading=\"lazy\" class=\"size-full wp-image-78283\" src=\"https:\/\/www.ludwig-van.com\/montreal\/wp-content\/uploads\/sites\/3\/2023\/10\/Reinhard-Goebel_Schaghajegh-Nosrati.jpg\" alt=\"\" width=\"1200\" height=\"800\" srcset=\"https:\/\/www.ludwig-van.com\/montreal\/wp-content\/uploads\/sites\/3\/2023\/10\/Reinhard-Goebel_Schaghajegh-Nosrati.jpg 1200w, https:\/\/www.ludwig-van.com\/montreal\/wp-content\/uploads\/sites\/3\/2023\/10\/Reinhard-Goebel_Schaghajegh-Nosrati-300x200.jpg 300w, https:\/\/www.ludwig-van.com\/montreal\/wp-content\/uploads\/sites\/3\/2023\/10\/Reinhard-Goebel_Schaghajegh-Nosrati-1024x683.jpg 1024w, https:\/\/www.ludwig-van.com\/montreal\/wp-content\/uploads\/sites\/3\/2023\/10\/Reinhard-Goebel_Schaghajegh-Nosrati-768x512.jpg 768w\" sizes=\"(max-width: 1200px) 100vw, 1200px\" \/><figcaption id=\"caption-attachment-78283\" class=\"wp-caption-text\">Reinhard Goebel Schaghajegh Nosrati<\/figcaption><\/figure>\n<h3>Concert inaugural du Festival Bach Montr\u00e9al<\/h3>\n<p>Apr\u00e8s avoir dirig\u00e9 l\u2019Orchestre du Festival en 2019, le chef allemand <strong>Reinhard Goebel<\/strong> revient pour son \u00e9dition 2023, accompagn\u00e9 par la jeune pianiste <strong>Schaghajegh Nosrati<\/strong> dans un concert qui fera r\u00e9sonner la musique de la dynastie Bach.<\/p>\n<p>Le S\u00fcddeutsche Zeitung le consid\u00e8re comme une \u00ab ic\u00f4ne de la musique ancienne \u00bb et le New York Times l\u2019applaudit comme une \u00ab lumi\u00e8re dans un oc\u00e9an de m\u00e9diocrit\u00e9 \u00bb. <strong>Reinhard Goebel<\/strong> est sp\u00e9cialis\u00e9 dans le r\u00e9pertoire des XVIIe, XVIIIe et d\u00e9but du XIXe si\u00e8cles. En tant qu\u2019explicateur des pratiques d\u2019interpr\u00e9tation d\u2019\u00e9poque pour les ensembles de musique ancienne et les orchestres modernes, et en tant que source in\u00e9puisable de connaissances sur les joyaux du r\u00e9pertoire, il est un sp\u00e9cialiste de renomm\u00e9e mondiale.<\/p>\n<p><strong>Schaghajegh Nosrati<\/strong> s\u2019est fait conna\u00eetre comme une musicienne extr\u00eamement polyvalente ; si elle a pu s\u2019\u00e9tablir comme pianiste de concert d\u00e8s ses premi\u00e8res ann\u00e9es, c\u2019est gr\u00e2ce \u00e0 son excellente r\u00e9putation en tant qu\u2019interpr\u00e8te de la musique de Bach. Elle s\u2019est impos\u00e9e sur la sc\u00e8ne internationale en 2014 en remportant le Concours international Bach de Leipzig, notamment gr\u00e2ce \u00e0 sa collaboration musicale croissante avec <strong>Sir Andr\u00e1s Schiff<\/strong>, qui a lou\u00e9 \u00ab l\u2019\u00e9tonnante clart\u00e9, la puret\u00e9 et la maturit\u00e9 \u00bb de ses interpr\u00e9tations de Bach, ainsi que la compr\u00e9hension musicale qui y est associ\u00e9e.<\/p>\n<p><strong>Programme:\u00a0<\/strong><\/p>\n<p>Johann Christian Bach (1735 \u2013 1782)<br \/>\nSymphonie en sol mineur pour deux hautbois, deux cors, basson et cordes, no 6 op. 6, C12 \u2013 1770<br \/>\nConcerto en mi b\u00e9mol majeur pour piano, deux fl\u00fbtes, deux clarinettes, deux cors, basson et cordes, C 75 \u2013 1774<\/p>\n<p>Johann Christoph Friedrich Bach (1732 \u2013 1795)<br \/>\nConcerto Grosso en mi b\u00e9mol majeur pour piano, 2 hautbois, 2 cors, basson et cordes, BR-JCFB C43, B\u00fcckeburg, Septembre 1792<br \/>\nSymphonie en si b\u00e9mol majeur pour fl\u00fbte, deux clarinettes, deux cors, basson et cordes, BR-JCFB C 28, B\u00fcckeburg, Septembre 1794<\/p>\n<h3>Le 17 novembre, 19 h 30, Maison symphonique <a href=\"https:\/\/festivalbach.tuxedobillet.com\/main\/concert-douverture-2023\/20231117193000\" target=\"_blank\" rel=\"noopener\">D\u00c9TAILS ET BILLETS<\/a><\/h3>\n<h3>Le 18 novembre, 19 h, Palais Montcalm <a href=\"https:\/\/www.palaismontcalm.ca\/concert-spectacle-quebec\/festival-bach-montreal-18-novembre-2023\/\" target=\"_blank\" rel=\"noopener\">D\u00c9TAILS ET BILLETS<\/a><\/h3>\n<h3>Le 19 novembre, 17 h, Carleton Dominion-Chalmers, Ottawa <a href=\"https:\/\/festivalbachmontreal.com\/concerts\/reinhard-goebel-avec-lofbm-ottawa\/\" target=\"_blank\" rel=\"noopener\">D\u00c9TAILS ET BILLETS<\/a><\/h3>\n<p>&nbsp;<\/p>\n<figure id=\"attachment_71594\" aria-describedby=\"caption-attachment-71594\" style=\"width: 618px\" class=\"wp-caption aligncenter\"><img decoding=\"async\" loading=\"lazy\" class=\"size-full wp-image-71594\" src=\"https:\/\/www.ludwig-van.com\/montreal\/wp-content\/uploads\/sites\/3\/2022\/07\/Pascal-Germain-Berardi.jpg\" alt=\"Pascal Germain-Berardi, directeur artistique de Temps fort. (Photo: courtoisie de Temps fort).\" width=\"618\" height=\"661\" \/><figcaption id=\"caption-attachment-71594\" class=\"wp-caption-text\">Pascal Germain-Berardi, directeur artistique de Temps fort. (Photo: courtoisie de Temps fort).<\/figcaption><\/figure>\n<h3>Hommage \u00e0 Max Reger<\/h3>\n<p>Le Ch\u0153ur de <strong>Temps Fort<\/strong> chante <em>Hommage \u00e0 Max Reger<\/em>, un concert sous la direction musicale de <strong>Pascal Germain-Berardi<\/strong>. C&rsquo;est une rare occasion d&rsquo;entendre la musique de ce compositeur, en plus d&rsquo;oeuvres de Brahms et de Hindemith. <a href=\"https:\/\/www.ludwig-van.com\/montreal\/2023\/10\/30\/reportage-max-reger-un-hommage-unique-a-un-compositeur-a-redecouvrir\/\" target=\"_blank\" rel=\"noopener\">EN SAVOIR PLUS SUR MAX REGER ET CE CONCERT<\/a><\/p>\n<h3><strong>Hommage \u00e0 Max Reger, le 16 novembre, 19 h 30, \u00c9glise Sacr\u00e9-C\u0153ur de J\u00e9sus, 2000 rue Alexandre-DeS\u00e8ve.\u00a0<a href=\"https:\/\/www.tempsfort.quebec\/events\/hommage-max-reger\" target=\"_blank\" rel=\"noopener\">D\u00c9TAILS ET BILLETS<\/a><\/strong><\/h3>\n<p>&nbsp;<\/p>\n<p>&nbsp;<\/p>\n<figure id=\"attachment_64204\" aria-describedby=\"caption-attachment-64204\" style=\"width: 1024px\" class=\"wp-caption alignnone\"><img decoding=\"async\" loading=\"lazy\" class=\"size-full wp-image-64204\" src=\"https:\/\/www.ludwig-van.com\/montreal\/wp-content\/uploads\/sites\/3\/2020\/03\/BOURGIE_JPG_BERNARD_FOUGERE-web-1024x828-1.jpg\" alt=\"\" width=\"1024\" height=\"828\" srcset=\"https:\/\/www.ludwig-van.com\/montreal\/wp-content\/uploads\/sites\/3\/2020\/03\/BOURGIE_JPG_BERNARD_FOUGERE-web-1024x828-1.jpg 1024w, https:\/\/www.ludwig-van.com\/montreal\/wp-content\/uploads\/sites\/3\/2020\/03\/BOURGIE_JPG_BERNARD_FOUGERE-web-1024x828-1-300x243.jpg 300w, https:\/\/www.ludwig-van.com\/montreal\/wp-content\/uploads\/sites\/3\/2020\/03\/BOURGIE_JPG_BERNARD_FOUGERE-web-1024x828-1-768x621.jpg 768w\" sizes=\"(max-width: 1024px) 100vw, 1024px\" \/><figcaption id=\"caption-attachment-64204\" class=\"wp-caption-text\">La Salle Bourgie. (Photo: Bernard Foug\u00e8re)<\/figcaption><\/figure>\n<h3>Le Messie avec Arion et le SMAM<\/h3>\n<p>Nous voici d\u00e9j\u00e0 arriv\u00e9s \u00e0 ce temps de l&rsquo;ann\u00e9e o\u00f9 plusieurs occasions d&rsquo;entendre Le Messie de Haendel nous sont propos\u00e9es. <strong>Arion Orchestre baroque<\/strong> et le <strong>Studio de musique ancienne de Montr\u00e9al<\/strong> se r\u00e9unissent pour nous offrir la premi\u00e8re, trois fois, sous la direction d&rsquo;<strong>Andrew McAnerney<\/strong>. Solistes: Susan <strong>Elizabeth Brown<\/strong>, soprano, <strong>Nicholas Burns<\/strong>, alto, <strong>Haitham Haida<\/strong>r, t\u00e9nor, <strong>Geoffroy Salvas<\/strong>, baryton.<\/p>\n<h3>Les 17, 18 et 19 novembre, Salle Bourgie <a href=\"https:\/\/www.mbam.qc.ca\/fr\/activites\/smam-arion-orchestre-baroque-le-messie-de-handel\/\" target=\"_blank\" rel=\"noopener\">D\u00c9TAILS ET BILLETS<\/a><\/h3>\n<p>&nbsp;<\/p>\n<figure id=\"attachment_71482\" aria-describedby=\"caption-attachment-71482\" style=\"width: 1234px\" class=\"wp-caption alignnone\"><img decoding=\"async\" loading=\"lazy\" class=\"size-full wp-image-71482\" src=\"https:\/\/www.ludwig-van.com\/montreal\/wp-content\/uploads\/sites\/3\/2022\/06\/Elisabeth-St-Gelais.jpg\" alt=\"Elisabeth St-Gelais, soprano. (Photo: courtoisie)\" width=\"1234\" height=\"805\" \/><figcaption id=\"caption-attachment-71482\" class=\"wp-caption-text\">Elisabeth St-Gelais, soprano. (Photo: courtoisie)<\/figcaption><\/figure>\n<h3>Chostakovitch \u00e0 l&rsquo;OSJM<\/h3>\n<p><strong>L&rsquo;Orchestre symphonique des jeunes de Montr\u00e9al<\/strong> vous propose d&rsquo;entendre la Symphonie no 5 de Chostakovitch sous la direction de <strong>Louis Lavigueur<\/strong>. Leur soliste invit\u00e9e sera la fabuleuse <strong>Elisabeth St-Gelais<\/strong>, que l&rsquo;on entendra dans un extrait de l&rsquo;op\u00e9ra <em>Eugene Oneguine<\/em>. Aussi au programme: Pr\u00e9ludes aux actes 1 et 3 de <em>Lohengrin.\u00a0<\/em><\/p>\n<h3>Le 18 novembre, 19 h 30, \u00c9glise Saint-\u00c9douard <a href=\"https:\/\/osjm.tuxedobillet.com\/main\/wagner-tchaikovsky-chostakovitch\/20231118193000\" target=\"_blank\" rel=\"noopener\">D\u00c9TAILS ET BILLETS<\/a><\/h3>\n<p>&nbsp;<\/p>\n<p>&nbsp;<\/p>\n<figure id=\"attachment_76670\" aria-describedby=\"caption-attachment-76670\" style=\"width: 695px\" class=\"wp-caption aligncenter\"><img decoding=\"async\" loading=\"lazy\" class=\"size-full wp-image-76670\" src=\"https:\/\/www.ludwig-van.com\/montreal\/wp-content\/uploads\/sites\/3\/2023\/06\/OM_-Yannick-Nezet-Seguin_-FestivalSt-Sauveur.jpg\" alt=\"\" width=\"695\" height=\"380\" \/><figcaption id=\"caption-attachment-76670\" class=\"wp-caption-text\">Yannick N\u00e9zet-S\u00e9guin<\/figcaption><\/figure>\n<h3>Orchestre M\u00e9tropolitain: Leningrad<\/h3>\n<p>Pour ce programme avec l\u2019<strong>Orchestre M\u00e9tropolitain<\/strong>, <strong>Yannick N\u00e9zet-S\u00e9guin<\/strong> dirige la l\u00e9gendaire Symphonie \u00ab\u202fLeningrad\u202f\u00bb de Chostakovitch. V\u00e9ritable hymne \u00e0 la solidarit\u00e9 humaine compos\u00e9 en pleine Deuxi\u00e8me Guerre mondiale, cette \u0153uvre est plus que jamais criante d\u2019actualit\u00e9.<\/p>\n<p><strong>Le 17 novembre, Maison de la culture Ahuntsic (complet)<\/strong><\/p>\n<h3>Le 18 novembre, 19 h 30, Maison symphonique <a href=\"https:\/\/orchestremetropolitain.com\/fr\/concerts\/la-symphonie-leningrad\/?show_date_id=5870\" target=\"_blank\" rel=\"noopener\">D\u00c9TAILS ET BILLETS<\/a><\/h3>\n<p>&nbsp;<\/p>\n<p style=\"text-align: center;\"><img decoding=\"async\" loading=\"lazy\" class=\"alignnone size-full wp-image-78287\" src=\"https:\/\/www.ludwig-van.com\/montreal\/wp-content\/uploads\/sites\/3\/2023\/10\/Oratoire1.png\" alt=\"\" width=\"1117\" height=\"495\" srcset=\"https:\/\/www.ludwig-van.com\/montreal\/wp-content\/uploads\/sites\/3\/2023\/10\/Oratoire1.png 1117w, https:\/\/www.ludwig-van.com\/montreal\/wp-content\/uploads\/sites\/3\/2023\/10\/Oratoire1-300x133.png 300w, https:\/\/www.ludwig-van.com\/montreal\/wp-content\/uploads\/sites\/3\/2023\/10\/Oratoire1-1024x454.png 1024w, https:\/\/www.ludwig-van.com\/montreal\/wp-content\/uploads\/sites\/3\/2023\/10\/Oratoire1-768x340.png 768w\" sizes=\"(max-width: 1117px) 100vw, 1117px\" \/><\/p>\n<h3>Festival Bach: concert d&rsquo;orgue, Bach et l&rsquo;Italie<\/h3>\n<p>Johann Sebastian Bach (1685 \u2013 1750)<br \/>\nConcerto en la mineur, BWV 593<br \/>\nBas\u00e9 sur le Concerto en la mineur pour deux violons op. 3, no 8 d\u2019Antonio Vivaldi<br \/>\nFugue en si mineur sur un th\u00e8me de Arcangelo Corelli, BWV 579<br \/>\nPastorale en fa majeur, BWV 590<br \/>\nAlla breve en r\u00e9 majeur, BWV 589<br \/>\nCanzona en r\u00e9 mineur, BWV 588<br \/>\nToccate et fugue \u00ab dorienne \u00bb en r\u00e9 mineur, BWV 538<\/p>\n<p><strong>Federico Andreoni<\/strong>, orgue<br \/>\n<strong>Vincent Boucher<\/strong>, animation<\/p>\n<p>Projection sur grand \u00e9cran. Entr\u00e9e libre, aucune r\u00e9servation requise.<\/p>\n<h3>Le 19 novembre, 15 h 30, Oratoire Saint-Joseph du Mont-Royal <a href=\"https:\/\/festivalbachmontreal.com\/concerts\/concert-dorgue-1\/\" target=\"_blank\" rel=\"noopener\">D\u00c9TAILS ET BILLETS<\/a><\/h3>\n<p>&nbsp;<\/p>\n<figure id=\"attachment_64292\" aria-describedby=\"caption-attachment-64292\" style=\"width: 746px\" class=\"wp-caption alignnone\"><img decoding=\"async\" loading=\"lazy\" class=\"size-full wp-image-64292\" src=\"https:\/\/www.ludwig-van.com\/montreal\/wp-content\/uploads\/sites\/3\/2020\/03\/Roseline_Blain_CREDIT_Benoit_Champagne-1.jpg\" alt=\"Roseline Blain, cheffe de ch\u0153ur (Photo: Benoit Champagne)\" width=\"746\" height=\"626\" srcset=\"https:\/\/www.ludwig-van.com\/montreal\/wp-content\/uploads\/sites\/3\/2020\/03\/Roseline_Blain_CREDIT_Benoit_Champagne-1.jpg 746w, https:\/\/www.ludwig-van.com\/montreal\/wp-content\/uploads\/sites\/3\/2020\/03\/Roseline_Blain_CREDIT_Benoit_Champagne-1-300x252.jpg 300w\" sizes=\"(max-width: 746px) 100vw, 746px\" \/><figcaption id=\"caption-attachment-64292\" class=\"wp-caption-text\">Roseline Blain, cheffe de ch\u0153ur (Photo: Benoit Champagne)<\/figcaption><\/figure>\n<h3>Soci\u00e9t\u00e9 chorale du Plateau-Mont-Royal<\/h3>\n<p>Liebeslieder (Chants d\u2019amour) est une \u00e9vocation de la passion amoureuse mettant en regard la filiation de trois grands compositeurs allemands de la p\u00e9riode romantique, autour des c\u00e9l\u00e8bres valses d\u2019amour de Brahms pour ch\u0153ur et piano \u00e0 quatre mains. Les \u0153uvres choisies ont \u00e9t\u00e9 compos\u00e9es \u00e0 partir des plus beaux textes d\u2019amour \u00e9crits par des auteurs romantiques, tels que Goethe, Heine, Eichendorff, M\u00f6rike, Geibel\u2026 Mendelssohn, t\u00e9moin privil\u00e9gi\u00e9 de la relation \u00e9troite du couple mythique, sous la direction de <strong>Roseline Blain.\u00a0<\/strong><\/p>\n<h3>Le 19 novembre, 16 h et 19 h 30, La Casona <a href=\"https:\/\/societechoralepmr.ca\/evenements-la-societe-chorale-du-plateau-mont-royal\/\" target=\"_blank\" rel=\"noopener\">D\u00c9TAILS ET BILLETS<\/a><\/h3>\n<p>&nbsp;<\/p>\n<h2><em>Inscrivez-vous \u00e0 notre infolettre! La musique classique et l&rsquo;op\u00e9ra en 5 minutes, chaque jour<\/em> \u00a0<a href=\"https:\/\/ludwig-van.us9.list-manage.com\/subscribe?u=4f785cb3f9058f2393ccad035&amp;id=b9b160c032\" target=\"_blank\" rel=\"noopener noreferrer\">ICI\u00a0<\/a><\/h2>\n","protected":false},"excerpt":{"rendered":"<p>Cette semaine, le concert inaugural de l&rsquo;\u00e9dition 2023 du Festival Bach Montr\u00e9al retient notre attention. On remarque aussi la pr\u00e9sence de Yannick N\u00e9zet-S\u00e9guin \u00e0 Montr\u00e9al pour diriger la Symphonie Leningrad de Chostakovitch, la visite du claveciniste Jean Rondeau \u00e0 la Salle Bourgie, et un rarissime concert d\u00e9di\u00e9 \u00e0 la musique de Max Reger. Quels que soient vos go\u00fbts, il y a certainement de quoi vous int\u00e9resser parmi nos Choix de la r\u00e9daction allant du 13 au 19 novembre. Bon concert!<\/p>\n","protected":false},"author":1,"featured_media":78923,"comment_status":"open","ping_status":"open","sticky":false,"template":"","format":"standard","meta":{"om_disable_all_campaigns":false,"jetpack_post_was_ever_published":false},"categories":[42065,10956,10994],"tags":[],"yst_prominent_words":[27598,9878,9863,16845,18022,26052,9877,21882,14242,14240,14241,14321,31964],"acf":[],"jetpack_featured_media_url":"https:\/\/www.ludwig-van.com\/montreal\/wp-content\/uploads\/sites\/3\/2023\/11\/Copie-de-CONCERTS-2023-11-13T131254.622.jpg","jetpack_sharing_enabled":true,"jetpack_shortlink":"https:\/\/wp.me\/p9bdYt-kwJ","amp_enabled":true,"_links":{"self":[{"href":"https:\/\/www.ludwig-van.com\/montreal\/wp-json\/wp\/v2\/posts\/78909"}],"collection":[{"href":"https:\/\/www.ludwig-van.com\/montreal\/wp-json\/wp\/v2\/posts"}],"about":[{"href":"https:\/\/www.ludwig-van.com\/montreal\/wp-json\/wp\/v2\/types\/post"}],"author":[{"embeddable":true,"href":"https:\/\/www.ludwig-van.com\/montreal\/wp-json\/wp\/v2\/users\/1"}],"replies":[{"embeddable":true,"href":"https:\/\/www.ludwig-van.com\/montreal\/wp-json\/wp\/v2\/comments?post=78909"}],"version-history":[{"count":14,"href":"https:\/\/www.ludwig-van.com\/montreal\/wp-json\/wp\/v2\/posts\/78909\/revisions"}],"predecessor-version":[{"id":78925,"href":"https:\/\/www.ludwig-van.com\/montreal\/wp-json\/wp\/v2\/posts\/78909\/revisions\/78925"}],"wp:featuredmedia":[{"embeddable":true,"href":"https:\/\/www.ludwig-van.com\/montreal\/wp-json\/wp\/v2\/media\/78923"}],"wp:attachment":[{"href":"https:\/\/www.ludwig-van.com\/montreal\/wp-json\/wp\/v2\/media?parent=78909"}],"wp:term":[{"taxonomy":"category","embeddable":true,"href":"https:\/\/www.ludwig-van.com\/montreal\/wp-json\/wp\/v2\/categories?post=78909"},{"taxonomy":"post_tag","embeddable":true,"href":"https:\/\/www.ludwig-van.com\/montreal\/wp-json\/wp\/v2\/tags?post=78909"},{"taxonomy":"yst_prominent_words","embeddable":true,"href":"https:\/\/www.ludwig-van.com\/montreal\/wp-json\/wp\/v2\/yst_prominent_words?post=78909"}],"curies":[{"name":"wp","href":"https:\/\/api.w.org\/{rel}","templated":true}]}}