{"id":78756,"date":"2023-11-06T07:42:42","date_gmt":"2023-11-06T12:42:42","guid":{"rendered":"https:\/\/www.ludwig-van.com\/montreal\/?p=78756"},"modified":"2023-11-06T07:52:34","modified_gmt":"2023-11-06T12:52:34","slug":"choix-de-la-redaction-les-concerts-classiques-a-ne-pas-manquer-du-6-au-12-novembre","status":"publish","type":"post","link":"https:\/\/www.ludwig-van.com\/montreal\/2023\/11\/06\/choix-de-la-redaction-les-concerts-classiques-a-ne-pas-manquer-du-6-au-12-novembre\/","title":{"rendered":"CHOIX DE LA R\u00c9DACTION | Les concerts classiques \u00e0 ne pas manquer du 6 au 12 novembre"},"content":{"rendered":"<figure id=\"attachment_78781\" aria-describedby=\"caption-attachment-78781\" style=\"width: 1200px\" class=\"wp-caption alignnone\"><img decoding=\"async\" loading=\"lazy\" class=\"size-full wp-image-78781\" src=\"https:\/\/www.ludwig-van.com\/montreal\/wp-content\/uploads\/sites\/3\/2023\/11\/Copie-de-CONCERTS-2023-11-06T065308.503.jpg\" alt=\"Gordon Bintner (Photo: courtoisie de la Salle Bourgie), Alicia Silverstein (Photo: courtoisie de l'OSM), Barbada (Photo: Pierre-Yves Montpetit)\" width=\"1200\" height=\"628\" srcset=\"https:\/\/www.ludwig-van.com\/montreal\/wp-content\/uploads\/sites\/3\/2023\/11\/Copie-de-CONCERTS-2023-11-06T065308.503.jpg 1200w, https:\/\/www.ludwig-van.com\/montreal\/wp-content\/uploads\/sites\/3\/2023\/11\/Copie-de-CONCERTS-2023-11-06T065308.503-300x157.jpg 300w, https:\/\/www.ludwig-van.com\/montreal\/wp-content\/uploads\/sites\/3\/2023\/11\/Copie-de-CONCERTS-2023-11-06T065308.503-1024x536.jpg 1024w, https:\/\/www.ludwig-van.com\/montreal\/wp-content\/uploads\/sites\/3\/2023\/11\/Copie-de-CONCERTS-2023-11-06T065308.503-768x402.jpg 768w\" sizes=\"(max-width: 1200px) 100vw, 1200px\" \/><figcaption id=\"caption-attachment-78781\" class=\"wp-caption-text\">Gordon Bintner (Photo: courtoisie de la Salle Bourgie), Alicia Weilerstein (Photo: courtoisie de l&rsquo;OSM), Barbada (Photo: Pierre-Yves Montpetit)<\/figcaption><\/figure>\n<h3><span style=\"color: #808080;\">En cette premi\u00e8re semaine de l&rsquo;heure normale de l&rsquo;Est, alors que la noirceur nous envahit de plus en plus t\u00f4t, pourquoi ne pas ajouter un concert notre agenda, histoire de lui apporter un peu de lumi\u00e8re? Voici nos Choix de la r\u00e9daction, du 6 au 12 novembre 2023.\u00a0<\/span><\/h3>\n<p>&nbsp;<\/p>\n<figure id=\"attachment_78766\" aria-describedby=\"caption-attachment-78766\" style=\"width: 1200px\" class=\"wp-caption alignnone\"><img decoding=\"async\" loading=\"lazy\" class=\"size-full wp-image-78766\" src=\"https:\/\/www.ludwig-van.com\/montreal\/wp-content\/uploads\/sites\/3\/2023\/11\/Romain-Olivier-Gray-William-Deslauriers-Allain.jpg\" alt=\"\u00c0 gauche: Romain Olivier-Gray; \u00e0 droite: William Deslauriers-Allain. (Photos: courtoisie du Concours OSM)\" width=\"1200\" height=\"628\" srcset=\"https:\/\/www.ludwig-van.com\/montreal\/wp-content\/uploads\/sites\/3\/2023\/11\/Romain-Olivier-Gray-William-Deslauriers-Allain.jpg 1200w, https:\/\/www.ludwig-van.com\/montreal\/wp-content\/uploads\/sites\/3\/2023\/11\/Romain-Olivier-Gray-William-Deslauriers-Allain-300x157.jpg 300w, https:\/\/www.ludwig-van.com\/montreal\/wp-content\/uploads\/sites\/3\/2023\/11\/Romain-Olivier-Gray-William-Deslauriers-Allain-1024x536.jpg 1024w, https:\/\/www.ludwig-van.com\/montreal\/wp-content\/uploads\/sites\/3\/2023\/11\/Romain-Olivier-Gray-William-Deslauriers-Allain-768x402.jpg 768w\" sizes=\"(max-width: 1200px) 100vw, 1200px\" \/><figcaption id=\"caption-attachment-78766\" class=\"wp-caption-text\">\u00c0 gauche: Romain Olivier-Gray; \u00e0 droite: William Deslauriers-Allain. (Photos: courtoisie du Concours OSM)<\/figcaption><\/figure>\n<h3>\u00c9preuves du 84e Concours OSM<\/h3>\n<p>Les \u00e9preuves du 84e Concours OSM, d\u00e9di\u00e9 cette ann\u00e9e aux cordes, sont ouvertes gratuitement au public. Elles seront \u00e9galement webdiffus\u00e9es en direct <a href=\"https:\/\/www.concoursosm.ca\/\" target=\"_blank\" rel=\"noopener\">sur le site du concours.\u00a0<\/a><\/p>\n<p>Vous souhaitez y assister? Voici l\u2019horaire :<\/p>\n<ul>\n<li>Mardi 7 novembre, de 10 h \u00e0 16 h 30 : demi-finale, Salle Tanna-Schulich (Universit\u00e9 McGill)<\/li>\n<li>Mercredi 8 novembre, de 10 h \u00e0 15 h : demi-finale, Salle Tanna-Schulich (Universit\u00e9 McGill)<\/li>\n<li>Jeudi 9 novembre, de 9 h \u00e0 15 h 30 : \u00e9preuve sp\u00e9ciale J.S. Bach, Salle Tanna-Schulich (McGill<\/li>\n<\/ul>\n<p><a href=\"https:\/\/www.concoursosm.ca\/les-candidats\/\" target=\"_blank\" rel=\"noopener\">VOIR LES DEMI-FINALISTES<\/a><\/p>\n<p><a href=\"https:\/\/www.concoursosm.ca\/horaire\/\" target=\"_blank\" rel=\"noopener\">VOIR L&rsquo;HORAIRE DE PASSAGE DES CANDIDATS D\u00c9TAILL\u00c9 <\/a><\/p>\n<p><a href=\"https:\/\/www.ludwig-van.com\/montreal\/2023\/10\/23\/entrevue-bryan-cheng-et-le-concours-osm-une-grande-aventure-musicale\/\" target=\"_blank\" rel=\"noopener\">LIRE NOTRE ENTREVUE AVEC BRYAN CHENG, LAUR\u00c9AT DU CONCOURS OSM 2019\u00a0<\/a><\/p>\n<p>&nbsp;<\/p>\n<figure id=\"attachment_77334\" aria-describedby=\"caption-attachment-77334\" style=\"width: 1200px\" class=\"wp-caption alignnone\"><img decoding=\"async\" loading=\"lazy\" class=\"size-full wp-image-77334\" src=\"https:\/\/www.ludwig-van.com\/montreal\/wp-content\/uploads\/sites\/3\/2023\/08\/Tomas-Netopil.jpg\" alt=\"\" width=\"1200\" height=\"381\" \/><figcaption id=\"caption-attachment-77334\" class=\"wp-caption-text\">Tom\u00e1\u0161 Netopil<\/figcaption><\/figure>\n<h3>Finale du Concours OSM<\/h3>\n<p>La grande finale du Concours OSM aura lieu ce samedi sous la direction du chef <strong>Tom\u00e1\u0161 Netopil.<\/strong> Les trois finalistes du Concours OSM interpr\u00e9teront un concerto \u2013 le programme sera annonc\u00e9 \u00e0 l\u2019issue des demi-finales, le mercredi 8 novembre.<\/p>\n<h3>Le 11 novembre, 14 h 30, Maison symphonique <a href=\"https:\/\/www.osm.ca\/fr\/concerts\/festival-des-cordes-en-finale-du-concours-osm\/\" target=\"_blank\" rel=\"noopener\">D\u00c9TAILS ET BILLETS<\/a><\/h3>\n<p>&nbsp;<\/p>\n<p>&nbsp;<\/p>\n<figure id=\"attachment_77615\" aria-describedby=\"caption-attachment-77615\" style=\"width: 1200px\" class=\"wp-caption alignnone\"><img decoding=\"async\" loading=\"lazy\" class=\"size-full wp-image-77615\" src=\"https:\/\/www.ludwig-van.com\/montreal\/wp-content\/uploads\/sites\/3\/2023\/08\/Llyr-Williams.png\" alt=\"Llyr Williams, pianiste (Photo: courtoisie)\" width=\"1200\" height=\"800\" srcset=\"https:\/\/www.ludwig-van.com\/montreal\/wp-content\/uploads\/sites\/3\/2023\/08\/Llyr-Williams.png 1200w, https:\/\/www.ludwig-van.com\/montreal\/wp-content\/uploads\/sites\/3\/2023\/08\/Llyr-Williams-300x200.png 300w, https:\/\/www.ludwig-van.com\/montreal\/wp-content\/uploads\/sites\/3\/2023\/08\/Llyr-Williams-1024x683.png 1024w, https:\/\/www.ludwig-van.com\/montreal\/wp-content\/uploads\/sites\/3\/2023\/08\/Llyr-Williams-768x512.png 768w\" sizes=\"(max-width: 1200px) 100vw, 1200px\" \/><figcaption id=\"caption-attachment-77615\" class=\"wp-caption-text\">Llyr Williams, pianiste (Photo: courtoisie)<\/figcaption><\/figure>\n<h3>Llyr Williams, pianiste<\/h3>\n<p>Apr\u00e8s deux pr\u00e9sences remarqu\u00e9es \u00e0 la Salle Bourgie, le virtuose gallois revient avec un programme pr\u00e9sentant de grandes pages de la litt\u00e9rature du piano inspir\u00e9es des traditions musicales de divers pays d\u2019Europe.<\/p>\n<h3><strong>Le 7 novembre, 19 h 30,<\/strong> Salle<strong> Bourgie <a href=\"https:\/\/www.mbam.qc.ca\/fr\/activites\/llyr-williams-2\/\" target=\"_blank\" rel=\"noopener\">D\u00c9TAILS ET BILLETS<\/a><\/strong><\/h3>\n<p>&nbsp;<\/p>\n<figure id=\"attachment_56822\" aria-describedby=\"caption-attachment-56822\" style=\"width: 1024px\" class=\"wp-caption alignnone\"><img decoding=\"async\" loading=\"lazy\" class=\"size-full wp-image-56822\" src=\"https:\/\/www.ludwig-van.com\/montreal\/wp-content\/uploads\/sites\/3\/2018\/10\/Christoph_Eschenbach_WEB.jpg\" alt=\"Christoph Eschenbach. (Photo: courtoisie)\" width=\"1024\" height=\"486\" srcset=\"https:\/\/www.ludwig-van.com\/montreal\/wp-content\/uploads\/sites\/3\/2018\/10\/Christoph_Eschenbach_WEB.jpg 1024w, https:\/\/www.ludwig-van.com\/montreal\/wp-content\/uploads\/sites\/3\/2018\/10\/Christoph_Eschenbach_WEB-300x142.jpg 300w, https:\/\/www.ludwig-van.com\/montreal\/wp-content\/uploads\/sites\/3\/2018\/10\/Christoph_Eschenbach_WEB-768x365.jpg 768w\" sizes=\"(max-width: 1024px) 100vw, 1024px\" \/><figcaption id=\"caption-attachment-56822\" class=\"wp-caption-text\">Christoph Eschenbach. (Photo: courtoisie)<\/figcaption><\/figure>\n<p><strong>Christoph Eschenbach<\/strong> retrouve l\u2019<strong>OSM<\/strong> en compagnie du violoniste <strong>Augustin Hadelich<\/strong>. Ce dernier interpr\u00e8tera le Concerto \u00ab\u2009\u00c0 la m\u00e9moire d\u2019un ange\u2009\u00bb de Berg, une \u0153uvre qui rend hommage \u00e0 la fille d\u2019Alma Mahler, trop t\u00f4t disparue. Aussi au programme: la Symphonie no 7 de Beethoven.<\/p>\n<h3>Les 8 et 9 novembre, Maison symphonique <a href=\"https:\/\/www.osm.ca\/fr\/concerts\/christoph-eschenbach-et-leclatante-symphonie-no-7-de-beethoven\/\" target=\"_blank\" rel=\"noopener\">D\u00c9TAILS ET BILLETS<\/a><\/h3>\n<p>&nbsp;<\/p>\n<figure id=\"attachment_68974\" aria-describedby=\"caption-attachment-68974\" style=\"width: 478px\" class=\"wp-caption aligncenter\"><img decoding=\"async\" loading=\"lazy\" class=\"size-full wp-image-68974\" src=\"https:\/\/www.ludwig-van.com\/montreal\/wp-content\/uploads\/sites\/3\/2021\/12\/Jean-Michel-Dube-Pro-Musica.jpg\" alt=\"Jean-Michel Dub\u00e9, pianiste (Photo; Courtoisie)\" width=\"478\" height=\"390\" \/><figcaption id=\"caption-attachment-68974\" class=\"wp-caption-text\">Jean-Michel Dub\u00e9, pianiste (Photo; Courtoisie)<\/figcaption><\/figure>\n<h3>Jean-Michel Dub\u00e9: \u00e9lans romantiques<\/h3>\n<p>Le pianiste <strong>Jean-Michel Dub\u00e9<\/strong> interpr\u00e8te Schubert, Brahms, Liszt et Blumenfeld dans le cadre de la saison de la Chapelle historique du Bon-Pasteur.<\/p>\n<h3><strong>Le 8 novembre, 19 h 30, salle Paul-Desmarais du Centre canadien d&rsquo;architecture <a href=\"https:\/\/montreal.ca\/evenements\/elans-romantiques-jean-michel-dube-47783\" target=\"_blank\" rel=\"noopener\">D\u00c9TAILS ET BILLETS<\/a><\/strong><\/h3>\n<p>&nbsp;<\/p>\n<p>&nbsp;<\/p>\n<figure id=\"attachment_77330\" aria-describedby=\"caption-attachment-77330\" style=\"width: 1200px\" class=\"wp-caption alignnone\"><img decoding=\"async\" loading=\"lazy\" class=\"size-full wp-image-77330\" src=\"https:\/\/www.ludwig-van.com\/montreal\/wp-content\/uploads\/sites\/3\/2023\/08\/Alisa-Weilerstein.jpg\" alt=\"Alisa Weilerstein (Photo: courtoisie de l'OSM)\" width=\"1200\" height=\"381\" \/><figcaption id=\"caption-attachment-77330\" class=\"wp-caption-text\">Alisa Weilerstein (Photo: courtoisie de l&rsquo;OSM)<\/figcaption><\/figure>\n<h3>Festival Bach Montr\u00e9al: Alicia Weilerstein pr\u00e9sente Fragments<\/h3>\n<p>FRAGMENTS a \u00e9t\u00e9 initi\u00e9 par la violoncelliste de r\u00e9putation internationale Alisa Weilerstein. Il s\u2019agit d\u2019un projet novateur, associant \u00e0 la musique des jeux de lumi\u00e8re et une architecture sc\u00e9nique, destin\u00e9 \u00e0 cr\u00e9er une palette d\u2019\u00e9motions sans cesse renouvel\u00e9es. Jetant un pont entre le pass\u00e9 et le pr\u00e9sent, chaque fragment r\u00e9unit les mouvements d\u2019une des Six suites pour violoncelle seul de Bach \u00e0 des \u0153uvres nouvellement command\u00e9es. Un format de concert original \u00e0 exp\u00e9rimenter dans le cadre du <strong>Festival Bach Montr\u00e9al,\u00a0<\/strong>en partenariat avec l&rsquo;<strong>OSM.<\/strong><\/p>\n<h3>Le 10 novembre, 19 h, Maison symphonique <a href=\"https:\/\/www.osm.ca\/fr\/concerts\/alisa-weilerstein-presente-fragments\/\" target=\"_blank\" rel=\"noopener\">D\u00c9TAILS ET BILLETS<\/a><\/h3>\n<p>&nbsp;<\/p>\n<figure id=\"attachment_77621\" aria-describedby=\"caption-attachment-77621\" style=\"width: 800px\" class=\"wp-caption alignnone\"><img decoding=\"async\" loading=\"lazy\" class=\"size-full wp-image-77621\" src=\"https:\/\/www.ludwig-van.com\/montreal\/wp-content\/uploads\/sites\/3\/2023\/08\/Gordon-Bintner.png\" alt=\"\" width=\"800\" height=\"1200\" srcset=\"https:\/\/www.ludwig-van.com\/montreal\/wp-content\/uploads\/sites\/3\/2023\/08\/Gordon-Bintner.png 800w, https:\/\/www.ludwig-van.com\/montreal\/wp-content\/uploads\/sites\/3\/2023\/08\/Gordon-Bintner-200x300.png 200w, https:\/\/www.ludwig-van.com\/montreal\/wp-content\/uploads\/sites\/3\/2023\/08\/Gordon-Bintner-683x1024.png 683w, https:\/\/www.ludwig-van.com\/montreal\/wp-content\/uploads\/sites\/3\/2023\/08\/Gordon-Bintner-768x1152.png 768w\" sizes=\"(max-width: 800px) 100vw, 800px\" \/><figcaption id=\"caption-attachment-77621\" class=\"wp-caption-text\">Gordon Bintner (Photo: courtoisie)<\/figcaption><\/figure>\n<p>Le baryton-basse canadien <strong>Gordon Bintner<\/strong> et le pianiste <strong>Michael McMahon<\/strong> proposent une soir\u00e9e de lieder romantiques et de m\u00e9lodies fran\u00e7aises et anglaises du XXe si\u00e8cle.<\/p>\n<h3><strong>Le 10 novembre, 19 h 30, Salle Bourgie <a href=\"https:\/\/www.mbam.qc.ca\/fr\/activites\/gordon-bintner-baryton-basse-et-michael-mcmahon-piano\/\" target=\"_blank\" rel=\"noopener\">D\u00c9TAILS ET BILLETS<\/a><\/strong><\/h3>\n<h3><\/h3>\n<h3 style=\"text-align: center;\"><img decoding=\"async\" loading=\"lazy\" class=\"alignnone size-full wp-image-78768\" src=\"https:\/\/www.ludwig-van.com\/montreal\/wp-content\/uploads\/sites\/3\/2023\/11\/2019-bellygoatboom-skizze-01-mk_23_10-formatkey-jpg-w511.jpg\" alt=\"\" width=\"950\" height=\"474\" srcset=\"https:\/\/www.ludwig-van.com\/montreal\/wp-content\/uploads\/sites\/3\/2023\/11\/2019-bellygoatboom-skizze-01-mk_23_10-formatkey-jpg-w511.jpg 950w, https:\/\/www.ludwig-van.com\/montreal\/wp-content\/uploads\/sites\/3\/2023\/11\/2019-bellygoatboom-skizze-01-mk_23_10-formatkey-jpg-w511-300x150.jpg 300w, https:\/\/www.ludwig-van.com\/montreal\/wp-content\/uploads\/sites\/3\/2023\/11\/2019-bellygoatboom-skizze-01-mk_23_10-formatkey-jpg-w511-768x383.jpg 768w\" sizes=\"(max-width: 950px) 100vw, 950px\" \/><\/h3>\n<h3>Concert \u00e9lectro-acoustique et projection de film au Vivier<\/h3>\n<p><strong>Matthias Kr\u00fcger<\/strong> est un compositeur de musique contemporaine bas\u00e9 entre Paris et Hambourg. Il est laur\u00e9at de la r\u00e9sidence en musiques nouvelles (2023 \u2013 2024) du Conseil des arts et des lettres du Qu\u00e9bec, du Groupe Le Vivier et du Goethe-Institut. Ce rendez-vous est l&rsquo;opportunit\u00e9 de d\u00e9couvrir son travail et projet artistique.<\/p>\n<h3><strong>Le 10 novembre, 17h30, Goethe-Institut Montr\u00e9al. <a href=\"https:\/\/levivier.ca\/fr\/concert\/saison-2023-24\/concert-electro-acoustique-et-projection-de-film\" target=\"_blank\" rel=\"noopener\">D\u00c9TAILS ET BILLETS<\/a><\/strong><\/h3>\n<p>&nbsp;<\/p>\n<figure id=\"attachment_68422\" aria-describedby=\"caption-attachment-68422\" style=\"width: 638px\" class=\"wp-caption aligncenter\"><img decoding=\"async\" loading=\"lazy\" class=\"size-full wp-image-68422\" src=\"https:\/\/www.ludwig-van.com\/montreal\/wp-content\/uploads\/sites\/3\/2021\/10\/Francis-choiniere.jpg\" alt=\"Francis Choini\u00e8re, chef de l'OPCM. (Photo: page Facebook de l'artiste)\" width=\"638\" height=\"960\" \/><figcaption id=\"caption-attachment-68422\" class=\"wp-caption-text\">Francis Choini\u00e8re, chef de l&rsquo;OPCM. (Photo: page Facebook de l&rsquo;artiste)<\/figcaption><\/figure>\n<h3>Bach incognito: concert pour enfants<\/h3>\n<p><strong>Bach Incognito<\/strong> revient cette ann\u00e9e avec un concert aussi int\u00e9ressant qu\u2019amusant, con\u00e7u pour notre jeune public. Accompagn\u00e9 de ses deux comparses les violonistes <strong>Guillaume Villeneuve et Diane Bayard<\/strong>, le chef d\u2019orchestre <strong>Francis Choini\u00e8re<\/strong> propose un programme \u00e9clectique entre baroque et romantisme comprenant des pi\u00e8ces d&rsquo;Airat Ichmouratov, Bach et Grieg.<\/p>\n<h3>Le 11 novembre, 14 h, \u00c9glise St.Andrew &amp; St.Paul <a href=\"https:\/\/festivalbachmontreal.com\/concerts\/concert-pour-enfants-choiniere\/\" target=\"_blank\" rel=\"noopener\">D\u00c9TAILS ET BILLETS<\/a><\/h3>\n<p>&nbsp;<\/p>\n<figure id=\"attachment_78784\" aria-describedby=\"caption-attachment-78784\" style=\"width: 2048px\" class=\"wp-caption alignnone\"><img decoding=\"async\" loading=\"lazy\" class=\"size-full wp-image-78784\" src=\"https:\/\/www.ludwig-van.com\/montreal\/wp-content\/uploads\/sites\/3\/2023\/11\/nuit-des-choeurs.jpg\" alt=\"La Nuit des Choeurs, au Festival Bach Montr\u00e9al. (Photo: courtoisie)\" width=\"2048\" height=\"1366\" srcset=\"https:\/\/www.ludwig-van.com\/montreal\/wp-content\/uploads\/sites\/3\/2023\/11\/nuit-des-choeurs.jpg 2048w, https:\/\/www.ludwig-van.com\/montreal\/wp-content\/uploads\/sites\/3\/2023\/11\/nuit-des-choeurs-300x200.jpg 300w, https:\/\/www.ludwig-van.com\/montreal\/wp-content\/uploads\/sites\/3\/2023\/11\/nuit-des-choeurs-1024x683.jpg 1024w, https:\/\/www.ludwig-van.com\/montreal\/wp-content\/uploads\/sites\/3\/2023\/11\/nuit-des-choeurs-768x512.jpg 768w, https:\/\/www.ludwig-van.com\/montreal\/wp-content\/uploads\/sites\/3\/2023\/11\/nuit-des-choeurs-1536x1025.jpg 1536w\" sizes=\"(max-width: 2048px) 100vw, 2048px\" \/><figcaption id=\"caption-attachment-78784\" class=\"wp-caption-text\">La Nuit des Choeurs, au Festival Bach Montr\u00e9al. (Photo: courtoisie)<\/figcaption><\/figure>\n<p><strong>La Nuit des Ch\u0153urs<\/strong> est de retour ! Les principaux ch\u0153urs amateurs de Montr\u00e9al se succ\u00e9deront pour vous charmer et vous divertir avec leurs chants joyeux. L\u2019entr\u00e9e est libre et notre d\u00e9licieux Gl\u00fchwein sera de nouveau servi, avec biscuits allemands et chocolats.<\/p>\n<p>Ch\u0153ur Classique de Montr\u00e9al, Louis Lavigueur<br \/>\nEnsemble Da Capo, Danielle Lavoie<br \/>\nLes Petits Chanteurs de Laval, Philippe Ostiguy<br \/>\nEnsemble vocal \u00c0 ContreVoix, Marc-Olivier Lacroix<br \/>\nAnima Musica, Francis Gu\u00e9rard<br \/>\nSoci\u00e9t\u00e9 chorale de Saint-Lambert, Gabrielle Gaudreault<br \/>\nLes Muses Chorale, Gohar Manvelyan<br \/>\nEnsemble vocal Creo, Lilit Yedigaryan<br \/>\nSeraphim, John Guzik<br \/>\nEnsemble Liszt, Claude-Marie Landr\u00e9<br \/>\nGrand Ch\u0153ur de Montr\u00e9al, R\u00e9mi St-Jacques<br \/>\nEnsemble Ph\u0153bus, Roseline Blain<\/p>\n<p>M\u00e1ria Bud\u00e1\u010dov\u00e1, orgue<br \/>\nMario F. Paquet, ma\u00eetre de c\u00e9r\u00e9monie<\/p>\n<p>&nbsp;<\/p>\n<figure id=\"attachment_75747\" aria-describedby=\"caption-attachment-75747\" style=\"width: 1472px\" class=\"wp-caption alignnone\"><img decoding=\"async\" loading=\"lazy\" class=\"size-full wp-image-75747\" src=\"https:\/\/www.ludwig-van.com\/montreal\/wp-content\/uploads\/sites\/3\/2023\/04\/Barbada-cr-Pierre-Yves-Montpetit.jpg\" alt=\"Barbada (Photo: Pierre-Yves Montpetit)\" width=\"1472\" height=\"1472\" \/><figcaption id=\"caption-attachment-75747\" class=\"wp-caption-text\">Barbada (Photo: Pierre-Yves Montpetit)<\/figcaption><\/figure>\n<h3>Barbarda et des membres de l&rsquo;OM<\/h3>\n<p>Le premier de trois contes musicaux racont\u00e9s par Barbada sur une trame sonore cr\u00e9\u00e9e par des musiciens de l\u2019<strong>Orchestre M\u00e9tropolitain<\/strong> ! Trois amis partent en for\u00eat et voyagent d\u2019une saison \u00e0 l\u2019autre afin de trouver les fameuses perles de ros\u00e9e multicolores qui cr\u00e9ent de la musique rendant les gens heureux.<\/p>\n<h3>Le 12 novembre, 14 h, Salle Bourgie <a href=\"https:\/\/www.mbam.qc.ca\/fr\/activites\/barbada---maquillage-dautomne-1\/\" target=\"_blank\" rel=\"noopener\">D\u00c9TAILS ET BILLETS<\/a><\/h3>\n<p>&nbsp;<\/p>\n<p>&nbsp;<\/p>\n<p style=\"text-align: center;\"><img decoding=\"async\" loading=\"lazy\" class=\"alignnone size-full wp-image-47610\" src=\"https:\/\/www.ludwig-van.com\/montreal\/wp-content\/uploads\/sites\/3\/2017\/09\/OUM_AngeDestin_Rivest_UdeM_14oct17.jpg\" alt=\"\" width=\"700\" height=\"467\" srcset=\"https:\/\/www.ludwig-van.com\/montreal\/wp-content\/uploads\/sites\/3\/2017\/09\/OUM_AngeDestin_Rivest_UdeM_14oct17.jpg 700w, https:\/\/www.ludwig-van.com\/montreal\/wp-content\/uploads\/sites\/3\/2017\/09\/OUM_AngeDestin_Rivest_UdeM_14oct17-300x200.jpg 300w\" sizes=\"(max-width: 700px) 100vw, 700px\" \/><\/p>\n<p><strong>L\u2019Orchestre de l\u2019Universit\u00e9 de Montr\u00e9al<\/strong> ouvre sa saison en grand \u00e0 la <strong>Maison symphonique<\/strong> sous la direction de <strong>Jean-Fran\u00e7ois Rivest<\/strong> avec un concert qui parcourt trois si\u00e8cles de musique. D\u2019abord le 21e si\u00e8cle, avec une cr\u00e9ation de <strong>Sne\u017eana Ne\u0161i\u0107<\/strong>, laur\u00e9ate du Concours de composition de l\u2019<strong>OUM<\/strong> 2023, puis le 20e avec des extraits du ballet <em>Daphnis et Chlo\u00e9<\/em> de Ravel. Quant au 19e si\u00e8cle, il sera illustr\u00e9 par l\u2019un de ses plus fameux repr\u00e9sentants, F\u00e9lix Mendelssohn, qui \u00e9crivit un Concerto pour deux pianos d\u00e9bordant de vitalit\u00e9 afin de l\u2019interpr\u00e9ter avec s\u0153ur Fanny.<\/p>\n<h3>Le 12 novembre, 15 h, Salle Claude-Champagne <a href=\"https:\/\/www.calendrier.umontreal.ca\/detail\/888184-lroum-et-daphnis-et-chloe-de-ravel\" target=\"_blank\" rel=\"noopener\">D\u00c9TAILS ET BILLETS<\/a><\/h3>\n<p>&nbsp;<\/p>\n<figure id=\"attachment_76366\" aria-describedby=\"caption-attachment-76366\" style=\"width: 604px\" class=\"wp-caption aligncenter\"><img decoding=\"async\" loading=\"lazy\" class=\"size-full wp-image-76366\" src=\"https:\/\/www.ludwig-van.com\/montreal\/wp-content\/uploads\/sites\/3\/2017\/12\/Danish-String-QuartetA\u00a9Caroline-Koren-RaffnsA\u00b8e.jpg\" alt=\"\" width=\"604\" height=\"418\" \/><figcaption id=\"caption-attachment-76366\" class=\"wp-caption-text\">Danish String Quartet<br \/>Cr\u00e9dit : Caroline Koren-Raffns<\/figcaption><\/figure>\n<h3>Le Danish String Quartet au LMMC<\/h3>\n<p>Le <strong>Danish String Quartet<\/strong> c\u00e9l\u00e8bre en 2022-2023 ses vingt ans d\u2019existence, marqu\u00e9s par une profonde amiti\u00e9 entre ses membres et le plaisir de la musique partag\u00e9e. L&rsquo;ensemble est l&rsquo;invit\u00e9 du LMMC ce dimanche. Au programme, des oeuvres de Purcell, Haydn, Chostakovitch et Schubert.<\/p>\n<h3>Le 12 novembre, 15 h 30, Salle Pollack. <a href=\"https:\/\/www.lmmc.ca\/fr\/danishstringquartet\" target=\"_blank\" rel=\"noopener\">D\u00c9TAILS ET BILLETS<\/a><\/h3>\n<p>&nbsp;<\/p>\n<h2><em>Inscrivez-vous \u00e0 notre infolettre! La musique classique et l&rsquo;op\u00e9ra en 5 minutes, chaque jour<\/em> \u00a0<span style=\"color: #ff0000;\"><a style=\"color: #ff0000;\" href=\"https:\/\/ludwig-van.us9.list-manage.com\/subscribe?u=4f785cb3f9058f2393ccad035&amp;id=b9b160c032\" target=\"_blank\" rel=\"noopener noreferrer\">ICI\u00a0<\/a><\/span><\/h2>\n","protected":false},"excerpt":{"rendered":"<p>En cette premi\u00e8re semaine de l&rsquo;heure normale de l&rsquo;Est, alors que la noirceur nous envahit de plus en plus t\u00f4t, pourquoi ne pas ajouter un concert notre agenda, histoire de lui apporter un peu de lumi\u00e8re? Voici nos Choix de la r\u00e9daction, du 6 au 12 novembre 2023.\u00a0 &nbsp; \u00c9preuves du 84e Concours OSM Les [&hellip;]<\/p>\n","protected":false},"author":1,"featured_media":78781,"comment_status":"open","ping_status":"open","sticky":false,"template":"","format":"standard","meta":{"om_disable_all_campaigns":false,"jetpack_post_was_ever_published":false},"categories":[42065,10956,10994],"tags":[42066,10985,36906,16968,2542,11137],"yst_prominent_words":[13120,13117,31965,13618,26052,9877,13123,33503,26053,14240,14241,14321,14774,31964,26054],"acf":[],"jetpack_featured_media_url":"https:\/\/www.ludwig-van.com\/montreal\/wp-content\/uploads\/sites\/3\/2023\/11\/Copie-de-CONCERTS-2023-11-06T065308.503.jpg","jetpack_sharing_enabled":true,"jetpack_shortlink":"https:\/\/wp.me\/p9bdYt-kug","amp_enabled":true,"_links":{"self":[{"href":"https:\/\/www.ludwig-van.com\/montreal\/wp-json\/wp\/v2\/posts\/78756"}],"collection":[{"href":"https:\/\/www.ludwig-van.com\/montreal\/wp-json\/wp\/v2\/posts"}],"about":[{"href":"https:\/\/www.ludwig-van.com\/montreal\/wp-json\/wp\/v2\/types\/post"}],"author":[{"embeddable":true,"href":"https:\/\/www.ludwig-van.com\/montreal\/wp-json\/wp\/v2\/users\/1"}],"replies":[{"embeddable":true,"href":"https:\/\/www.ludwig-van.com\/montreal\/wp-json\/wp\/v2\/comments?post=78756"}],"version-history":[{"count":22,"href":"https:\/\/www.ludwig-van.com\/montreal\/wp-json\/wp\/v2\/posts\/78756\/revisions"}],"predecessor-version":[{"id":78792,"href":"https:\/\/www.ludwig-van.com\/montreal\/wp-json\/wp\/v2\/posts\/78756\/revisions\/78792"}],"wp:featuredmedia":[{"embeddable":true,"href":"https:\/\/www.ludwig-van.com\/montreal\/wp-json\/wp\/v2\/media\/78781"}],"wp:attachment":[{"href":"https:\/\/www.ludwig-van.com\/montreal\/wp-json\/wp\/v2\/media?parent=78756"}],"wp:term":[{"taxonomy":"category","embeddable":true,"href":"https:\/\/www.ludwig-van.com\/montreal\/wp-json\/wp\/v2\/categories?post=78756"},{"taxonomy":"post_tag","embeddable":true,"href":"https:\/\/www.ludwig-van.com\/montreal\/wp-json\/wp\/v2\/tags?post=78756"},{"taxonomy":"yst_prominent_words","embeddable":true,"href":"https:\/\/www.ludwig-van.com\/montreal\/wp-json\/wp\/v2\/yst_prominent_words?post=78756"}],"curies":[{"name":"wp","href":"https:\/\/api.w.org\/{rel}","templated":true}]}}