{"id":78674,"date":"2023-10-30T16:49:41","date_gmt":"2023-10-30T20:49:41","guid":{"rendered":"https:\/\/www.ludwig-van.com\/montreal\/?p=78674"},"modified":"2024-03-15T10:37:14","modified_gmt":"2024-03-15T14:37:14","slug":"communaute-philippe-crozier-la-societe-des-orgues-maisonneuve","status":"publish","type":"post","link":"https:\/\/www.ludwig-van.com\/montreal\/2023\/10\/30\/communaute-philippe-crozier-la-societe-des-orgues-maisonneuve\/","title":{"rendered":"COMMUNAUT\u00c9 | Philippe Crozier \u00e0 la Soci\u00e9t\u00e9 des orgues Maisonneuve"},"content":{"rendered":"<figure id=\"attachment_78677\" aria-describedby=\"caption-attachment-78677\" style=\"width: 1200px\" class=\"wp-caption alignnone\"><img decoding=\"async\" loading=\"lazy\" class=\"size-full wp-image-78677\" src=\"https:\/\/www.ludwig-van.com\/montreal\/wp-content\/uploads\/sites\/3\/2023\/10\/Copie-de-COMMENTARY-6.jpg\" alt=\"L'orgue de tribune de l'\u00e9glise du Tr\u00e8s-Saint-Nom-de-J\u00e9sus a \u00e9t\u00e9 restaur\u00e9 par Casavant. (Photo : Fr\u00e9d\u00e9ric Pichette)\" width=\"1200\" height=\"628\" srcset=\"https:\/\/www.ludwig-van.com\/montreal\/wp-content\/uploads\/sites\/3\/2023\/10\/Copie-de-COMMENTARY-6.jpg 1200w, https:\/\/www.ludwig-van.com\/montreal\/wp-content\/uploads\/sites\/3\/2023\/10\/Copie-de-COMMENTARY-6-300x157.jpg 300w, https:\/\/www.ludwig-van.com\/montreal\/wp-content\/uploads\/sites\/3\/2023\/10\/Copie-de-COMMENTARY-6-1024x536.jpg 1024w, https:\/\/www.ludwig-van.com\/montreal\/wp-content\/uploads\/sites\/3\/2023\/10\/Copie-de-COMMENTARY-6-768x402.jpg 768w\" sizes=\"(max-width: 1200px) 100vw, 1200px\" \/><figcaption id=\"caption-attachment-78677\" class=\"wp-caption-text\">L&rsquo;orgue de tribune de l&rsquo;\u00e9glise du Tr\u00e8s-Saint-Nom-de-J\u00e9sus a \u00e9t\u00e9 restaur\u00e9 par Casavant. (Photo : Fr\u00e9d\u00e9ric Pichette)<\/figcaption><\/figure>\n<h1><\/h1>\n<h1 style=\"text-align: center;\"><del>Un message de la Soci\u00e9t\u00e9 des orgues de Maisonneuve<\/del><\/h1>\n<p>&nbsp;<\/p>\n<p style=\"text-align: center;\"><strong>PHILIP CROZIER \u00c0 LA SOCI\u00c9T\u00c9 DES ORGUES DE MAISONNEUVE<\/strong><\/p>\n<p>Le dimanche 5 novembre, la <strong>Soci\u00e9t\u00e9 des orgues de Maisonneuve<\/strong> accueille l\u2019organiste <strong>Philip Crozier<\/strong> dans un programme novateur allant, entre autres, de C\u00e9sar Franck \u00e0 Joseph Jongen en passant par Denis B\u00e9dard et Rachel Laurin. Ce r\u00e9cital a lieu \u00e0 15\u00a0h, \u00e0 l\u2019\u00e9glise du Tr\u00e8s-Saint-Nom-de-J\u00e9sus, au 4215 de la rue Adam, \u00e0 Montr\u00e9al.<\/p>\n<p>Muni d\u2019une solide formation re\u00e7ue dans son Angleterre natale, <strong>Philip Crozier<\/strong> est devenu l\u2019\u00e9l\u00e8ve du c\u00e9l\u00e8bre organiste aveugle Andr\u00e9 Marchal. Au milieu de ses fr\u00e9quentes tourn\u00e9es en Am\u00e9rique du Nord et en Europe, il s\u2019est install\u00e9 au Canada en 1984. Il a form\u00e9 avec son \u00e9pouse, la regrett\u00e9e Sylvie Poirier, un duo qui a laiss\u00e9 sa marque sur le plan international. <strong>Philip Crozier<\/strong> est organiste \u00e0 l\u2019\u00e9glise anglicane St.\u00a0George, \u00e0 Montr\u00e9al, et directeur musical \u00e0 l\u2019\u00e9glise Westmount Park United.<\/p>\n<p>L\u2019entr\u00e9e est libre. Une contribution volontaire est propos\u00e9e.<\/p>\n<p>Pour information, s\u2019adresser \u00e0 Paul Cadrin, \u00e0 <a href=\"mailto:paulcadrin@hotmail.com\">paulcadrin@hotmail.com<\/a><\/p>\n<p>La publication de ce message est un service offert aux organismes membres de Ludwig van Montr\u00e9al. Pour savoir comment devenir membre, \u00e9crivez-nous \u00e0 caroline@ludwig-van.com<\/p>\n<h2><em>Inscrivez-vous \u00e0 notre infolettre! La musique classique et l&rsquo;op\u00e9ra en 5 minutes, chaque jour<\/em> \u00a0<a href=\"https:\/\/ludwig-van.us9.list-manage.com\/subscribe?u=4f785cb3f9058f2393ccad035&amp;id=b9b160c032\" target=\"_blank\" rel=\"noopener noreferrer\">ICI\u00a0<\/a><\/h2>\n","protected":false},"excerpt":{"rendered":"<p>Le dimanche 5 novembre, la Soci\u00e9t\u00e9 des orgues de Maisonneuve accueille l\u2019organiste Philip Crozier dans un programme novateur allant, entre autres, de C\u00e9sar Franck \u00e0 Joseph Jongen en passant par Denis B\u00e9dard et Rachel Laurin. Ce r\u00e9cital a lieu \u00e0 15\u00a0h, \u00e0 l\u2019\u00e9glise du Tr\u00e8s-Saint-Nom-de-J\u00e9sus, au 4215 de la rue Adam, \u00e0 Montr\u00e9al.<\/p>\n","protected":false},"author":1,"featured_media":78677,"comment_status":"open","ping_status":"open","sticky":false,"template":"","format":"standard","meta":{"om_disable_all_campaigns":false,"jetpack_post_was_ever_published":false},"categories":[42065,13504],"tags":[36264],"yst_prominent_words":[14082,36129,36131,17424,7694,12065,20926,36580,19969,11028,36579,36578,36130],"acf":[],"jetpack_featured_media_url":"https:\/\/www.ludwig-van.com\/montreal\/wp-content\/uploads\/sites\/3\/2023\/10\/Copie-de-COMMENTARY-6.jpg","jetpack_sharing_enabled":true,"jetpack_shortlink":"https:\/\/wp.me\/p9bdYt-ksW","amp_enabled":true,"_links":{"self":[{"href":"https:\/\/www.ludwig-van.com\/montreal\/wp-json\/wp\/v2\/posts\/78674"}],"collection":[{"href":"https:\/\/www.ludwig-van.com\/montreal\/wp-json\/wp\/v2\/posts"}],"about":[{"href":"https:\/\/www.ludwig-van.com\/montreal\/wp-json\/wp\/v2\/types\/post"}],"author":[{"embeddable":true,"href":"https:\/\/www.ludwig-van.com\/montreal\/wp-json\/wp\/v2\/users\/1"}],"replies":[{"embeddable":true,"href":"https:\/\/www.ludwig-van.com\/montreal\/wp-json\/wp\/v2\/comments?post=78674"}],"version-history":[{"count":4,"href":"https:\/\/www.ludwig-van.com\/montreal\/wp-json\/wp\/v2\/posts\/78674\/revisions"}],"predecessor-version":[{"id":78679,"href":"https:\/\/www.ludwig-van.com\/montreal\/wp-json\/wp\/v2\/posts\/78674\/revisions\/78679"}],"wp:featuredmedia":[{"embeddable":true,"href":"https:\/\/www.ludwig-van.com\/montreal\/wp-json\/wp\/v2\/media\/78677"}],"wp:attachment":[{"href":"https:\/\/www.ludwig-van.com\/montreal\/wp-json\/wp\/v2\/media?parent=78674"}],"wp:term":[{"taxonomy":"category","embeddable":true,"href":"https:\/\/www.ludwig-van.com\/montreal\/wp-json\/wp\/v2\/categories?post=78674"},{"taxonomy":"post_tag","embeddable":true,"href":"https:\/\/www.ludwig-van.com\/montreal\/wp-json\/wp\/v2\/tags?post=78674"},{"taxonomy":"yst_prominent_words","embeddable":true,"href":"https:\/\/www.ludwig-van.com\/montreal\/wp-json\/wp\/v2\/yst_prominent_words?post=78674"}],"curies":[{"name":"wp","href":"https:\/\/api.w.org\/{rel}","templated":true}]}}