{"id":78627,"date":"2023-10-26T16:24:28","date_gmt":"2023-10-26T20:24:28","guid":{"rendered":"https:\/\/www.ludwig-van.com\/montreal\/?p=78627"},"modified":"2023-10-26T16:25:24","modified_gmt":"2023-10-26T20:25:24","slug":"nouvelle-un-nouveau-steinway-pour-la-salle-bourgie","status":"publish","type":"post","link":"https:\/\/www.ludwig-van.com\/montreal\/2023\/10\/26\/nouvelle-un-nouveau-steinway-pour-la-salle-bourgie\/","title":{"rendered":"NOUVELLE | Un nouveau Steinway de Hambourg pour la Salle Bourgie"},"content":{"rendered":"<figure id=\"attachment_78628\" aria-describedby=\"caption-attachment-78628\" style=\"width: 1200px\" class=\"wp-caption alignnone\"><img decoding=\"async\" loading=\"lazy\" class=\"size-full wp-image-78628\" src=\"https:\/\/www.ludwig-van.com\/montreal\/wp-content\/uploads\/sites\/3\/2023\/10\/Copie-de-NOUVELLE-99.jpg\" alt=\"De gauche \u00e0 droite : Olivier Godin, directeur artistique de la Salle Bourgie; Pierre Bourgie, Pr\u00e9sident du Conseil d\u2019administration de la Fondation Arte Musica, Caroline Louis, directrice g\u00e9n\u00e9rale de la Salle Bourgie. (Photo: courtoisie)\" width=\"1200\" height=\"628\" srcset=\"https:\/\/www.ludwig-van.com\/montreal\/wp-content\/uploads\/sites\/3\/2023\/10\/Copie-de-NOUVELLE-99.jpg 1200w, https:\/\/www.ludwig-van.com\/montreal\/wp-content\/uploads\/sites\/3\/2023\/10\/Copie-de-NOUVELLE-99-300x157.jpg 300w, https:\/\/www.ludwig-van.com\/montreal\/wp-content\/uploads\/sites\/3\/2023\/10\/Copie-de-NOUVELLE-99-1024x536.jpg 1024w, https:\/\/www.ludwig-van.com\/montreal\/wp-content\/uploads\/sites\/3\/2023\/10\/Copie-de-NOUVELLE-99-768x402.jpg 768w\" sizes=\"(max-width: 1200px) 100vw, 1200px\" \/><figcaption id=\"caption-attachment-78628\" class=\"wp-caption-text\">De gauche \u00e0 droite : Olivier Godin, directeur artistique de la Salle Bourgie; Pierre Bourgie, Pr\u00e9sident du Conseil d\u2019administration de la Fondation Arte Musica, Caroline Louis, directrice g\u00e9n\u00e9rale de la Salle Bourgie. (Photo: courtoisie)<\/figcaption><\/figure>\n<h3><span style=\"color: #808080;\">La Salle Bourgie a annonc\u00e9 aujourd&rsquo;hui qu&rsquo;apr\u00e8s un an de recherches, elle a fait l&rsquo;acquisition d&rsquo;un nouveau piano Steinway de Hambourg.\u00a0<\/span><\/h3>\n<p>Il s\u2019agit d\u2019un piano \u00e0 queue de mod\u00e8le D-274 et d\u2019une longueur de 9 pieds (8&prime; 11\u00be\u00a0\u00bb), soit 274 fabriqu\u00e9 \u00e0 Hambourg, en Allemagne.<\/p>\n<p>Selon la Salle Bourgie, ce mod\u00e8le est l\u2019un des pianos de concert les plus r\u00e9put\u00e9s au monde : il est pris\u00e9 par des salles prestigieuses, telles que le Carnegie Hall de New York, la Philharmonie de Berlin, l\u2019Elbphilharmonie de Hambourg et la Philharmonie de Paris. D&rsquo;ailleurs, le Steinway de Hambourg a \u00e9t\u00e9 et demeure \u00e0 ce jour le choix de grands interpr\u00e8tes tels que Alfred Brendel, Arthur Rubinstein, Sergei Rachmaninov, Krystian Zimerman et tant d\u2019autres.<\/p>\n<p>\u00ab\u00a0L\u2019instrument a \u00e9t\u00e9 s\u00e9lectionn\u00e9 par le pianiste et directeur artistique de la Salle Bourgie, <strong>Olivier Godin<\/strong>, mentionne le communiqu\u00e9. Il se distingue par son timbre tr\u00e8s riche, sa palette expressive \u00e9tendue et son m\u00e9canisme tr\u00e8s pr\u00e9cis, permettant une grande vari\u00e9t\u00e9 de couleurs et de nuances. Son nouveau syst\u00e8me de contr\u00f4le des \u00e9touffoirs HDS (Harmonic Damper Setting) permet un contr\u00f4le accru et tr\u00e8s pr\u00e9cis de la p\u00e9dale.\u00a0\u00bb<\/p>\n<p>Cette acquisition s\u2019inscrit dans la volont\u00e9 <a href=\"https:\/\/www.ludwig-van.com\/montreal\/2022\/05\/30\/nouvelle-salle-bourgie-caroline-louis-et-olivier-godin-a-la-direction\/\" target=\"_blank\" rel=\"noopener\">du tandem \u00e0 la direction de la Salle Bourgie<\/a>, <strong>Olivier Godin<\/strong> et <strong>Caroline Louis<\/strong>, de donner une attention particuli\u00e8re \u00e0 la s\u00e9rie \u00ab<a href=\"https:\/\/www.mbam.qc.ca\/fr\/serie\/piano\/?utm_source=M%C3%89DIAS+FR_BOURGIE&amp;utm_campaign=e9b76a1eff-EMAIL_CAMPAIGN_2022_04_12_06_26_COPY_01&amp;utm_medium=email&amp;utm_term=0_a5b67e3ec1-e9b76a1eff-274672817\" target=\"_blank\" rel=\"noopener\"> Pianistes d\u2019exception<\/a> \u00bb qui se poursuivra au cours des prochaines saisons.\u00a0 Plusieurs concerts de cette s\u00e9rie ont d&rsquo;ailleurs lieu la semaine prochaine, notamment celui de <strong>Christian Blackshaw<\/strong>, le 2 novembre, et celui de <strong>Pierre-Laurent Aimard<\/strong>, le 5 novembre, dans le cadre du <a href=\"https:\/\/www.ludwig-van.com\/montreal\/2023\/10\/23\/communaute-un-festival-en-hommage-a-ligeti-a-la-salle-bourgie\/\" target=\"_blank\" rel=\"noopener\">Festival Ligeti de la Salle Bourgie<\/a>.<\/p>\n<p>Ce nouveau Steinway, qui s&rsquo;ajoute \u00e0 la collection d&rsquo;instruments de la Salle Bourgie, remplacera le Steinway de New York qui avait \u00e9t\u00e9 acquis en 2011.<\/p>\n<h2><em>Inscrivez-vous \u00e0 notre infolettre! La musique classique et l&rsquo;op\u00e9ra en 5 minutes, chaque jour<\/em> \u00a0<a href=\"https:\/\/ludwig-van.us9.list-manage.com\/subscribe?u=4f785cb3f9058f2393ccad035&amp;id=b9b160c032\" target=\"_blank\" rel=\"noopener noreferrer\">ICI<\/a><\/h2>\n","protected":false},"excerpt":{"rendered":"<p>La Salle Bourgie a annonc\u00e9 aujourd&rsquo;hui qu&rsquo;apr\u00e8s un an de recherches, elle a fait l&rsquo;acquisition d&rsquo;un nouveau piano Steinway de Hambourg.\u00a0<\/p>\n","protected":false},"author":1,"featured_media":78628,"comment_status":"open","ping_status":"open","sticky":false,"template":"","format":"standard","meta":{"om_disable_all_campaigns":false,"jetpack_post_was_ever_published":false},"categories":[42065,10956,10992],"tags":[42066,11137],"yst_prominent_words":[9943,9856,9851,11524,15621,7059,11523,11520,10710,9956,9231],"acf":[],"jetpack_featured_media_url":"https:\/\/www.ludwig-van.com\/montreal\/wp-content\/uploads\/sites\/3\/2023\/10\/Copie-de-NOUVELLE-99.jpg","jetpack_sharing_enabled":true,"jetpack_shortlink":"https:\/\/wp.me\/p9bdYt-ksb","amp_enabled":true,"_links":{"self":[{"href":"https:\/\/www.ludwig-van.com\/montreal\/wp-json\/wp\/v2\/posts\/78627"}],"collection":[{"href":"https:\/\/www.ludwig-van.com\/montreal\/wp-json\/wp\/v2\/posts"}],"about":[{"href":"https:\/\/www.ludwig-van.com\/montreal\/wp-json\/wp\/v2\/types\/post"}],"author":[{"embeddable":true,"href":"https:\/\/www.ludwig-van.com\/montreal\/wp-json\/wp\/v2\/users\/1"}],"replies":[{"embeddable":true,"href":"https:\/\/www.ludwig-van.com\/montreal\/wp-json\/wp\/v2\/comments?post=78627"}],"version-history":[{"count":3,"href":"https:\/\/www.ludwig-van.com\/montreal\/wp-json\/wp\/v2\/posts\/78627\/revisions"}],"predecessor-version":[{"id":78632,"href":"https:\/\/www.ludwig-van.com\/montreal\/wp-json\/wp\/v2\/posts\/78627\/revisions\/78632"}],"wp:featuredmedia":[{"embeddable":true,"href":"https:\/\/www.ludwig-van.com\/montreal\/wp-json\/wp\/v2\/media\/78628"}],"wp:attachment":[{"href":"https:\/\/www.ludwig-van.com\/montreal\/wp-json\/wp\/v2\/media?parent=78627"}],"wp:term":[{"taxonomy":"category","embeddable":true,"href":"https:\/\/www.ludwig-van.com\/montreal\/wp-json\/wp\/v2\/categories?post=78627"},{"taxonomy":"post_tag","embeddable":true,"href":"https:\/\/www.ludwig-van.com\/montreal\/wp-json\/wp\/v2\/tags?post=78627"},{"taxonomy":"yst_prominent_words","embeddable":true,"href":"https:\/\/www.ludwig-van.com\/montreal\/wp-json\/wp\/v2\/yst_prominent_words?post=78627"}],"curies":[{"name":"wp","href":"https:\/\/api.w.org\/{rel}","templated":true}]}}