{"id":78601,"date":"2023-10-30T16:38:19","date_gmt":"2023-10-30T20:38:19","guid":{"rendered":"https:\/\/www.ludwig-van.com\/montreal\/?p=78601"},"modified":"2023-10-30T16:38:19","modified_gmt":"2023-10-30T20:38:19","slug":"choix-de-la-redaction-les-concerts-classiques-a-ne-pas-manquer-du-30-octobre-au-5-novembre","status":"publish","type":"post","link":"https:\/\/www.ludwig-van.com\/montreal\/2023\/10\/30\/choix-de-la-redaction-les-concerts-classiques-a-ne-pas-manquer-du-30-octobre-au-5-novembre\/","title":{"rendered":"CHOIX DE LA R\u00c9DACTION | Les concerts classiques \u00e0 ne pas manquer du 30 octobre au 5 novembre"},"content":{"rendered":"<figure id=\"attachment_78671\" aria-describedby=\"caption-attachment-78671\" style=\"width: 1200px\" class=\"wp-caption alignnone\"><img decoding=\"async\" loading=\"lazy\" class=\"wp-image-78671 size-full\" src=\"https:\/\/www.ludwig-van.com\/montreal\/wp-content\/uploads\/sites\/3\/2023\/10\/Copie-de-CONCERTS-2023-10-30T162823.759-1.jpg\" alt=\"\" width=\"1200\" height=\"628\" srcset=\"https:\/\/www.ludwig-van.com\/montreal\/wp-content\/uploads\/sites\/3\/2023\/10\/Copie-de-CONCERTS-2023-10-30T162823.759-1.jpg 1200w, https:\/\/www.ludwig-van.com\/montreal\/wp-content\/uploads\/sites\/3\/2023\/10\/Copie-de-CONCERTS-2023-10-30T162823.759-1-300x157.jpg 300w, https:\/\/www.ludwig-van.com\/montreal\/wp-content\/uploads\/sites\/3\/2023\/10\/Copie-de-CONCERTS-2023-10-30T162823.759-1-1024x536.jpg 1024w, https:\/\/www.ludwig-van.com\/montreal\/wp-content\/uploads\/sites\/3\/2023\/10\/Copie-de-CONCERTS-2023-10-30T162823.759-1-768x402.jpg 768w\" sizes=\"(max-width: 1200px) 100vw, 1200px\" \/><figcaption id=\"caption-attachment-78671\" class=\"wp-caption-text\"><strong>Pierre-Laurent Aimard, Basilique Notre-Dame de Montr\u00e9al (Photo: Jean Guimond); Andras Schiff (Photo: courtoisie)<\/strong><\/figcaption><\/figure>\n<h3><span style=\"color: #808080;\">En cette semaine d&rsquo;Halloween, voici toute une s\u00e9lection de friandises pour les oreilles! Deux \u00e9v\u00e9nements attirent notre attention: le Festival Ligeti de la Salle Bourgie, et \u00c0 la crois\u00e9e des pianos, un \u00e9v\u00e9nement sur trois jours de la SMCQ. Voici nos Choix de la r\u00e9daction du 30 octobre au 5 novembre.\u00a0<\/span><\/h3>\n<p>&nbsp;<\/p>\n<figure id=\"attachment_78556\" aria-describedby=\"caption-attachment-78556\" style=\"width: 1200px\" class=\"wp-caption alignnone\"><img decoding=\"async\" loading=\"lazy\" class=\"size-full wp-image-78556\" src=\"https:\/\/www.ludwig-van.com\/montreal\/wp-content\/uploads\/sites\/3\/2023\/10\/Ligeti-cr-Marion-Kalter.png\" alt=\"Gy\u00f6rgy Ligeti (Photo: Marion Kalter)\" width=\"1200\" height=\"600\" srcset=\"https:\/\/www.ludwig-van.com\/montreal\/wp-content\/uploads\/sites\/3\/2023\/10\/Ligeti-cr-Marion-Kalter.png 1200w, https:\/\/www.ludwig-van.com\/montreal\/wp-content\/uploads\/sites\/3\/2023\/10\/Ligeti-cr-Marion-Kalter-300x150.png 300w, https:\/\/www.ludwig-van.com\/montreal\/wp-content\/uploads\/sites\/3\/2023\/10\/Ligeti-cr-Marion-Kalter-1024x512.png 1024w, https:\/\/www.ludwig-van.com\/montreal\/wp-content\/uploads\/sites\/3\/2023\/10\/Ligeti-cr-Marion-Kalter-768x384.png 768w\" sizes=\"(max-width: 1200px) 100vw, 1200px\" \/><figcaption id=\"caption-attachment-78556\" class=\"wp-caption-text\">Gy\u00f6rgy Ligeti (Photo: Marion Kalter)<\/figcaption><\/figure>\n<h3>Festival Ligeti \u00e0 la Salle Bourgie<\/h3>\n<p>La\u00a0<strong>Salle Bourgie<\/strong>\u00a0pr\u00e9sente le\u00a0<a href=\"https:\/\/www.mbam.qc.ca\/fr\/serie\/festival-ligeti\/\"><strong>Festival Ligeti<\/strong><\/a>\u00a0les\u00a0<strong>samedi<\/strong>\u00a0<strong>4 et dimanche 5 novembre prochain<\/strong>, pour souligner le 100<sup>e<\/sup>\u00a0anniversaire du c\u00e9l\u00e8bre compositeur hongrois\u00a0<strong>Gy\u00f6rgy Ligeti<\/strong>. L\u2019invit\u00e9 d\u2019honneur sera le renomm\u00e9 pianiste fran\u00e7ais\u00a0<strong>Pierre-Laurent Aimard. <a href=\"https:\/\/www.ludwig-van.com\/montreal\/2023\/10\/23\/communaute-un-festival-en-hommage-a-ligeti-a-la-salle-bourgie\/\" target=\"_blank\" rel=\"noopener\">EN SAVOIR PLUS<\/a><\/strong><\/p>\n<p>\u00c0 l&rsquo;occasion de ce festival, quatre \u00e9v\u00e9nements sont au programme:<\/p>\n<ul>\n<li>Conf\u00e9rence avec le musicologue <strong>Benjamin Levy<\/strong>, le 4 novembre \u00e0 14 h 30 <a href=\"https:\/\/www.mbam.qc.ca\/fr\/activites\/hommage-a-gyorgy-ligeti-conference\/\" target=\"_blank\" rel=\"noopener\">D\u00c9TAILS<\/a><\/li>\n<li>R\u00e9cital de musique de chambre avec trois ensembles de Montr\u00e9al et le Quatuor Ligeti sous la direction de <strong>Jean-Micha\u00ebl Lavoie<\/strong>, le 4 novembre \u00e0 19 h 30 <a href=\"https:\/\/www.mbam.qc.ca\/fr\/activites\/hommage-a-gyorgy-ligeti-concert-1\/\" target=\"_blank\" rel=\"noopener\">D\u00c9TAILS<\/a><\/li>\n<li>R\u00e9cital du <strong>Quatuor Ligeti<\/strong>, le 5 novembre \u00e0 14 h 30 <a href=\"https:\/\/www.mbam.qc.ca\/fr\/activites\/hommage-a-gyorgy-ligeti-concert-2\/\" target=\"_blank\" rel=\"noopener\">D\u00c9TAILS<\/a><\/li>\n<li>R\u00e9cital de <strong>Pierre-Laurent Aimard<\/strong>, le 5 novembre \u00e0 18 h <a href=\"https:\/\/www.mbam.qc.ca\/fr\/activites\/hommage-a-gyorgy-ligeti-concert-3\/\" target=\"_blank\" rel=\"noopener\">D\u00c9TAILS<\/a><\/li>\n<\/ul>\n<p>&nbsp;<\/p>\n<p style=\"text-align: center;\"><img decoding=\"async\" loading=\"lazy\" class=\"alignnone size-full wp-image-78664\" src=\"https:\/\/www.ludwig-van.com\/montreal\/wp-content\/uploads\/sites\/3\/2023\/10\/LVM-BANNER-SMCQ-FESTIVAL-PIANO.png\" alt=\"\" width=\"590\" height=\"300\" srcset=\"https:\/\/www.ludwig-van.com\/montreal\/wp-content\/uploads\/sites\/3\/2023\/10\/LVM-BANNER-SMCQ-FESTIVAL-PIANO.png 590w, https:\/\/www.ludwig-van.com\/montreal\/wp-content\/uploads\/sites\/3\/2023\/10\/LVM-BANNER-SMCQ-FESTIVAL-PIANO-300x153.png 300w\" sizes=\"(max-width: 590px) 100vw, 590px\" \/><\/p>\n<h3>SMCQ: \u00e0 la crois\u00e9e des pianos<\/h3>\n<p>Du vendredi 3 au dimanche 5 novembre, la <strong>SCMQ<\/strong> nous invite \u00e0 vivre une exp\u00e9rience unique o\u00f9 la virtuosit\u00e9 des pianistes atteindra des sommets avec des compositions cr\u00e9\u00e9es pour cet instrument.<\/p>\n<p>Dans le cadre de la S\u00e9rie Hommage \u00e0 <strong>Sandeep Bhagwati<\/strong>, cet \u00e9v\u00e9nement pr\u00e9sente 8 r\u00e9citals des pianistes sp\u00e9cialistes de la musique actuelle, d\u2019ici et d\u2019ailleurs: <strong>Moritz Ernst<\/strong> (Allemagne), <strong>Viktor Lazarov, Philippe Prud\u2019homme, Erik Bertsch (Italie), Pamela Reimer, Daniel \u00c1\u00f1ez<\/strong> et <strong>Brigitte Poulin.<\/strong><\/p>\n<p>Au centre du programme, <em>Music of Crossings<\/em> de <strong>Sandeep Bhagwati<\/strong>, un cycle de 36 courtes pi\u00e8ces pr\u00e9sent\u00e9 en trois r\u00e9citals interpr\u00e9t\u00e9s par le pianiste de r\u00e9putation internationale Moritz Ernst.<\/p>\n<p>Les 5 autres r\u00e9citals proposent un ensemble d\u2019\u0153uvres contemporaines, pour la plupart r\u00e9centes, de Francis Battah, Luciano Berio, \u00c9milie Girard-Charest, Anna Korsun, Helmut Lachenmann, Cassandra Miller, Leon Miodrag Lazarov Pashu, Gordon Monahan, Fran\u00e7ois Morel, Jocelyn Morlock, Sarah Nemtzov, Sne\u017eana Ne\u0161i\u0107, Fabio Nieder, Silvio Palmieri, Karlheinz Stockhausen, Marco Stroppa et Ann Southam. \u00c0 cela s\u2019ajoute trois cr\u00e9ations de Serge Arcuri, Michael Oesterle et Yulia Zakharava.<\/p>\n<p><strong>Les 3, 4 et 5 novembre, salle Pierre-Mercure <a href=\"https:\/\/smcq.qc.ca\/smcq\/fr\/nouvelle\/10479\/a-la-croisee-des-pianos-3\" target=\"_blank\" rel=\"noopener\">D\u00c9TAILS ET BILLETS<\/a><\/strong><\/p>\n<p>&nbsp;<\/p>\n<figure id=\"attachment_54937\" aria-describedby=\"caption-attachment-54937\" style=\"width: 1024px\" class=\"wp-caption alignnone\"><img decoding=\"async\" loading=\"lazy\" class=\"size-full wp-image-54937\" src=\"https:\/\/www.ludwig-van.com\/montreal\/wp-content\/uploads\/sites\/3\/2018\/06\/Orchestre-metropolitain_04_Antoine_Saito_196-refaite.jpg\" alt=\"L'Orchestre M\u00e9tropolitain (OM)\" width=\"1024\" height=\"683\" srcset=\"https:\/\/www.ludwig-van.com\/montreal\/wp-content\/uploads\/sites\/3\/2018\/06\/Orchestre-metropolitain_04_Antoine_Saito_196-refaite.jpg 1024w, https:\/\/www.ludwig-van.com\/montreal\/wp-content\/uploads\/sites\/3\/2018\/06\/Orchestre-metropolitain_04_Antoine_Saito_196-refaite-300x200.jpg 300w, https:\/\/www.ludwig-van.com\/montreal\/wp-content\/uploads\/sites\/3\/2018\/06\/Orchestre-metropolitain_04_Antoine_Saito_196-refaite-768x512.jpg 768w\" sizes=\"(max-width: 1024px) 100vw, 1024px\" \/><figcaption id=\"caption-attachment-54937\" class=\"wp-caption-text\">L&rsquo;Orchestre M\u00e9tropolitain. (Photo : Antoine Saito)<\/figcaption><\/figure>\n<h3>Orchestre M\u00e9tropolitain: Mille et un tambours<\/h3>\n<p><strong>L&rsquo;Orchestre M\u00e9tropolitain<\/strong> pr\u00e9sente le programme Mille et un tambours, sous la direction de la cheffe <strong>Elim Chan<\/strong>.\u00a0 On pourra entendre <em>Sh\u00e9h\u00e9razade<\/em>, de Rimsky-Korsakov, <em>Speaking Drums<\/em>, du compositeur hongrois Peter E\u00f6tv\u00f6s, et <em>The Midnight Hour<\/em>, de la compositrice britannique Anna Clyne. Soliste invit\u00e9: <strong>Dominique Vleeshouwers<\/strong>, percussionniste.<\/p>\n<p><strong>Le 1er novembre, 19 h 30, Salle D\u00e9silets, Pointe-aux-Trembles <a href=\"https:\/\/orchestremetropolitain.com\/fr\/concerts\/mille-et-un-tambours\/?show_date_id=5866\" target=\"_blank\" rel=\"noopener\">D\u00c9TAILS ET BILLETS<\/a><\/strong><\/p>\n<p><strong>Le 2 novembre, salle Saputo, Saint-L\u00e9onard <a href=\"https:\/\/orchestremetropolitain.com\/fr\/concerts\/mille-et-un-tambours\/?show_date_id=5868\" target=\"_blank\" rel=\"noopener\">D\u00c9TAILS ET BILLETS<\/a><\/strong><\/p>\n<p><strong>Le 3 novembre, 19 h 30, Maison symphonique. <a href=\"https:\/\/orchestremetropolitain.com\/fr\/concerts\/mille-et-un-tambours\/?show_date_id=5864\" target=\"_blank\" rel=\"noopener\">D\u00c9TAILS ET BILLETS<\/a><\/strong><\/p>\n<p>&nbsp;<\/p>\n<figure id=\"attachment_77596\" aria-describedby=\"caption-attachment-77596\" style=\"width: 1200px\" class=\"wp-caption alignnone\"><img decoding=\"async\" loading=\"lazy\" class=\"size-full wp-image-77596\" src=\"https:\/\/www.ludwig-van.com\/montreal\/wp-content\/uploads\/sites\/3\/2023\/08\/Sandra-Murray_Claire-Ouellet.png\" alt=\"\" width=\"1200\" height=\"1200\" srcset=\"https:\/\/www.ludwig-van.com\/montreal\/wp-content\/uploads\/sites\/3\/2023\/08\/Sandra-Murray_Claire-Ouellet.png 1200w, https:\/\/www.ludwig-van.com\/montreal\/wp-content\/uploads\/sites\/3\/2023\/08\/Sandra-Murray_Claire-Ouellet-300x300.png 300w, https:\/\/www.ludwig-van.com\/montreal\/wp-content\/uploads\/sites\/3\/2023\/08\/Sandra-Murray_Claire-Ouellet-1024x1024.png 1024w, https:\/\/www.ludwig-van.com\/montreal\/wp-content\/uploads\/sites\/3\/2023\/08\/Sandra-Murray_Claire-Ouellet-150x150.png 150w, https:\/\/www.ludwig-van.com\/montreal\/wp-content\/uploads\/sites\/3\/2023\/08\/Sandra-Murray_Claire-Ouellet-768x768.png 768w\" sizes=\"(max-width: 1200px) 100vw, 1200px\" \/><figcaption id=\"caption-attachment-77596\" class=\"wp-caption-text\">Sandra Murray, Claire Ouellet<\/figcaption><\/figure>\n<h3>Rachmaninov pour deux pianos<\/h3>\n<p>\u00c0 l\u2019occasion du 150e anniversaire de la naissance de Rachmaninov, Sandra Murray et Claire Ouellet, pianistes duettistes, dont l&rsquo;association remonte \u00e0 1993, se retrouvent sur sc\u00e8ne dans un programme enlevant d\u2019\u0153uvres pour deux pianos.<\/p>\n<p><strong>Le 1er novembre, 19 h 30, Salle Bourgie<\/strong> <a href=\"https:\/\/www.mbam.qc.ca\/fr\/activites\/sandra-murray-claire-ouellet-pianosfr\/\" target=\"_blank\" rel=\"noopener\"><strong>D\u00c9TAILS ET BILLETS<\/strong><\/a><\/p>\n<p>&nbsp;<\/p>\n<figure id=\"attachment_59668\" aria-describedby=\"caption-attachment-59668\" style=\"width: 1024px\" class=\"wp-caption alignnone\"><img decoding=\"async\" loading=\"lazy\" class=\"size-full wp-image-59668\" src=\"https:\/\/www.ludwig-van.com\/montreal\/wp-content\/uploads\/sites\/3\/2017\/12\/Christian-Blackshaw\u00a9Si-Barber.jpg\" alt=\"Christian Blackshaw\" width=\"1024\" height=\"681\" srcset=\"https:\/\/www.ludwig-van.com\/montreal\/wp-content\/uploads\/sites\/3\/2017\/12\/Christian-Blackshaw\u00a9Si-Barber.jpg 1024w, https:\/\/www.ludwig-van.com\/montreal\/wp-content\/uploads\/sites\/3\/2017\/12\/Christian-Blackshaw\u00a9Si-Barber-300x200.jpg 300w, https:\/\/www.ludwig-van.com\/montreal\/wp-content\/uploads\/sites\/3\/2017\/12\/Christian-Blackshaw\u00a9Si-Barber-768x511.jpg 768w\" sizes=\"(max-width: 1024px) 100vw, 1024px\" \/><figcaption id=\"caption-attachment-59668\" class=\"wp-caption-text\">Christian Blackshaw, pianiste. (Photo: Si Barber)<\/figcaption><\/figure>\n<h3>Christian Blackshaw en r\u00e9cital<\/h3>\n<p>L\u2019int\u00e9grale des Sonates pour piano de Mozart \u00e0 la Salle Bourgie se poursuit. Ce cinqui\u00e8me et dernier r\u00e9cital pr\u00e9sentera quatre \u0153uvres lumineuses du ma\u00eetre du Classicisme, dont la c\u00e9l\u00e8bre sonate <em>Alla turca<\/em>.<\/p>\n<p><strong>Le 2 novembre, 19 h 30, Salle Bourgie <a href=\"https:\/\/www.mbam.qc.ca\/fr\/activites\/christian-blackshaw-integrale-des-sonates-pour-piano-de-mozart\/\" target=\"_blank\" rel=\"noopener\">D\u00c9TAILS ET BILLETS<\/a><\/strong><\/p>\n<p>&nbsp;<\/p>\n<figure id=\"attachment_77310\" aria-describedby=\"caption-attachment-77310\" style=\"width: 1200px\" class=\"wp-caption alignnone\"><img decoding=\"async\" loading=\"lazy\" class=\"size-full wp-image-77310\" src=\"https:\/\/www.ludwig-van.com\/montreal\/wp-content\/uploads\/sites\/3\/2023\/08\/Raul-Prieto-Ramirez_Lucienne-Renaudin-Vary.jpg\" alt=\"\" width=\"1200\" height=\"381\" \/><figcaption id=\"caption-attachment-77310\" class=\"wp-caption-text\">Ra\u00fal Prieto Ram\u00edrez, Lucienne Renaudin Vary<\/figcaption><\/figure>\n<p>L\u2019organiste <strong>Ra\u00fal Prieto Ram\u00edrez<\/strong> et la trompettiste <strong>Lucienne Renaudin Vary<\/strong> sont r\u00e9unis le temps d\u2019un concert dans un r\u00e9pertoire tr\u00e8s \u00e9clectique allant de la musique baroque au jazz, avec quelques incursions dans le r\u00e9pertoire romantique.<\/p>\n<h3>Le 2 novembre, 19 h 30, Maison symphonique <a href=\"https:\/\/www.osm.ca\/fr\/concerts\/trompette-et-orgue-a-la-maison-symphonique\/\" target=\"_blank\" rel=\"noopener\">D\u00c9TAILS ET BILLETS<\/a><\/h3>\n<p>&nbsp;<\/p>\n<figure id=\"attachment_78492\" aria-describedby=\"caption-attachment-78492\" style=\"width: 403px\" class=\"wp-caption aligncenter\"><img decoding=\"async\" loading=\"lazy\" class=\"size-full wp-image-78492\" src=\"https:\/\/www.ludwig-van.com\/montreal\/wp-content\/uploads\/sites\/3\/2023\/10\/David-Dias-da-Silva_Cameron-Crozman_Philip-Chiu-e1698688950897.png\" alt=\"David Dias da Silva Cameron Crozman Philip Chiu en trio aux Jeunesse musicales Canada (photo : courtoisie)\" width=\"403\" height=\"236\" srcset=\"https:\/\/www.ludwig-van.com\/montreal\/wp-content\/uploads\/sites\/3\/2023\/10\/David-Dias-da-Silva_Cameron-Crozman_Philip-Chiu-e1698688950897.png 403w, https:\/\/www.ludwig-van.com\/montreal\/wp-content\/uploads\/sites\/3\/2023\/10\/David-Dias-da-Silva_Cameron-Crozman_Philip-Chiu-e1698688950897-300x176.png 300w\" sizes=\"(max-width: 403px) 100vw, 403px\" \/><figcaption id=\"caption-attachment-78492\" class=\"wp-caption-text\">David Dias da Silva, Cameron Crozman, Philip Chiu<\/figcaption><\/figure>\n<h3>Jeunesses Musicales Canada : Rendez-vous avec Brahms, Henryson et Rota<\/h3>\n<p>R\u00e9unis pour la premi\u00e8re fois sur sc\u00e8ne, le clarinettiste <strong>David Dias da Silva<\/strong>, le violoncelliste <strong>Cameron Crozman<\/strong> et le pianiste <strong>Philip Chiu<\/strong> se donnent rendez-vous autour d\u2019un r\u00e9pertoire tout en contraste. Le temps d\u2019un concert, d\u00e9couvrez un trio d\u2019artistes JM Canada, r\u00e9unis express\u00e9ment pour ce r\u00e9cital, qui explorera les styles n\u00e9oromantique et postmoderne de Rota et d\u2019Henryson et qui offrira avec passion l\u2019embl\u00e9matique et dramatique trio de Brahms.<\/p>\n<h3>Le 2 novembre, 19 h, Salle Joseph-Rouleau <a href=\"https:\/\/www.jmcanada.ca\/fr\/concerts\/rendez-vous-avec-brahms-henryson-et-rota\/?utm_source=Jeunesses+Musicales+Canada&amp;utm_campaign=0b057601e2-EMAIL_CAMPAIGN_2023_10_18_03_58&amp;utm_medium=email&amp;utm_term=0_-0b057601e2-%5BLIST_EMAIL_ID%5D\" target=\"_blank\" rel=\"noopener\">D\u00c9TAILS ET BILLETS<\/a><\/h3>\n<p>&nbsp;<\/p>\n<figure id=\"attachment_68516\" aria-describedby=\"caption-attachment-68516\" style=\"width: 1200px\" class=\"wp-caption alignnone\"><img decoding=\"async\" loading=\"lazy\" class=\"size-full wp-image-68516\" src=\"https:\/\/www.ludwig-van.com\/montreal\/wp-content\/uploads\/sites\/3\/2021\/10\/Sir-Andras-Schiff-piano-e1698689195842.jpg\" alt=\"Sir Andr\u00e1s Schiff, piano\" width=\"1200\" height=\"459\" \/><figcaption id=\"caption-attachment-68516\" class=\"wp-caption-text\">(Photo : courtoisie)<\/figcaption><\/figure>\n<h3>Club musical de Qu\u00e9bec &#8211; Sir Andr\u00e1s Schiff<\/h3>\n<p>La venue du pianiste d\u2019origine hongroise <strong>Andr\u00e1s Schiff<\/strong> \u00e0 Qu\u00e9bec est ind\u00e9niablement l\u2019un des r\u00e9citals les plus attendus des derni\u00e8res ann\u00e9es. Parmi les grands pianistes de l\u2019histoire, il a marqu\u00e9 l\u2019imaginaire par des interpr\u00e9tations notamment de la musique de Bach, Mozart, Beethoven, Schubert et Schumann, ou encore celle de ses compatriotes. Il nous propose un programme spontan\u00e9, annonc\u00e9 de la sc\u00e8ne, qui fait assur\u00e9ment la part belle \u00e0 ses compositeurs de pr\u00e9dilection. Pr\u00e9lude-conf\u00e9rence en salle \u00e0 18 h 45.<\/p>\n<h3>Le 3 novembre, 19 h 30, Palais Montcalm <a href=\"https:\/\/clubmusicaldequebec.com\/cmq\/index.php\/programmation\/saison-2023-2024\/andras-schiff\" target=\"_blank\" rel=\"noopener\">D\u00c9TAILS ET BILLETS<\/a><\/h3>\n<p>&nbsp;<\/p>\n<figure id=\"attachment_77785\" aria-describedby=\"caption-attachment-77785\" style=\"width: 1200px\" class=\"wp-caption alignnone\"><img decoding=\"async\" loading=\"lazy\" class=\"size-full wp-image-77785\" src=\"https:\/\/www.ludwig-van.com\/montreal\/wp-content\/uploads\/sites\/3\/2023\/08\/Nicolas-Ellis_Kerson-Leong.png\" alt=\"\" width=\"1200\" height=\"1200\" srcset=\"https:\/\/www.ludwig-van.com\/montreal\/wp-content\/uploads\/sites\/3\/2023\/08\/Nicolas-Ellis_Kerson-Leong.png 1200w, https:\/\/www.ludwig-van.com\/montreal\/wp-content\/uploads\/sites\/3\/2023\/08\/Nicolas-Ellis_Kerson-Leong-300x300.png 300w, https:\/\/www.ludwig-van.com\/montreal\/wp-content\/uploads\/sites\/3\/2023\/08\/Nicolas-Ellis_Kerson-Leong-1024x1024.png 1024w, https:\/\/www.ludwig-van.com\/montreal\/wp-content\/uploads\/sites\/3\/2023\/08\/Nicolas-Ellis_Kerson-Leong-150x150.png 150w, https:\/\/www.ludwig-van.com\/montreal\/wp-content\/uploads\/sites\/3\/2023\/08\/Nicolas-Ellis_Kerson-Leong-768x768.png 768w\" sizes=\"(max-width: 1200px) 100vw, 1200px\" \/><figcaption id=\"caption-attachment-77785\" class=\"wp-caption-text\">Nicolas Ellis et Kerson Leong<\/figcaption><\/figure>\n<h3>Kerson Leong aux Violons du Roy<\/h3>\n<p>Kerson Leong, Nicolas Ellis et Les Violons du Roy se retrouvent autour de concertos baroques de grands ma\u00eetres italiens tels que Vivaldi, Corelli et Tartini.<\/p>\n<p><strong>Le 3 novembre, 19 h 30, Salle Bourgie <a href=\"https:\/\/www.mbam.qc.ca\/fr\/activites\/violons-du-roy-le-labyrinthe-du-diable\/\" target=\"_blank\" rel=\"noopener\">D\u00c9TAILS ET BILLETS<\/a>\u00a0<\/strong><\/p>\n<p>&nbsp;<\/p>\n<figure id=\"attachment_71482\" aria-describedby=\"caption-attachment-71482\" style=\"width: 1234px\" class=\"wp-caption alignnone\"><img decoding=\"async\" loading=\"lazy\" class=\"size-full wp-image-71482\" src=\"https:\/\/www.ludwig-van.com\/montreal\/wp-content\/uploads\/sites\/3\/2022\/06\/Elisabeth-St-Gelais.jpg\" alt=\"Elisabeth St-Gelais, soprano. (Photo: courtoisie)\" width=\"1234\" height=\"805\" \/><figcaption id=\"caption-attachment-71482\" class=\"wp-caption-text\">Elisabeth St-Gelais, soprano. (Photo: courtoisie)<\/figcaption><\/figure>\n<h3>La Chapelle historique du Bon-Pasteur au CCA<\/h3>\n<p>La soprano <strong>\u00c9lisabeth St-Gelais<\/strong>, R\u00e9v\u00e9lation Radio-Canada classique 2023-3024, et <strong>Louise Pelletier<\/strong> au piano offrent un r\u00e9cital de lieder allemands avec des oeuvres de Brahms, Wagner et Richard Strauss.<\/p>\n<h3>Le 5 novembre, 15 h, Centre canadien d&rsquo;architecture <a href=\"https:\/\/www.quartierdesspectacles.com\/fr\/activite\/36583\/serenade-elisabeth-st-gelais-et-louise-pelletier#\" target=\"_blank\" rel=\"noopener\">D\u00c9TAILS ET BILLETS<\/a><\/h3>\n<p>&nbsp;<\/p>\n<figure id=\"attachment_68392\" aria-describedby=\"caption-attachment-68392\" style=\"width: 1144px\" class=\"wp-caption alignnone\"><img decoding=\"async\" loading=\"lazy\" class=\"size-full wp-image-68392\" src=\"https:\/\/www.ludwig-van.com\/montreal\/wp-content\/uploads\/sites\/3\/2021\/10\/TOTEM-ELECTRIQUE-XIV.jpg\" alt=\"\" width=\"1144\" height=\"418\" \/><figcaption id=\"caption-attachment-68392\" class=\"wp-caption-text\">(Photo : courtoisie)<\/figcaption><\/figure>\n<h3>Le Vivier : Totem \u00c9lectrique XVI<\/h3>\n<p>La seizi\u00e8me \u00e9dition de Totem \u00c9lectrique met \u00e0 l&rsquo;honneur cinq compositrices (<strong>Erin Gee<\/strong>, <strong>Audr\u00e9anne Filion<\/strong>, <strong>Sophie Delafontaine<\/strong>, <strong>Julie Delisle<\/strong> et <strong>Pauline Patie<\/strong>). Leurs compositions originales et uniques en leur genre pour Table de Babel sont jou\u00e9es par les interpr\u00e8tes chevronn\u00e9s <strong>Jean-Fran\u00e7ois Laporte<\/strong> et <strong>Francis Leduc<\/strong>. Les sublimes et captivants \u00e9clairages de <strong>Natasha Desc\u00f4teaux<\/strong> permettent de vivre une exp\u00e9rience musicale immersive et inoubliable. C\u2019est aussi l\u2019occasion de f\u00eater tou\u00b7te\u00b7s ensemble les 20 ans de Productions Totem Contemporain.<\/p>\n<h3>Le 2 novembre, 19 h 30, Salle bleue de l&rsquo;\u00c9difice Wilder <a href=\"https:\/\/levivier.ca\/fr\/concert\/saison-2023-24\/totem-electrique-xvi\" target=\"_blank\" rel=\"noopener\">D\u00c9TAILS ET BILLETS<\/a><\/h3>\n<p>&nbsp;<\/p>\n<figure id=\"attachment_49996\" aria-describedby=\"caption-attachment-49996\" style=\"width: 1024px\" class=\"wp-caption alignnone\"><img decoding=\"async\" loading=\"lazy\" class=\"size-full wp-image-49996\" src=\"https:\/\/www.ludwig-van.com\/montreal\/wp-content\/uploads\/sites\/3\/2017\/11\/Basilique-Notre-Dame.jpg\" alt=\"Arion pr\u00e9sente le concert R\u00e9jouissances, ce soir, \u00e0 la Basilique Notre-Dame de Montr\u00e9al. (Photo: courtoisie)\" width=\"1024\" height=\"683\" srcset=\"https:\/\/www.ludwig-van.com\/montreal\/wp-content\/uploads\/sites\/3\/2017\/11\/Basilique-Notre-Dame.jpg 1024w, https:\/\/www.ludwig-van.com\/montreal\/wp-content\/uploads\/sites\/3\/2017\/11\/Basilique-Notre-Dame-300x200.jpg 300w, https:\/\/www.ludwig-van.com\/montreal\/wp-content\/uploads\/sites\/3\/2017\/11\/Basilique-Notre-Dame-768x512.jpg 768w\" sizes=\"(max-width: 1024px) 100vw, 1024px\" \/><figcaption id=\"caption-attachment-49996\" class=\"wp-caption-text\">On pourra entendre deux fois le Requiem de Mozart \u00e0 la Basilique Notre-Dame de Montr\u00e9al, ce samedi (Photo: Jean Guimond)<\/figcaption><\/figure>\n<h3>Le Requiem de Mozart \u00e0 la Basilique Notre-Dame<\/h3>\n<p>La <strong>Soci\u00e9t\u00e9 philharmonique du Nouveau Monde<\/strong> revient avec sa tradition annuelle: le Requiem de Mozart \u00e0 la Basilique Notre-Dame, sous la direction de <strong>Michel Brousseau<\/strong>. Deux repr\u00e9sentations seront offertes. Solistes: solistes <strong>Ania Hejnar<\/strong>, soprano, <strong>St\u00e9phanie Pothier<\/strong>, mezzo-soprano, <strong>Emmanuel Hasle<\/strong>r, t\u00e9nor et <strong>Alexandre Sylvestre<\/strong>, baryton-basse.<\/p>\n<h3>Le samedi 4 novembre 2023, \u00e0 15 h et \u00e0 20 h. <a href=\"https:\/\/tproqc.ticketpro.ca\/fr\/pages\/Requiem\" target=\"_blank\" rel=\"noopener\">D\u00c9TAILS ET BILLETS<\/a><\/h3>\n<p>&nbsp;<\/p>\n<p>&nbsp;<\/p>\n<figure id=\"attachment_62708\" aria-describedby=\"caption-attachment-62708\" style=\"width: 1200px\" class=\"wp-caption alignnone\"><img decoding=\"async\" loading=\"lazy\" class=\"size-full wp-image-62708\" src=\"https:\/\/www.ludwig-van.com\/montreal\/wp-content\/uploads\/sites\/3\/2019\/10\/TSNJ_Orgue-de-tribune-Nuit-CREDIT-Fr\u00e9d\u00e9ric-Pichelle.jpg\" alt=\"L'orgue de tribune de l'\u00e9glise Tr\u00e8s-Saint-Nom-de-J\u00e9sus (Photo : Fr\u00e9d\u00e9ric Pichette)\" width=\"1200\" height=\"581\" srcset=\"https:\/\/www.ludwig-van.com\/montreal\/wp-content\/uploads\/sites\/3\/2019\/10\/TSNJ_Orgue-de-tribune-Nuit-CREDIT-Fr\u00e9d\u00e9ric-Pichelle.jpg 1200w, https:\/\/www.ludwig-van.com\/montreal\/wp-content\/uploads\/sites\/3\/2019\/10\/TSNJ_Orgue-de-tribune-Nuit-CREDIT-Fr\u00e9d\u00e9ric-Pichelle-300x145.jpg 300w, https:\/\/www.ludwig-van.com\/montreal\/wp-content\/uploads\/sites\/3\/2019\/10\/TSNJ_Orgue-de-tribune-Nuit-CREDIT-Fr\u00e9d\u00e9ric-Pichelle-768x372.jpg 768w, https:\/\/www.ludwig-van.com\/montreal\/wp-content\/uploads\/sites\/3\/2019\/10\/TSNJ_Orgue-de-tribune-Nuit-CREDIT-Fr\u00e9d\u00e9ric-Pichelle-1024x496.jpg 1024w\" sizes=\"(max-width: 1200px) 100vw, 1200px\" \/><figcaption id=\"caption-attachment-62708\" class=\"wp-caption-text\">L&rsquo;orgue de tribune de l&rsquo;\u00e9glise du Tr\u00e8s-Saint-Nom-de-J\u00e9sus a \u00e9t\u00e9 restaur\u00e9 par Casavant. (Photo : Fr\u00e9d\u00e9ric Pichette)<\/figcaption><\/figure>\n<h3>R\u00e9cital de l&rsquo;organiste Philip Crozier<\/h3>\n<p>La <strong>Soci\u00e9t\u00e9 des orgues de Maisonneuve<\/strong> accueille l\u2019organiste <strong>Philip Crozier<\/strong> dans un programme novateur allant, entre autres, de C\u00e9sar Franck \u00e0 Joseph Jongen en passant par Denis B\u00e9dard et Rachel Laurin. Muni d\u2019une solide formation re\u00e7ue dans son Angleterre natale, Philip Crozier est devenu l\u2019\u00e9l\u00e8ve du c\u00e9l\u00e8bre organiste aveugle Andr\u00e9 Marchal. Au milieu de ses fr\u00e9quentes tourn\u00e9es en Am\u00e9rique du Nord et en Europe, il<br \/>\ns\u2019est install\u00e9 au Canada en 1984. Il a form\u00e9 avec son \u00e9pouse, la regrett\u00e9e Sylvie Poirier, un duo qui a laiss\u00e9 sa marque sur le plan international. Philip Crozier est organiste \u00e0 l\u2019\u00e9glise anglicane St. George, \u00e0 Montr\u00e9al, et directeur musical \u00e0 l\u2019\u00e9glise Westmount Park United.<\/p>\n<p>Contribution volontaire<\/p>\n<h3>Le 5 novembre, 15 h, \u00c9glise du Tr\u00e8s-Saint-Nom-de-J\u00e9sus <a href=\"https:\/\/www.ludwig-van.com\/montreal\/event\/societe-des-orgues-de-maisonneuve-recital-de-philip-crozier\/\" target=\"_blank\" rel=\"noopener\">D\u00c9TAILS<\/a><\/h3>\n<p>&nbsp;<\/p>\n<figure id=\"attachment_49393\" aria-describedby=\"caption-attachment-49393\" style=\"width: 1024px\" class=\"wp-caption alignnone\"><img decoding=\"async\" loading=\"lazy\" class=\"size-full wp-image-49393\" src=\"https:\/\/www.ludwig-van.com\/montreal\/wp-content\/uploads\/sites\/3\/2017\/11\/Marie-Claire-Cousineau_Mikha\u00ebl-Esterez_web.jpg\" alt=\"Marie-Claire Cousineau (Cr\u00e9dit: Mikha\u00ebl Esterez)\" width=\"1024\" height=\"1536\" srcset=\"https:\/\/www.ludwig-van.com\/montreal\/wp-content\/uploads\/sites\/3\/2017\/11\/Marie-Claire-Cousineau_Mikha\u00ebl-Esterez_web.jpg 1024w, https:\/\/www.ludwig-van.com\/montreal\/wp-content\/uploads\/sites\/3\/2017\/11\/Marie-Claire-Cousineau_Mikha\u00ebl-Esterez_web-200x300.jpg 200w, https:\/\/www.ludwig-van.com\/montreal\/wp-content\/uploads\/sites\/3\/2017\/11\/Marie-Claire-Cousineau_Mikha\u00ebl-Esterez_web-768x1152.jpg 768w, https:\/\/www.ludwig-van.com\/montreal\/wp-content\/uploads\/sites\/3\/2017\/11\/Marie-Claire-Cousineau_Mikha\u00ebl-Esterez_web-683x1024.jpg 683w\" sizes=\"(max-width: 1024px) 100vw, 1024px\" \/><figcaption id=\"caption-attachment-49393\" class=\"wp-caption-text\">Marie-Claire Cousineau (Cr\u00e9dit : Mikha\u00ebl Esterez)<\/figcaption><\/figure>\n<h3>Dimanche en musique des Petits Violons<\/h3>\n<p>Un programme en quatuor \u00e0 cordes avec <strong>Marie-Claire Cousineau<\/strong> et <strong>Isabelle B\u00e9langer-Southey<\/strong>, violons, <strong>Zo\u00e9 St-Pierre-Belzile<\/strong>, alto, <strong>Lorraine Gauthier<\/strong>, violoncelle. Les \u0153uvres au programme sont de Faur\u00e9, Fuchs et Schubert.<\/p>\n<h3>Le 5 novembre, 16 h, \u00c9glise Saint-Pierre-Ap\u00f4tre <a href=\"https:\/\/lespetitsviolons.com\/concerts\/\" target=\"_blank\" rel=\"noopener\">D\u00c9TAILS<\/a><\/h3>\n<h2><em>Inscrivez-vous \u00e0 notre infolettre! La musique classique et l&rsquo;op\u00e9ra en 5 minutes, chaque jour<\/em> \u00a0<a href=\"https:\/\/ludwig-van.us9.list-manage.com\/subscribe?u=4f785cb3f9058f2393ccad035&amp;id=b9b160c032\" target=\"_blank\" rel=\"noopener noreferrer\">ICI\u00a0<\/a><\/h2>\n","protected":false},"excerpt":{"rendered":"<p>En cette semaine d&rsquo;Halloween, voici toute une s\u00e9lection de friandises pour les oreilles! Deux \u00e9v\u00e9nements attirent notre attention: le Festival Ligeti de la Salle Bourgie, et \u00c0 la crois\u00e9e des pianos, un \u00e9v\u00e9nement sur trois jours de la SMCQ. Voici nos Choix de la r\u00e9daction du 30 octobre au 5 novembre.\u00a0<\/p>\n","protected":false},"author":1,"featured_media":78671,"comment_status":"open","ping_status":"open","sticky":false,"template":"","format":"standard","meta":{"om_disable_all_campaigns":false,"jetpack_post_was_ever_published":false},"categories":[42065,10956,10994],"tags":[42066,24036,11882],"yst_prominent_words":[9878,9863,13120,13117,33504,26052,9877,13123,13119,33503,14240,14241,14321,31964],"acf":[],"jetpack_featured_media_url":"https:\/\/www.ludwig-van.com\/montreal\/wp-content\/uploads\/sites\/3\/2023\/10\/Copie-de-CONCERTS-2023-10-30T162823.759-1.jpg","jetpack_sharing_enabled":true,"jetpack_shortlink":"https:\/\/wp.me\/p9bdYt-krL","amp_enabled":true,"_links":{"self":[{"href":"https:\/\/www.ludwig-van.com\/montreal\/wp-json\/wp\/v2\/posts\/78601"}],"collection":[{"href":"https:\/\/www.ludwig-van.com\/montreal\/wp-json\/wp\/v2\/posts"}],"about":[{"href":"https:\/\/www.ludwig-van.com\/montreal\/wp-json\/wp\/v2\/types\/post"}],"author":[{"embeddable":true,"href":"https:\/\/www.ludwig-van.com\/montreal\/wp-json\/wp\/v2\/users\/1"}],"replies":[{"embeddable":true,"href":"https:\/\/www.ludwig-van.com\/montreal\/wp-json\/wp\/v2\/comments?post=78601"}],"version-history":[{"count":15,"href":"https:\/\/www.ludwig-van.com\/montreal\/wp-json\/wp\/v2\/posts\/78601\/revisions"}],"predecessor-version":[{"id":78673,"href":"https:\/\/www.ludwig-van.com\/montreal\/wp-json\/wp\/v2\/posts\/78601\/revisions\/78673"}],"wp:featuredmedia":[{"embeddable":true,"href":"https:\/\/www.ludwig-van.com\/montreal\/wp-json\/wp\/v2\/media\/78671"}],"wp:attachment":[{"href":"https:\/\/www.ludwig-van.com\/montreal\/wp-json\/wp\/v2\/media?parent=78601"}],"wp:term":[{"taxonomy":"category","embeddable":true,"href":"https:\/\/www.ludwig-van.com\/montreal\/wp-json\/wp\/v2\/categories?post=78601"},{"taxonomy":"post_tag","embeddable":true,"href":"https:\/\/www.ludwig-van.com\/montreal\/wp-json\/wp\/v2\/tags?post=78601"},{"taxonomy":"yst_prominent_words","embeddable":true,"href":"https:\/\/www.ludwig-van.com\/montreal\/wp-json\/wp\/v2\/yst_prominent_words?post=78601"}],"curies":[{"name":"wp","href":"https:\/\/api.w.org\/{rel}","templated":true}]}}