{"id":78553,"date":"2023-10-23T08:35:23","date_gmt":"2023-10-23T12:35:23","guid":{"rendered":"https:\/\/www.ludwig-van.com\/montreal\/?p=78553"},"modified":"2024-03-25T13:39:34","modified_gmt":"2024-03-25T17:39:34","slug":"communaute-un-festival-en-hommage-a-ligeti-a-la-salle-bourgie","status":"publish","type":"post","link":"https:\/\/www.ludwig-van.com\/montreal\/2023\/10\/23\/communaute-un-festival-en-hommage-a-ligeti-a-la-salle-bourgie\/","title":{"rendered":"COMMUNAUT\u00c9 | UN FESTIVAL EN HOMMAGE \u00c0 LIGETI \u00c0 LA SALLE BOURGIE"},"content":{"rendered":"<figure id=\"attachment_78557\" aria-describedby=\"caption-attachment-78557\" style=\"width: 1200px\" class=\"wp-caption alignnone\"><img decoding=\"async\" loading=\"lazy\" class=\"size-full wp-image-78557\" src=\"https:\/\/www.ludwig-van.com\/montreal\/wp-content\/uploads\/sites\/3\/2023\/10\/Copie-de-CONCERTS-2023-10-23T082407.044.jpg\" alt=\"Gy\u00f6rgy Ligeti (Photo: Peter Andersen); Pierre-Laurent Aimard (Photo: Marco Borggreve); le Quatuor Ligeti (Photo: Ed Miles)\" width=\"1200\" height=\"628\" srcset=\"https:\/\/www.ludwig-van.com\/montreal\/wp-content\/uploads\/sites\/3\/2023\/10\/Copie-de-CONCERTS-2023-10-23T082407.044.jpg 1200w, https:\/\/www.ludwig-van.com\/montreal\/wp-content\/uploads\/sites\/3\/2023\/10\/Copie-de-CONCERTS-2023-10-23T082407.044-300x157.jpg 300w, https:\/\/www.ludwig-van.com\/montreal\/wp-content\/uploads\/sites\/3\/2023\/10\/Copie-de-CONCERTS-2023-10-23T082407.044-1024x536.jpg 1024w, https:\/\/www.ludwig-van.com\/montreal\/wp-content\/uploads\/sites\/3\/2023\/10\/Copie-de-CONCERTS-2023-10-23T082407.044-768x402.jpg 768w\" sizes=\"(max-width: 1200px) 100vw, 1200px\" \/><figcaption id=\"caption-attachment-78557\" class=\"wp-caption-text\">Gy\u00f6rgy Ligeti (Photo : Peter Andersen); Pierre-Laurent Aimard (Photo : Marco Borggreve); le Quatuor Ligeti (Photo : Ed Miles)<\/figcaption><\/figure>\n<h1 style=\"text-align: center;\"><del>Un message de la Salle Bourgie<\/del><\/h1>\n<p>La <strong>Salle Bourgie<\/strong> pr\u00e9sente le <a href=\"https:\/\/www.mbam.qc.ca\/fr\/serie\/festival-ligeti\/\"><strong>Festival Ligeti<\/strong><\/a> les <strong>samedi<\/strong> <strong>4 et dimanche 5 novembre prochain<\/strong>, pour souligner le 100<sup>e<\/sup> anniversaire du c\u00e9l\u00e8bre compositeur hongrois <strong>Gy\u00f6rgy Ligeti<\/strong>. L\u2019invit\u00e9 d\u2019honneur sera le renomm\u00e9 pianiste fran\u00e7ais <strong>Pierre-Laurent Aimard.<\/strong><\/p>\n<p>Figure de proue de la musique contemporaine, Ligeti a d\u00e9velopp\u00e9 un style personnel tout en \u00e9tant sensible aux influences de toutes sortes. Il laisse \u00e0 la post\u00e9rit\u00e9 une \u0153uvre originale et vari\u00e9e : travaillant sur les masses sonores et fascin\u00e9 par le timbre et le rapport au temps, presque chacune de ses \u0153uvres cr\u00e9e l\u2019\u00e9v\u00e9nement. On ne saurait parler d\u2019un seul \u00ab style Ligeti \u00bb tant sa musique a \u00e9volu\u00e9 au fil des ans : le Festival souhaite donc offrir aux auditeurs un vaste panorama de son g\u00e9nie cr\u00e9atif.<\/p>\n<p>&nbsp;<\/p>\n<figure id=\"attachment_78556\" aria-describedby=\"caption-attachment-78556\" style=\"width: 1200px\" class=\"wp-caption alignnone\"><img decoding=\"async\" loading=\"lazy\" class=\"size-full wp-image-78556\" src=\"https:\/\/www.ludwig-van.com\/montreal\/wp-content\/uploads\/sites\/3\/2023\/10\/Ligeti-cr-Marion-Kalter.png\" alt=\"Gy\u00f6rgy Ligeti (Photo: Marion Kalter)\" width=\"1200\" height=\"600\" srcset=\"https:\/\/www.ludwig-van.com\/montreal\/wp-content\/uploads\/sites\/3\/2023\/10\/Ligeti-cr-Marion-Kalter.png 1200w, https:\/\/www.ludwig-van.com\/montreal\/wp-content\/uploads\/sites\/3\/2023\/10\/Ligeti-cr-Marion-Kalter-300x150.png 300w, https:\/\/www.ludwig-van.com\/montreal\/wp-content\/uploads\/sites\/3\/2023\/10\/Ligeti-cr-Marion-Kalter-1024x512.png 1024w, https:\/\/www.ludwig-van.com\/montreal\/wp-content\/uploads\/sites\/3\/2023\/10\/Ligeti-cr-Marion-Kalter-768x384.png 768w\" sizes=\"(max-width: 1200px) 100vw, 1200px\" \/><figcaption id=\"caption-attachment-78556\" class=\"wp-caption-text\">Gy\u00f6rgy Ligeti (Photo: Marion Kalter)<\/figcaption><\/figure>\n<h3>Conf\u00e9rence de Benjamin Levy<\/h3>\n<p>Quatre \u00e9v\u00e9nements sont pr\u00e9vus. Le <a href=\"https:\/\/www.mbam.qc.ca\/fr\/activites\/hommage-a-gyorgy-ligeti-conference\/\"><strong>4 novembre \u00e0 14 h 30<\/strong><\/a>, <strong>Benjamin Levy<\/strong>, musicologue et sp\u00e9cialiste de Ligeti, pr\u00e9sentera une conf\u00e9rence abordant les divers ph\u00e9nom\u00e8nes culturels ayant influenc\u00e9 la vie et l\u2019\u0153uvre du c\u00e9l\u00e8bre compositeur. Jonathan Goldman, professeur \u00e0 l\u2019Universit\u00e9 de Montr\u00e9al, animera la discussion.<\/p>\n<h3>Kammerkonzert<\/h3>\n<p>Le <a href=\"https:\/\/www.mbam.qc.ca\/fr\/activites\/hommage-a-gyorgy-ligeti-concert-1\/\"><strong>4 novembre \u00e0 19 h 30<\/strong><\/a>, le chef d\u2019orchestre <strong>Jean-Micha\u00ebl Lavoie <\/strong>dirigera les musicien.ne.s de l\u2019OSM dans le <em>Kammerkonzert. <\/em>Ces derniers interpr\u00e9teront \u00e9galement les <em>Six Bagatelles <\/em>pour quintette \u00e0 vent et le <em>Trio<\/em> pour violon, cor et piano. Dans le cadre des activit\u00e9s \u00e9ducatives de la Salle Bourgie, un groupe form\u00e9 de talentueux \u00e9tudiants de l\u2019\u00c9cole de musique Schulich de l\u2019Universit\u00e9 McGill et de la Facult\u00e9 de musique de l\u2019Universit\u00e9 de Montr\u00e9al interpr\u00e9teront <em>Ramifications<\/em> en compagnie du c\u00e9l\u00e8bre Quatuor Ligeti.<\/p>\n<p>&nbsp;<\/p>\n<figure id=\"attachment_78555\" aria-describedby=\"caption-attachment-78555\" style=\"width: 1200px\" class=\"wp-caption alignnone\"><img decoding=\"async\" loading=\"lazy\" class=\"size-full wp-image-78555\" src=\"https:\/\/www.ludwig-van.com\/montreal\/wp-content\/uploads\/sites\/3\/2023\/10\/Quatuor-Ligeti-cr-Ed-Miles.jpg\" alt=\"Le Quatuor Ligeti (Photo: Ed Miles)\" width=\"1200\" height=\"833\" srcset=\"https:\/\/www.ludwig-van.com\/montreal\/wp-content\/uploads\/sites\/3\/2023\/10\/Quatuor-Ligeti-cr-Ed-Miles.jpg 1200w, https:\/\/www.ludwig-van.com\/montreal\/wp-content\/uploads\/sites\/3\/2023\/10\/Quatuor-Ligeti-cr-Ed-Miles-300x208.jpg 300w, https:\/\/www.ludwig-van.com\/montreal\/wp-content\/uploads\/sites\/3\/2023\/10\/Quatuor-Ligeti-cr-Ed-Miles-1024x711.jpg 1024w, https:\/\/www.ludwig-van.com\/montreal\/wp-content\/uploads\/sites\/3\/2023\/10\/Quatuor-Ligeti-cr-Ed-Miles-768x533.jpg 768w\" sizes=\"(max-width: 1200px) 100vw, 1200px\" \/><figcaption id=\"caption-attachment-78555\" class=\"wp-caption-text\">Le Quatuor Ligeti (Photo: Ed Miles)<\/figcaption><\/figure>\n<h3>Quatuor Ligeti<\/h3>\n<p>Le renomm\u00e9 <strong>Quatuor Ligeti<\/strong> sera de retour \u00e0 la Salle Bourgie le <a href=\"https:\/\/www.mbam.qc.ca\/fr\/activites\/hommage-a-gyorgy-ligeti-concert-2\/\"><strong>5 novembre \u00e0 14 h 30<\/strong><\/a>. L\u2019ensemble, acclam\u00e9 sur les sc\u00e8nes les plus prestigieuses, pr\u00e9sentera une s\u00e9lection de <em>Nouvelles \u00c9tudes<\/em>, dont deux cr\u00e9ations mondiales de Nicole Liz\u00e9e et d\u2019Ana Sokolovi\u0107, command\u00e9es en collaboration avec la Salle Bourgie, ainsi qu\u2019une cr\u00e9ation nord-am\u00e9ricaine de Lukas Ligeti, fils du compositeur, et les quatuors n<sup>os<\/sup> 1 et 2 de Ligeti.<\/p>\n<p>&nbsp;<\/p>\n<figure id=\"attachment_77612\" aria-describedby=\"caption-attachment-77612\" style=\"width: 1200px\" class=\"wp-caption alignnone\"><img decoding=\"async\" loading=\"lazy\" class=\"size-full wp-image-77612\" src=\"https:\/\/www.ludwig-van.com\/montreal\/wp-content\/uploads\/sites\/3\/2023\/08\/Pierre-Laurent-Aimard.png\" alt=\"Pierre-Laurent Aimard (Photo: Marco Borggreve\" width=\"1200\" height=\"800\" srcset=\"https:\/\/www.ludwig-van.com\/montreal\/wp-content\/uploads\/sites\/3\/2023\/08\/Pierre-Laurent-Aimard.png 1200w, https:\/\/www.ludwig-van.com\/montreal\/wp-content\/uploads\/sites\/3\/2023\/08\/Pierre-Laurent-Aimard-300x200.png 300w, https:\/\/www.ludwig-van.com\/montreal\/wp-content\/uploads\/sites\/3\/2023\/08\/Pierre-Laurent-Aimard-1024x683.png 1024w, https:\/\/www.ludwig-van.com\/montreal\/wp-content\/uploads\/sites\/3\/2023\/08\/Pierre-Laurent-Aimard-768x512.png 768w\" sizes=\"(max-width: 1200px) 100vw, 1200px\" \/><figcaption id=\"caption-attachment-77612\" class=\"wp-caption-text\">Pierre-Laurent Aimard (Photo: Marco Borggreve<\/figcaption><\/figure>\n<h3>Pierre-Laurent Aimard<\/h3>\n<p>\u00c9v\u00e9nement d\u2019exception : le <a href=\"https:\/\/www.mbam.qc.ca\/fr\/activites\/hommage-a-gyorgy-ligeti-concert-3\/\"><strong>5 novembre \u00e0 18 h<\/strong><\/a>, le public est convi\u00e9 \u00e0 un r\u00e9cital du remarquable pianiste fran\u00e7ais <strong>Pierre-Laurent Aimard<\/strong>. Interpr\u00e8te fascinant de la musique de notre temps, ce musicien salu\u00e9 mondialement pour sa technique irr\u00e9prochable et sa grande sensibilit\u00e9 propose un programme faisant alterner <em>Musica ricercata <\/em>de Ligeti et les bagatelles de Beethoven, suivi d\u2019\u00e9tudes de Ligeti, Chopin et Debussy.<\/p>\n<h3>Cin\u00e9ma<\/h3>\n<p>Avis aux cin\u00e9philes : on a pens\u00e9 \u00e0 vous ! Dans le cadre du Festival, <strong>trois films de Stanley Kubrick<\/strong>, dont les trames sonores sont compos\u00e9es notamment d\u2019extraits de musique de Ligeti, seront projet\u00e9s au Cin\u00e9ma du Mus\u00e9e en version originale anglaise, avec sous-titres fran\u00e7ais : <em>Eyes Wide Shut<\/em> le 4 novembre \u00e0 16 h; <em>2001: A Space Odyssey<\/em> (<em>2001 : l\u2019odyss\u00e9e de l\u2019espace<\/em>) le 5 novembre \u00e0 11 h 30 ainsi que <em>The Shining<\/em> (<em>Shining : L\u2019enfant lumi\u00e8re<\/em>) le 5 novembre \u00e0 20 h 30. B\u00e9n\u00e9ficiez de<strong> 25 % de r\u00e9duction<\/strong> sur le prix d\u2019entr\u00e9e au Cin\u00e9ma du Mus\u00e9e sur pr\u00e9sentation d\u2019un billet pour l\u2019un des \u00e9v\u00e9nements du Festival.<\/p>\n<p>Mordu de Ligeti ? Obtenez<strong> 30 % de r\u00e9duction \u00e0 l\u2019achat simultan\u00e9 des quatre \u00e9v\u00e9nement<\/strong>s du Festival.<\/p>\n<p><a href=\"https:\/\/www.mbam.qc.ca\/fr\/serie\/festival-ligeti\/\"><strong>Pour tout savoir sur le Festival, c\u2019est par ici !<\/strong><\/a><\/p>\n<p><em>Ce communiqu\u00e9 de presse est publi\u00e9 dans le cadre de nos services aux membres de Ludwig van Montr\u00e9al. Pour conna\u00eetre nos produits et services, \u00e9crivez-nous \u00e0 <\/em><a href=\"mailto:caroline@ludwig-van.com\" target=\"_blank\" rel=\"noopener\">caroline@ludwig-van.com\u00a0<\/a><\/p>\n<h2><em>Inscrivez-vous \u00e0 notre infolettre! La musique classique et l&rsquo;op\u00e9ra en 5 minutes, chaque jour<\/em> \u00a0<span style=\"color: #ff0000;\"><a style=\"color: #ff0000;\" href=\"https:\/\/ludwig-van.us9.list-manage.com\/subscribe?u=4f785cb3f9058f2393ccad035&amp;id=b9b160c032\" target=\"_blank\" rel=\"noopener noreferrer\">ICI\u00a0<\/a><\/span><\/h2>\n","protected":false},"excerpt":{"rendered":"<p>La Salle Bourgie pr\u00e9sente le Festival Ligeti les samedi 4 et dimanche 5 novembre prochain, pour souligner le 100e anniversaire du c\u00e9l\u00e8bre compositeur hongrois Gy\u00f6rgy Ligeti. L\u2019invit\u00e9 d\u2019honneur sera le renomm\u00e9 pianiste fran\u00e7ais Pierre-Laurent Aimard.<\/p>\n","protected":false},"author":1,"featured_media":78557,"comment_status":"open","ping_status":"open","sticky":false,"template":"","format":"standard","meta":{"om_disable_all_campaigns":false,"jetpack_post_was_ever_published":false},"categories":[42065,10956,13504],"tags":[42066,42100,3723,11137],"yst_prominent_words":[9877,35294,36078,9956],"acf":[],"jetpack_featured_media_url":"https:\/\/www.ludwig-van.com\/montreal\/wp-content\/uploads\/sites\/3\/2023\/10\/Copie-de-CONCERTS-2023-10-23T082407.044.jpg","jetpack_sharing_enabled":true,"jetpack_shortlink":"https:\/\/wp.me\/p9bdYt-kqZ","amp_enabled":true,"_links":{"self":[{"href":"https:\/\/www.ludwig-van.com\/montreal\/wp-json\/wp\/v2\/posts\/78553"}],"collection":[{"href":"https:\/\/www.ludwig-van.com\/montreal\/wp-json\/wp\/v2\/posts"}],"about":[{"href":"https:\/\/www.ludwig-van.com\/montreal\/wp-json\/wp\/v2\/types\/post"}],"author":[{"embeddable":true,"href":"https:\/\/www.ludwig-van.com\/montreal\/wp-json\/wp\/v2\/users\/1"}],"replies":[{"embeddable":true,"href":"https:\/\/www.ludwig-van.com\/montreal\/wp-json\/wp\/v2\/comments?post=78553"}],"version-history":[{"count":7,"href":"https:\/\/www.ludwig-van.com\/montreal\/wp-json\/wp\/v2\/posts\/78553\/revisions"}],"predecessor-version":[{"id":80681,"href":"https:\/\/www.ludwig-van.com\/montreal\/wp-json\/wp\/v2\/posts\/78553\/revisions\/80681"}],"wp:featuredmedia":[{"embeddable":true,"href":"https:\/\/www.ludwig-van.com\/montreal\/wp-json\/wp\/v2\/media\/78557"}],"wp:attachment":[{"href":"https:\/\/www.ludwig-van.com\/montreal\/wp-json\/wp\/v2\/media?parent=78553"}],"wp:term":[{"taxonomy":"category","embeddable":true,"href":"https:\/\/www.ludwig-van.com\/montreal\/wp-json\/wp\/v2\/categories?post=78553"},{"taxonomy":"post_tag","embeddable":true,"href":"https:\/\/www.ludwig-van.com\/montreal\/wp-json\/wp\/v2\/tags?post=78553"},{"taxonomy":"yst_prominent_words","embeddable":true,"href":"https:\/\/www.ludwig-van.com\/montreal\/wp-json\/wp\/v2\/yst_prominent_words?post=78553"}],"curies":[{"name":"wp","href":"https:\/\/api.w.org\/{rel}","templated":true}]}}