{"id":78533,"date":"2023-10-23T08:02:12","date_gmt":"2023-10-23T12:02:12","guid":{"rendered":"https:\/\/www.ludwig-van.com\/montreal\/?p=78533"},"modified":"2023-10-23T15:04:17","modified_gmt":"2023-10-23T19:04:17","slug":"choix-de-la-redaction-les-concerts-de-musique-classique-a-decouvrir-23-au-29-octobre","status":"publish","type":"post","link":"https:\/\/www.ludwig-van.com\/montreal\/2023\/10\/23\/choix-de-la-redaction-les-concerts-de-musique-classique-a-decouvrir-23-au-29-octobre\/","title":{"rendered":"CHOIX DE LA R\u00c9DACTION | Les concerts de musique classique \u00e0 d\u00e9couvrir &#8211; 23 au 29 octobre"},"content":{"rendered":"<figure id=\"attachment_78542\" aria-describedby=\"caption-attachment-78542\" style=\"width: 1200px\" class=\"wp-caption alignnone\"><img decoding=\"async\" loading=\"lazy\" class=\"size-full wp-image-78542\" src=\"https:\/\/www.ludwig-van.com\/montreal\/wp-content\/uploads\/sites\/3\/2023\/10\/Copie-de-CONCERTS-2023-10-22T171618.431.jpg\" alt=\"Andrew Wan, La P\u00e9richole, Gleinsammer (Photo: courtoisie)\" width=\"1200\" height=\"628\" srcset=\"https:\/\/www.ludwig-van.com\/montreal\/wp-content\/uploads\/sites\/3\/2023\/10\/Copie-de-CONCERTS-2023-10-22T171618.431.jpg 1200w, https:\/\/www.ludwig-van.com\/montreal\/wp-content\/uploads\/sites\/3\/2023\/10\/Copie-de-CONCERTS-2023-10-22T171618.431-300x157.jpg 300w, https:\/\/www.ludwig-van.com\/montreal\/wp-content\/uploads\/sites\/3\/2023\/10\/Copie-de-CONCERTS-2023-10-22T171618.431-1024x536.jpg 1024w, https:\/\/www.ludwig-van.com\/montreal\/wp-content\/uploads\/sites\/3\/2023\/10\/Copie-de-CONCERTS-2023-10-22T171618.431-768x402.jpg 768w\" sizes=\"(max-width: 1200px) 100vw, 1200px\" \/><figcaption id=\"caption-attachment-78542\" class=\"wp-caption-text\">Andrew Wan, La P\u00e9richole, Gleinsammer (Photo: courtoisie)<\/figcaption><\/figure>\n<h3><span style=\"color: #808080;\">Les jours raccourcissent et les feuilles tombent alors que nous approchons \u00e0 grands pas de l&rsquo;Halloween. Un peu de musique classique sera la bienvenue pour embellir cette transition vers le mois de novembre. Voici nos Choix de la r\u00e9daction, du 23 au 29 octobre.\u00a0<\/span><\/h3>\n<p>&nbsp;<\/p>\n<figure id=\"attachment_46884\" aria-describedby=\"caption-attachment-46884\" style=\"width: 1086px\" class=\"wp-caption alignnone\"><img decoding=\"async\" loading=\"lazy\" class=\"size-full wp-image-46884\" src=\"https:\/\/www.ludwig-van.com\/montreal\/wp-content\/uploads\/sites\/3\/2017\/09\/andrew-wan-1.jpg\" alt=\"Andrew Wan (Photo: courtoisie).\" width=\"1086\" height=\"723\" srcset=\"https:\/\/www.ludwig-van.com\/montreal\/wp-content\/uploads\/sites\/3\/2017\/09\/andrew-wan-1.jpg 1086w, https:\/\/www.ludwig-van.com\/montreal\/wp-content\/uploads\/sites\/3\/2017\/09\/andrew-wan-1-300x200.jpg 300w, https:\/\/www.ludwig-van.com\/montreal\/wp-content\/uploads\/sites\/3\/2017\/09\/andrew-wan-1-768x511.jpg 768w, https:\/\/www.ludwig-van.com\/montreal\/wp-content\/uploads\/sites\/3\/2017\/09\/andrew-wan-1-1024x682.jpg 1024w\" sizes=\"(max-width: 1086px) 100vw, 1086px\" \/><figcaption id=\"caption-attachment-46884\" class=\"wp-caption-text\">Andrew Wan (Photo : courtoisie).<\/figcaption><\/figure>\n<p>Cette semaine \u00e0 l&rsquo;<strong>OSM<\/strong>, l&rsquo;exceptionnel <strong>Andrew Wan<\/strong> interpr\u00e8te le Concerto pour violon de Beethoven sous la direction de <strong>Rafael Payare<\/strong>. Au m\u00eame programme: la Symphonie no 35 \u00ab\u00a0Haffner\u00a0\u00bb de Mozart, le Ricercar \u00e0 6 voix de Bach et la Passacaille de Webern.<\/p>\n<p><strong>Les 25 et 26 octobre, 19 H 30, et le 26 octobre, 10 h 30, Maison symphonique <a href=\"https:\/\/www.osm.ca\/fr\/concerts\/andrew-wan-et-linoubliable-concerto-pour-violon-de-beethoven\/\" target=\"_blank\" rel=\"noopener\">D\u00c9TAILS ET BILLETS<\/a><\/strong><\/p>\n<p>&nbsp;<\/p>\n<figure id=\"attachment_67965\" aria-describedby=\"caption-attachment-67965\" style=\"width: 815px\" class=\"wp-caption alignnone\"><img decoding=\"async\" loading=\"lazy\" class=\"size-full wp-image-67965\" src=\"https:\/\/www.ludwig-van.com\/montreal\/wp-content\/uploads\/sites\/3\/2021\/09\/David-Greilsammer.jpg\" alt=\"\" width=\"815\" height=\"580\" \/><figcaption id=\"caption-attachment-67965\" class=\"wp-caption-text\">(Photo : courtoisie)<\/figcaption><\/figure>\n<h3>David Greilsammer, pianiste<\/h3>\n<p>Encens\u00e9 par la critique et cr\u00e9ateur de nombreux projets audacieux, le c\u00e9l\u00e8bre pianiste propose un voyage musical bouleversant bas\u00e9 sur un r\u00eave r\u00e9current et fou. \u00c0 travers les styles et les \u00e9poques, ce r\u00e9cital emm\u00e8ne le public dans une aventure \u00e0 la fois po\u00e9tique, innovante et \u00e9clectique.<\/p>\n<p><strong>Le 26 octobre, 19 h 30, Salle Bourgie &#8211; <a href=\"https:\/\/www.mbam.qc.ca\/fr\/activites\/david-greilsammer-labyrinth\/\" target=\"_blank\" rel=\"noopener\">D\u00c9TAILS ET BILLETS<\/a><\/strong><\/p>\n<p>&nbsp;<\/p>\n<figure id=\"attachment_77510\" aria-describedby=\"caption-attachment-77510\" style=\"width: 1200px\" class=\"wp-caption alignnone\"><img decoding=\"async\" loading=\"lazy\" class=\"size-full wp-image-77510\" src=\"https:\/\/www.ludwig-van.com\/montreal\/wp-content\/uploads\/sites\/3\/2023\/08\/Poeme-Harmonique.jpg\" alt=\"\" width=\"1200\" height=\"800\" srcset=\"https:\/\/www.ludwig-van.com\/montreal\/wp-content\/uploads\/sites\/3\/2023\/08\/Poeme-Harmonique.jpg 1200w, https:\/\/www.ludwig-van.com\/montreal\/wp-content\/uploads\/sites\/3\/2023\/08\/Poeme-Harmonique-300x200.jpg 300w, https:\/\/www.ludwig-van.com\/montreal\/wp-content\/uploads\/sites\/3\/2023\/08\/Poeme-Harmonique-1024x683.jpg 1024w, https:\/\/www.ludwig-van.com\/montreal\/wp-content\/uploads\/sites\/3\/2023\/08\/Poeme-Harmonique-768x512.jpg 768w\" sizes=\"(max-width: 1200px) 100vw, 1200px\" \/><figcaption id=\"caption-attachment-77510\" class=\"wp-caption-text\">Le Po\u00e8me Harmonique<\/figcaption><\/figure>\n<h3>Le po\u00e8me harmonique<\/h3>\n<p>Apr\u00e8s plusieurs ann\u00e9es d\u2019absence, Le Po\u00e8me harmonique fait un retour tr\u00e8s attendu \u00e0 la Salle Bourgie en pr\u00e9sentant un programme d\u2019\u0153uvres tour \u00e0 tour intimistes et somptueuses, entendues dans les cours de France et d\u2019Italie.<\/p>\n<p><strong>Le 28 octobre, 19 h 30, Salle Bourgie &#8211; <a href=\"https:\/\/www.mbam.qc.ca\/fr\/activites\/le-poeme-harmonique-le-jeune-louis-xiv\/\" target=\"_blank\" rel=\"noopener\">D\u00c9TAILS ET BILLETS<\/a><\/strong><\/p>\n<p>&nbsp;<\/p>\n<h3>Chapelle historique du Bon-Pasteur au CCA<\/h3>\n<figure id=\"attachment_67592\" aria-describedby=\"caption-attachment-67592\" style=\"width: 1200px\" class=\"wp-caption alignnone\"><img decoding=\"async\" loading=\"lazy\" class=\"size-full wp-image-67592\" src=\"https:\/\/www.ludwig-van.com\/montreal\/wp-content\/uploads\/sites\/3\/2021\/09\/31-octobre-Florence-Bourget-et-Julien-LeBlanc-1200.jpg\" alt=\"La soprano Florence Bourget et le pianiste Julien LeBlanc (photo : courtoisie)\" width=\"1200\" height=\"656\" \/><figcaption id=\"caption-attachment-67592\" class=\"wp-caption-text\">La soprano Florence Bourget et le pianiste Julien Leblanc font partie des interpr\u00e8tes de la soir\u00e9e Amiti\u00e9s &#8211; Au temps de Pauline Viardot. (photos : courtoisie).<\/figcaption><\/figure>\n<h3>Amiti\u00e9s &#8211; Au temps de Pauline Viardot<\/h3>\n<p>Les chanteuses <strong>Florence Bourget<\/strong> et <strong>H\u00e9l\u00e8ne Picard<\/strong>, invitent le public \u00e0 d\u00e9couvrir l\u2019effervescence culturelle du XIX<sup>e<\/sup> si\u00e8cle \u00e0 travers l&rsquo;amiti\u00e9 entre la compositrice Pauline Viardot (1821-1910) et l&rsquo;\u00e9crivaine George Sand (1804-1876). L&rsquo;historien <strong>Laurent Turcot<\/strong> (animateur de la cha\u00eene Youtube <em>L&rsquo;Histoire nous le dira<\/em>) est \u00e0 la narration et <strong>Julien LeBlanc<\/strong> au piano.<\/p>\n<p><strong>Le 25 octobre, 19 H 30, Centre canadien d&rsquo;architecture &#8211;\u00a0<a href=\"https:\/\/lepointdevente.com\/billets\/dwv231025001\" target=\"_blank\" rel=\"noopener\">D\u00c9TAILS ET BILLETS<\/a><\/strong><\/p>\n<p>&nbsp;<\/p>\n<h3>Le Vivier<\/h3>\n<figure id=\"attachment_77501\" aria-describedby=\"caption-attachment-77501\" style=\"width: 1200px\" class=\"wp-caption alignnone\"><img decoding=\"async\" loading=\"lazy\" class=\"size-full wp-image-77501\" src=\"https:\/\/www.ludwig-van.com\/montreal\/wp-content\/uploads\/sites\/3\/2023\/08\/Ensemble-Variances.png\" alt=\"\" width=\"1200\" height=\"901\" srcset=\"https:\/\/www.ludwig-van.com\/montreal\/wp-content\/uploads\/sites\/3\/2023\/08\/Ensemble-Variances.png 1200w, https:\/\/www.ludwig-van.com\/montreal\/wp-content\/uploads\/sites\/3\/2023\/08\/Ensemble-Variances-300x225.png 300w, https:\/\/www.ludwig-van.com\/montreal\/wp-content\/uploads\/sites\/3\/2023\/08\/Ensemble-Variances-1024x769.png 1024w, https:\/\/www.ludwig-van.com\/montreal\/wp-content\/uploads\/sites\/3\/2023\/08\/Ensemble-Variances-768x577.png 768w\" sizes=\"(max-width: 1200px) 100vw, 1200px\" \/><figcaption id=\"caption-attachment-77501\" class=\"wp-caption-text\">Ensemble Variances<\/figcaption><\/figure>\n<h3><em>Pulse<\/em> avec Paramirabo et Variances<\/h3>\n<div class=\"mid-bold padding-top-24\">\n<p>Le concert <em>Pulse<\/em> c\u00e9l\u00e8bre la pulsation et la circularit\u00e9 comme \u00e9l\u00e9ment vital, ce pouls <em>(pulse)<\/em> qui traduit les battements de notre c\u0153ur et ceux de la plan\u00e8te toute enti\u00e8re. Ce pouls, a priori jubilatoire, mais qui semble aussi ralentir sous le poids du r\u00e9chauffement climatique et de l&rsquo;effondrement de la biodiversit\u00e9.<\/p>\n<p>Les ensembles <strong>Paramirabo<\/strong> et <strong>Variances<\/strong> interpr\u00e8tent <em>Pulse, <\/em>\u0153uvre hypnotique de <strong>Steve Reich<\/strong> (2015), en \u00e9cho \u00e0 cette id\u00e9e de pulsation. Ils interpr\u00e8tent aussi trois cr\u00e9ations des compositeur\u00b7trice\u00b7s <strong>Cassandra Miller<\/strong> (canadienne), <strong>Missy Mazzoli<\/strong> (\u00e9tasunienne) et <strong>Thierry P\u00e9cou<\/strong> (fran\u00e7ais). Ces dernier\u00b7i\u00e8re\u00b7s tentent de poser leur regard sur les d\u00e9fis environnementaux du pr\u00e9sent et de l\u2019avenir. C\u2019est l\u2019occasion de d\u00e9couvrir des partitions refl\u00e9tant leur personnalit\u00e9 singuli\u00e8re ainsi que leur ouverture commune aux musiques pop ou traditionnelles, leur attraction pour l&rsquo;harmonie, les lignes m\u00e9lodiques et pour les ph\u00e9nom\u00e8nes p\u00e9riodiques, r\u00e9p\u00e9titifs, puls\u00e9s ! En collaboration avec <strong>Le Vivier.\u00a0<\/strong><\/p>\n<\/div>\n<p><strong>Le 24 octobre, 19 H 30, Salle Bourgie &#8211;\u00a0<a href=\"https:\/\/levivier.ca\/fr\/concert\/saison-2023-24\/pulse\" target=\"_blank\" rel=\"noopener\">D\u00c9TAILS ET BILLETS<\/a><\/strong><\/p>\n<p>&nbsp;<\/p>\n<figure id=\"attachment_78546\" aria-describedby=\"caption-attachment-78546\" style=\"width: 1600px\" class=\"wp-caption alignnone\"><img decoding=\"async\" loading=\"lazy\" class=\"size-full wp-image-78546\" src=\"https:\/\/www.ludwig-van.com\/montreal\/wp-content\/uploads\/sites\/3\/2023\/10\/Ariella_JP-Sylvestre.jpg\" alt=\"GFN Productions pr\u00e9sentent des extraits du nouvel op\u00e9ra Ariella, ainsi que Jean-Philippe Sylvestre dans le deuxi\u00e8me Concerto pour piano de Rachmaninov. (photo : GFN Productions Inc)\" width=\"1600\" height=\"1064\" srcset=\"https:\/\/www.ludwig-van.com\/montreal\/wp-content\/uploads\/sites\/3\/2023\/10\/Ariella_JP-Sylvestre.jpg 1600w, https:\/\/www.ludwig-van.com\/montreal\/wp-content\/uploads\/sites\/3\/2023\/10\/Ariella_JP-Sylvestre-300x200.jpg 300w, https:\/\/www.ludwig-van.com\/montreal\/wp-content\/uploads\/sites\/3\/2023\/10\/Ariella_JP-Sylvestre-1024x681.jpg 1024w, https:\/\/www.ludwig-van.com\/montreal\/wp-content\/uploads\/sites\/3\/2023\/10\/Ariella_JP-Sylvestre-768x511.jpg 768w, https:\/\/www.ludwig-van.com\/montreal\/wp-content\/uploads\/sites\/3\/2023\/10\/Ariella_JP-Sylvestre-1536x1021.jpg 1536w\" sizes=\"(max-width: 1600px) 100vw, 1600px\" \/><figcaption id=\"caption-attachment-78546\" class=\"wp-caption-text\">GFN Productions pr\u00e9sentent des extraits du nouvel op\u00e9ra Ariella, ainsi que Jean-Philippe Sylvestre dans le deuxi\u00e8me Concerto pour piano de Rachmaninov. (photo : GFN Productions Inc)<\/figcaption><\/figure>\n<h3>Ariella<\/h3>\n<p><strong>GFN Productions<\/strong> et l&rsquo;<strong>Ensemble Classico-Moderne<\/strong> pr\u00e9sentent en exclusivit\u00e9 l&rsquo;avant-premi\u00e8re mondiale d&rsquo;extraits du nouvel op\u00e9ra <i>Ariella <\/i>du compositeur <strong>Jaap Nico Hamburger<\/strong>, combin\u00e9e dans un double programme avec une interpr\u00e9tation du spectaculaire Concerto pour piano n\u00b0 2 de Rachmaninov par <strong>Jean-Philippe Sylvestre<\/strong>.<\/p>\n<p>Le puissant op\u00e9ra <em>Ariella<\/em>, inspir\u00e9 des romans d&rsquo;<strong>Ariella Kornmehl<\/strong> et dot\u00e9 d&rsquo;un libretto captivant de <strong>Thomas Beijer<\/strong>, explore le voyage profond et transformateur d&rsquo;une famille traditionnelle confront\u00e9e \u00e0 la perte de sa matriarche. Au fur et \u00e0 mesure que l&rsquo;histoire se d\u00e9voile, le public sera plong\u00e9 dans un monde d&rsquo;amour, de perte et de la r\u00e9silience de l&rsquo;esprit humain. Les r\u00f4les de solistes seront port\u00e9s par les talentueux <strong>Aline Kutan<\/strong>, <strong>Myriam Leblanc<\/strong>, <strong>Eric Laporte<\/strong> et <strong>Enzo Sabbagha<\/strong> dans les r\u00f4les d&rsquo;Ariella, de sa m\u00e8re, d&rsquo;Ariella, de son p\u00e8re et de son fr\u00e8re.<\/p>\n<p><strong>Le 28 octobre, 19 H 30, Maison symphonique<\/strong> <strong><a href=\"http:\/\/gfnproductions.ca\" target=\"_blank\" rel=\"noopener\">&#8211; D\u00c9TAILS ET BILLETS<\/a><\/strong><\/p>\n<p>&nbsp;<\/p>\n<figure id=\"attachment_78545\" aria-describedby=\"caption-attachment-78545\" style=\"width: 2048px\" class=\"wp-caption alignnone\"><img decoding=\"async\" loading=\"lazy\" class=\"size-full wp-image-78545\" src=\"https:\/\/www.ludwig-van.com\/montreal\/wp-content\/uploads\/sites\/3\/2023\/10\/La-Perichole_repetition.jpg\" alt=\"La P\u00e9richole par l'Op\u00e9ra bouffe du Qu\u00e9bec (photo : courtoisie)\" width=\"2048\" height=\"1152\" srcset=\"https:\/\/www.ludwig-van.com\/montreal\/wp-content\/uploads\/sites\/3\/2023\/10\/La-Perichole_repetition.jpg 2048w, https:\/\/www.ludwig-van.com\/montreal\/wp-content\/uploads\/sites\/3\/2023\/10\/La-Perichole_repetition-300x169.jpg 300w, https:\/\/www.ludwig-van.com\/montreal\/wp-content\/uploads\/sites\/3\/2023\/10\/La-Perichole_repetition-1024x576.jpg 1024w, https:\/\/www.ludwig-van.com\/montreal\/wp-content\/uploads\/sites\/3\/2023\/10\/La-Perichole_repetition-768x432.jpg 768w, https:\/\/www.ludwig-van.com\/montreal\/wp-content\/uploads\/sites\/3\/2023\/10\/La-Perichole_repetition-1536x864.jpg 1536w\" sizes=\"(max-width: 2048px) 100vw, 2048px\" \/><figcaption id=\"caption-attachment-78545\" class=\"wp-caption-text\">La P\u00e9richole par l&rsquo;Op\u00e9ra bouffe du Qu\u00e9bec (photo : courtoisie)<\/figcaption><\/figure>\n<h3>La P\u00e9richole<\/h3>\n<p>L\u2019<strong>Op\u00e9ra bouffe du Qu\u00e9bec (OBQ) <\/strong>pr\u00e9sente <strong><em>La P\u00e9richole<\/em><\/strong>, c\u00e9l\u00e8bre op\u00e9rette de Jacques Offenbach. Dans une mise en sc\u00e8ne d\u2019<strong>Alain Zouvi <\/strong>et sous la direction musicale de <strong>Simon Fournier<\/strong>, les neuf solistes<strong> (Rosalie Lane L\u00e9pine, Thomas Vinals, Geoffroy Salvas, Alexandre Iannuzzi, \u00c9ric Th\u00e9riault, Martin H\u00e9roux, L\u00e9a Jourdain, Natasha Demers et Genevi\u00e8ve Bastien)<\/strong>, une <strong>quarantaine de choristes<\/strong> et <strong>l\u2019orchestre de l\u2019OBQ<\/strong> vous feront vivre les amours tourment\u00e9s de la P\u00e9richole et Piquillo, des chanteurs de rue qui peinent \u00e0 vivre de leur art, mais s\u2019aiment \u00e9perdument malgr\u00e9 des choix difficiles.<\/p>\n<p><strong>Le 28 octobre, 19 H 30 et le 29 octobre, 14 H<\/strong> (repris les 3, 4 et 5 novembre), <strong>Maison des arts de Laval &#8211;<\/strong> <a href=\"https:\/\/www.co-motion.ca\/spectacles\/opera-bouffe-du-quebec-la-perichole\/\" target=\"_blank\" rel=\"noopener\"><strong>D\u00c9TAILS ET BILLETS<\/strong><\/a><\/p>\n<p>&nbsp;<\/p>\n<figure id=\"attachment_78551\" aria-describedby=\"caption-attachment-78551\" style=\"width: 1200px\" class=\"wp-caption alignnone\"><img decoding=\"async\" loading=\"lazy\" class=\"size-full wp-image-78551\" src=\"https:\/\/www.ludwig-van.com\/montreal\/wp-content\/uploads\/sites\/3\/2023\/10\/Graveyards-and-Gardens_cr-David-Coope-1200.jpg\" alt=\"Graveyards and Gardens (Photo: David Cooper)\" width=\"1200\" height=\"800\" srcset=\"https:\/\/www.ludwig-van.com\/montreal\/wp-content\/uploads\/sites\/3\/2023\/10\/Graveyards-and-Gardens_cr-David-Coope-1200.jpg 1200w, https:\/\/www.ludwig-van.com\/montreal\/wp-content\/uploads\/sites\/3\/2023\/10\/Graveyards-and-Gardens_cr-David-Coope-1200-300x200.jpg 300w, https:\/\/www.ludwig-van.com\/montreal\/wp-content\/uploads\/sites\/3\/2023\/10\/Graveyards-and-Gardens_cr-David-Coope-1200-1024x683.jpg 1024w, https:\/\/www.ludwig-van.com\/montreal\/wp-content\/uploads\/sites\/3\/2023\/10\/Graveyards-and-Gardens_cr-David-Coope-1200-768x512.jpg 768w\" sizes=\"(max-width: 1200px) 100vw, 1200px\" \/><figcaption id=\"caption-attachment-78551\" class=\"wp-caption-text\">Graveyards and Gardens (Photo: David Cooper)<\/figcaption><\/figure>\n<p>Le <strong>MAI (Montr\u00e9al, arts interculturels)<\/strong> pr\u00e9sente le projet <strong><em>Graveyards and Gardens,<\/em><\/strong> une installation performative interpr\u00e9t\u00e9e la danseuse et chor\u00e9graphe <strong>Vanessa Goodman<\/strong> de Vancouver et la compositrice am\u00e9ricaine <strong>Caroline Shaw<\/strong>, laur\u00e9ate du prix Pulitzer de musique en 2013 et de plusieurs Grammy.<\/p>\n<p>Cette \u0153uvre th\u00e9\u00e2trale immersive s\u2019int\u00e9resse \u00e0 la m\u00e9moire en tant que processus de reconstruction plut\u00f4t que r\u00e9capitulation exacte d\u2019\u00e9v\u00e9nements pr\u00e9cis. Des \u00e9l\u00e9ments tels que des plantes, des lampes, un c\u00e2ble XLR orange de 600 pieds, des tourne-disques, des cassettes et bien d&rsquo;autres encore font partie int\u00e9grante du paysage sonore en constante \u00e9volution et du mouvement au sein de la performance. NB que ce spectacle est pr\u00e9sent\u00e9 en anglais.<\/p>\n<p><strong>Les 26, 27 et 28 octobre \u00e0 MAI au 3680 rue Jeanne-Mance <a href=\"https:\/\/www.m-a-i.qc.ca\/evenement\/graveyards-gardens\/\" target=\"_blank\" rel=\"noopener\">D\u00c9TAILS ET BILLETS<\/a><\/strong><\/p>\n<h2><em>Inscrivez-vous \u00e0 notre infolettre! La musique classique et l&rsquo;op\u00e9ra en 5 minutes, chaque jour<\/em> \u00a0<a href=\"https:\/\/ludwig-van.us9.list-manage.com\/subscribe?u=4f785cb3f9058f2393ccad035&amp;id=b9b160c032\" target=\"_blank\" rel=\"noopener noreferrer\">ICI\u00a0<\/a><\/h2>\n","protected":false},"excerpt":{"rendered":"<p>Les jours raccourcissent et les feuilles tombent alors que nous approchons \u00e0 grands pas de l&rsquo;Halloween. Un peu de musique classique sera la bienvenue pour embellir cette transition vers le mois de novembre. Voici nos Choix de la r\u00e9daction, du 23 au 29 octobre.\u00a0<\/p>\n","protected":false},"author":1,"featured_media":78542,"comment_status":"open","ping_status":"open","sticky":false,"template":"","format":"standard","meta":{"om_disable_all_campaigns":false,"jetpack_post_was_ever_published":false},"categories":[42065,10956,10994],"tags":[42066,2542,11137],"yst_prominent_words":[9878,9863,13120,13117,33504,31965,26052,9877,21882,13119,33503,26053,11700,11696,13116,13118,31964],"acf":[],"jetpack_featured_media_url":"https:\/\/www.ludwig-van.com\/montreal\/wp-content\/uploads\/sites\/3\/2023\/10\/Copie-de-CONCERTS-2023-10-22T171618.431.jpg","jetpack_sharing_enabled":true,"jetpack_shortlink":"https:\/\/wp.me\/p9bdYt-kqF","amp_enabled":true,"_links":{"self":[{"href":"https:\/\/www.ludwig-van.com\/montreal\/wp-json\/wp\/v2\/posts\/78533"}],"collection":[{"href":"https:\/\/www.ludwig-van.com\/montreal\/wp-json\/wp\/v2\/posts"}],"about":[{"href":"https:\/\/www.ludwig-van.com\/montreal\/wp-json\/wp\/v2\/types\/post"}],"author":[{"embeddable":true,"href":"https:\/\/www.ludwig-van.com\/montreal\/wp-json\/wp\/v2\/users\/1"}],"replies":[{"embeddable":true,"href":"https:\/\/www.ludwig-van.com\/montreal\/wp-json\/wp\/v2\/comments?post=78533"}],"version-history":[{"count":14,"href":"https:\/\/www.ludwig-van.com\/montreal\/wp-json\/wp\/v2\/posts\/78533\/revisions"}],"predecessor-version":[{"id":78579,"href":"https:\/\/www.ludwig-van.com\/montreal\/wp-json\/wp\/v2\/posts\/78533\/revisions\/78579"}],"wp:featuredmedia":[{"embeddable":true,"href":"https:\/\/www.ludwig-van.com\/montreal\/wp-json\/wp\/v2\/media\/78542"}],"wp:attachment":[{"href":"https:\/\/www.ludwig-van.com\/montreal\/wp-json\/wp\/v2\/media?parent=78533"}],"wp:term":[{"taxonomy":"category","embeddable":true,"href":"https:\/\/www.ludwig-van.com\/montreal\/wp-json\/wp\/v2\/categories?post=78533"},{"taxonomy":"post_tag","embeddable":true,"href":"https:\/\/www.ludwig-van.com\/montreal\/wp-json\/wp\/v2\/tags?post=78533"},{"taxonomy":"yst_prominent_words","embeddable":true,"href":"https:\/\/www.ludwig-van.com\/montreal\/wp-json\/wp\/v2\/yst_prominent_words?post=78533"}],"curies":[{"name":"wp","href":"https:\/\/api.w.org\/{rel}","templated":true}]}}