{"id":78422,"date":"2023-10-20T06:50:25","date_gmt":"2023-10-20T10:50:25","guid":{"rendered":"https:\/\/www.ludwig-van.com\/montreal\/?p=78422"},"modified":"2023-10-21T06:29:57","modified_gmt":"2023-10-21T10:29:57","slug":"actualites-six-nouvelles-en-musique-classique-a-connaitre-cette-semaine-3","status":"publish","type":"post","link":"https:\/\/www.ludwig-van.com\/montreal\/2023\/10\/20\/actualites-six-nouvelles-en-musique-classique-a-connaitre-cette-semaine-3\/","title":{"rendered":"ACTUALIT\u00c9S | Six nouvelles en musique classique \u00e0 conna\u00eetre cette semaine"},"content":{"rendered":"<figure id=\"attachment_78442\" aria-describedby=\"caption-attachment-78442\" style=\"width: 1200px\" class=\"wp-caption alignnone\"><img decoding=\"async\" loading=\"lazy\" class=\"size-full wp-image-78442\" src=\"https:\/\/www.ludwig-van.com\/montreal\/wp-content\/uploads\/sites\/3\/2023\/10\/Copie-de-CONCERTS-2023-10-19T081836.678.jpg\" alt=\"Sophie Desmarais dans Les jours heureux (Photo: courtoisie); Bradyworks\/Instruments of Hapiness (Photo: Laurence Labat); Beau Dommage symphonique (Photo: Productions Martin Leclerc)\" width=\"1200\" height=\"628\" srcset=\"https:\/\/www.ludwig-van.com\/montreal\/wp-content\/uploads\/sites\/3\/2023\/10\/Copie-de-CONCERTS-2023-10-19T081836.678.jpg 1200w, https:\/\/www.ludwig-van.com\/montreal\/wp-content\/uploads\/sites\/3\/2023\/10\/Copie-de-CONCERTS-2023-10-19T081836.678-300x157.jpg 300w, https:\/\/www.ludwig-van.com\/montreal\/wp-content\/uploads\/sites\/3\/2023\/10\/Copie-de-CONCERTS-2023-10-19T081836.678-1024x536.jpg 1024w, https:\/\/www.ludwig-van.com\/montreal\/wp-content\/uploads\/sites\/3\/2023\/10\/Copie-de-CONCERTS-2023-10-19T081836.678-768x402.jpg 768w\" sizes=\"(max-width: 1200px) 100vw, 1200px\" \/><figcaption id=\"caption-attachment-78442\" class=\"wp-caption-text\">Sophie Desmarais dans <em>Les jours heureux<\/em> (Photo: courtoisie); Bradyworks\/Instruments of Hapiness (Photo: Laurence Labat); Beau Dommage symphonique (Photo: Productions Martin Leclerc)<\/figcaption><\/figure>\n<h3><span style=\"color: #808080;\">La musique classique ne prend jamais de pause et influence les autres formes d&rsquo;art, comme on le voit cette semaine au cin\u00e9ma! Voici nos actualit\u00e9s en musique classique pour cette semaine.\u00a0<\/span><\/h3>\n<div><\/div>\n<div style=\"text-align: center;\">\n<p><img decoding=\"async\" loading=\"lazy\" class=\"size-full wp-image-78428\" src=\"https:\/\/www.ludwig-van.com\/montreal\/wp-content\/uploads\/sites\/3\/2023\/10\/DaysOfHappiness_SophieDesmarais_cr.jpg\" alt=\"La com\u00e9dienne Sophie Desmarais joue le r\u00f4le d'une cheffe d'orchestre dans le films Les jours heureux de Chlo\u00e9 Robichaud (Photo: courtoisie)\" width=\"1200\" height=\"800\" srcset=\"https:\/\/www.ludwig-van.com\/montreal\/wp-content\/uploads\/sites\/3\/2023\/10\/DaysOfHappiness_SophieDesmarais_cr.jpg 1200w, https:\/\/www.ludwig-van.com\/montreal\/wp-content\/uploads\/sites\/3\/2023\/10\/DaysOfHappiness_SophieDesmarais_cr-300x200.jpg 300w, https:\/\/www.ludwig-van.com\/montreal\/wp-content\/uploads\/sites\/3\/2023\/10\/DaysOfHappiness_SophieDesmarais_cr-1024x683.jpg 1024w, https:\/\/www.ludwig-van.com\/montreal\/wp-content\/uploads\/sites\/3\/2023\/10\/DaysOfHappiness_SophieDesmarais_cr-768x512.jpg 768w\" sizes=\"(max-width: 1200px) 100vw, 1200px\" \/><\/p>\n<\/div>\n<h3>Sortie en salles du film <em>Les jours heureux<\/em><\/h3>\n<p>C&rsquo;est aujourd&rsquo;hui m\u00eame, 20 octobre, que le film <em>Les jours heureux<\/em> de la r\u00e9alisatrice qu\u00e9b\u00e9coise <strong>Chlo\u00e9 Robichaud<\/strong> (<em>Sarah pr\u00e9f\u00e8re la course<\/em>, <em>Pays<\/em>) prend l&rsquo;affiche sur nos \u00e9crans. <strong>Sophie Desmarais<\/strong> y joue le r\u00f4le d&rsquo;Emma, \u00e9toile montante de la direction d&rsquo;orchestre, confront\u00e9e \u00e0 des choix difficiles alors qu&rsquo;elle est d\u00e9chir\u00e9e entre son p\u00e8re narcissique et agent (<strong>Sylvain Marcel<\/strong>) et son amour pour Na\u00eblle (<strong>Nour Belkhiria<\/strong>), violoncelliste fra\u00eechement s\u00e9par\u00e9e et m\u00e8re d&rsquo;un jeune gar\u00e7on. <strong>Maude Gu\u00e9rin<\/strong>, <strong>Vincent Leclerc<\/strong> et <strong>Yves Jacques<\/strong> font \u00e9galement partie de la distribution.<\/p>\n<p>Le g\u00e9n\u00e9rique comprend de plus les noms de l&rsquo;<strong>Orchestre m\u00e9tropolitain<\/strong> et de son chef <strong>Yannick N\u00e9zet-S\u00e9guin<\/strong>, ce dernier ayant agi en tant que conseiller musical pour la production du film. Ses responsabilit\u00e9s \u00e0 cet \u00e9gard comprenaient l&rsquo;initiation de l&rsquo;actrice Sophie Desmarais \u00e0 la gestuelle et autres secrets de la direction d&rsquo;orchestre.<\/p>\n<p>Le film est pr\u00e9sent\u00e9 au <a href=\"https:\/\/www.cinemabeaubien.com\/\" target=\"_blank\" rel=\"noopener\">Cin\u00e9ma Beaubien <\/a>et dans les <a href=\"https:\/\/www.cineplex.com\/fr\/movie\/les-jours-heureux?ic=cpx_hp-moviegrid-fr\" target=\"_blank\" rel=\"noopener\">Cineplex Odeon<\/a>.<\/p>\n<p>&nbsp;<\/p>\n<figure id=\"attachment_78454\" aria-describedby=\"caption-attachment-78454\" style=\"width: 1200px\" class=\"wp-caption alignnone\"><img decoding=\"async\" loading=\"lazy\" class=\"size-full wp-image-78454\" src=\"https:\/\/www.ludwig-van.com\/montreal\/wp-content\/uploads\/sites\/3\/2023\/10\/Chip-Chip-Chopin-par-Desjardins_1200.png\" alt=\"Richard Desjardins et Charles Richard-Hamelin (Photo: courtoise de Rapides Blancs)\" width=\"1200\" height=\"675\" srcset=\"https:\/\/www.ludwig-van.com\/montreal\/wp-content\/uploads\/sites\/3\/2023\/10\/Chip-Chip-Chopin-par-Desjardins_1200.png 1200w, https:\/\/www.ludwig-van.com\/montreal\/wp-content\/uploads\/sites\/3\/2023\/10\/Chip-Chip-Chopin-par-Desjardins_1200-300x169.png 300w, https:\/\/www.ludwig-van.com\/montreal\/wp-content\/uploads\/sites\/3\/2023\/10\/Chip-Chip-Chopin-par-Desjardins_1200-1024x576.png 1024w, https:\/\/www.ludwig-van.com\/montreal\/wp-content\/uploads\/sites\/3\/2023\/10\/Chip-Chip-Chopin-par-Desjardins_1200-768x432.png 768w\" sizes=\"(max-width: 1200px) 100vw, 1200px\" \/><figcaption id=\"caption-attachment-78454\" class=\"wp-caption-text\">Richard Desjardins et Charles Richard-Hamelin (Photo: courtoise de Rapides Blancs)<\/figcaption><\/figure>\n<h3>Chip Chip: Chopin par Desjardins<\/h3>\n<p>Puisqu&rsquo;on parle de films sur des sujets musicaux, mentionnons <em>Chip Chip: Chopin par Desjardins<\/em>, un touchant documentaire diffus\u00e9 cette semaine et <a href=\"https:\/\/ici.tou.tv\/chip-chip-chopin-par-desjardins?lectureauto=1\" target=\"_blank\" rel=\"noopener\">disponible en rattrapage gratuitement sur tout.tv<\/a>. <strong>Richard Desjardins<\/strong> part sur les traces de Fr\u00e9d\u00e9ric Chopin pour t\u00e2cher de comprendre ce qui l&rsquo;a toujours \u00e9mu chez ce compositeur. Les pianistes <strong>Charles Richard-Hamelin<\/strong> et <strong>Andr\u00e9 Laplante<\/strong> jouent des extraits des mazurkas, polonaises, \u00e9tudes et concertos, alors qu&rsquo;on voyage avec Richard Desjardins \u00e0 Varsovie, \u00e0 Paris et \u00e0 Nohant.<\/p>\n<div><\/div>\n<div><\/div>\n<div><\/div>\n<div style=\"text-align: center;\">\n<figure id=\"attachment_78425\" aria-describedby=\"caption-attachment-78425\" style=\"width: 1200px\" class=\"wp-caption alignnone\"><img decoding=\"async\" loading=\"lazy\" class=\"size-full wp-image-78425\" src=\"https:\/\/www.ludwig-van.com\/montreal\/wp-content\/uploads\/sites\/3\/2023\/10\/Beau-dommage-1200.jpg\" alt=\"Beau-Dommage symphonique (Photo: courtoisie Productions Martin Leclerc)\" width=\"1200\" height=\"675\" srcset=\"https:\/\/www.ludwig-van.com\/montreal\/wp-content\/uploads\/sites\/3\/2023\/10\/Beau-dommage-1200.jpg 1200w, https:\/\/www.ludwig-van.com\/montreal\/wp-content\/uploads\/sites\/3\/2023\/10\/Beau-dommage-1200-300x169.jpg 300w, https:\/\/www.ludwig-van.com\/montreal\/wp-content\/uploads\/sites\/3\/2023\/10\/Beau-dommage-1200-1024x576.jpg 1024w, https:\/\/www.ludwig-van.com\/montreal\/wp-content\/uploads\/sites\/3\/2023\/10\/Beau-dommage-1200-768x432.jpg 768w\" sizes=\"(max-width: 1200px) 100vw, 1200px\" \/><figcaption id=\"caption-attachment-78425\" class=\"wp-caption-text\">Beau-Dommage symphonique (Photo: courtoisie Productions Martin Leclerc)<\/figcaption><\/figure>\n<\/div>\n<h3><span style=\"color: #333333;\">Beau Dommage symphonique<\/span><\/h3>\n<div>Le groupe embl\u00e9matique qu\u00e9b\u00e9cois <strong>Beau Dommage<\/strong> f\u00eatera le 50e anniversaire de la sortie de son premier album en 2024. \u00c0 cette occasion, en accord avec ses membres, Productions Martin Leclerc annoncent une rencontre entre l\u2019<strong>Orchestre M\u00e9tropolitain<\/strong> et la musique du groupe, dans une version symphonique des plus grands succ\u00e8s de ses cinq albums interpr\u00e9t\u00e9s par dix interpr\u00e8tes:\u00a0 Alexandre Desilets, Allyson P\u00e9trin, Audrey-Louise Beaus\u00e9jour, Audrey-Mich\u00e8le, Coral Egan, David Latulippe, Franck Julien, Jules, Krystel Mongeau et Lyx\u00e9.<\/div>\n<div><\/div>\n<div>Ce spectacle intitul\u00e9 <em>\u00c7a fait 50 ans qu\u2019on se conna\u00eet<\/em>, aura lieu le 31 ao\u00fbt 2024 \u00e0 la Salle Wilfrid-Pelletier<br \/>\nde la Place des Arts, le 5 septembre \u00e0 l\u2019Amphith\u00e9\u00e2tre Cogeco de Trois-Rivi\u00e8res, le 12 septembre \u00e0 la Salle<br \/>\nMaurice-O\u2019Bready de Sherbrooke et le 14 septembre \u00e0 la Salle Louis-Fr\u00e9chette du Grand Th\u00e9\u00e2tre de Qu\u00e9bec. Le chef <strong>Adam Johnson<\/strong> dirigera l\u2019<strong>Orchestre M\u00e9tropolitain<\/strong> pour l\u2019occasion, tandis qu\u2019<strong>Antoine Gratton<\/strong> signera les arrangements et la direction musicale. La mise en sc\u00e8ne sera confi\u00e9e \u00e0 <strong>Michel Poirier. <\/strong><a href=\"https:\/\/productionsmartinleclerc.com\/beau-dommage\/\" target=\"_blank\" rel=\"noopener\">D\u00c9TAILS ET BILLETS<\/a><\/div>\n<div><\/div>\n<div><\/div>\n<div style=\"text-align: left;\"><\/div>\n<div><\/div>\n<div style=\"text-align: center;\">\n<figure id=\"attachment_57137\" aria-describedby=\"caption-attachment-57137\" style=\"width: 700px\" class=\"wp-caption alignnone\"><img decoding=\"async\" loading=\"lazy\" class=\"size-full wp-image-57137\" src=\"https:\/\/www.ludwig-van.com\/montreal\/wp-content\/uploads\/sites\/3\/2018\/10\/Instruments-of-Hapiness-Tim-Brady-cr-Laurence-Labat.png\" alt=\"\" width=\"700\" height=\"514\" srcset=\"https:\/\/www.ludwig-van.com\/montreal\/wp-content\/uploads\/sites\/3\/2018\/10\/Instruments-of-Hapiness-Tim-Brady-cr-Laurence-Labat.png 700w, https:\/\/www.ludwig-van.com\/montreal\/wp-content\/uploads\/sites\/3\/2018\/10\/Instruments-of-Hapiness-Tim-Brady-cr-Laurence-Labat-300x220.png 300w\" sizes=\"(max-width: 700px) 100vw, 700px\" \/><figcaption id=\"caption-attachment-57137\" class=\"wp-caption-text\">Instruments of Hapiness, avec Tim Brady. (Photo: Laurence Labat)<\/figcaption><\/figure>\n<\/div>\n<div><\/div>\n<h3>100 guitares \u00e9lectriques: une nouvelle vid\u00e9o<\/h3>\n<p>Le collectif Instruments of Happiness &#8211; 100 guitares \u00e9lectriques a pu reprendre cet \u00e9t\u00e9 ses apparitions dans le cadre du Festival de jazz de Montr\u00e9al. La prestation de cette ann\u00e9e, une cr\u00e9ation de <strong>Tim Brady<\/strong>, s&rsquo;intitulait <em>Because Really Big Jazz Guitar Chords: Sound Like This!<\/em> [<em>Car des gros accords de guitare jazz: sonnent comme \u00e7a!<\/em>] et mettait en vedette quatre solistes (Michel H\u00e9roux, Jonathan Barriault, Simon Duchesne, Francis Brunet-Turcotte) et un ensemble de guitares \u00e9lectriques sous les directions conjointes de Tim Brady, George-\u00c9tienne d&rsquo;Entremont, V\u00e9ronique Lussier et Charles-\u00c9ric Fontaine. La vid\u00e9o de l&rsquo;\u00e9v\u00e9nement est maintenant disponible.<\/p>\n<p>&nbsp;<\/p>\n<div class=\"jetpack-video-wrapper\"><span class=\"embed-youtube\" style=\"text-align:center; display: block;\"><iframe loading=\"lazy\" class=\"youtube-player\" width=\"640\" height=\"360\" src=\"https:\/\/www.youtube.com\/embed\/R6yG3cvD01s?version=3&#038;rel=1&#038;showsearch=0&#038;showinfo=1&#038;iv_load_policy=1&#038;fs=1&#038;hl=fr-FR&#038;autohide=2&#038;wmode=transparent\" allowfullscreen=\"true\" style=\"border:0;\" sandbox=\"allow-scripts allow-same-origin allow-popups allow-presentation\"><\/iframe><\/span><\/div>\n<p>&nbsp;<\/p>\n<h2>Parutions de livres<\/h2>\n<p>&nbsp;<\/p>\n<figure id=\"attachment_57523\" aria-describedby=\"caption-attachment-57523\" style=\"width: 718px\" class=\"wp-caption alignnone\"><img decoding=\"async\" loading=\"lazy\" class=\"size-full wp-image-57523\" src=\"https:\/\/www.ludwig-van.com\/montreal\/wp-content\/uploads\/sites\/3\/2018\/11\/Michel-Rochon.png\" alt=\"Michel Rochon, journaliste scientifique et auteur. (Photo: courtoisie)\" width=\"718\" height=\"357\" srcset=\"https:\/\/www.ludwig-van.com\/montreal\/wp-content\/uploads\/sites\/3\/2018\/11\/Michel-Rochon.png 718w, https:\/\/www.ludwig-van.com\/montreal\/wp-content\/uploads\/sites\/3\/2018\/11\/Michel-Rochon-300x149.png 300w\" sizes=\"(max-width: 718px) 100vw, 718px\" \/><figcaption id=\"caption-attachment-57523\" class=\"wp-caption-text\">Michel Rochon, journaliste scientifique et auteur. (Photo: courtoisie)<\/figcaption><\/figure>\n<h3>La musique qui d\u00e9fie la science<\/h3>\n<p>Deux parutions en librairie \u00e9veillent notre int\u00e9r\u00eat cette semaine : d&rsquo;abord, le livre <em>La musique qui d\u00e9fie la science<\/em> de <strong>Michel Rochon<\/strong> est disponible depuis le 11 octobre. Il soul\u00e8ve des questions sur les effets encore mal compris de la musique sur le d\u00e9veloppement humain. D\u2019o\u00f9 vient notre besoin de musique\u2009? A-t-elle des effets sur la sant\u00e9 mentale\u2009? Le cerveau fait-il une diff\u00e9rence entre le jazz, le rock et la musique classique\u2009? Comment expliquer les vers d\u2019oreille\u2009? Pourquoi certains enfants sont-ils des musiciens prodiges\u2009? Pourquoi certaines drogues modifient-elles notre perception de la musique\u2009?<\/p>\n<p>&nbsp;<\/p>\n<p><img decoding=\"async\" loading=\"lazy\" class=\"size-full wp-image-50468\" src=\"https:\/\/www.ludwig-van.com\/montreal\/wp-content\/uploads\/sites\/3\/2017\/12\/15-claude-vivier-Photo-Boosey-and-Hawkes.jpg\" alt=\"Pionniers de la musique qu\u00e9b\u00e9coise: Claude Vivier. (Photo: courtoisie Boosez &amp; Hawkes)\" width=\"1024\" height=\"576\" srcset=\"https:\/\/www.ludwig-van.com\/montreal\/wp-content\/uploads\/sites\/3\/2017\/12\/15-claude-vivier-Photo-Boosey-and-Hawkes.jpg 1024w, https:\/\/www.ludwig-van.com\/montreal\/wp-content\/uploads\/sites\/3\/2017\/12\/15-claude-vivier-Photo-Boosey-and-Hawkes-300x169.jpg 300w, https:\/\/www.ludwig-van.com\/montreal\/wp-content\/uploads\/sites\/3\/2017\/12\/15-claude-vivier-Photo-Boosey-and-Hawkes-768x432.jpg 768w\" sizes=\"(max-width: 1024px) 100vw, 1024px\" \/><\/p>\n<h3><\/h3>\n<h3>Au Square Gardette<\/h3>\n<p>Le second ouvrage s&rsquo;intitule <em>Au Square Gardette<\/em>, une r\u00e9f\u00e9rence au dernier lieu de r\u00e9sidence du compositeur Claude Vivier. <strong>Rober Racine<\/strong>, l\u2019ami des derni\u00e8res ann\u00e9es de Vivier, lui rend hommage dans ce livre-t\u00e9moignage \u00ab\u00a0sur le parcours d\u2019un enfant abandonn\u00e9, artiste dou\u00e9, cr\u00e9ateur passionn\u00e9\u00a0\u00bb. Le lancement en aura lieu le 24 octobre.<\/p>\n<p><strong>\u00a0<\/strong><\/p>\n<h2><em>Inscrivez-vous \u00e0 notre infolettre! La musique classique et l&rsquo;op\u00e9ra en 5 minutes, chaque jour<\/em> \u00a0<span style=\"color: #ff0000;\"><a style=\"color: #ff0000;\" href=\"https:\/\/ludwig-van.us9.list-manage.com\/subscribe?u=4f785cb3f9058f2393ccad035&amp;id=b9b160c032\" target=\"_blank\" rel=\"noopener noreferrer\">ICI\u00a0<\/a><\/span><\/h2>\n","protected":false},"excerpt":{"rendered":"<p>La musique classique ne prend jamais de pause et influence les autres formes d&rsquo;art, comme on le voit cette semaine au cin\u00e9ma! Voici nos actualit\u00e9s en musique classique pour cette semaine.\u00a0<\/p>\n","protected":false},"author":1,"featured_media":78442,"comment_status":"open","ping_status":"open","sticky":false,"template":"","format":"standard","meta":{"om_disable_all_campaigns":false,"jetpack_post_was_ever_published":true},"categories":[42065,10956,10992],"tags":[42047,815,42098,2521],"yst_prominent_words":[26406,10167,11452,14774,33688,26826,16851],"acf":[],"jetpack_featured_media_url":"https:\/\/www.ludwig-van.com\/montreal\/wp-content\/uploads\/sites\/3\/2023\/10\/Copie-de-CONCERTS-2023-10-19T081836.678.jpg","jetpack_sharing_enabled":true,"jetpack_shortlink":"https:\/\/wp.me\/p9bdYt-koS","amp_enabled":true,"_links":{"self":[{"href":"https:\/\/www.ludwig-van.com\/montreal\/wp-json\/wp\/v2\/posts\/78422"}],"collection":[{"href":"https:\/\/www.ludwig-van.com\/montreal\/wp-json\/wp\/v2\/posts"}],"about":[{"href":"https:\/\/www.ludwig-van.com\/montreal\/wp-json\/wp\/v2\/types\/post"}],"author":[{"embeddable":true,"href":"https:\/\/www.ludwig-van.com\/montreal\/wp-json\/wp\/v2\/users\/1"}],"replies":[{"embeddable":true,"href":"https:\/\/www.ludwig-van.com\/montreal\/wp-json\/wp\/v2\/comments?post=78422"}],"version-history":[{"count":24,"href":"https:\/\/www.ludwig-van.com\/montreal\/wp-json\/wp\/v2\/posts\/78422\/revisions"}],"predecessor-version":[{"id":78460,"href":"https:\/\/www.ludwig-van.com\/montreal\/wp-json\/wp\/v2\/posts\/78422\/revisions\/78460"}],"wp:featuredmedia":[{"embeddable":true,"href":"https:\/\/www.ludwig-van.com\/montreal\/wp-json\/wp\/v2\/media\/78442"}],"wp:attachment":[{"href":"https:\/\/www.ludwig-van.com\/montreal\/wp-json\/wp\/v2\/media?parent=78422"}],"wp:term":[{"taxonomy":"category","embeddable":true,"href":"https:\/\/www.ludwig-van.com\/montreal\/wp-json\/wp\/v2\/categories?post=78422"},{"taxonomy":"post_tag","embeddable":true,"href":"https:\/\/www.ludwig-van.com\/montreal\/wp-json\/wp\/v2\/tags?post=78422"},{"taxonomy":"yst_prominent_words","embeddable":true,"href":"https:\/\/www.ludwig-van.com\/montreal\/wp-json\/wp\/v2\/yst_prominent_words?post=78422"}],"curies":[{"name":"wp","href":"https:\/\/api.w.org\/{rel}","templated":true}]}}