{"id":78355,"date":"2023-10-16T07:51:36","date_gmt":"2023-10-16T11:51:36","guid":{"rendered":"https:\/\/www.ludwig-van.com\/montreal\/?p=78355"},"modified":"2023-10-16T07:51:36","modified_gmt":"2023-10-16T11:51:36","slug":"choix-de-la-redaction-musique-classique-les-concerts-a-ne-pas-manquer-du-16-au-21-octobre","status":"publish","type":"post","link":"https:\/\/www.ludwig-van.com\/montreal\/2023\/10\/16\/choix-de-la-redaction-musique-classique-les-concerts-a-ne-pas-manquer-du-16-au-21-octobre\/","title":{"rendered":"CHOIX DE LA R\u00c9DACTION | Musique classique: les concerts \u00e0 ne pas manquer du 16 au 21 octobre"},"content":{"rendered":"<figure id=\"attachment_78374\" aria-describedby=\"caption-attachment-78374\" style=\"width: 1200px\" class=\"wp-caption alignnone\"><img decoding=\"async\" loading=\"lazy\" class=\"size-full wp-image-78374\" src=\"https:\/\/www.ludwig-van.com\/montreal\/wp-content\/uploads\/sites\/3\/2023\/10\/Copie-de-CONCERTS-2023-10-16T073425.632.jpg\" alt=\"\" width=\"1200\" height=\"628\" srcset=\"https:\/\/www.ludwig-van.com\/montreal\/wp-content\/uploads\/sites\/3\/2023\/10\/Copie-de-CONCERTS-2023-10-16T073425.632.jpg 1200w, https:\/\/www.ludwig-van.com\/montreal\/wp-content\/uploads\/sites\/3\/2023\/10\/Copie-de-CONCERTS-2023-10-16T073425.632-300x157.jpg 300w, https:\/\/www.ludwig-van.com\/montreal\/wp-content\/uploads\/sites\/3\/2023\/10\/Copie-de-CONCERTS-2023-10-16T073425.632-1024x536.jpg 1024w, https:\/\/www.ludwig-van.com\/montreal\/wp-content\/uploads\/sites\/3\/2023\/10\/Copie-de-CONCERTS-2023-10-16T073425.632-768x402.jpg 768w\" sizes=\"(max-width: 1200px) 100vw, 1200px\" \/><figcaption id=\"caption-attachment-78374\" class=\"wp-caption-text\">Anthony Marwood (Photo: courtoisie), Lorraine Vaillancourt, (Photo: Bernard Pr\u00e9fontaine), R\u00e9mi Geniet (Photo: Jean-Baptiste Millot)<\/figcaption><\/figure>\n<h3><span style=\"color: #808080;\">Cette semaine, nombre de grands artistes d&rsquo;ici et d&rsquo;ailleurs vous pr\u00e9sentent des programmes passionnants. Voici nos Choix de la r\u00e9daction, du 16 au 22 octobre. Bon concert!\u00a0<\/span><\/h3>\n<p>&nbsp;<\/p>\n<figure id=\"attachment_76867\" aria-describedby=\"caption-attachment-76867\" style=\"width: 1200px\" class=\"wp-caption alignnone\"><img decoding=\"async\" loading=\"lazy\" class=\"size-full wp-image-76867\" src=\"https:\/\/www.ludwig-van.com\/montreal\/wp-content\/uploads\/sites\/3\/2023\/07\/Club-musical-de-Quebec_Trio-Nakariakov-Kashimoto-Meerovitch_2799x1080.jpg\" alt=\"Sergei NakariakovDaishin Kashimoto Maria Meerovitch (Photo: courtoisie du Club musical de Qu\u00e9bec)\" width=\"1200\" height=\"463\" \/><figcaption id=\"caption-attachment-76867\" class=\"wp-caption-text\">Sergei Nakariakov, Daishin Kashimoto, Maria Meerovitch (Photo: courtoisie du Club musical de Qu\u00e9bec)<\/figcaption><\/figure>\n<h3>Un trio de haut niveau \u00e0 Montr\u00e9al et \u00e0 Qu\u00e9bec<\/h3>\n<p><strong>Daishin Kashimoto<\/strong>, violon-solo de l\u2019Orchestre philharmonique de Berlin, <strong>Sergei Nakariakov<\/strong> )qualifi\u00e9 de \u00ab\u00a0Paganini de la trompette\u00a0\u00bb) et <strong>Maria Meerovitch<\/strong>, trois formidables solistes menant des carri\u00e8res exceptionnelles, s\u2019unissent \u00e0 Montr\u00e9al (<strong>Salle Bourgie<\/strong>) et pour le d\u00e9but de saison du <strong>Club musical de Qu\u00e9bec<\/strong> pour interpr\u00e9ter le tr\u00e8s original Trio pour cor, violon et piano de Brahms. Des oeuvres de Grieg et Robert Schumann compl\u00e8tent le programme.<\/p>\n<p>Un\u00b7e artiste de la rel\u00e8ve donnera une prestation d\u2019une dur\u00e9e de 15 minutes au d\u00e9but du concert de la Salle Bourgie.<\/p>\n<p><strong>Le 16 octobre, 19 h 30, Salle Bourgie.<\/strong> <a href=\"https:\/\/www.mbam.qc.ca\/fr\/activites\/trio-nakariakov-kashimoto-meerovitch\/\" target=\"_blank\" rel=\"noopener\">D\u00c9TAILS ET BILLETS<\/a><\/p>\n<p><strong>Le 17 octobre, 19 h 30, Palais-Montcalm<\/strong> <a href=\"https:\/\/clubmusicaldequebec.com\/cmq\/index.php\/programmation\/saison-2023-2024\/nakariakov-kashimoto-meerovitch\" target=\"_blank\" rel=\"noopener\">D\u00c9TAILS ET BILLETS<\/a><\/p>\n<p>&nbsp;<\/p>\n<figure id=\"attachment_51472\" aria-describedby=\"caption-attachment-51472\" style=\"width: 1024px\" class=\"wp-caption alignnone\"><img decoding=\"async\" loading=\"lazy\" class=\"size-full wp-image-51472\" src=\"https:\/\/www.ludwig-van.com\/montreal\/wp-content\/uploads\/sites\/3\/2018\/02\/5.NEM_Lorraine_Vaillancourt_CREDIT_Bernard-Pre\u0301fontaine.jpg\" alt=\"Lorraine Vaillancourt\" width=\"1024\" height=\"683\" srcset=\"https:\/\/www.ludwig-van.com\/montreal\/wp-content\/uploads\/sites\/3\/2018\/02\/5.NEM_Lorraine_Vaillancourt_CREDIT_Bernard-Pre\u0301fontaine.jpg 1024w, https:\/\/www.ludwig-van.com\/montreal\/wp-content\/uploads\/sites\/3\/2018\/02\/5.NEM_Lorraine_Vaillancourt_CREDIT_Bernard-Pre\u0301fontaine-300x200.jpg 300w, https:\/\/www.ludwig-van.com\/montreal\/wp-content\/uploads\/sites\/3\/2018\/02\/5.NEM_Lorraine_Vaillancourt_CREDIT_Bernard-Pre\u0301fontaine-768x512.jpg 768w\" sizes=\"(max-width: 1024px) 100vw, 1024px\" \/><figcaption id=\"caption-attachment-51472\" class=\"wp-caption-text\">Lorraine Vaillancourt. (Photo: Bernard Pr\u00e9fontaine)<\/figcaption><\/figure>\n<h3>Concert d&rsquo;ouverture du Nouvel Ensemble Moderne<\/h3>\n<p><strong>Lorraine Vaillancourt<\/strong> entreprend sa derni\u00e8re saison \u00e0 la t\u00eate du <strong>NEM<\/strong> avec ce premier concert de saison anniversaire qui rendra hommage au compositeur <strong>Harrison Birtwistle<\/strong> disparu au printemps dernier. Le NEM jouera Secret Theater dont il a fait la cr\u00e9ation montr\u00e9alaise en 1994. \u00c9galement au programme, Las Meninas (extrait) de <strong>John Rea<\/strong>, \u0153uvre pour piano dans une orchestration pour le NEM par <strong>Fran\u00e7ois Valli\u00e8res<\/strong>, ainsi que les cr\u00e9ations <em>Contingency Icons<\/em> de <strong>Samuel Andreyev<\/strong> et <em>La persistance, l&rsquo;\u00e9ph\u00e9m\u00e8re<\/em> de <strong>Tom\u00e1s Diaz Villegas<\/strong>, compositeur en r\u00e9sidence au NEM.<\/p>\n<p><strong>Le 16 octobre, 19 h 30, Studio-Th\u00e9\u00e2tre de l&rsquo;\u00c9difice Wilder<\/strong> <a href=\"https:\/\/levivier.ca\/fr\/concert\/saison-2023-24\/concert-douverture-du-nem\" target=\"_blank\" rel=\"noopener\">D\u00c9TAILS ET BILLETS<\/a><\/p>\n<p>&nbsp;<\/p>\n<p>&nbsp;<\/p>\n<figure id=\"attachment_77636\" aria-describedby=\"caption-attachment-77636\" style=\"width: 640px\" class=\"wp-caption aligncenter\"><img decoding=\"async\" loading=\"lazy\" class=\"wp-image-77636 size-large\" src=\"https:\/\/www.ludwig-van.com\/montreal\/wp-content\/uploads\/sites\/3\/2023\/09\/Pierre-Genisson-728x1024.png\" alt=\"\" width=\"640\" height=\"900\" srcset=\"https:\/\/www.ludwig-van.com\/montreal\/wp-content\/uploads\/sites\/3\/2023\/09\/Pierre-Genisson-728x1024.png 728w, https:\/\/www.ludwig-van.com\/montreal\/wp-content\/uploads\/sites\/3\/2023\/09\/Pierre-Genisson-213x300.png 213w, https:\/\/www.ludwig-van.com\/montreal\/wp-content\/uploads\/sites\/3\/2023\/09\/Pierre-Genisson-768x1080.png 768w, https:\/\/www.ludwig-van.com\/montreal\/wp-content\/uploads\/sites\/3\/2023\/09\/Pierre-Genisson.png 853w\" sizes=\"(max-width: 640px) 100vw, 640px\" \/><figcaption id=\"caption-attachment-77636\" class=\"wp-caption-text\">Pierre G\u00e9nisson<\/figcaption><\/figure>\n<h3>Pierre G\u00e9nisson<\/h3>\n<p>Dans ce programme germanique, le virtuose fran\u00e7ais <strong>Pierre G\u00e9nisson<\/strong>, v\u00e9ritable po\u00e8te de la clarinette, interpr\u00e8tera avec des musiciens et musiciennes de l\u2019<strong>Orchestre M\u00e9tropolitain<\/strong> le Quintette pour clarinette et cordes de Brahms, qui sera pr\u00e9c\u00e9d\u00e9 du vibrant et subtil Quatuor en sol mineur d\u2019Emilie Mayer. En collaboration avec l\u2019<strong>Orchestre M\u00e9tropolitain.\u00a0<\/strong><\/p>\n<p><strong>Le 18 octobre, 19 h 30, Salle Bourgie<\/strong> <a href=\"https:\/\/www.mbam.qc.ca\/fr\/activites\/pierre-genisson-clarinette-et-les-musiciennes-de-lorchestre-metropolitain-1\/\" target=\"_blank\" rel=\"noopener\">D\u00c9TAILS ET BILLETS<\/a><\/p>\n<p>&nbsp;<\/p>\n<figure id=\"attachment_77498\" aria-describedby=\"caption-attachment-77498\" style=\"width: 640px\" class=\"wp-caption aligncenter\"><img decoding=\"async\" loading=\"lazy\" class=\"wp-image-77498 size-large\" src=\"https:\/\/www.ludwig-van.com\/montreal\/wp-content\/uploads\/sites\/3\/2023\/08\/Anthony-Marwood-683x1024.jpg\" alt=\"Anthony Marwood (Photo: courtoisie)\" width=\"640\" height=\"960\" srcset=\"https:\/\/www.ludwig-van.com\/montreal\/wp-content\/uploads\/sites\/3\/2023\/08\/Anthony-Marwood-683x1024.jpg 683w, https:\/\/www.ludwig-van.com\/montreal\/wp-content\/uploads\/sites\/3\/2023\/08\/Anthony-Marwood-200x300.jpg 200w, https:\/\/www.ludwig-van.com\/montreal\/wp-content\/uploads\/sites\/3\/2023\/08\/Anthony-Marwood-768x1152.jpg 768w, https:\/\/www.ludwig-van.com\/montreal\/wp-content\/uploads\/sites\/3\/2023\/08\/Anthony-Marwood.jpg 800w\" sizes=\"(max-width: 640px) 100vw, 640px\" \/><figcaption id=\"caption-attachment-77498\" class=\"wp-caption-text\">Anthony Marwood (Photo: courtoisie)<\/figcaption><\/figure>\n<h3>Les Violons du Roy<\/h3>\n<p><strong>Les Violons du Roy<\/strong> retrouvent le violoniste <strong>Anthony Marwood<\/strong>, collaborateur et ami de longue date qui aura permis au fil des ans la d\u00e9couverte et l\u2019approfondissement d\u2019un vaste r\u00e9pertoire.<\/p>\n<p><strong>Le 19 octobre, 14 h, Palais-Montcalm<\/strong> <a href=\"https:\/\/www.violonsduroy.com\/fr\/programmation\/saison-quebec\/2023-10-19_14h_d-elgar-a-enesco-le-retour-d-anthony-marwood-2994\/\" target=\"_blank\" rel=\"noopener\">D\u00c9TAILS ET BILLETS<\/a><\/p>\n<p><strong>Le 19 octobre, 19 h 30, Palais-Montcalm<\/strong> <a href=\"https:\/\/www.violonsduroy.com\/fr\/programmation\/saison-quebec\/2023-10-19_19h30_d-elgar-a-enesco-le-retour-d-anthony-marwood-2993\/\" target=\"_blank\" rel=\"noopener\">D\u00c9TAILS ET BILLETS<\/a><\/p>\n<p><strong>Le 20 octobre, 19 h 30, Salle Bourgie<\/strong> <a href=\"https:\/\/www.mbam.qc.ca\/fr\/activites\/violons-du-roy-le-souffle-des-cordes-1\/\" target=\"_blank\" rel=\"noopener\">D\u00c9TAILS ET BILLETS<\/a><\/p>\n<p>&nbsp;<\/p>\n<figure id=\"attachment_78113\" aria-describedby=\"caption-attachment-78113\" style=\"width: 640px\" class=\"wp-caption aligncenter\"><img decoding=\"async\" loading=\"lazy\" class=\"size-full wp-image-78113\" src=\"https:\/\/www.ludwig-van.com\/montreal\/wp-content\/uploads\/sites\/3\/2023\/09\/La-releve-du-jazz.png\" alt=\"\" width=\"640\" height=\"360\" srcset=\"https:\/\/www.ludwig-van.com\/montreal\/wp-content\/uploads\/sites\/3\/2023\/09\/La-releve-du-jazz.png 640w, https:\/\/www.ludwig-van.com\/montreal\/wp-content\/uploads\/sites\/3\/2023\/09\/La-releve-du-jazz-300x169.png 300w\" sizes=\"(max-width: 640px) 100vw, 640px\" \/><figcaption id=\"caption-attachment-78113\" class=\"wp-caption-text\">La rel\u00e8ve du jazz<\/figcaption><\/figure>\n<h3>Big Band de l&rsquo;UdeM<\/h3>\n<p>Un grand concert jazz avec le <strong>Big Band de l\u2019Universit\u00e9 de Montr\u00e9al<\/strong> et son nouveau directeur musical, le trompettiste br\u00e9silien <strong>Jo\u00e3o Lenhari<\/strong>, de m\u00eame que la rel\u00e8ve en composition jazz! Lors de cette soir\u00e9e, on d\u00e9couvrira les cr\u00e9ations originales et arrangements des \u00e9tudiantes et \u00e9tudiants de la classe de <strong>Jean-Nicolas Trottier<\/strong>, interpr\u00e9t\u00e9es par le <strong>Big Band.<\/strong><\/p>\n<p><strong>Le 17 octobre, 19 h 30, Club Soda<\/strong> <a href=\"https:\/\/lepointdevente.com\/billets\/clb231017001?lang=fr\" target=\"_blank\" rel=\"noopener\">D\u00c9TAILS ET BILLETS<\/a><\/p>\n<p>&nbsp;<\/p>\n<figure id=\"attachment_78250\" aria-describedby=\"caption-attachment-78250\" style=\"width: 1200px\" class=\"wp-caption alignnone\"><img decoding=\"async\" loading=\"lazy\" class=\"size-full wp-image-78250\" src=\"https:\/\/www.ludwig-van.com\/montreal\/wp-content\/uploads\/sites\/3\/2023\/10\/Jacques-Lacombe-2-Credit-Brent-Calis-1200.jpg\" alt=\"Jacques Lacombe, directeur artistique de l'OCM (Photo: Brent Callis)\" width=\"1200\" height=\"800\" srcset=\"https:\/\/www.ludwig-van.com\/montreal\/wp-content\/uploads\/sites\/3\/2023\/10\/Jacques-Lacombe-2-Credit-Brent-Calis-1200.jpg 1200w, https:\/\/www.ludwig-van.com\/montreal\/wp-content\/uploads\/sites\/3\/2023\/10\/Jacques-Lacombe-2-Credit-Brent-Calis-1200-300x200.jpg 300w, https:\/\/www.ludwig-van.com\/montreal\/wp-content\/uploads\/sites\/3\/2023\/10\/Jacques-Lacombe-2-Credit-Brent-Calis-1200-1024x683.jpg 1024w, https:\/\/www.ludwig-van.com\/montreal\/wp-content\/uploads\/sites\/3\/2023\/10\/Jacques-Lacombe-2-Credit-Brent-Calis-1200-768x512.jpg 768w\" sizes=\"(max-width: 1200px) 100vw, 1200px\" \/><figcaption id=\"caption-attachment-78250\" class=\"wp-caption-text\">Jacques Lacombe, directeur artistique de l&rsquo;OCM (Photo: Brent Callis)<\/figcaption><\/figure>\n<h3>Slava Ukra\u00efni<\/h3>\n<p>L&rsquo;h\u00e9ritage musical de l\u2019Ukraine sera \u00e0 l\u2019honneur dans ce premier concert de saison dirig\u00e9 par <strong>Jacques Lacombe<\/strong> \u00e0 titre de nouveau directeur artistique de l\u2019OCM. Cette soir\u00e9e vous fera d\u00e9couvrir plus de 200 ans d\u2019\u0153uvres classiques de compositeurs ukrainiens de renom, pour orchestre, piano, ch\u0153ur et solistes lyriques, ainsi qu\u2019une premi\u00e8re mondiale de la compositrice ukraino-canadienne <strong>Joanna Estelle Storoschuk<\/strong>. Parmi les solistes, citons un quatuor de chanteurs ukraino-canadiens ainsi que le pianiste <strong>Serhiy Salov<\/strong>. Enfin, le chef de ch\u0153ur <strong>Xavier Brossard-M\u00e9nard<\/strong> dirigera le ch\u0153ur <strong>Les Rugissants<\/strong> dans l\u2019interpr\u00e9tation d\u2019\u0153uvres chorales a cappella ukrainiennes transcendantes.<\/p>\n<p><strong>Le 17 octobre, 19 h 30, salle Pierre-Mercure<\/strong> <a href=\"https:\/\/orchestre.ca\/slava-ukraini\/\" target=\"_blank\" rel=\"noopener\">D\u00c9TAILS ET BILLETS<\/a><\/p>\n<p>&nbsp;<\/p>\n<p>&nbsp;<\/p>\n<p style=\"text-align: center;\"><img decoding=\"async\" loading=\"lazy\" class=\"alignnone size-full wp-image-77298\" src=\"https:\/\/www.ludwig-van.com\/montreal\/wp-content\/uploads\/sites\/3\/2023\/08\/Dictateur_Chaplin-osm.jpg\" alt=\"\" width=\"1200\" height=\"381\" \/><\/p>\n<p><em>Le dictateur<\/em>, premier film parlant de <strong>Charlie Chaplin<\/strong>, fut en nomination pour cinq Oscars, dont celui de la meilleure musique. Pr\u00e9sent\u00e9 pour la premi\u00e8re fois en Am\u00e9rique du Nord dans une version remast\u00e9ris\u00e9e, ce film mi-satirique, mi-humoristique, livre un message d\u2019espoir et de tol\u00e9rance \u00e0 travers l\u2019histoire rocambolesque d\u2019un humble barbier juif, sosie du dictateur inspir\u00e9 par Hitler. La trame sonore originale de Chaplin et <strong>Meredith Willson<\/strong> a \u00e9t\u00e9 restaur\u00e9e par <strong>Timothy Brock.<\/strong><\/p>\n<p><strong>Le 18 octobre, 19 h 30, et le 19 octobre, 10 h 30, Maison symphonique<\/strong> <a href=\"https:\/\/www.osm.ca\/fr\/concerts\/le-dictateur-de-charlie-chaplin\/\" target=\"_blank\" rel=\"noopener\">D\u00c9TAILS ET BILLETS<\/a><\/p>\n<p>&nbsp;<\/p>\n<figure id=\"attachment_61863\" aria-describedby=\"caption-attachment-61863\" style=\"width: 1200px\" class=\"wp-caption alignnone\"><img decoding=\"async\" loading=\"lazy\" class=\"size-full wp-image-61863\" src=\"https:\/\/www.ludwig-van.com\/montreal\/wp-content\/uploads\/sites\/3\/2019\/10\/JMC_StickBow_resonances_credit-donald-robitaille-osa_br_cropped.jpg\" alt=\"Le duo Stick&amp;Bow : Krystina Marcoux, marimba et Juan Sebastian Delgado, violoncelle (Photo pour les JMC : Donald Robitaille, OSA Image)\" width=\"1200\" height=\"800\" srcset=\"https:\/\/www.ludwig-van.com\/montreal\/wp-content\/uploads\/sites\/3\/2019\/10\/JMC_StickBow_resonances_credit-donald-robitaille-osa_br_cropped.jpg 1200w, https:\/\/www.ludwig-van.com\/montreal\/wp-content\/uploads\/sites\/3\/2019\/10\/JMC_StickBow_resonances_credit-donald-robitaille-osa_br_cropped-300x200.jpg 300w, https:\/\/www.ludwig-van.com\/montreal\/wp-content\/uploads\/sites\/3\/2019\/10\/JMC_StickBow_resonances_credit-donald-robitaille-osa_br_cropped-768x512.jpg 768w, https:\/\/www.ludwig-van.com\/montreal\/wp-content\/uploads\/sites\/3\/2019\/10\/JMC_StickBow_resonances_credit-donald-robitaille-osa_br_cropped-1024x683.jpg 1024w\" sizes=\"(max-width: 1200px) 100vw, 1200px\" \/><figcaption id=\"caption-attachment-61863\" class=\"wp-caption-text\">Le duo Stick&amp;Bow : Krystina Marcoux, marimba et Juan Sebastian Delgado, violoncelle (Photo pour les JMC : Donald Robitaille, OSA Image)<\/figcaption><\/figure>\n<h3>Concert anniversaire de Stick&amp;Bow<\/h3>\n<p>Le duo <strong>Stick&amp;Bow<\/strong> (<strong>Krystina Marcoux<\/strong>, marimba, et <strong>Juan Sebastian Delgado<\/strong>, violoncelle) f\u00eate ses cinq ans. Cinco! repr\u00e9sente la c\u00e9l\u00e9bration de cinq ann\u00e9es de cr\u00e9ations musicales, le partage avec des publics du monde entier, la d\u00e9couverte des possibilit\u00e9s acoustiques de deux instruments inusit\u00e9s, l&rsquo;\u00e9veil de la curiosit\u00e9 des amateurs musicaux autant que des m\u00e9lomanes et le plaisir fou de pouvoir vivre de ce m\u00e9tier si incroyable. En collaboration avec <strong>Le Vivier.\u00a0<\/strong><\/p>\n<p><strong>Le 19 octobre, 19 h 30, La Chapelle Sc\u00e8nes contemporaines<\/strong> <a href=\"https:\/\/levivier.ca\/fr\/concert\/saison-2023-24\/cinco\" target=\"_blank\" rel=\"noopener\">D\u00c9TAILS ET BILLETS<\/a><\/p>\n<p>&nbsp;<\/p>\n<figure id=\"attachment_76530\" aria-describedby=\"caption-attachment-76530\" style=\"width: 1200px\" class=\"wp-caption alignnone\"><img decoding=\"async\" loading=\"lazy\" class=\"size-full wp-image-76530\" src=\"https:\/\/www.ludwig-van.com\/montreal\/wp-content\/uploads\/sites\/3\/2023\/06\/Alain-Trudel-Brott-music-Festival.jpg\" alt=\"Alain Trudel, tromboniste et chef d'orchestre (Photo: Brott Music Festival)\" width=\"1200\" height=\"801\" \/><figcaption id=\"caption-attachment-76530\" class=\"wp-caption-text\">Alain Trudel, tromboniste et chef d&rsquo;orchestre (Photo: Brott Music Festival)<\/figcaption><\/figure>\n<h3>Trois-Rivi\u00e8res: d\u00e9but de saison avec Alain Trudel<\/h3>\n<p>\u00c0 l\u2019occasion du premier concert de la saison 2023-2024 de son nouveau directeur artistique, l&rsquo;<strong>Orchestre symphonique de Trois-Rivi\u00e8res<\/strong> pr\u00e9sente la Symphonie no 2 \u00ab\u00a0h\u00e9ro\u00efque\u00a0\u00bb de Beethoven. En seconde partie, pour la premi\u00e8re fois \u00e0 Trois-Rivi\u00e8res, on offrira <em>C\u0153ur &#8211; cinq po\u00e8mes symphoniques pour ch\u0153ur\u00a0et orchestre, <\/em>de <strong>Gilles Bellemare<\/strong>, un des pionniers de la musique qu\u00e9b\u00e9coise et premier directeur artistique de l\u2019OSTR. Alain Trudel lance avec ce concert une s\u00e9rie d\u2019hommages \u00e0 des h\u00e9ros de la Mauricie.<\/p>\n<p><strong>Le 21 octobre, 19 h 30, salle Antonio-Thompson, Trois-Rivi\u00e8res<\/strong> <a href=\"https:\/\/ostr.ca\/programmation\/grands-concerts\/coeur\/\" target=\"_blank\" rel=\"noopener\">D\u00c9TAILS ET BILLETS<\/a><\/p>\n<p>&nbsp;<\/p>\n<figure id=\"attachment_49591\" aria-describedby=\"caption-attachment-49591\" style=\"width: 640px\" class=\"wp-caption aligncenter\"><img decoding=\"async\" loading=\"lazy\" class=\"wp-image-49591 size-large\" src=\"https:\/\/www.ludwig-van.com\/montreal\/wp-content\/uploads\/sites\/3\/2017\/11\/Luc-Beause\u0301jour_photo-Annie-Ethier-full-portrait-683x1024.jpg\" alt=\"Luc Beaus\u00e9jour, fondateur de Clavecin en concert. (Cr\u00e9dit : Annie Ethier)\" width=\"640\" height=\"960\" srcset=\"https:\/\/www.ludwig-van.com\/montreal\/wp-content\/uploads\/sites\/3\/2017\/11\/Luc-Beause\u0301jour_photo-Annie-Ethier-full-portrait-683x1024.jpg 683w, https:\/\/www.ludwig-van.com\/montreal\/wp-content\/uploads\/sites\/3\/2017\/11\/Luc-Beause\u0301jour_photo-Annie-Ethier-full-portrait-200x300.jpg 200w, https:\/\/www.ludwig-van.com\/montreal\/wp-content\/uploads\/sites\/3\/2017\/11\/Luc-Beause\u0301jour_photo-Annie-Ethier-full-portrait-768x1152.jpg 768w, https:\/\/www.ludwig-van.com\/montreal\/wp-content\/uploads\/sites\/3\/2017\/11\/Luc-Beause\u0301jour_photo-Annie-Ethier-full-portrait.jpg 1024w\" sizes=\"(max-width: 640px) 100vw, 640px\" \/><figcaption id=\"caption-attachment-49591\" class=\"wp-caption-text\">Luc Beaus\u00e9jour, fondateur de Clavecin en concert. (Cr\u00e9dit : Annie Ethier)<\/figcaption><\/figure>\n<h3>Clavecin en concert: Mozart<\/h3>\n<p>L\u2019\u0153uvre principale de ce concert est le Quatuor avec piano en sol mineur K. 478 de Mozart, publi\u00e9 \u00e0 l&rsquo;origine sous le titre <em>Quatuor pour le Clavecin ou Forte Piano, Violon, Tallie [sic] et Basse<\/em>. Son premier mouvement, d\u2019une atmosph\u00e8re sombre, commence par un th\u00e8me lapidaire de six notes qui revient sans cesse, et les deux qui suivent se coulent dans une belle lumi\u00e8re. Sa partie de clavier sugg\u00e8re que Mozart la destinait sans doute au pianoforte viennois de l&rsquo;\u00e9poque. C\u2019est donc la sonorit\u00e9 du pianoforte Graf de la salle Bourgie qu\u2019on pourra entendre lors du concert. Avec <strong>Antoine Bareil<\/strong>, violon; <strong>Juan-Miguel Hernandez,<\/strong> alto; <strong>Cameron Crozman<\/strong>, violoncelle, et <strong>Luc Beaus\u00e9jour<\/strong>, pianoforte.<\/p>\n<p><strong>Le 22 octobre, 14 h 30, Salle Bourgie<\/strong> &#8211; <a href=\"https:\/\/clavecinenconcert.com\/mozart-de-la-joie-a-la-tristesse\/\" target=\"_blank\" rel=\"noopener\">D\u00c9TAILS ET BILLETS<\/a><\/p>\n<p>&nbsp;<\/p>\n<p>&nbsp;<\/p>\n<figure id=\"attachment_76365\" aria-describedby=\"caption-attachment-76365\" style=\"width: 1024px\" class=\"wp-caption alignnone\"><img decoding=\"async\" loading=\"lazy\" class=\"size-full wp-image-76365\" src=\"https:\/\/www.ludwig-van.com\/montreal\/wp-content\/uploads\/sites\/3\/2017\/12\/Remi-Geniet-A\u00a9-Jean-Baptiste-Millot.jpg\" alt=\"\" width=\"1024\" height=\"682\" \/><figcaption id=\"caption-attachment-76365\" class=\"wp-caption-text\">R\u00e9mi Geniet<br \/>Cr\u00e9dit : Jean-Baptiste Millot<\/figcaption><\/figure>\n<h3>Le LMMC re\u00e7oit R\u00e9mi Geniet<\/h3>\n<p>Jeune pianiste prim\u00e9, <strong>R\u00e9mi Geniet<\/strong> se distingue comme le plus jeune laur\u00e9at (3e Prix) du Concours international Beethoven de Bonn en 2011. Quatre ans plus tard, il remporte le 2e Prix du Concours Reine Elisabeth de Belgique, apr\u00e8s avoir r\u00e9alis\u00e9 sa premi\u00e8re performance \u00e0 Carnegie Hall en 2013-2014. Il sera l&rsquo;invit\u00e9 du<strong> LMMC<\/strong> ce dimanche dans un programme comprenant des pi\u00e8ces de Bach, Ravel, Beethoven et Prokofiev.<\/p>\n<p><strong>Le 22 octobre, 15 h 30, salle Pollack<\/strong> <a href=\"https:\/\/www.lmmc.ca\/fr\/remigeniet\" target=\"_blank\" rel=\"noopener\">D\u00c9TAILS ET BILLETS<\/a><\/p>\n<p>&nbsp;<\/p>\n<p>&nbsp;<\/p>\n<p style=\"text-align: center;\"><img decoding=\"async\" loading=\"lazy\" class=\"alignnone size-full wp-image-78369\" src=\"https:\/\/www.ludwig-van.com\/montreal\/wp-content\/uploads\/sites\/3\/2023\/10\/LAB_bielinski_siteweb2.jpg\" alt=\"\" width=\"950\" height=\"475\" srcset=\"https:\/\/www.ludwig-van.com\/montreal\/wp-content\/uploads\/sites\/3\/2023\/10\/LAB_bielinski_siteweb2.jpg 950w, https:\/\/www.ludwig-van.com\/montreal\/wp-content\/uploads\/sites\/3\/2023\/10\/LAB_bielinski_siteweb2-300x150.jpg 300w, https:\/\/www.ludwig-van.com\/montreal\/wp-content\/uploads\/sites\/3\/2023\/10\/LAB_bielinski_siteweb2-768x384.jpg 768w\" sizes=\"(max-width: 950px) 100vw, 950px\" \/><\/p>\n<h3>Mykalle Bielinski revisite les <em>Aichinger lieder<\/em> de <strong>Sandeep Bhagwati.<\/strong><\/h3>\n<p>Oniriques, myst\u00e9rieux, les <em>Aichinger lieder<\/em> de Sandeep Bhagwati semblent s\u2019\u00e9chapper du r\u00e9el pour fuir vers une douce transe. Dans l\u2019esprit m\u00e9ditatif des concerts de <strong>Mykalle Bielinski<\/strong>, cette adaptation \u00e0 Chants Libres met en sc\u00e8ne psalmodie, oralit\u00e9, rituel et arts vivants. En collaboration avec Le Vivier et la SMCQ.<\/p>\n<p><strong>Le 22 octobre, 19 h 30, La Chapelle Sc\u00e8nes contemporaines<\/strong> <a href=\"https:\/\/levivier.ca\/fr\/concert\/saison-2023-24\/laboratoire-lyrik-02-bhagwatibielinski\" target=\"_blank\" rel=\"noopener\">D\u00c9TAILS ET BILLETS<\/a><\/p>\n<p>&nbsp;<\/p>\n<figure id=\"attachment_78371\" aria-describedby=\"caption-attachment-78371\" style=\"width: 1200px\" class=\"wp-caption alignnone\"><img decoding=\"async\" loading=\"lazy\" class=\"size-full wp-image-78371\" src=\"https:\/\/www.ludwig-van.com\/montreal\/wp-content\/uploads\/sites\/3\/2023\/10\/halloween.png\" alt=\"\" width=\"1200\" height=\"675\" srcset=\"https:\/\/www.ludwig-van.com\/montreal\/wp-content\/uploads\/sites\/3\/2023\/10\/halloween.png 1200w, https:\/\/www.ludwig-van.com\/montreal\/wp-content\/uploads\/sites\/3\/2023\/10\/halloween-300x169.png 300w, https:\/\/www.ludwig-van.com\/montreal\/wp-content\/uploads\/sites\/3\/2023\/10\/halloween-1024x576.png 1024w, https:\/\/www.ludwig-van.com\/montreal\/wp-content\/uploads\/sites\/3\/2023\/10\/halloween-768x432.png 768w\" sizes=\"(max-width: 1200px) 100vw, 1200px\" \/><figcaption id=\"caption-attachment-78371\" class=\"wp-caption-text\">Photo: courtoisie des JMC<\/figcaption><\/figure>\n<h3>Bal de l&rsquo;Halloween aux JMC<\/h3>\n<p>Un bal o\u00f9 animaux fantastiques, sorci\u00e8res gu\u00e9risseuses et cr\u00e9atures ensorcel\u00e9es invitent les enfants \u00e0 danser sur les grands classiques musicaux traditionnels d\u2019Halloween. De la joyeuse danse des squelettes \u00e0 la gigue endiabl\u00e9e, tous les ingr\u00e9dients sont l\u00e0 pour un party d\u00e9guis\u00e9! Public cible: les 3 \u00e0 12 ans.<\/p>\n<p><strong>Le 22 octobre, 10 h, salle Joseph-Rouleau<\/strong> <a href=\"https:\/\/www.jmcanada.ca\/fr\/ateliers\/le-bal-de-lhalloween\/?utm_source=Jeunesses+Musicales+Canada&amp;utm_campaign=f633d17629-EMAIL_CAMPAIGN_2019_01_15_02_37_COPY_01&amp;utm_medium=email&amp;utm_term=0_ffdf1be5b7-f633d17629-87106235\" target=\"_blank\" rel=\"noopener\">D\u00c9TAILS ET BILLETS<\/a><\/p>\n<h2><em>Inscrivez-vous \u00e0 notre infolettre! La musique classique et l&rsquo;op\u00e9ra en 5 minutes, chaque jour<\/em> \u00a0<span style=\"color: #ff0000;\"><a style=\"color: #ff0000;\" href=\"https:\/\/ludwig-van.us9.list-manage.com\/subscribe?u=4f785cb3f9058f2393ccad035&amp;id=b9b160c032\" target=\"_blank\" rel=\"noopener noreferrer\">ICI\u00a0<\/a><\/span><\/h2>\n","protected":false},"excerpt":{"rendered":"<p>Cette semaine, nombre de grands artistes vous pr\u00e9sentent des programmes passionnants. Voici les concerts \u00e0 ne pas manquer, du 16 au 22 octobre. <\/p>\n","protected":false},"author":1,"featured_media":78374,"comment_status":"open","ping_status":"open","sticky":false,"template":"","format":"standard","meta":{"om_disable_all_campaigns":false,"jetpack_post_was_ever_published":false},"categories":[42065,10956,10994],"tags":[],"yst_prominent_words":[13371,13370,9878,9863,13120,13117,33504,26052,9877,13123,13119,33503,11700,11696,13116,13118,31964],"acf":[],"jetpack_featured_media_url":"https:\/\/www.ludwig-van.com\/montreal\/wp-content\/uploads\/sites\/3\/2023\/10\/Copie-de-CONCERTS-2023-10-16T073425.632.jpg","jetpack_sharing_enabled":true,"jetpack_shortlink":"https:\/\/wp.me\/p9bdYt-knN","amp_enabled":true,"_links":{"self":[{"href":"https:\/\/www.ludwig-van.com\/montreal\/wp-json\/wp\/v2\/posts\/78355"}],"collection":[{"href":"https:\/\/www.ludwig-van.com\/montreal\/wp-json\/wp\/v2\/posts"}],"about":[{"href":"https:\/\/www.ludwig-van.com\/montreal\/wp-json\/wp\/v2\/types\/post"}],"author":[{"embeddable":true,"href":"https:\/\/www.ludwig-van.com\/montreal\/wp-json\/wp\/v2\/users\/1"}],"replies":[{"embeddable":true,"href":"https:\/\/www.ludwig-van.com\/montreal\/wp-json\/wp\/v2\/comments?post=78355"}],"version-history":[{"count":19,"href":"https:\/\/www.ludwig-van.com\/montreal\/wp-json\/wp\/v2\/posts\/78355\/revisions"}],"predecessor-version":[{"id":78377,"href":"https:\/\/www.ludwig-van.com\/montreal\/wp-json\/wp\/v2\/posts\/78355\/revisions\/78377"}],"wp:featuredmedia":[{"embeddable":true,"href":"https:\/\/www.ludwig-van.com\/montreal\/wp-json\/wp\/v2\/media\/78374"}],"wp:attachment":[{"href":"https:\/\/www.ludwig-van.com\/montreal\/wp-json\/wp\/v2\/media?parent=78355"}],"wp:term":[{"taxonomy":"category","embeddable":true,"href":"https:\/\/www.ludwig-van.com\/montreal\/wp-json\/wp\/v2\/categories?post=78355"},{"taxonomy":"post_tag","embeddable":true,"href":"https:\/\/www.ludwig-van.com\/montreal\/wp-json\/wp\/v2\/tags?post=78355"},{"taxonomy":"yst_prominent_words","embeddable":true,"href":"https:\/\/www.ludwig-van.com\/montreal\/wp-json\/wp\/v2\/yst_prominent_words?post=78355"}],"curies":[{"name":"wp","href":"https:\/\/api.w.org\/{rel}","templated":true}]}}