{"id":78350,"date":"2023-10-17T08:00:49","date_gmt":"2023-10-17T12:00:49","guid":{"rendered":"https:\/\/www.ludwig-van.com\/montreal\/?p=78350"},"modified":"2023-10-23T08:38:37","modified_gmt":"2023-10-23T12:38:37","slug":"entrevue-alain-trudel-cest-important-pour-moi-davoir-une-presence-au-quebec","status":"publish","type":"post","link":"https:\/\/www.ludwig-van.com\/montreal\/2023\/10\/17\/entrevue-alain-trudel-cest-important-pour-moi-davoir-une-presence-au-quebec\/","title":{"rendered":"ENTREVUE | Alain Trudel: \u00ab\u00a0C&rsquo;est important pour moi d&rsquo;avoir une pr\u00e9sence au Qu\u00e9bec\u00a0\u00bb"},"content":{"rendered":"<figure id=\"attachment_75192\" aria-describedby=\"caption-attachment-75192\" style=\"width: 1200px\" class=\"wp-caption alignnone\"><img decoding=\"async\" loading=\"lazy\" class=\"size-full wp-image-75192\" src=\"https:\/\/www.ludwig-van.com\/montreal\/wp-content\/uploads\/sites\/3\/2023\/02\/Copie-de-NOUVELLE-47.jpg\" alt=\"Alain Trudel, chef d'orchestre et tromboniste. (Photo: Brott Music Festival)\" width=\"1200\" height=\"628\" \/><figcaption id=\"caption-attachment-75192\" class=\"wp-caption-text\">Alain Trudel, chef d&rsquo;orchestre et tromboniste. (Photo: Brott Music Festival)<\/figcaption><\/figure>\n<h3><span style=\"color: #808080;\">Ce samedi, l&rsquo;Orchestre symphonique de Trois-Rivi\u00e8res pr\u00e9sente son concert d&rsquo;ouverture de saison sous la direction d&rsquo;Alain Trudel, nomm\u00e9 directeur artistique et chef attitr\u00e9 en f\u00e9vrier dernier. Le programme nous offrira la Symphonie no 3 de Beethoven ainsi que <em>Coeur<\/em>, grande \u0153uvre de Gilles Bellemare.<\/span><\/h3>\n<p>C&rsquo;est un bel hommage au premier directeur artistique de l&rsquo;OSTR (o\u00f9 il est demeur\u00e9 de 1978 \u00e0 2005) qu&rsquo;<strong>Alain Trudel<\/strong> fait en pr\u00e9sentant cette \u0153uvre pour la premi\u00e8re fois \u00e0 Trois-Rivi\u00e8res.<\/p>\n<p><em>C\u0153ur \u2013 Cinq po\u00e8mes symphoniques pour ch\u0153ur et orchestre<\/em>, de <strong>Gilles Bellemare<\/strong>, a \u00e9t\u00e9 compos\u00e9e en collaboration avec <strong>Fran\u00e7ois Reeves<\/strong>, neveu du regrett\u00e9 <strong>Hubert Reeves.<\/strong><\/p>\n<p><strong>Fran\u00e7ois Reeves<\/strong> est cardiologue d&rsquo;intervention et professeur agr\u00e9g\u00e9 de m\u00e9decine \u00e0 l&rsquo;Universit\u00e9 de Montr\u00e9al. \u00c9galement auteur et humaniste, il a sign\u00e9 les paroles de ces po\u00e8mes symphoniques, qui, on le devine, sont reli\u00e9s \u00e0 la gu\u00e9rison et \u00e0 la cardiologie.<\/p>\n<p>\u00ab\u00a0<strong>Fran\u00e7ois Reeves<\/strong> et <strong>Gilles Bellemare<\/strong> se connaissent depuis toujours, raconte <strong>Alain Trudel<\/strong>. Fran\u00e7ois a eu l&rsquo;id\u00e9e de faire de la musique bas\u00e9e sur les trac\u00e9s cardiaques. Il a montr\u00e9 des trac\u00e9s cardiaques \u00e0 Gilles, qui a commenc\u00e9 \u00e0 les traduire en musique. Les cinq mouvements sont comme cinq chambres d&rsquo;h\u00f4pital que l&rsquo;on visite, et nous font d\u00e9couvrir la condition cardiaque mais aussi la condition humaine de ces patients, des sentiments de ces personnes \u00e0 travers leur maladie. Les mouvements portent les noms des num\u00e9ros de chambres. Ce sont des patients qui ont vraiment \u00e9t\u00e9 soign\u00e9s par <strong>Fran\u00e7ois Reeves<\/strong>. Sur le plan musical, le rythme et la structure sont bas\u00e9s sur leurs trac\u00e9s cardiaques. Toutefois, c&rsquo;est tr\u00e8s m\u00e9lodique et accessible. C&rsquo;est le langage musical de Gilles, qui sera sur place et qui est un h\u00e9ros de la ville. J&rsquo;ai mis cela au programme avec un de mes h\u00e9ros personnels, Beethoven.\u00a0\u00bb<\/p>\n<p>La partie vocale sera chant\u00e9e par le Ch\u0153ur de l&rsquo;OSTR.<\/p>\n<p>\u00ab\u00a0C&rsquo;est un voyage \u00e0 travers ces cinq chambres, et \u00e7a se termine de fa\u00e7on assez positive, ajoute le chef. Il y a un c\u00f4t\u00e9 tr\u00e8s \u00e9motif et tr\u00e8s humain dans cette \u0153uvre. Avant chaque mouvement, nous allons prendre le temps d&rsquo;arr\u00eater pour parler du texte et expliquer aux gens comment la musique soutient celui-ci pour qu&rsquo;ils puissent mieux appr\u00e9cier le tout. Les paroles seront \u00e9galement affich\u00e9es sur des \u00e9crans.\u00a0\u00bb<\/p>\n<p>Car si <strong>Alain Trudel<\/strong> aime lance des d\u00e9fis \u00e0 son public en lui proposant de nouvelles \u0153uvres, il le fait en lui donnant les outils pour comprendre.<\/p>\n<p>\u00ab\u00a0On parle \u00e9norm\u00e9ment de \u00ab\u00a0d\u00e9mocratiser la musique\u00a0\u00bb, tout le monde a ces mots \u00e0 la bouche ces temps-ci, mais des gens comme Yannick [N\u00e9zet-S\u00e9guin] et moi, et bien d&rsquo;autres, on le fait d\u00e9j\u00e0 depuis longtemps. Ce qui est tr\u00e8s important pour moi, c&rsquo;est de le faire sans d\u00e9naturer qui on est et ce qu&rsquo;on fait. On ne peut pas pr\u00e9senter la musique classique sans que ce soit vraiment de la musique classique! Ensuite les gens vont dire \u00ab\u00a0ce n&rsquo;est pas ce qu&rsquo;on m&rsquo;avait montr\u00e9 la premi\u00e8re fois\u00a0\u00bb, comme quelqu&rsquo;un qui va \u00e0 un premier rendez-vous et se pr\u00e9sente sous un faux jour. Les gens sont capables d&rsquo;appr\u00e9cier la musique pour ce qu&rsquo;elle est et pour l&rsquo;humanit\u00e9 qu&rsquo;il y a dedans. On n&rsquo;est pas oblig\u00e9s de l&rsquo;enrober et d&rsquo;ajouter plein d&rsquo;artifices.\u00a0\u00bb<\/p>\n<h3>Demeurer au Qu\u00e9bec et demeurer authentique<\/h3>\n<p>Apr\u00e8s <a href=\"https:\/\/www.ludwig-van.com\/montreal\/2022\/06\/08\/nouvelle-alain-trudel-quitte-lorchestre-symphonique-de-laval\/\" target=\"_blank\" rel=\"noopener\">son d\u00e9part abrupt<\/a> de l&rsquo;<strong>Orchestre symphonique de Laval<\/strong>, o\u00f9 <a href=\"https:\/\/plus.lapresse.ca\/screens\/5bd6bfc7-e0d0-42f0-8355-2cb012791fae%7C_0.html\" target=\"_blank\" rel=\"noopener\">il \u00e9tait tr\u00e8s impliqu\u00e9 depuis quinze ans dans la communaut\u00e9<\/a>, tant aupr\u00e8s des jeunes que des personnes \u00e2g\u00e9es, le chef a mis du temps avant d&rsquo;accepter une nouvelle offre.<\/p>\n<p>Il est d\u00e9j\u00e0 fort occup\u00e9 \u00e0\u00a0l&rsquo;<strong>Orchestre symphonique de Toledo [Toledo Symphony]<\/strong>, o\u00f9 son mandat vient d&rsquo;\u00eatre renouvel\u00e9 pour trois ans. \u00c0 Toledo, le chef ne manque pas de travail, car la situation de l&rsquo;ensemble est enviable. L&rsquo;orchestre dispose d&rsquo;un budget important ainsi que d&rsquo;un fonds de dotation bien garni dans cette ville de 287 000 habitants o\u00f9 de g\u00e9n\u00e9reux m\u00e9c\u00e8nes aident les arts.<\/p>\n<p>Ainsi, l&rsquo;orchestre de 69 musiciens joue une quarantaine de fois par an. En plus de sa saison de concerts en quatre volets (grandes \u0153uvres, pop, musique de chambre et concerts famille) l&rsquo;organisation compte un ballet, une \u00e9cole de musique et un orchestre de jeunes. Le <strong>Toledo Symphony<\/strong> joue \u00e9galement dans le cadre des productions de l&rsquo;op\u00e9ra local. Il y a aussi un orchestre de jazz auquel <strong>Alain Trudel<\/strong> participe en tant que tromboniste.<\/p>\n<p>De plus, <strong>Alain Trudel<\/strong> compose et veut se laisser du temps pour le faire.<\/p>\n<p>&nbsp;<\/p>\n<blockquote><p>\u00ab\u00a0C&rsquo;est important pour moi de continuer au Qu\u00e9bec, dit-il. J&rsquo;ai pris un bon six mois de r\u00e9flexion avant d&rsquo;accepter le poste et je ne fais pas les choses \u00e0 moiti\u00e9. J&rsquo;ai h\u00e2te \u00e0 ce premier concert officiel de saison en tant que directeur artistique de l&rsquo;OSTR.\u00a0\u00bb &#8211; Alain Trudel<\/p><\/blockquote>\n<p>&nbsp;<\/p>\n<h3>La saison 2023-2024 de l&rsquo;OSTR<\/h3>\n<p>Dans le cadre de sa s\u00e9rie \u00ab\u00a0Grands concerts\u00a0\u00bb de cette saison 2023-2024, l&rsquo;OSTR pr\u00e9sente une oeuvre tr\u00e8s connue du r\u00e9pertoire, souvent jumel\u00e9e avec une grande \u0153uvre un peu moins connue, et les compositeurs qu\u00e9b\u00e9cois sont tr\u00e8s pr\u00e9sents.<\/p>\n<p>Ainsi, on entendra \u00e9galement la <em>Symphonie fantastique<\/em> de Berlioz au m\u00eame programme que le Concerto pour violon de Korngold (le <a href=\"https:\/\/ostr.ca\/programmation\/grands-concerts\/fantastique\/\" target=\"_blank\" rel=\"noopener\">18 novembre<\/a>) et que la <em>Symphonie minute<\/em> de <strong>Jos\u00e9 Evangelista;<\/strong>\u00a0la neuvi\u00e8me Symphonie dite \u00ab du Nouveau Monde \u00bb de Dvo\u0159\u00e1k avec la Symphonie no 4 de Jacques H\u00e9tu et le Concerto en sol de Ravel (soliste invit\u00e9e: <strong>Elisabeth Pion<\/strong>) <a href=\"https:\/\/ostr.ca\/programmation\/grands-concerts\/liberte\/\" target=\"_blank\" rel=\"noopener\">le 17 mars<\/a>; la sixi\u00e8me Symphonie \u00ab Path\u00e9tique \u00bb de Tcha\u00efkovski avec la superbe <a href=\"https:\/\/www.ludwig-van.com\/montreal\/2023\/06\/22\/critique-une-fin-de-saison-remarquable-pour-lorchestre-classique-de-montreal\/\" target=\"_blank\" rel=\"noopener\"><em>Symphonie de la Temp\u00eate de Verglas<\/em><\/a> de <strong>Maxime Goulet<\/strong> (le 20 <a href=\"https:\/\/ostr.ca\/programmation\/grands-concerts\/tourbillon\/\" target=\"_blank\" rel=\"noopener\">avril).\u00a0<\/a><\/p>\n<p>\u00c0 cela s&rsquo;ajoutent un concert de No\u00ebl avec la soprano <strong>Marianne Lambert<\/strong> <a href=\"https:\/\/ostr.ca\/programmation\/grands-concerts\/tradition\/\" target=\"_blank\" rel=\"noopener\">le 9 d\u00e9cembre<\/a>; un concert jazz avec la pianiste Lorraine Desmarais le 17 f\u00e9vrier, et la saison se conclura avec Carmen, de Bizet, <a href=\"https:\/\/ostr.ca\/programmation\/grands-concerts\/incandescence\/\" target=\"_blank\" rel=\"noopener\">le 18 mai.\u00a0<\/a><\/p>\n<p>Une saison vari\u00e9e qui aura certainement l&rsquo;heur de plaire tant aux m\u00e9lomanes avertis qu&rsquo;aux n\u00e9ophytes, et donne m\u00eame envie de rouler jusqu&rsquo;\u00e0 Trois-Rivi\u00e8res pour les entendre. Avec les bouchons de circulation et les travaux, de chez moi, ce serait \u00e0 peine plus long que de me rendre au centre-ville de Montr\u00e9al.<\/p>\n<p><strong>Le concert C\u0153ur de l&rsquo;OSTR aura lieu le 21 octobre, 19h30, salle J.-Antonio-Thompson<\/strong> <a href=\"https:\/\/ostr.ca\/programmation\/grands-concerts\/coeur\/\" target=\"_blank\" rel=\"noopener\">D\u00c9TAILS ET BILLETS<\/a><\/p>\n<h2><em>Inscrivez-vous \u00e0 notre infolettre! La musique classique et l&rsquo;op\u00e9ra en 5 minutes, chaque jour<\/em> \u00a0<span style=\"color: #ff0000;\"><a style=\"color: #ff0000;\" href=\"https:\/\/ludwig-van.us9.list-manage.com\/subscribe?u=4f785cb3f9058f2393ccad035&amp;id=b9b160c032\" target=\"_blank\" rel=\"noopener noreferrer\">ICI\u00a0<\/a><\/span><\/h2>\n<p>&nbsp;<\/p>\n","protected":false},"excerpt":{"rendered":"<p>Ce samedi, l&rsquo;Orchestre symphonique de Trois-Rivi\u00e8res pr\u00e9sente son concert d&rsquo;ouverture de saison sous la direction d&rsquo;Alain Trudel, nomm\u00e9 directeur artistique et chef attitr\u00e9 en f\u00e9vrier dernier.<\/p>\n","protected":false},"author":51,"featured_media":75192,"comment_status":"open","ping_status":"open","sticky":false,"template":"","format":"standard","meta":{"om_disable_all_campaigns":false,"jetpack_post_was_ever_published":false},"categories":[42065,10956,10998],"tags":[42066,20601],"yst_prominent_words":[8644,8651,9842,9851,33693,31138,20600,9811,10167,11111,10546,10109,11819,8641],"acf":[],"jetpack_featured_media_url":"https:\/\/www.ludwig-van.com\/montreal\/wp-content\/uploads\/sites\/3\/2023\/02\/Copie-de-NOUVELLE-47.jpg","jetpack_sharing_enabled":true,"jetpack_shortlink":"https:\/\/wp.me\/p9bdYt-knI","amp_enabled":true,"_links":{"self":[{"href":"https:\/\/www.ludwig-van.com\/montreal\/wp-json\/wp\/v2\/posts\/78350"}],"collection":[{"href":"https:\/\/www.ludwig-van.com\/montreal\/wp-json\/wp\/v2\/posts"}],"about":[{"href":"https:\/\/www.ludwig-van.com\/montreal\/wp-json\/wp\/v2\/types\/post"}],"author":[{"embeddable":true,"href":"https:\/\/www.ludwig-van.com\/montreal\/wp-json\/wp\/v2\/users\/51"}],"replies":[{"embeddable":true,"href":"https:\/\/www.ludwig-van.com\/montreal\/wp-json\/wp\/v2\/comments?post=78350"}],"version-history":[{"count":14,"href":"https:\/\/www.ludwig-van.com\/montreal\/wp-json\/wp\/v2\/posts\/78350\/revisions"}],"predecessor-version":[{"id":78563,"href":"https:\/\/www.ludwig-van.com\/montreal\/wp-json\/wp\/v2\/posts\/78350\/revisions\/78563"}],"wp:featuredmedia":[{"embeddable":true,"href":"https:\/\/www.ludwig-van.com\/montreal\/wp-json\/wp\/v2\/media\/75192"}],"wp:attachment":[{"href":"https:\/\/www.ludwig-van.com\/montreal\/wp-json\/wp\/v2\/media?parent=78350"}],"wp:term":[{"taxonomy":"category","embeddable":true,"href":"https:\/\/www.ludwig-van.com\/montreal\/wp-json\/wp\/v2\/categories?post=78350"},{"taxonomy":"post_tag","embeddable":true,"href":"https:\/\/www.ludwig-van.com\/montreal\/wp-json\/wp\/v2\/tags?post=78350"},{"taxonomy":"yst_prominent_words","embeddable":true,"href":"https:\/\/www.ludwig-van.com\/montreal\/wp-json\/wp\/v2\/yst_prominent_words?post=78350"}],"curies":[{"name":"wp","href":"https:\/\/api.w.org\/{rel}","templated":true}]}}