{"id":78225,"date":"2023-10-04T10:09:30","date_gmt":"2023-10-04T14:09:30","guid":{"rendered":"https:\/\/www.ludwig-van.com\/montreal\/?p=78225"},"modified":"2023-10-04T10:25:34","modified_gmt":"2023-10-04T14:25:34","slug":"communaute-ensemble-caprice-gloria-vivaldi","status":"publish","type":"post","link":"https:\/\/www.ludwig-van.com\/montreal\/2023\/10\/04\/communaute-ensemble-caprice-gloria-vivaldi\/","title":{"rendered":"COMMUNAUT\u00c9 | L&rsquo;Ensemble Caprice et ses invit\u00e9s vous invitent \u00e0 un concert 100% Vivaldi"},"content":{"rendered":"<figure id=\"attachment_78226\" aria-describedby=\"caption-attachment-78226\" style=\"width: 1200px\" class=\"wp-caption alignnone\"><img decoding=\"async\" loading=\"lazy\" class=\"size-full wp-image-78226\" src=\"https:\/\/www.ludwig-van.com\/montreal\/wp-content\/uploads\/sites\/3\/2023\/10\/Ensemble-Caprice-Tam-Photography.jpg\" alt=\"L'Ensemble Caprice \u00e0 la Maison symphonique. (Photo: Tam Photography)\" width=\"1200\" height=\"628\" srcset=\"https:\/\/www.ludwig-van.com\/montreal\/wp-content\/uploads\/sites\/3\/2023\/10\/Ensemble-Caprice-Tam-Photography.jpg 1200w, https:\/\/www.ludwig-van.com\/montreal\/wp-content\/uploads\/sites\/3\/2023\/10\/Ensemble-Caprice-Tam-Photography-300x157.jpg 300w, https:\/\/www.ludwig-van.com\/montreal\/wp-content\/uploads\/sites\/3\/2023\/10\/Ensemble-Caprice-Tam-Photography-1024x536.jpg 1024w, https:\/\/www.ludwig-van.com\/montreal\/wp-content\/uploads\/sites\/3\/2023\/10\/Ensemble-Caprice-Tam-Photography-768x402.jpg 768w\" sizes=\"(max-width: 1200px) 100vw, 1200px\" \/><figcaption id=\"caption-attachment-78226\" class=\"wp-caption-text\">L&rsquo;Ensemble Caprice \u00e0 la Maison symphonique. (Photo: Tam Photography)<\/figcaption><\/figure>\n<h1 style=\"text-align: center;\"><del>Un message de l&rsquo;Ensemble Caprice<\/del><\/h1>\n<p>&nbsp;<\/p>\n<h3 style=\"text-align: center;\">Vivaldi, Vivaldi, Vivaldi !<\/h3>\n<h4 style=\"text-align: center;\">L\u2019Ensemble Caprice, l\u2019Ensemble ArtChoral et l\u2019Orchestre baroque de J\u00e9rusalem<br \/>\npr\u00e9sentent des \u0153uvres parmi les plus exaltantes du compositeur<\/h4>\n<p>&nbsp;<\/p>\n<p><strong>Montr\u00e9al, 4 octobre 2023 <\/strong>&#8211; <strong>L&rsquo;Ensemble Caprice, l\u2019Ensemble ArtChoral<\/strong> et <strong>l\u2019Orchestre baroque de J\u00e9rusalem<\/strong> s\u2019unissent pour proposer une exp\u00e9rience musicale inoubliable avec un programme enti\u00e8rement d\u00e9di\u00e9 aux \u0153uvres majestueuses de Vivaldi.<\/p>\n<p>Pr\u00e9sent\u00e9e au <strong>Palais Montcalm de Qu\u00e9bec le 13 octobre 2023<\/strong> et \u00e0 la <strong>Maison symphonique de Montr\u00e9al le dimanche 15 octobre 2023<\/strong>, cette production internationale sera dirig\u00e9e par <strong>Matthias Maute<\/strong> de l\u2019Ensemble Caprice et l\u2019Ensemble ArtChoral, et par <strong>David Shemer<\/strong> de l\u2019Orchestre baroque de J\u00e9rusalem.<\/p>\n<h3><strong>Heureuse union<\/strong><\/h3>\n<p>Cette collaboration s\u2019inscrit dans une suite d&rsquo;\u00e9changes musicaux entre les deux ensembles. Ils en seront \u00e0 leur 4e collaboration, alors qu\u2019ils ont offert deux performances en Isra\u00ebl et une \u00e0 Montr\u00e9al depuis 2021.<\/p>\n<p>D\u00e9crit comme \u00ab\u00a0la m\u00e8re de tous les ensembles baroques en Isra\u00ebl\u00a0\u00bb, <strong>l\u2019Orchestre baroque de J\u00e9rusalem<\/strong> est le premier orchestre en Isra\u00ebl \u00e0 jouer de la musique baroque avec des instruments d&rsquo;\u00e9poque, selon les m\u00e9thodes d&rsquo;interpr\u00e9tation et les techniques de jeu utilis\u00e9es \u00e0 cette \u00e8re.<\/p>\n<p>Avec <strong>l\u2019Ensemble Caprice<\/strong>, mondialement reconnu pour son engagement \u00e0 pr\u00e9senter la musique baroque d&rsquo;une mani\u00e8re vivante, passionnante et authentique, les ensembles virtuoses vous emm\u00e8neront dans un voyage captivant \u00e0 travers le g\u00e9nie musical de Vivaldi, comme voulu \u00e0 l\u2019origine par le compositeur.<\/p>\n<p>Pour cl\u00f4turer cette c\u00e9l\u00e9bration, le <em>Gloria, <\/em>une des \u0153uvres chorales les plus connues du compositeur, prendra le premier plan. \u00c9crit \u00e0 l&rsquo;origine comme un hymne joyeux de louange et d&rsquo;adoration pour un ch\u0153ur de femmes, le <em>Gloria <\/em>est devenu au fil du temps un chef-d&rsquo;\u0153uvre in\u00e9gal\u00e9 en termes de jovialit\u00e9 et d&rsquo;\u00e9l\u00e9gance.<\/p>\n<p>Les partitions magistrales seront port\u00e9es par le ch\u0153ur de femmes de l\u2019<strong>Ensemble ArtChoral<\/strong>, qui insuffleront vie \u00e0 l\u2019une des \u0153uvres chorales les plus exaltantes de la musique sacr\u00e9e. L\u2019Ensemble ArtChoral, r\u00e9cipiendaire du prix Opus de l\u2019\u00c9v\u00e9nement musical de l\u2019ann\u00e9e 2020, se d\u00e9marque en tant que ch\u0153ur professionnel dans la grande tradition du chant choral au Qu\u00e9bec, au Canada et \u00e0 l\u2019international.<\/p>\n<p>Voil\u00e0 une rare occasion d&rsquo;\u00eatre transport\u00e9 par la splendeur musicale de Vivaldi, tout en d\u00e9couvrant le Gloria comme jamais auparavant !<\/p>\n<p>Les billets sont <a href=\"https:\/\/www.ensemblecaprice.com\/fr\/concerts\" target=\"_blank\" rel=\"noopener\">disponibles maintenant sur le site de l&rsquo;Ensemble Caprice\u00a0<\/a><\/p>\n<p><strong>Programme d\u2019Antonio Vivaldi :<\/strong><\/p>\n<ul>\n<li>In exitu Israel (Salmo 113), RV 604<\/li>\n<li>Laudate Dominum omnes gentes (Salmo 116), RV 606<\/li>\n<li>Concerto grosso, RV 565<\/li>\n<li>Motet Infurore giustissmae irae, RV 626<\/li>\n<li>Magnificat, RV 610<br \/>\n<em>-Entracte-<\/em><\/li>\n<li>Concerto, RV566<\/li>\n<li>Gloria, RV 589<\/li>\n<\/ul>\n<p>&nbsp;<\/p>\n<h3 style=\"text-align: center;\"><strong><em>RAPPEL<\/em><\/strong><\/h3>\n<p style=\"text-align: center;\"><em>Le Gloria de Vivaldi<\/em><\/p>\n<p style=\"text-align: center;\">Palais Montcalm &#8211; Qu\u00e9bec<\/p>\n<p style=\"text-align: center;\">13 octobre 2023 &#8211; 19h30<\/p>\n<h3 style=\"text-align: center;\"><a href=\"https:\/\/palaismontcalm.tuxedobillet.com\/main\/gloria-de-vivaldi-caprice\" target=\"_blank\" rel=\"noopener\"><strong>ACHETER DES BILLETS<\/strong><\/a><\/h3>\n<p>&nbsp;<\/p>\n<p style=\"text-align: center;\">Maison Symphonique &#8211; Montr\u00e9al<\/p>\n<p style=\"text-align: center;\">15 octobre 2023 &#8211; 14h00<\/p>\n<h3 style=\"text-align: center;\"><a href=\"https:\/\/placedesarts.com\/fr\/evenement\/le-gloria-de-vivaldi\" target=\"_blank\" rel=\"noopener\"><strong>ACHETER DES BILLETS<\/strong><\/a><\/h3>\n<p>&nbsp;<\/p>\n<p><strong>\u00c0 propos de l\u2019Ensemble Caprice<\/strong><\/p>\n<p>Nomm\u00e9 par le New York Times comme \u201cforce progressive dans le monde musical\u201d, l\u2019Ensemble Caprice est reconnu pour ses programmes cr\u00e9atifs et novateurs et ses interpr\u00e9tations dynamiques et convaincantes. Fond\u00e9 par le fl\u00fbtiste, compositeur et chef d\u2019orchestre Matthias Maute, l\u2019Ensemble Caprice est devenu, au cours des d\u00e9cennies, un incontournable du monde de la musique classique. L\u2019Ensemble Caprice a sillonn\u00e9 les quatre coins du globe et donn\u00e9 des concerts dans quatre continents et des dizaines de pays, dont au prestigieux Lufthansa Festival of Baroque Music \u00e0 Londres.<\/p>\n<p><strong>\u00c0 propos de l\u2019Ensemble ArtChoral<\/strong><\/p>\n<p>L\u2019Ensemble ArtChoral, ch\u0153ur professionnel dans la grande tradition du chant choral au Qu\u00e9bec, existe depuis plus de 40 ans, avec la mission de pr\u00e9senter le chant choral professionnel au Qu\u00e9bec, au Canada et \u00e0 l&rsquo;international. ArtChoral, r\u00e9cipiendaire du PRIX OPUS de l\u2019\u00c9v\u00e9nement musical de l\u2019ann\u00e9e 2020, a choisi la Maison symphonique comme foyer pour sa s\u00e9rie de concerts \u00e0 Montr\u00e9al. De plus, ce ch\u0153ur professionnel en r\u00e9sidence 2023-2027 du Festival Classica et du Nouvel Op\u00e9ra M\u00e9tropolitain.<\/p>\n<p><strong>\u00c0 propos de l\u2019Orchestre baroque de J\u00e9rusalem<\/strong><\/p>\n<p>L&rsquo;orchestre a \u00e9t\u00e9 fond\u00e9 en 1989 par le claveciniste et chef d&rsquo;orchestre David Shemer, qui en est aujourd&rsquo;hui le directeur musical. L&rsquo;orchestre organise des s\u00e9ries de concerts \u00e0 travers Isra\u00ebl et \u00e0 l\u2019international lors de concerts dans divers cadres, notamment des festivals, des s\u00e9ries de concerts et des voyages dans le monde entier, y compris en Estonie et au Canada. Les programmes de l&rsquo;orchestre pr\u00e9sentent les meilleures \u0153uvres de la musique baroque et de la musique classique ancienne, de Claudio Monteverdi \u00e0 Bach, de Heinrich Schitz \u00e0 Haendel et de Henry Purcell \u00e0 Mozart et Beethoven.<\/p>\n<p><em>Ce communiqu\u00e9 de presse est publi\u00e9 dans le cadre de nos services aux membres de Ludwig van Montr\u00e9al. Pour conna\u00eetre nos produits et services, \u00e9crivez-nous \u00e0 <\/em><a href=\"mailto:caroline@ludwig-van.com\" target=\"_blank\" rel=\"noopener\">caroline@ludwig-van.com\u00a0<\/a><\/p>\n<h2><em>Inscrivez-vous \u00e0 notre infolettre! La musique classique et l&rsquo;op\u00e9ra en 5 minutes, chaque jour<\/em> \u00a0<span style=\"color: #ff0000;\"><a style=\"color: #ff0000;\" href=\"https:\/\/ludwig-van.us9.list-manage.com\/subscribe?u=4f785cb3f9058f2393ccad035&amp;id=b9b160c032\" target=\"_blank\" rel=\"noopener noreferrer\">ICI\u00a0<\/a><\/span><\/h2>\n<p>&nbsp;<\/p>\n","protected":false},"excerpt":{"rendered":"<p>L\u2019Ensemble Caprice, l\u2019Ensemble ArtChoral et l\u2019Orchestre baroque de J\u00e9rusalem pr\u00e9sentent des \u0153uvres parmi les plus exaltantes du compositeur<\/p>\n","protected":false},"author":1,"featured_media":78226,"comment_status":"open","ping_status":"open","sticky":false,"template":"","format":"standard","meta":{"om_disable_all_campaigns":false,"jetpack_post_was_ever_published":false},"categories":[42065,10956,13504],"tags":[42066,42080,1164],"yst_prominent_words":[11051,22908],"acf":[],"jetpack_featured_media_url":"https:\/\/www.ludwig-van.com\/montreal\/wp-content\/uploads\/sites\/3\/2023\/10\/Ensemble-Caprice-Tam-Photography.jpg","jetpack_sharing_enabled":true,"jetpack_shortlink":"https:\/\/wp.me\/p9bdYt-klH","amp_enabled":true,"_links":{"self":[{"href":"https:\/\/www.ludwig-van.com\/montreal\/wp-json\/wp\/v2\/posts\/78225"}],"collection":[{"href":"https:\/\/www.ludwig-van.com\/montreal\/wp-json\/wp\/v2\/posts"}],"about":[{"href":"https:\/\/www.ludwig-van.com\/montreal\/wp-json\/wp\/v2\/types\/post"}],"author":[{"embeddable":true,"href":"https:\/\/www.ludwig-van.com\/montreal\/wp-json\/wp\/v2\/users\/1"}],"replies":[{"embeddable":true,"href":"https:\/\/www.ludwig-van.com\/montreal\/wp-json\/wp\/v2\/comments?post=78225"}],"version-history":[{"count":5,"href":"https:\/\/www.ludwig-van.com\/montreal\/wp-json\/wp\/v2\/posts\/78225\/revisions"}],"predecessor-version":[{"id":78232,"href":"https:\/\/www.ludwig-van.com\/montreal\/wp-json\/wp\/v2\/posts\/78225\/revisions\/78232"}],"wp:featuredmedia":[{"embeddable":true,"href":"https:\/\/www.ludwig-van.com\/montreal\/wp-json\/wp\/v2\/media\/78226"}],"wp:attachment":[{"href":"https:\/\/www.ludwig-van.com\/montreal\/wp-json\/wp\/v2\/media?parent=78225"}],"wp:term":[{"taxonomy":"category","embeddable":true,"href":"https:\/\/www.ludwig-van.com\/montreal\/wp-json\/wp\/v2\/categories?post=78225"},{"taxonomy":"post_tag","embeddable":true,"href":"https:\/\/www.ludwig-van.com\/montreal\/wp-json\/wp\/v2\/tags?post=78225"},{"taxonomy":"yst_prominent_words","embeddable":true,"href":"https:\/\/www.ludwig-van.com\/montreal\/wp-json\/wp\/v2\/yst_prominent_words?post=78225"}],"curies":[{"name":"wp","href":"https:\/\/api.w.org\/{rel}","templated":true}]}}