{"id":78141,"date":"2023-09-27T10:59:10","date_gmt":"2023-09-27T14:59:10","guid":{"rendered":"https:\/\/www.ludwig-van.com\/montreal\/?p=78141"},"modified":"2023-09-27T10:59:10","modified_gmt":"2023-09-27T14:59:10","slug":"communaute-allegra-annonce-sa-43e-saison-et-linvite-special-yannick-nezet-seguin","status":"publish","type":"post","link":"https:\/\/www.ludwig-van.com\/montreal\/2023\/09\/27\/communaute-allegra-annonce-sa-43e-saison-et-linvite-special-yannick-nezet-seguin\/","title":{"rendered":"COMMUNAUT\u00c9 | Allegra annonce sa 43e saison et l&rsquo;invit\u00e9 sp\u00e9cial Yannick N\u00e9zet-S\u00e9guin"},"content":{"rendered":"<figure id=\"attachment_78144\" aria-describedby=\"caption-attachment-78144\" style=\"width: 1200px\" class=\"wp-caption alignnone\"><img decoding=\"async\" loading=\"lazy\" class=\"size-full wp-image-78144\" src=\"https:\/\/www.ludwig-van.com\/montreal\/wp-content\/uploads\/sites\/3\/2023\/09\/Copie-de-COMMENTARY-3.jpg\" alt=\"Les musiciennes et musiciens d'Allegra (Photo: courtoisie\" width=\"1200\" height=\"628\" srcset=\"https:\/\/www.ludwig-van.com\/montreal\/wp-content\/uploads\/sites\/3\/2023\/09\/Copie-de-COMMENTARY-3.jpg 1200w, https:\/\/www.ludwig-van.com\/montreal\/wp-content\/uploads\/sites\/3\/2023\/09\/Copie-de-COMMENTARY-3-300x157.jpg 300w, https:\/\/www.ludwig-van.com\/montreal\/wp-content\/uploads\/sites\/3\/2023\/09\/Copie-de-COMMENTARY-3-1024x536.jpg 1024w, https:\/\/www.ludwig-van.com\/montreal\/wp-content\/uploads\/sites\/3\/2023\/09\/Copie-de-COMMENTARY-3-768x402.jpg 768w\" sizes=\"(max-width: 1200px) 100vw, 1200px\" \/><figcaption id=\"caption-attachment-78144\" class=\"wp-caption-text\">Les musiciennes et musiciens d&rsquo;Allegra (Photo: courtoisie<\/figcaption><\/figure>\n<p>&nbsp;<\/p>\n<h1 style=\"text-align: center;\"><del>Un message d&rsquo;Allegra<\/del><\/h1>\n<p>&nbsp;<\/p>\n<p>Le 19 octobre 2023, la <strong>Fondation Allegra<\/strong>, dont la raison d&rsquo;\u00eatre est de soutenir la musique de chambre <strong>Allegra<\/strong> et <strong>Bach avant dodo<\/strong>, tiendra son gala annuel.\u00a0 La soir\u00e9e, qui se d\u00e9roulera \u00e0 la <strong>Salle Tanna Schulich<\/strong>, comprendra une prestation anim\u00e9e des musiciens d&rsquo;<strong>Allegra<\/strong>, un cocktail d\u00eenatoire pr\u00e9par\u00e9 par Olive Orange et un encan silencieux. Le gala de cette ann\u00e9e, qui vise \u00e0 \u00e9lever la prochaine g\u00e9n\u00e9ration d&rsquo;amateurs de la musique classique, c\u00e9l\u00e8brera le 15e anniversaire de la saison de <strong>Bach avant dodo.<\/strong><\/p>\n<p>Tous ceux qui souhaitent soutenir Allegra sont invit\u00e9s \u00e0 <a href=\"https:\/\/www.allegrachambermusicgala.com\/accueil\" target=\"_blank\" rel=\"noopener\">acheter des billets sur notre site web<\/a>.<\/p>\n<p><strong>Allegra<\/strong> entame sa 43e saison de concerts de musique de chambre gratuits pr\u00e9sent\u00e9s au Redpath Hall.\u00a0 De Mozart \u00e0 Chostakovitch, de P\u00e4rt \u00e0 Copland, de Bruch \u00e0 Brahms et de tout ce qui se trouve entre les deux, cette saison offre quelque chose qui plaira \u00e0 tout le monde. Comme toujours, <strong>Allegra<\/strong> interpr\u00e9tera plusieurs pi\u00e8ces reconnues du r\u00e9pertoire, arrang\u00e9es par son conseiller artistique et clarinettiste <strong>Simon Aldrich.<\/strong><\/p>\n<p>Le 13 d\u00e9cembre, le maestro <strong>Yannick N\u00e9zet-S\u00e9guin<\/strong>, ardent d\u00e9fenseur d&rsquo;<strong>Allegra<\/strong>, se joindra aux musiciens d&rsquo;<strong>Allegra<\/strong> au piano pour interpr\u00e9ter <em>Ma m\u00e8re l&rsquo;oie<\/em> de Ravel pour un piano \u00e0 quatre mains, l&rsquo;Adagio du <em>Concerto pour piano no 23 en la majeur<\/em> de Mozart, arrang\u00e9 par <strong>Simon Aldrich<\/strong>, et le <em>Quintette pour piano en la mineur<\/em> d&rsquo;Elgar.<\/p>\n<p>&nbsp;<\/p>\n<blockquote><p><em>\u00ab\u00a0Pour moi, Allegra repr\u00e9sente la forme la plus \u00e9lev\u00e9e de la musique de chambre ; la d\u00e9couverte d&rsquo;un nouveau r\u00e9pertoire tout en ramenant les grands \u0153uvres du r\u00e9pertoire&#8230; C&rsquo;est un honneur pour moi de participer et de contribuer en jouant avec ces incroyables musiciens\u00a0\u00bb<\/em> &#8211; Yannick N\u00e9zet-S\u00e9guin<\/p><\/blockquote>\n<p>&nbsp;<\/p>\n<p>Offrant des programmes accessibles, passionnants et novateurs \u00e0 toutes les g\u00e9n\u00e9rations d&rsquo;amateurs de musique de chambre, <strong>Allegra<\/strong> vous invite tous \u00e0 vous joindre \u00e0 nous cette saison pour un programme merveilleux qui aura certainement un petit quelque chose \u00e0 offrir \u00e0 chacun. Au plaisir de vous voir dans la salle de concert !<\/p>\n<p>&nbsp;<\/p>\n<h3 style=\"text-align: center;\">Allegra announces 43rd season and special guest Yannick N\u00e9zet-S\u00e9guin<\/h3>\n<p>On October 19, 2023, The <strong>Allegra Foundation<\/strong>, which exists to support <strong>Allegra Chamber Music<\/strong> and <strong>Bach Before Bedtime<\/strong> will host its annual gala.\u00a0 Held at Tanna Schulich Hall, the evening will feature a lively performance from the Allegra musicians as well as a cocktail d\u00eenatoire catered by Olive Orange and a silent auction. Raising up the next generation of classical music lovers, this year\u2019s gala will celebrate Bach Before Bedtime\u2019s 15th anniversary season.<\/p>\n<p>All those who wish to support <strong>Allegra<\/strong> this season are invited to purchase tickets via our website <a href=\"http:\/\/www.allegrachambermusicgala.com\">www.allegrachambermusicgala.com<\/a>.<\/p>\n<p><strong>Allegra<\/strong> is entering its 43rd season of free chamber music concerts presented at Redpath Hall.\u00a0 From Mozart to Shostakovich, P\u00e4rt to Copland, Bruch to Brahms and everything in between, this season offers something for everyone to enjoy. As always, <strong>Allegra<\/strong> will perform several staples of the chamber repertoire arranged by Allegra\u2019s Artistic Advisor and Clarinettist, Simon Aldrich.<\/p>\n<p>On December 13, <strong>Maestro Yannick N\u00e9zet-S\u00e9guin<\/strong>, an ardent support of <strong>Allegra<\/strong> will join the Allegra musicians at the piano to perform Ravel\u2019s <em>Ma m\u00e8re l\u2019oie<\/em> for one piano, four hands, the Adagio from Mozart\u2019s <em>Piano Concerto No. 23 in A Major, <\/em>arranged by <strong>Simon Aldrich<\/strong>, and Elgar\u2019s <em>Piano Quintet in A minor<\/em>.<\/p>\n<p>&nbsp;<\/p>\n<blockquote><p><em>\u00ab\u00a0For me, Allegra represents the highest form of chamber music; discovering new repertoire while bringing back the great cornerstones&#8230; It is my honour to participate and contribute by playing with these amazing musicians\u00a0\u00bb<\/em> &#8211; Yannick N\u00e9zet-S\u00e9guin<\/p><\/blockquote>\n<p>&nbsp;<\/p>\n<p>Providing accessible, exciting and innovative programs for all generations of chamber music lovers, <strong>Allegra<\/strong> invites you all to join us this season for a wonderful program that is sure to have a little something for everyone. See you in the concert hall!<\/p>\n<p>&nbsp;<\/p>\n<p><em>Ce communiqu\u00e9 de presse est publi\u00e9 dans le cadre de nos services aux membres de Ludwig van Montr\u00e9al. Pour conna\u00eetre nos produits et services, \u00e9crivez-nous \u00e0 <\/em><a href=\"mailto:caroline@ludwig-van.com\" target=\"_blank\" rel=\"noopener\">caroline@ludwig-van.com\u00a0<\/a><\/p>\n<h2><em>Inscrivez-vous \u00e0 notre infolettre! La musique classique et l&rsquo;op\u00e9ra en 5 minutes, chaque jour<\/em> \u00a0<span style=\"color: #ff0000;\"><a style=\"color: #ff0000;\" href=\"https:\/\/ludwig-van.us9.list-manage.com\/subscribe?u=4f785cb3f9058f2393ccad035&amp;id=b9b160c032\" target=\"_blank\" rel=\"noopener noreferrer\">ICI\u00a0<\/a><\/span><\/h2>\n<p>&nbsp;<\/p>\n","protected":false},"excerpt":{"rendered":"<p>Le 19 octobre 2023, la Fondation Allegra, dont la raison d&rsquo;\u00eatre est de soutenir la musique de chambre Allegra et Bach avant dodo, tiendra son gala annuel.\u00a0<\/p>\n","protected":false},"author":1,"featured_media":78144,"comment_status":"open","ping_status":"open","sticky":false,"template":"","format":"standard","meta":{"om_disable_all_campaigns":false,"jetpack_post_was_ever_published":false},"categories":[42065,10956,13504],"tags":[42066,14698,3627],"yst_prominent_words":[14466,7712,14463,12698,14461,12700,15138,10019,10269,9848],"acf":[],"jetpack_featured_media_url":"https:\/\/www.ludwig-van.com\/montreal\/wp-content\/uploads\/sites\/3\/2023\/09\/Copie-de-COMMENTARY-3.jpg","jetpack_sharing_enabled":true,"jetpack_shortlink":"https:\/\/wp.me\/p9bdYt-kkl","amp_enabled":true,"_links":{"self":[{"href":"https:\/\/www.ludwig-van.com\/montreal\/wp-json\/wp\/v2\/posts\/78141"}],"collection":[{"href":"https:\/\/www.ludwig-van.com\/montreal\/wp-json\/wp\/v2\/posts"}],"about":[{"href":"https:\/\/www.ludwig-van.com\/montreal\/wp-json\/wp\/v2\/types\/post"}],"author":[{"embeddable":true,"href":"https:\/\/www.ludwig-van.com\/montreal\/wp-json\/wp\/v2\/users\/1"}],"replies":[{"embeddable":true,"href":"https:\/\/www.ludwig-van.com\/montreal\/wp-json\/wp\/v2\/comments?post=78141"}],"version-history":[{"count":4,"href":"https:\/\/www.ludwig-van.com\/montreal\/wp-json\/wp\/v2\/posts\/78141\/revisions"}],"predecessor-version":[{"id":78146,"href":"https:\/\/www.ludwig-van.com\/montreal\/wp-json\/wp\/v2\/posts\/78141\/revisions\/78146"}],"wp:featuredmedia":[{"embeddable":true,"href":"https:\/\/www.ludwig-van.com\/montreal\/wp-json\/wp\/v2\/media\/78144"}],"wp:attachment":[{"href":"https:\/\/www.ludwig-van.com\/montreal\/wp-json\/wp\/v2\/media?parent=78141"}],"wp:term":[{"taxonomy":"category","embeddable":true,"href":"https:\/\/www.ludwig-van.com\/montreal\/wp-json\/wp\/v2\/categories?post=78141"},{"taxonomy":"post_tag","embeddable":true,"href":"https:\/\/www.ludwig-van.com\/montreal\/wp-json\/wp\/v2\/tags?post=78141"},{"taxonomy":"yst_prominent_words","embeddable":true,"href":"https:\/\/www.ludwig-van.com\/montreal\/wp-json\/wp\/v2\/yst_prominent_words?post=78141"}],"curies":[{"name":"wp","href":"https:\/\/api.w.org\/{rel}","templated":true}]}}