{"id":78056,"date":"2023-09-25T12:48:47","date_gmt":"2023-09-25T16:48:47","guid":{"rendered":"https:\/\/www.ludwig-van.com\/montreal\/?p=78056"},"modified":"2023-09-25T13:38:39","modified_gmt":"2023-09-25T17:38:39","slug":"choix-de-la-redaction-musique-classique-les-concerts-a-ne-pas-manquer-du-25-septembre-au-1er-octobre","status":"publish","type":"post","link":"https:\/\/www.ludwig-van.com\/montreal\/2023\/09\/25\/choix-de-la-redaction-musique-classique-les-concerts-a-ne-pas-manquer-du-25-septembre-au-1er-octobre\/","title":{"rendered":"CHOIX DE LA R\u00c9DACTION | Musique classique: les concerts \u00e0 ne pas manquer du 25 septembre au 1er octobre"},"content":{"rendered":"<h3><span style=\"color: #808080;\">Concerts de musique classique \u00e0 Montr\u00e9al et au Qu\u00e9bec, semaine du 25 septembre 2023<\/span><\/h3>\n<figure id=\"attachment_78098\" aria-describedby=\"caption-attachment-78098\" style=\"width: 1200px\" class=\"wp-caption alignnone\"><img decoding=\"async\" loading=\"lazy\" class=\"size-full wp-image-78098\" src=\"https:\/\/www.ludwig-van.com\/montreal\/wp-content\/uploads\/sites\/3\/2023\/09\/Copie-de-CONCERTS-2023-09-25T124112.242.jpg\" alt=\"\" width=\"1200\" height=\"628\" srcset=\"https:\/\/www.ludwig-van.com\/montreal\/wp-content\/uploads\/sites\/3\/2023\/09\/Copie-de-CONCERTS-2023-09-25T124112.242.jpg 1200w, https:\/\/www.ludwig-van.com\/montreal\/wp-content\/uploads\/sites\/3\/2023\/09\/Copie-de-CONCERTS-2023-09-25T124112.242-300x157.jpg 300w, https:\/\/www.ludwig-van.com\/montreal\/wp-content\/uploads\/sites\/3\/2023\/09\/Copie-de-CONCERTS-2023-09-25T124112.242-1024x536.jpg 1024w, https:\/\/www.ludwig-van.com\/montreal\/wp-content\/uploads\/sites\/3\/2023\/09\/Copie-de-CONCERTS-2023-09-25T124112.242-768x402.jpg 768w\" sizes=\"(max-width: 1200px) 100vw, 1200px\" \/><figcaption id=\"caption-attachment-78098\" class=\"wp-caption-text\">Quatuor Dover (Photo: courtoisie); Gemma New (Photo: Anthony Chang), Noces de Figaro (Photo: Vivien Guamand)<\/figcaption><\/figure>\n<h3><span style=\"color: #808080;\">Cette semaine, la Salle Bourgie ouvre sa saison avec le Quatuor Dover, l&rsquo;OSM re\u00e7oit la cheffe n\u00e9o-z\u00e9landaise Gemma New pour diriger Les Plan\u00e8tes de Holst et la production des Noces de Figaro se poursuit \u00e0 l&rsquo;Op\u00e9ra de Montr\u00e9al. Voici nos Choix de la r\u00e9daction, du 25 septembre au 1er octobre.<\/span><\/h3>\n<p>&nbsp;<\/p>\n<figure id=\"attachment_67920\" aria-describedby=\"caption-attachment-67920\" style=\"width: 826px\" class=\"wp-caption alignnone\"><img decoding=\"async\" loading=\"lazy\" class=\"size-full wp-image-67920\" src=\"https:\/\/www.ludwig-van.com\/montreal\/wp-content\/uploads\/sites\/3\/2021\/09\/Quatuor-Dover.jpg\" alt=\"\" width=\"826\" height=\"624\" \/><figcaption id=\"caption-attachment-67920\" class=\"wp-caption-text\">Le Quatuor Dover (Photo: courtoisie)<\/figcaption><\/figure>\n<h3>Le Quatuor Dover \u00e0 la Salle Bourgie<\/h3>\n<p>La <strong>Salle Bourgie<\/strong> lance son ambitieuse saison 2023-2024 avec le <strong>Quatuor Dover<\/strong>, qui interpr\u00e9tera des oeuvres de Haydn, Florence Price et Chostakovitch.<\/p>\n<p><strong>Le 27 septembre, 19 h 30, Salle Bourgie.<\/strong> <a href=\"https:\/\/www.mbam.qc.ca\/fr\/activites\/dover-string-quartet-concert-d-ouverture\/\" target=\"_blank\" rel=\"noopener\">D\u00c9TAILS ET BILLETS<\/a><\/p>\n<p>Le lendemain du concert, le Quatuor Dover donne un cours de ma\u00eetre \u00e0 des \u00e9tudiants des facult\u00e9s de musique de Montr\u00e9al s\u00e9lectionn\u00e9s par la Salle Bourgie, devant public.<\/p>\n<p><strong>Le 28 septembre, 11 h, Salle Bourgie<\/strong> <a href=\"https:\/\/www.mbam.qc.ca\/fr\/activites\/cours-de-maitre-quatuor-dover-1\/\" target=\"_blank\" rel=\"noopener\">D\u00c9TAILS ET BILLETS<\/a><\/p>\n<p>&nbsp;<\/p>\n<figure id=\"attachment_78062\" aria-describedby=\"caption-attachment-78062\" style=\"width: 1200px\" class=\"wp-caption alignnone\"><img decoding=\"async\" loading=\"lazy\" class=\"size-full wp-image-78062\" src=\"https:\/\/www.ludwig-van.com\/montreal\/wp-content\/uploads\/sites\/3\/2023\/09\/Gemma-New-credit-\u00a9-Anthony-Chang-1200.jpg\" alt=\"Gemma New, cheffe d'orchestre, dirigera l'OSM cette semaine dans Les Plan\u00e8tes de Holst. (Photo: Anthony Chang)\" width=\"1200\" height=\"787\" srcset=\"https:\/\/www.ludwig-van.com\/montreal\/wp-content\/uploads\/sites\/3\/2023\/09\/Gemma-New-credit-\u00a9-Anthony-Chang-1200.jpg 1200w, https:\/\/www.ludwig-van.com\/montreal\/wp-content\/uploads\/sites\/3\/2023\/09\/Gemma-New-credit-\u00a9-Anthony-Chang-1200-300x197.jpg 300w, https:\/\/www.ludwig-van.com\/montreal\/wp-content\/uploads\/sites\/3\/2023\/09\/Gemma-New-credit-\u00a9-Anthony-Chang-1200-1024x672.jpg 1024w, https:\/\/www.ludwig-van.com\/montreal\/wp-content\/uploads\/sites\/3\/2023\/09\/Gemma-New-credit-\u00a9-Anthony-Chang-1200-768x504.jpg 768w\" sizes=\"(max-width: 1200px) 100vw, 1200px\" \/><figcaption id=\"caption-attachment-78062\" class=\"wp-caption-text\">Gemma New, cheffe d&rsquo;orchestre, dirigera l&rsquo;OSM cette semaine dans Les Plan\u00e8tes de Holst. (Photo: Anthony Chang)<\/figcaption><\/figure>\n<h3>Les Plan\u00e8tes \u00e0 l&rsquo;OSM<\/h3>\n<p><strong>L&rsquo;Orchestre symphonique de Montr\u00e9al<\/strong> pr\u00e9sente trois fois <em><strong>Les Plan\u00e8tes<\/strong><\/em>, oeuvre colossale de Gustav Holst, ainsi qu&rsquo;une cr\u00e9ation de <a href=\"https:\/\/www.ludwig-van.com\/montreal\/2018\/04\/23\/rencontre-les-mondes-insolites-compositrice-nicole-lizee\/\" target=\"_blank\" rel=\"noopener\">Nicole Liz\u00e9e<\/a>, <em>Blurr is the Colour of My True Love\u2019s Eyes<\/em>, un concerto pour percussions, sous la direction de <strong>Gemma New.\u00a0<\/strong><\/p>\n<p><strong>Le 27 septembre, 19h30, le 28 septembre \u00e0 10h30 et le 1er octobre \u00e0 14 h 30, Maison symphonique.<\/strong> <a href=\"https:\/\/www.osm.ca\/fr\/concerts\/les-mythiques-planetes-de-holst\/\" target=\"_blank\" rel=\"noopener\">D\u00c9TAILS ET BILLETS<\/a><\/p>\n<p>&nbsp;<\/p>\n<figure id=\"attachment_78064\" aria-describedby=\"caption-attachment-78064\" style=\"width: 1200px\" class=\"wp-caption alignnone\"><img decoding=\"async\" loading=\"lazy\" class=\"size-full wp-image-78064\" src=\"https:\/\/www.ludwig-van.com\/montreal\/wp-content\/uploads\/sites\/3\/2023\/09\/Noces-de-Figaro-cr-Vivien-Gaumand.jpg\" alt=\"Les Noces de Figaro de Mozart \u00e0 l'Op\u00e9ra de Montr\u00e9al, du 23 septembre au 1er octobre (Photo: Vivien Gaumand)\" width=\"1200\" height=\"800\" srcset=\"https:\/\/www.ludwig-van.com\/montreal\/wp-content\/uploads\/sites\/3\/2023\/09\/Noces-de-Figaro-cr-Vivien-Gaumand.jpg 1200w, https:\/\/www.ludwig-van.com\/montreal\/wp-content\/uploads\/sites\/3\/2023\/09\/Noces-de-Figaro-cr-Vivien-Gaumand-300x200.jpg 300w, https:\/\/www.ludwig-van.com\/montreal\/wp-content\/uploads\/sites\/3\/2023\/09\/Noces-de-Figaro-cr-Vivien-Gaumand-1024x683.jpg 1024w, https:\/\/www.ludwig-van.com\/montreal\/wp-content\/uploads\/sites\/3\/2023\/09\/Noces-de-Figaro-cr-Vivien-Gaumand-768x512.jpg 768w\" sizes=\"(max-width: 1200px) 100vw, 1200px\" \/><figcaption id=\"caption-attachment-78064\" class=\"wp-caption-text\">Les Noces de Figaro de Mozart \u00e0 l&rsquo;Op\u00e9ra de Montr\u00e9al, du 23 septembre au 1er octobre (Photo: Vivien Gaumand)<\/figcaption><\/figure>\n<h3>Les Noces de Figaro<\/h3>\n<p><strong>L&rsquo;Op\u00e9ra de Montr\u00e9al<\/strong> poursuit sa pr\u00e9sentation des <em><strong>Noces de Figaro<\/strong><\/em>, de Mozart, avec une distribution compos\u00e9e d&rsquo;artistes lyriques de son Atelier, ainsi qu&rsquo;<strong>Hugo Laporte<\/strong> dans le r\u00f4le du Comte Almaviva. <strong>L&rsquo;Orchestre M\u00e9tropolitain<\/strong> est dirig\u00e9 par <strong>Nicolas Ellis.\u00a0<\/strong><\/p>\n<p><strong>Les 26 et 28 septembre, 19 h 30, le 1er octobre, 14 h<\/strong> <a href=\"https:\/\/www.operademontreal.com\/programmation\/les-noces-de-figaro\" target=\"_blank\" rel=\"noopener\">D\u00c9TAILS ET BILLETS<\/a><\/p>\n<p>&nbsp;<\/p>\n<p>&nbsp;<\/p>\n<figure id=\"attachment_65812\" aria-describedby=\"caption-attachment-65812\" style=\"width: 836px\" class=\"wp-caption alignnone\"><img decoding=\"async\" loading=\"lazy\" class=\"size-full wp-image-65812\" src=\"https:\/\/www.ludwig-van.com\/montreal\/wp-content\/uploads\/sites\/3\/2021\/02\/Cameron-Crozman.jpg\" alt=\"Cameron Crozman, violoncelliste. (Photo: courtoisie de la Salle Bourgie)\" width=\"836\" height=\"713\" srcset=\"https:\/\/www.ludwig-van.com\/montreal\/wp-content\/uploads\/sites\/3\/2021\/02\/Cameron-Crozman.jpg 836w, https:\/\/www.ludwig-van.com\/montreal\/wp-content\/uploads\/sites\/3\/2021\/02\/Cameron-Crozman-300x256.jpg 300w, https:\/\/www.ludwig-van.com\/montreal\/wp-content\/uploads\/sites\/3\/2021\/02\/Cameron-Crozman-768x655.jpg 768w\" sizes=\"(max-width: 836px) 100vw, 836px\" \/><figcaption id=\"caption-attachment-65812\" class=\"wp-caption-text\">Cameron Crozman, violoncelliste. (Photo: courtoisie de la Salle Bourgie)<\/figcaption><\/figure>\n<h3>Cameron Crozman en r\u00e9cital<\/h3>\n<p>Dans le cadre de la saison 23-24 de la <strong>Chapelle historique du Bon-Pasteur<\/strong>, <a href=\"https:\/\/www.ludwig-van.com\/montreal\/2023\/09\/21\/nouvelle-chapelle-historique-details-de-la-saison-au-centre-canadien-darchitecture\/\" target=\"_blank\" rel=\"noopener\">pr\u00e9sent\u00e9e au Centre canadien d&rsquo;architecture<\/a>, on pourra entendre un r\u00e9cital du violoncelliste <strong>Cameron Crozman<\/strong>. Description:<\/p>\n<p>\u00ab\u00a0<em>Fruit de six ann\u00e9es de travail, Ricercari associe les plus anciennes pi\u00e8ces jamais compos\u00e9es pour violoncelle seul &#8211; les \u00bb Ricerari \u00bb de Domenico Gabrielli datant de 1689 &#8211; \u00e0 sept nouvelles compositions command\u00e9es \u00e0 Alexina Louie, Nina C. Young, Jordan Pal Composer, Daniel Alvarado Bonilla, Beno\u00eet Sitzia et Kelly-Marie Murphy, ainsi qu\u2019\u00e0 une \u0153uvre de Cameron Crozman lui-m\u00eame, qui a souhait\u00e9 \u00bb raviver ce genre exploratoire de cr\u00e9ation musicale.<\/em>\u00a0\u00bb<\/p>\n<p><strong>Le 27 septembre, 19 h 30, Centre canadien d&rsquo;architecture, 1920 rue Baile<\/strong> <a href=\"https:\/\/www.ludwig-van.com\/montreal\/2023\/09\/21\/nouvelle-chapelle-historique-details-de-la-saison-au-centre-canadien-darchitecture\/\" target=\"_blank\" rel=\"noopener\">D\u00c9TAILS ET BILLETS<\/a><\/p>\n<p>&nbsp;<\/p>\n<figure id=\"attachment_75928\" aria-describedby=\"caption-attachment-75928\" style=\"width: 1200px\" class=\"wp-caption alignnone\"><img decoding=\"async\" loading=\"lazy\" class=\"size-full wp-image-75928\" src=\"https:\/\/www.ludwig-van.com\/montreal\/wp-content\/uploads\/sites\/3\/2023\/05\/serhiy_salov_12_credit_julie_beauchemin-1200.jpg\" alt=\"Serhiy Salov. (Photo: Julie Beauchemin)\" width=\"1200\" height=\"800\" \/><figcaption id=\"caption-attachment-75928\" class=\"wp-caption-text\">Serhiy Salov. (Photo: Julie Beauchemin)<\/figcaption><\/figure>\n<h3>D\u00e9but de saison \u00e0 Laval<\/h3>\n<p><strong>L&rsquo;Orchestre symphonique de Laval<\/strong> ouvre sa saison avec la Symphonie no 4 et le Concerto pour piano de Tcha\u00efkovski. Pianiste invit\u00e9: <strong>Serhiy Salov<\/strong>. Direction: <strong>Thomas Le Duc-Moreau.\u00a0<\/strong><\/p>\n<p><strong>Le 27 septembre, 19 h 30, Salle Andr\u00e9-Mathieu<\/strong> <a href=\"https:\/\/www.osl.ca\/lameslave\" target=\"_blank\" rel=\"noopener\">D\u00c9TAILS ET BILLETS<\/a><\/p>\n<p>&nbsp;<\/p>\n<figure id=\"attachment_49236\" aria-describedby=\"caption-attachment-49236\" style=\"width: 1024px\" class=\"wp-caption alignnone\"><img decoding=\"async\" loading=\"lazy\" class=\"size-full wp-image-49236\" src=\"https:\/\/www.ludwig-van.com\/montreal\/wp-content\/uploads\/sites\/3\/2017\/10\/Cre\u0301ditphoto_Ve\u0301ronique_St-Amand_Julien-Proulx-Portrait-OSD-2017-HR-23.jpg\" alt=\"Julien Proulx\" width=\"1024\" height=\"341\" srcset=\"https:\/\/www.ludwig-van.com\/montreal\/wp-content\/uploads\/sites\/3\/2017\/10\/Cre\u0301ditphoto_Ve\u0301ronique_St-Amand_Julien-Proulx-Portrait-OSD-2017-HR-23.jpg 1024w, https:\/\/www.ludwig-van.com\/montreal\/wp-content\/uploads\/sites\/3\/2017\/10\/Cre\u0301ditphoto_Ve\u0301ronique_St-Amand_Julien-Proulx-Portrait-OSD-2017-HR-23-300x100.jpg 300w, https:\/\/www.ludwig-van.com\/montreal\/wp-content\/uploads\/sites\/3\/2017\/10\/Cre\u0301ditphoto_Ve\u0301ronique_St-Amand_Julien-Proulx-Portrait-OSD-2017-HR-23-768x256.jpg 768w\" sizes=\"(max-width: 1024px) 100vw, 1024px\" \/><figcaption id=\"caption-attachment-49236\" class=\"wp-caption-text\">Julien Proulx. (Cr\u00e9dit : V\u00e9ronique St-Amand.)<\/figcaption><\/figure>\n<h3>D\u00e9but de saison \u00e0 Drummondville<\/h3>\n<p><strong>L&rsquo;Orchestre symphonique de Drummondville<\/strong> ouvre sa saison ce jeudi avec la <em>Symphonie Fantastique<\/em> de Berlioz, le Concerto pour deux pianos et orchestre de Poulenc (solistes: le <strong>Duo Fortin-Poirier<\/strong>) et <em>Pavane pour une infante d\u00e9funte<\/em> de Maurice Ravel. Tout un programme intitul\u00e9 \u00ab\u00a0D\u00e9lires amoureux\u00a0\u00bb sous la direction de<strong> Julien Proulx.\u00a0<\/strong><\/p>\n<p><strong>Le 28 septembre, 19 h 30, Maison des arts Desjardins de Drummondville<\/strong> <a href=\"https:\/\/www.osdrummondville.com\/evenements\/les-grands-concerts-canimex\/delires-amoureux\/\" target=\"_blank\" rel=\"noopener\">D\u00c9TAILS ET BILLETS<\/a><\/p>\n<p>&nbsp;<\/p>\n<p>&nbsp;<\/p>\n<figure id=\"attachment_77288\" aria-describedby=\"caption-attachment-77288\" style=\"width: 1200px\" class=\"wp-caption alignnone\"><img decoding=\"async\" loading=\"lazy\" class=\"size-full wp-image-77288\" src=\"https:\/\/www.ludwig-van.com\/montreal\/wp-content\/uploads\/sites\/3\/2023\/08\/Catherine-Turner.jpg\" alt=\"Catherine Turner, cor solo de l'OSM (Photo: courtoisie de l'OSM)\" width=\"1200\" height=\"381\" \/><figcaption id=\"caption-attachment-77288\" class=\"wp-caption-text\">Catherine Turner, cor solo de l&rsquo;OSM (Photo: courtoisie de l&rsquo;OSM)<\/figcaption><\/figure>\n<h3>Les cuivres de l&rsquo;OSM \u00e0 Bourgie<\/h3>\n<p>Cinq musiciens de l\u2019OSM se r\u00e9unissent afin de vous faire d\u00e9couvrir la riche palette sonore des cuivres. Ces instruments mettront en vedette cinq compositeurs contemporains dans des \u0153uvres originales ou des transcriptions. On entendra notamment la <em>Suite Brasileira<\/em> de Morais, <em>Libertango<\/em> de Piazzolla et la Suite <em>West Side Story<\/em> de Bernstein.<\/p>\n<p><strong>Le 29 septembre, 18 h 30, Salle Bourgie<\/strong> <a href=\"https:\/\/www.mbam.qc.ca\/fr\/activites\/musiciens-osm-les-cuivres-en-fete\/\" target=\"_blank\" rel=\"noopener\">D\u00c9TAILS ET BILLETS<\/a><\/p>\n<p>&nbsp;<\/p>\n<figure id=\"attachment_78096\" aria-describedby=\"caption-attachment-78096\" style=\"width: 1200px\" class=\"wp-caption alignnone\"><img decoding=\"async\" loading=\"lazy\" class=\"size-full wp-image-78096\" src=\"https:\/\/www.ludwig-van.com\/montreal\/wp-content\/uploads\/sites\/3\/2023\/09\/Felix-Antoine-Coutu.jpg\" alt=\"F\u00e9lix Antoine-Coutu, compositeur et id\u00e9ateur de l'\u00e9v\u00e9nement La Grange (Photo: courtoisie du Vivier)\" width=\"1200\" height=\"675\" srcset=\"https:\/\/www.ludwig-van.com\/montreal\/wp-content\/uploads\/sites\/3\/2023\/09\/Felix-Antoine-Coutu.jpg 1200w, https:\/\/www.ludwig-van.com\/montreal\/wp-content\/uploads\/sites\/3\/2023\/09\/Felix-Antoine-Coutu-300x169.jpg 300w, https:\/\/www.ludwig-van.com\/montreal\/wp-content\/uploads\/sites\/3\/2023\/09\/Felix-Antoine-Coutu-1024x576.jpg 1024w, https:\/\/www.ludwig-van.com\/montreal\/wp-content\/uploads\/sites\/3\/2023\/09\/Felix-Antoine-Coutu-768x432.jpg 768w\" sizes=\"(max-width: 1200px) 100vw, 1200px\" \/><figcaption id=\"caption-attachment-78096\" class=\"wp-caption-text\">F\u00e9lix Antoine-Coutu, compositeur et id\u00e9ateur de l&rsquo;\u00e9v\u00e9nement La Grange (Photo: courtoisie du Vivier)<\/figcaption><\/figure>\n<h3>Le Vivier<\/h3>\n<p>Avec l&rsquo;\u00e9v\u00e9nement <em>La grange<\/em>, un concert narratif \u00ab augment\u00e9\u00c9, le public est convoqu\u00e9 dans un espace immersif o\u00f9 l\u2019invention cohabite avec les objets du pass\u00e9. L&rsquo;\u0153uvre se d\u00e9ploie sur sc\u00e8ne avec sept musicien\u00b7ne\u00b7s de Paramaribo et Duo AIRS, une installation d\u2019instruments invent\u00e9s, une conception lumi\u00e8re et sc\u00e9nographique, ainsi qu\u2019un livret Web qui expose la trame narrative du concert. En collaboration le <strong>Collectif T\u00f4le. <\/strong>Compositeur\/id\u00e9ateur: <strong>F\u00e9lix-Antoine Coutu.\u00a0<\/strong><\/p>\n<p><strong>Les 29 septembre, 19h30, et 30 septembre, 15 h et 19h30, au Bain Mathieu.<\/strong> <a href=\"https:\/\/levivier.ca\/fr\/concert\/saison-2023-24\/la-grange\" target=\"_blank\" rel=\"noopener\">D\u00c9TAILS ET BILLETS<\/a><\/p>\n<p>&nbsp;<\/p>\n<figure id=\"attachment_77455\" aria-describedby=\"caption-attachment-77455\" style=\"width: 1200px\" class=\"wp-caption alignnone\"><img decoding=\"async\" loading=\"lazy\" class=\"wp-image-77455 size-full\" src=\"https:\/\/www.ludwig-van.com\/montreal\/wp-content\/uploads\/sites\/3\/2023\/08\/Reconciliation.jpg\" alt=\"\" width=\"1200\" height=\"1200\" \/><figcaption id=\"caption-attachment-77455\" class=\"wp-caption-text\">Maya Cousineau Mollen, Barbara Assiginaak, Elisabeth St-Gelais (Photos: courtoisie de la Salle Bourgie)<\/figcaption><\/figure>\n<h3>V\u00e9rit\u00e9 et r\u00e9conciliation<\/h3>\n<p>Dans le cadre de la Journ\u00e9e nationale de la v\u00e9rit\u00e9 et de la r\u00e9conciliation et des Journ\u00e9es de la culture, la po\u00e8te innu <strong>Maya Cousineau Mollen<\/strong> s\u2019est inspir\u00e9e d\u2019une oeuvre de la collection permanente du Mus\u00e9e afin de concevoir un texte litt\u00e9raire mis en musique par la compositrice anishinaabe <strong>Barbara Assiginaak.<\/strong> Cette commande conjointe de la Salle Bourgie et du FIL sera interpr\u00e9t\u00e9e dans le Mus\u00e9e par la soprano innu <strong>Elisabeth St-Gelais<\/strong>, \u00e0 trois moments distincts de la journ\u00e9e du <strong>30 septembre: 11 h, 13 h et 14 h 30.<\/strong><\/p>\n<p>Cet \u00e9v\u00e9nement est gratuit et ne requiert pas de r\u00e9servation. <a href=\"https:\/\/www.mbam.qc.ca\/fr\/activites\/journee-nationale-de-la-verite-et-de-la-reconciliation\/\" target=\"_blank\" rel=\"noopener\">D\u00c9TAILS<\/a><\/p>\n<p>&nbsp;<\/p>\n<figure id=\"attachment_62708\" aria-describedby=\"caption-attachment-62708\" style=\"width: 1200px\" class=\"wp-caption alignnone\"><img decoding=\"async\" loading=\"lazy\" class=\"size-full wp-image-62708\" src=\"https:\/\/www.ludwig-van.com\/montreal\/wp-content\/uploads\/sites\/3\/2019\/10\/TSNJ_Orgue-de-tribune-Nuit-CREDIT-Fr\u00e9d\u00e9ric-Pichelle.jpg\" alt=\"L'orgue de tribune de l'\u00e9glise Tr\u00e8s-Saint-Nom-de-J\u00e9sus (Photo : Fr\u00e9d\u00e9ric Pichette)\" width=\"1200\" height=\"581\" srcset=\"https:\/\/www.ludwig-van.com\/montreal\/wp-content\/uploads\/sites\/3\/2019\/10\/TSNJ_Orgue-de-tribune-Nuit-CREDIT-Fr\u00e9d\u00e9ric-Pichelle.jpg 1200w, https:\/\/www.ludwig-van.com\/montreal\/wp-content\/uploads\/sites\/3\/2019\/10\/TSNJ_Orgue-de-tribune-Nuit-CREDIT-Fr\u00e9d\u00e9ric-Pichelle-300x145.jpg 300w, https:\/\/www.ludwig-van.com\/montreal\/wp-content\/uploads\/sites\/3\/2019\/10\/TSNJ_Orgue-de-tribune-Nuit-CREDIT-Fr\u00e9d\u00e9ric-Pichelle-768x372.jpg 768w, https:\/\/www.ludwig-van.com\/montreal\/wp-content\/uploads\/sites\/3\/2019\/10\/TSNJ_Orgue-de-tribune-Nuit-CREDIT-Fr\u00e9d\u00e9ric-Pichelle-1024x496.jpg 1024w\" sizes=\"(max-width: 1200px) 100vw, 1200px\" \/><figcaption id=\"caption-attachment-62708\" class=\"wp-caption-text\">L&rsquo;orgue de tribune de l&rsquo;\u00e9glise du Tr\u00e8s-Saint-Nom-de-J\u00e9sus a \u00e9t\u00e9 restaur\u00e9 par Casavant. (Photo : Fr\u00e9d\u00e9ric Pichette)<\/figcaption><\/figure>\n<h3>Portes ouvertes \u00e0 l&rsquo;\u00c9glise Tr\u00e8s-Saint-nom-de-J\u00e9sus<\/h3>\n<p>Dans le cadre des <strong>Journ\u00e9es de la culture<\/strong>, l&rsquo;\u00e9glise du <strong>Tr\u00e8s-Saint-nom-de-J\u00e9sus<\/strong> ouvre ses portes gratuitement aux visiteurs gr\u00e2ce \u00e0 une collaboration entre la <strong>Soci\u00e9t\u00e9 des orgues de Maisonneuve<\/strong> et le <strong>Concours international d&rsquo;orgue du Canada<\/strong> (CIOC). On pourra voir et entendre la Bach mobile, qui sera install\u00e9e sur le parvis de l&rsquo;\u00e9glise.<\/p>\n<p>L&rsquo;organiste <strong>Maria Gajraj<\/strong>, \u00e9tudiante au doctorat en interpr\u00e9tation \u00e0 McGill, fera r\u00e9sonner cet instrument num\u00e9rique. De plus, l&rsquo;activit\u00e9 se poursuivra \u00e0 l&rsquo;int\u00e9rieur de l&rsquo;\u00e9glise pour d\u00e9couvrir les deux orgues \u00e0 tuyaux que l&rsquo;on pourra observer en d\u00e9tails, et entendre lors d&rsquo;auditions donn\u00e9es par <strong>Adrian Ross<\/strong>, titulaire des orgues Tr\u00e8s-Saint-nom-de-J\u00e9sus, et Rapha\u00ebl Ashby.<\/p>\n<p><strong>Le 30 septembre, de midi \u00e0 15 h 30, \u00e9glise du Tr\u00e8s-Saint-nom-de-J\u00e9sus, 4215 rue Adam.\u00a0<\/strong><\/p>\n<p>&nbsp;<\/p>\n<figure id=\"attachment_66279\" aria-describedby=\"caption-attachment-66279\" style=\"width: 1200px\" class=\"wp-caption alignnone\"><img decoding=\"async\" loading=\"lazy\" class=\"size-full wp-image-66279\" src=\"https:\/\/www.ludwig-van.com\/montreal\/wp-content\/uploads\/sites\/3\/2021\/03\/SMAM_C-Katya-Konioukhova-redim.jpg\" alt=\"\" width=\"1200\" height=\"800\" \/><figcaption id=\"caption-attachment-66279\" class=\"wp-caption-text\">Le Studio de musique ancienne de Montr\u00e9al. (Photo: Katya Konioukhova)<\/figcaption><\/figure>\n<p>Le <strong>Studio de musique ancienne de Montr\u00e9al<\/strong> rend hommage \u00e0 William Byrd, qui est mort en 1623, il y a donc 400 ans. En collaboration avec <strong>Les Voix humaines,<\/strong> ce concert avec choeur, consort de violes et orgue sera dirig\u00e9 par Andrew McAnerney.<\/p>\n<p><strong>Le 1er octobre, 14 h 30, Salle Bourgie.<\/strong> <a href=\"https:\/\/www.mbam.qc.ca\/fr\/activites\/smam-byrd-400-1\/\" target=\"_blank\" rel=\"noopener\">D\u00c9TAILS ET BILLETS<\/a><\/p>\n<p>&nbsp;<\/p>\n<figure id=\"attachment_78094\" aria-describedby=\"caption-attachment-78094\" style=\"width: 800px\" class=\"wp-caption alignnone\"><img decoding=\"async\" loading=\"lazy\" class=\"size-full wp-image-78094\" src=\"https:\/\/www.ludwig-van.com\/montreal\/wp-content\/uploads\/sites\/3\/2023\/09\/Joshua-Dolgin-cr.jpg\" alt=\"Joshua Dolgin, alias Socalled (Photo: courtoisie d'Autour de la fl\u00fbte)\" width=\"800\" height=\"600\" srcset=\"https:\/\/www.ludwig-van.com\/montreal\/wp-content\/uploads\/sites\/3\/2023\/09\/Joshua-Dolgin-cr.jpg 800w, https:\/\/www.ludwig-van.com\/montreal\/wp-content\/uploads\/sites\/3\/2023\/09\/Joshua-Dolgin-cr-300x225.jpg 300w, https:\/\/www.ludwig-van.com\/montreal\/wp-content\/uploads\/sites\/3\/2023\/09\/Joshua-Dolgin-cr-768x576.jpg 768w\" sizes=\"(max-width: 800px) 100vw, 800px\" \/><figcaption id=\"caption-attachment-78094\" class=\"wp-caption-text\">Joshua Dolgin, alias Socalled (Photo: courtoisie d&rsquo;Autour de la fl\u00fbte)<\/figcaption><\/figure>\n<h3>Kurt Weill par Socalled<\/h3>\n<p><strong>Autour de la fl\u00fbte<\/strong> pr\u00e9sente <strong>Kabarett<\/strong>, un concert centr\u00e9 sur la musique de Kurt Weill avec J<strong>oshua Dolgin<\/strong> (mieux connu sous son nom de sc\u00e8ne de Socalled) et l&rsquo;<strong>Ensemble Hadron<\/strong>.<\/p>\n<p><strong>Le 30 septembre, 19 h 30, Salle Joseph-Rouleau<\/strong> <a href=\"https:\/\/www.eventbrite.ca\/e\/kabarett-josh-socalled-dolgin-ensemble-hadron-jouent-weill-tickets-655876774087?utm-campaign=social&amp;utm-content=attendeeshare&amp;utm-medium=discovery&amp;utm-term=listing&amp;utm-source=cp&amp;aff=ebdsshcopyurl\" target=\"_blank\" rel=\"noopener\">D\u00c9TAILS ET BILLETS<\/a><\/p>\n<p>&nbsp;<\/p>\n<figure id=\"attachment_50202\" aria-describedby=\"caption-attachment-50202\" style=\"width: 700px\" class=\"wp-caption aligncenter\"><img decoding=\"async\" loading=\"lazy\" class=\"size-full wp-image-50202\" src=\"https:\/\/www.ludwig-van.com\/montreal\/wp-content\/uploads\/sites\/3\/2017\/12\/Jerusalem_SQ_1_CREDIT_Felix-Broede-calendar.jpg\" alt=\"Jerusalem Quartet(Photo: Felix-Broede)\" width=\"700\" height=\"488\" srcset=\"https:\/\/www.ludwig-van.com\/montreal\/wp-content\/uploads\/sites\/3\/2017\/12\/Jerusalem_SQ_1_CREDIT_Felix-Broede-calendar.jpg 700w, https:\/\/www.ludwig-van.com\/montreal\/wp-content\/uploads\/sites\/3\/2017\/12\/Jerusalem_SQ_1_CREDIT_Felix-Broede-calendar-300x209.jpg 300w\" sizes=\"(max-width: 700px) 100vw, 700px\" \/><figcaption id=\"caption-attachment-50202\" class=\"wp-caption-text\">Jerusalem Quartet<br \/>(Photo: Felix-Broede)<\/figcaption><\/figure>\n<h3>LMMC: le Jerusalem Quartet<\/h3>\n<p>Le <strong>Jerusalem Quartet<\/strong> [Quatuor J\u00e9rusalem] est de retour au <strong>LMMC<\/strong> pour un r\u00e9cital dont le programme comprend des oeuvres de Mendelssohn, Debussy et Paul Ben-Haim.<\/p>\n<p><strong>Le 1er octobre, 15 h, Salle Pollack.<\/strong> <a href=\"https:\/\/www.lmmc.ca\/fr\/jerusalemquartet\" target=\"_blank\" rel=\"noopener\">D\u00c9TAILS ET BILLETS<\/a><\/p>\n<p>&nbsp;<\/p>\n<h2><em>Inscrivez-vous \u00e0 notre infolettre! La musique classique et l&rsquo;op\u00e9ra en 5 minutes, chaque jour<\/em> \u00a0<span style=\"color: #ff0000;\"><a style=\"color: #ff0000;\" href=\"https:\/\/ludwig-van.us9.list-manage.com\/subscribe?u=4f785cb3f9058f2393ccad035&amp;id=b9b160c032\" target=\"_blank\" rel=\"noopener noreferrer\">ICI\u00a0<\/a><\/span><\/h2>\n","protected":false},"excerpt":{"rendered":"<p>Les principaux concerts de la semaine en musique classique \u00e0 Montr\u00e9al et ailleurs au Qu\u00e9bec. <\/p>\n","protected":false},"author":51,"featured_media":78098,"comment_status":"open","ping_status":"open","sticky":false,"template":"","format":"standard","meta":{"om_disable_all_campaigns":false,"jetpack_post_was_ever_published":false},"categories":[42065,10956,10994],"tags":[42066,12745,14401,4485,11137,42096],"yst_prominent_words":[9863,13120,26223,26221,26219,13124,26052,9877,13123,13119,25229,9956,31964,26017,26016,26019],"acf":[],"jetpack_featured_media_url":"https:\/\/www.ludwig-van.com\/montreal\/wp-content\/uploads\/sites\/3\/2023\/09\/Copie-de-CONCERTS-2023-09-25T124112.242.jpg","jetpack_sharing_enabled":true,"jetpack_shortlink":"https:\/\/wp.me\/p9bdYt-kiY","amp_enabled":true,"_links":{"self":[{"href":"https:\/\/www.ludwig-van.com\/montreal\/wp-json\/wp\/v2\/posts\/78056"}],"collection":[{"href":"https:\/\/www.ludwig-van.com\/montreal\/wp-json\/wp\/v2\/posts"}],"about":[{"href":"https:\/\/www.ludwig-van.com\/montreal\/wp-json\/wp\/v2\/types\/post"}],"author":[{"embeddable":true,"href":"https:\/\/www.ludwig-van.com\/montreal\/wp-json\/wp\/v2\/users\/51"}],"replies":[{"embeddable":true,"href":"https:\/\/www.ludwig-van.com\/montreal\/wp-json\/wp\/v2\/comments?post=78056"}],"version-history":[{"count":16,"href":"https:\/\/www.ludwig-van.com\/montreal\/wp-json\/wp\/v2\/posts\/78056\/revisions"}],"predecessor-version":[{"id":78103,"href":"https:\/\/www.ludwig-van.com\/montreal\/wp-json\/wp\/v2\/posts\/78056\/revisions\/78103"}],"wp:featuredmedia":[{"embeddable":true,"href":"https:\/\/www.ludwig-van.com\/montreal\/wp-json\/wp\/v2\/media\/78098"}],"wp:attachment":[{"href":"https:\/\/www.ludwig-van.com\/montreal\/wp-json\/wp\/v2\/media?parent=78056"}],"wp:term":[{"taxonomy":"category","embeddable":true,"href":"https:\/\/www.ludwig-van.com\/montreal\/wp-json\/wp\/v2\/categories?post=78056"},{"taxonomy":"post_tag","embeddable":true,"href":"https:\/\/www.ludwig-van.com\/montreal\/wp-json\/wp\/v2\/tags?post=78056"},{"taxonomy":"yst_prominent_words","embeddable":true,"href":"https:\/\/www.ludwig-van.com\/montreal\/wp-json\/wp\/v2\/yst_prominent_words?post=78056"}],"curies":[{"name":"wp","href":"https:\/\/api.w.org\/{rel}","templated":true}]}}