{"id":77948,"date":"2023-09-18T12:32:54","date_gmt":"2023-09-18T16:32:54","guid":{"rendered":"https:\/\/www.ludwig-van.com\/montreal\/?p=77948"},"modified":"2023-09-18T12:38:12","modified_gmt":"2023-09-18T16:38:12","slug":"choix-de-la-redaction-les-meilleurs-concerts-classiques-a-decouvrir-cette-semaine","status":"publish","type":"post","link":"https:\/\/www.ludwig-van.com\/montreal\/2023\/09\/18\/choix-de-la-redaction-les-meilleurs-concerts-classiques-a-decouvrir-cette-semaine\/","title":{"rendered":"CHOIX DE LA R\u00c9DACTION | Les meilleurs concerts classiques \u00e0 d\u00e9couvrir cette semaine"},"content":{"rendered":"<figure id=\"attachment_77957\" aria-describedby=\"caption-attachment-77957\" style=\"width: 1200px\" class=\"wp-caption alignnone\"><img decoding=\"async\" loading=\"lazy\" class=\"size-full wp-image-77957\" src=\"https:\/\/www.ludwig-van.com\/montreal\/wp-content\/uploads\/sites\/3\/2023\/09\/Copie-de-CONCERTS-2023-09-18T122331.076-1.jpg\" alt=\"Jonathan Cohen (Photo: Marco Borgreeve); Catherine St-Arnaud (Photo: courtoisie); Quatuor Bozzini (Photo: )\" width=\"1200\" height=\"628\" srcset=\"https:\/\/www.ludwig-van.com\/montreal\/wp-content\/uploads\/sites\/3\/2023\/09\/Copie-de-CONCERTS-2023-09-18T122331.076-1.jpg 1200w, https:\/\/www.ludwig-van.com\/montreal\/wp-content\/uploads\/sites\/3\/2023\/09\/Copie-de-CONCERTS-2023-09-18T122331.076-1-300x157.jpg 300w, https:\/\/www.ludwig-van.com\/montreal\/wp-content\/uploads\/sites\/3\/2023\/09\/Copie-de-CONCERTS-2023-09-18T122331.076-1-1024x536.jpg 1024w, https:\/\/www.ludwig-van.com\/montreal\/wp-content\/uploads\/sites\/3\/2023\/09\/Copie-de-CONCERTS-2023-09-18T122331.076-1-768x402.jpg 768w\" sizes=\"(max-width: 1200px) 100vw, 1200px\" \/><figcaption id=\"caption-attachment-77957\" class=\"wp-caption-text\">Jonathan Cohen (Photo: Marco Borgreeve); Catherine St-Arnaud (Photo: courtoisie); Quatuor Bozzini (Photo: )<\/figcaption><\/figure>\n<h3><span style=\"color: #808080;\">C&rsquo;est enfin le retour officiel des Choix de la r\u00e9daction! Cette semaine, la saison 23-24 prend sa vitesse de croisi\u00e8re avec les concerts d&rsquo;ouverture de plusieurs ensembles, dont Les Violons du Roy, tandis que l&rsquo;OSM nous offre la bien nomm\u00e9 Titan de Gustav Mahler et que l&rsquo;Op\u00e9ra de Montr\u00e9al pr\u00e9sente <em>Les Noces de Figaro<\/em>. <\/span><\/h3>\n<h3><span style=\"color: #808080;\">Voici nos Choix de la r\u00e9daction, du 18 au 24 septembre 2023.\u00a0<\/span><\/h3>\n<p>&nbsp;<\/p>\n<figure id=\"attachment_74372\" aria-describedby=\"caption-attachment-74372\" style=\"width: 1200px\" class=\"wp-caption alignnone\"><img decoding=\"async\" loading=\"lazy\" class=\"size-full wp-image-74372\" src=\"https:\/\/www.ludwig-van.com\/montreal\/wp-content\/uploads\/sites\/3\/2022\/12\/Rafael-Payare-1200.jpg\" alt=\"Rafael Payare dirigeant l'OSM, 7 d\u00e9cembre 2022 (Photo: Antoine Saito)\" width=\"1200\" height=\"800\" \/><figcaption id=\"caption-attachment-74372\" class=\"wp-caption-text\">Rafael Payare dirigeant l&rsquo;OSM, 7 d\u00e9cembre 2022 (Photo: Antoine Saito)<\/figcaption><\/figure>\n<h3>OSM: Titan<\/h3>\n<p>Quand <strong>Rafael Payare<\/strong> est en ville, il ne fait pas les choses \u00e0 moiti\u00e9! Apr\u00e8s un concert d&rsquo;ouverture d\u00e9coiffant la semaine derni\u00e8re, il nous offre maintenant la Symphonie no 1 de Mahler. Au m\u00eame programme, le Concerto no 3 de Prokofiev avec le jeune pianiste russe <strong>Alexander Malofeev<\/strong>, ainsi que la pi\u00e8ce Icarus, de Lera Auerbach. <strong>Le 21 septembre, 19 h 30, et le 23 septembre, 14 h 30, Maison symphonique<\/strong>. <a href=\"https:\/\/www.osm.ca\/fr\/concerts\/rafael-payare-et-la-symphonie-titan-de-mahler\/\" target=\"_blank\" rel=\"noopener\">D\u00c9TAILS ET BILLETS<\/a><\/p>\n<p>&nbsp;<\/p>\n<figure id=\"attachment_51775\" aria-describedby=\"caption-attachment-51775\" style=\"width: 700px\" class=\"wp-caption alignnone\"><img decoding=\"async\" loading=\"lazy\" class=\"size-full wp-image-51775\" src=\"https:\/\/www.ludwig-van.com\/montreal\/wp-content\/uploads\/sites\/3\/2018\/02\/JonathanCohen_PhotoMarcoBorggreve-calendrier.jpg\" alt=\"Jonathan Cohen\" width=\"700\" height=\"517\" srcset=\"https:\/\/www.ludwig-van.com\/montreal\/wp-content\/uploads\/sites\/3\/2018\/02\/JonathanCohen_PhotoMarcoBorggreve-calendrier.jpg 700w, https:\/\/www.ludwig-van.com\/montreal\/wp-content\/uploads\/sites\/3\/2018\/02\/JonathanCohen_PhotoMarcoBorggreve-calendrier-300x222.jpg 300w\" sizes=\"(max-width: 700px) 100vw, 700px\" \/><figcaption id=\"caption-attachment-51775\" class=\"wp-caption-text\">Jonathan Cohen. (Cr\u00e9dit : Marco Borggreve)<\/figcaption><\/figure>\n<h3>Les Violons du Roy: de Venise \u00e0 Paris<\/h3>\n<p>Les Violons du Roy ouvrent leur 40e saison avec un programme intitul\u00e9 <em>De Venise \u00e0 Paris: La Seine en f\u00eate de Vivaldi, <\/em>sous la direction de <strong>Jonathan Cohen<\/strong>. On pourra entendre <em>La Sena festeggiante<\/em> de Vivaldi. Solistes invit\u00e9s: <strong>Robin Johannsen<\/strong>, soprano; <strong>Anna Reinhold,<\/strong> mezzo-soprano; <strong>Alex Rosen<\/strong>, basse.<\/p>\n<p><strong>\u00c0 Qu\u00e9bec: le 21 septembre, 14 h, et le 23 septembre, 19 h 30<\/strong> <a href=\"https:\/\/www.violonsduroy.com\/fr\/programmation\/saison-quebec\/2023-09-21_14h_-de-venise-a-paris-la-seine-en-fete-de-vivaldi-2991\/\" target=\"_blank\" rel=\"noopener\">D\u00c9TAILS ET BILLETS<\/a><\/p>\n<p><strong>\u00c0 Montr\u00e9al: le 24 septembre, 14 h, Maison symphonique.<\/strong> <a href=\"https:\/\/placedesarts.com\/fr\/evenement\/vdr-de-venise-paris-la-seine-en-fete-de-vivaldi\" target=\"_blank\" rel=\"noopener\">D\u00c9TAILS ET BILLETS<\/a><\/p>\n<p>&nbsp;<\/p>\n<p>&nbsp;<\/p>\n<figure id=\"attachment_52363\" aria-describedby=\"caption-attachment-52363\" style=\"width: 1024px\" class=\"wp-caption alignnone\"><img decoding=\"async\" loading=\"lazy\" class=\"size-full wp-image-52363\" src=\"https:\/\/www.ludwig-van.com\/montreal\/wp-content\/uploads\/sites\/3\/2018\/03\/Alain-Lefe\u0300vre-Pleins-Feux-sur-les-Territoires-Nordiques-c-OSM.jpg\" alt=\"Le pianiste Alain Lef\u00e8vre participe au Festival printemps nordique \u00e0 l'OSM. (Photo: courtoisie de l'OSM)\" width=\"1024\" height=\"576\" srcset=\"https:\/\/www.ludwig-van.com\/montreal\/wp-content\/uploads\/sites\/3\/2018\/03\/Alain-Lefe\u0300vre-Pleins-Feux-sur-les-Territoires-Nordiques-c-OSM.jpg 1024w, https:\/\/www.ludwig-van.com\/montreal\/wp-content\/uploads\/sites\/3\/2018\/03\/Alain-Lefe\u0300vre-Pleins-Feux-sur-les-Territoires-Nordiques-c-OSM-300x169.jpg 300w, https:\/\/www.ludwig-van.com\/montreal\/wp-content\/uploads\/sites\/3\/2018\/03\/Alain-Lefe\u0300vre-Pleins-Feux-sur-les-Territoires-Nordiques-c-OSM-768x432.jpg 768w\" sizes=\"(max-width: 1024px) 100vw, 1024px\" \/><figcaption id=\"caption-attachment-52363\" class=\"wp-caption-text\">Le pianiste Alain Lef\u00e8vre. (Photo: courtoisie de l&rsquo;OSM)<\/figcaption><\/figure>\n<h3>I Musici de Montr\u00e9al: concert anniversaire<\/h3>\n<p>Cette ann\u00e9e marquera le 40e anniversaire d\u2019<strong>I Musici de Montr\u00e9al.<\/strong> Cet anniversaire sera soulign\u00e9 de diff\u00e9rentes fa\u00e7ons toute l\u2019ann\u00e9e, \u00e0 commencer par le concert d\u2019ouverture avec <strong>Alain Lef\u00e8vre<\/strong>, qui interpr\u00e9tera le Concerto pour piano no 27 de Mozart. Aussi au programme: Concerto pour violon en la mineur de Mozart (soliste: <strong>Hubert Brizard<\/strong>) et Symphonie no 40, du m\u00eame compositeur. Sous la direction de<strong> Jean-Fran\u00e7ois Rivest.\u00a0<\/strong><\/p>\n<p><strong>Le 21 septembre, 19h30, salle Pierre-Mercure.<\/strong> <a href=\"https:\/\/imusici.com\/saison-2023-2024\/alain-lefevre-et-mozart\/\" target=\"_blank\" rel=\"noopener\">D\u00c9TAILS ET BILLETS<\/a><\/p>\n<p>&nbsp;<\/p>\n<p>&nbsp;<\/p>\n<figure id=\"attachment_50966\" aria-describedby=\"caption-attachment-50966\" style=\"width: 1024px\" class=\"wp-caption alignnone\"><img decoding=\"async\" loading=\"lazy\" class=\"size-full wp-image-50966\" src=\"https:\/\/www.ludwig-van.com\/montreal\/wp-content\/uploads\/sites\/3\/2018\/01\/Marc-Djokic-cr-WaelChanab-web.jpg\" alt=\"\" width=\"1024\" height=\"683\" srcset=\"https:\/\/www.ludwig-van.com\/montreal\/wp-content\/uploads\/sites\/3\/2018\/01\/Marc-Djokic-cr-WaelChanab-web.jpg 1024w, https:\/\/www.ludwig-van.com\/montreal\/wp-content\/uploads\/sites\/3\/2018\/01\/Marc-Djokic-cr-WaelChanab-web-300x200.jpg 300w, https:\/\/www.ludwig-van.com\/montreal\/wp-content\/uploads\/sites\/3\/2018\/01\/Marc-Djokic-cr-WaelChanab-web-768x512.jpg 768w\" sizes=\"(max-width: 1024px) 100vw, 1024px\" \/><figcaption id=\"caption-attachment-50966\" class=\"wp-caption-text\">Marc Djokic, violoniste, premier violon de l&rsquo;OCM. (Cr\u00e9dit: Wa\u00ebl Chanab)<\/figcaption><\/figure>\n<h3>Orchestre classique de Montr\u00e9al: les Am\u00e9riques<\/h3>\n<p>Violon solo de l\u2019OCM, <strong>Marc Djokic <\/strong>est mis en vedette dans ce concert de musique de chambre des Am\u00e9riques, avec John Corigliano et Philip Glass (\u00c9tats-Unis), Christos Hatzis (Canada), et Astor Piazzolla (Argentine), repr\u00e9sentant les grands talents des XXe et XXIe si\u00e8cles. Il s&rsquo;agit d&rsquo;un concert de musique de chambre avec le pianiste <strong>Julien LeBlanc<\/strong> et le Quatuor \u00e0 cordes de l&rsquo;OCM.<\/p>\n<p><strong>Le 21 septembre, Chapelle Notre-Dame-de-Bon-Secours, 19 h 30<\/strong> <a href=\"https:\/\/orchestre.ca\/a-travers-les-ameriques-avec-marc-djokic\/\" target=\"_blank\" rel=\"noopener\">D\u00c9TAILS ET BILLETS<\/a><\/p>\n<p>&nbsp;<\/p>\n<p>&nbsp;<\/p>\n<figure id=\"attachment_54522\" aria-describedby=\"caption-attachment-54522\" style=\"width: 1024px\" class=\"wp-caption alignnone\"><img decoding=\"async\" loading=\"lazy\" class=\"size-full wp-image-54522\" src=\"https:\/\/www.ludwig-van.com\/montreal\/wp-content\/uploads\/sites\/3\/2018\/05\/Quatuor-Bozzini-1-Cre\u0301dit-Michael-Slobodian.jpg\" alt=\"Quatuor Bozzini (Clemens Merkel; Alissa Cheung; St\u00e9phanie Bozzini; Isabelle Bozzini)\" width=\"1024\" height=\"683\" srcset=\"https:\/\/www.ludwig-van.com\/montreal\/wp-content\/uploads\/sites\/3\/2018\/05\/Quatuor-Bozzini-1-Cre\u0301dit-Michael-Slobodian.jpg 1024w, https:\/\/www.ludwig-van.com\/montreal\/wp-content\/uploads\/sites\/3\/2018\/05\/Quatuor-Bozzini-1-Cre\u0301dit-Michael-Slobodian-300x200.jpg 300w, https:\/\/www.ludwig-van.com\/montreal\/wp-content\/uploads\/sites\/3\/2018\/05\/Quatuor-Bozzini-1-Cre\u0301dit-Michael-Slobodian-768x512.jpg 768w\" sizes=\"(max-width: 1024px) 100vw, 1024px\" \/><figcaption id=\"caption-attachment-54522\" class=\"wp-caption-text\">Le Quatuor Bozzini. (Photo : Michael Slobodian)<\/figcaption><\/figure>\n<h3>Quatuor Bozzini et Satoko Inoue<\/h3>\n<p>Dans ce concert pr\u00e9sent\u00e9 en collaboration avec <strong>Le Vivier<\/strong>, le <strong>Quatuor Bozzini<\/strong> re\u00e7oit la pianiste <strong>Satoko Inoue<\/strong>. Programme:<\/p>\n<ul class=\"field__items\">\n<li class=\"field__item font16\">\n<div class=\"paragraph paragraph--type--oeuvre-du-programme paragraph--view-mode--default\">\n<div class=\"field field--name-field-titre-oeuvre field--type-entity-reference field--label-hidden field--entity-reference-target-type-node clearfix field__item\">\n<article class=\"node node--type-oeuvre-musicale node--view-mode-teaser clearfix\" role=\"article\" data-history-node-id=\"5242\">\n<div class=\"node__container\">\n<div class=\"node__main-content clearfix\">\n<div class=\"field field--name-field-compositeur field--type-entity-reference field--label-hidden field--entity-reference-target-type- clearfix field__items\">\n<div class=\"field__item inline\">\n<article class=\"node node--type-fiche-individu node--view-mode-teaser clearfix\" role=\"article\" data-history-node-id=\"1465\">\n<div class=\"node__container\">\n<div class=\"node__main-content clearfix\">\n<header class=\"node__header inline\"><span class=\"node__title\"><span class=\"field field--name-title field--type-string field--label-hidden\">Jimmie LeBlanc <\/span><\/span>:\u00a0<span class=\"ital\"><span class=\"field field--name-title field--type-string field--label-hidden\">Tambours int\u00e9rieurs\u00a0<\/span><\/span>,\u00a0<span class=\"field field--name-field-annee-de-composition-fin- field--type-integer field--label-hidden field__item gras\">2010<\/span><\/header>\n<\/div>\n<\/div>\n<\/article>\n<\/div>\n<\/div>\n<\/div>\n<\/div>\n<\/article>\n<\/div>\n<\/div>\n<\/li>\n<li class=\"field__item font16\">\n<div class=\"paragraph paragraph--type--oeuvre-du-programme paragraph--view-mode--default\">\n<div class=\"field field--name-field-titre-oeuvre field--type-entity-reference field--label-hidden field--entity-reference-target-type-node clearfix field__item\">\n<article class=\"node node--type-oeuvre-musicale node--view-mode-teaser clearfix\" role=\"article\" data-history-node-id=\"5243\">\n<div class=\"node__container\">\n<div class=\"node__main-content clearfix\">\n<header><\/header>\n<div class=\"field field--name-field-compositeur field--type-entity-reference field--label-hidden field--entity-reference-target-type- clearfix field__items\">\n<div class=\"field__item inline\">\n<article class=\"node node--type-fiche-individu node--view-mode-teaser clearfix\" role=\"article\" data-history-node-id=\"5221\">\n<div class=\"node__container\">\n<div class=\"node__main-content clearfix\">\n<header class=\"node__header inline\"><span class=\"node__title\"><span class=\"field field--name-title field--type-string field--label-hidden\">Akemi Naito <\/span><\/span>:\u00a0<span class=\"ital\"><span class=\"field field--name-title field--type-string field--label-hidden\">Ubazakura\u00a0<\/span><\/span>,\u00a0<span class=\"field field--name-field-annee-de-composition-fin- field--type-integer field--label-hidden field__item gras\">2017<\/span><\/header>\n<\/div>\n<\/div>\n<\/article>\n<\/div>\n<\/div>\n<\/div>\n<\/div>\n<\/article>\n<\/div>\n<\/div>\n<\/li>\n<li class=\"field__item font16\">\n<div class=\"paragraph paragraph--type--oeuvre-du-programme paragraph--view-mode--default\">\n<div class=\"field field--name-field-titre-oeuvre field--type-entity-reference field--label-hidden field--entity-reference-target-type-node clearfix field__item\">\n<article class=\"node node--type-oeuvre-musicale node--view-mode-teaser clearfix\" role=\"article\" data-history-node-id=\"5244\">\n<div class=\"node__container\">\n<div class=\"node__main-content clearfix\">\n<header><\/header>\n<div class=\"field field--name-field-compositeur field--type-entity-reference field--label-hidden field--entity-reference-target-type- clearfix field__items\">\n<div class=\"field__item inline\">\n<article class=\"node node--type-fiche-individu node--view-mode-teaser clearfix\" role=\"article\" data-history-node-id=\"5222\">\n<div class=\"node__container\">\n<div class=\"node__main-content clearfix\">\n<header class=\"node__header inline\"><span class=\"node__title\"><span class=\"field field--name-title field--type-string field--label-hidden\">Yuji Itoh <\/span><\/span>:\u00a0<span class=\"ital\"><span class=\"field field--name-title field--type-string field--label-hidden\">The Reconciliation\u00a0<\/span><\/span>,\u00a0<span class=\"field field--name-field-annee-de-composition-fin- field--type-integer field--label-hidden field__item gras\">2017<\/span><\/header>\n<\/div>\n<\/div>\n<\/article>\n<\/div>\n<\/div>\n<\/div>\n<\/div>\n<\/article>\n<\/div>\n<\/div>\n<\/li>\n<li class=\"field__item font16\">\n<div class=\"paragraph paragraph--type--oeuvre-du-programme paragraph--view-mode--default\">\n<div class=\"field field--name-field-titre-oeuvre field--type-entity-reference field--label-hidden field--entity-reference-target-type-node clearfix field__item\">\n<article class=\"node node--type-oeuvre-musicale node--view-mode-teaser clearfix\" role=\"article\" data-history-node-id=\"5245\">\n<div class=\"node__container\">\n<div class=\"node__main-content clearfix\">\n<header><\/header>\n<div class=\"field field--name-field-compositeur field--type-entity-reference field--label-hidden field--entity-reference-target-type- clearfix field__items\">\n<div class=\"field__item inline\">\n<article class=\"node node--type-fiche-individu node--view-mode-teaser clearfix\" role=\"article\" data-history-node-id=\"5220\">\n<div class=\"node__container\">\n<div class=\"node__main-content clearfix\">\n<header class=\"node__header inline\"><span class=\"node__title\"><span class=\"field field--name-title field--type-string field--label-hidden\">John McLachlan <\/span><\/span>:\u00a0<span class=\"ital\"><span class=\"field field--name-title field--type-string field--label-hidden\">Fragment (after Lafcadio Hearn)\u00a0<\/span><\/span>,\u00a0<span class=\"field field--name-field-annee-de-composition-fin- field--type-integer field--label-hidden field__item gras\">2016<\/span><\/header>\n<\/div>\n<\/div>\n<\/article>\n<\/div>\n<\/div>\n<\/div>\n<\/div>\n<\/article>\n<\/div>\n<\/div>\n<\/li>\n<li class=\"field__item font16\">\n<div class=\"paragraph paragraph--type--oeuvre-du-programme paragraph--view-mode--default\">\n<div class=\"field field--name-field-titre-oeuvre field--type-entity-reference field--label-hidden field--entity-reference-target-type-node clearfix field__item\">\n<article class=\"node node--type-oeuvre-musicale node--view-mode-teaser clearfix\" role=\"article\" data-history-node-id=\"5248\">\n<div class=\"node__container\">\n<div class=\"node__main-content clearfix\">\n<header><\/header>\n<div class=\"field field--name-field-compositeur field--type-entity-reference field--label-hidden field--entity-reference-target-type- clearfix field__items\">\n<div class=\"field__item inline\">\n<article class=\"node node--type-fiche-individu node--view-mode-teaser clearfix\" role=\"article\" data-history-node-id=\"5247\">\n<div class=\"node__container\">\n<div class=\"node__main-content clearfix\">\n<header class=\"node__header inline\"><span class=\"node__title\"><span class=\"field field--name-title field--type-string field--label-hidden\">Paul Hayes <\/span><\/span>:\u00a0<span class=\"ital\"><span class=\"field field--name-title field--type-string field--label-hidden\">The Second Heaven of Desire in Old Tramore\u00a0<\/span><\/span>,\u00a0<span class=\"field field--name-field-annee-de-composition-fin- field--type-integer field--label-hidden field__item gras\">2017<\/span><\/header>\n<\/div>\n<\/div>\n<\/article>\n<\/div>\n<\/div>\n<\/div>\n<\/div>\n<\/article>\n<\/div>\n<\/div>\n<\/li>\n<\/ul>\n<p><strong>Le 21 septembre, 19 h 30, salle bleue de l&rsquo;\u00c9difice Wilder<\/strong> <a href=\"https:\/\/levivier.ca\/fr\/concert\/saison-2023-24\/quatuor-bozzini-et-satoko-inoue\" target=\"_blank\" rel=\"noopener\">D\u00c9TAILS ET BILLETS<\/a><\/p>\n<p>Le lendemain, le <strong>Bozzini<\/strong> pr\u00e9sente la 18e \u00e9dition de son projet Composer&rsquo;s Kitchen, un programme de r\u00e9sidence pour compositeur\u00b7trice\u00b7s \u00e9mergent\u00b7e\u00b7s avec des ateliers et des classes de ma\u00eetre, qui d\u00e9bouche sur quatre cr\u00e9ations pour le quatuor \u00e0 cordes. Pour cette \u00e9dition, les compositeur\u00b7trice\u00b7s canadien\u00b7ne\u00b7s <strong>Maria-Eduarda Martins<\/strong> et <strong>Louis-Michel Tougas<\/strong>, ainsi que les n\u00e9erlandais <strong>David Ko<\/strong> et <strong>Gijs van der Heijden<\/strong> ont \u00e9t\u00e9 s\u00e9lectionn\u00e9\u00b7e\u00b7s.<\/p>\n<p><strong>Le 22 septembre, 19 h 30, salle bleue de l&rsquo;\u00c9difice Wilder<\/strong> <a href=\"https:\/\/levivier.ca\/fr\/concert\/saison-2023-24\/composers-kitchen\" target=\"_blank\" rel=\"noopener\">D\u00c9TAILS ET BILLETS<\/a><\/p>\n<p>&nbsp;<\/p>\n<p>&nbsp;<\/p>\n<figure id=\"attachment_77005\" aria-describedby=\"caption-attachment-77005\" style=\"width: 1011px\" class=\"wp-caption alignnone\"><img decoding=\"async\" loading=\"lazy\" class=\"size-full wp-image-77005\" src=\"https:\/\/www.ludwig-van.com\/montreal\/wp-content\/uploads\/sites\/3\/2023\/07\/Catherine-St-Arnaud.jpg\" alt=\"Catherine St-Arnaud, soprano, fera partie des artistes invit\u00e9s d'Abercorn lyrique (Photo: courtoisie)\" width=\"1011\" height=\"781\" \/><figcaption id=\"caption-attachment-77005\" class=\"wp-caption-text\">Catherine St-Arnaud, soprano, fait partie des solistes invit\u00e9s de Clavecin en concert, ce vendredi (Photo: courtoisie)<\/figcaption><\/figure>\n<h3>Clavecin en concert: musique fran\u00e7aise<\/h3>\n<p><strong>Clavecin en concert<\/strong>\u00a0souligne le 250e anniversaire de la Chapelle Notre-Dame-de-Bon-Secours avec le concert\u00a0<em>Musique fran\u00e7aise au temps des b\u00e2tisseurs<\/em>, un programme fort int\u00e9ressant o\u00f9 l\u2019on pourra entendre des pi\u00e8ces de Couperin, de Michel Blavet, de Jean-Marie Leclair et de Rameau avec d\u2019excellents solistes d\u2019ici, dont\u00a0<strong>Catherine St-Arnaud<\/strong>, soprano, et\u00a0<strong>Gr\u00e9goire Jeay<\/strong>, fl\u00fbtiste.<\/p>\n<p><strong>Le 22 septembre, 19 h 30.<\/strong>\u00a0<a href=\"https:\/\/clavecinenconcert.com\/musique-francaise-au-temps-des-batisseurs\/\" target=\"_blank\" rel=\"noopener\">D\u00c9TAILS ET BILLETS<\/a><\/p>\n<p>&nbsp;<\/p>\n<figure id=\"attachment_54655\" aria-describedby=\"caption-attachment-54655\" style=\"width: 1024px\" class=\"wp-caption alignnone\"><img decoding=\"async\" loading=\"lazy\" class=\"size-full wp-image-54655\" src=\"https:\/\/www.ludwig-van.com\/montreal\/wp-content\/uploads\/sites\/3\/2018\/06\/P2070049.jpg\" alt=\"Hugo Laporte (Photo : Catherine Charron-Drolet)\" width=\"1024\" height=\"768\" srcset=\"https:\/\/www.ludwig-van.com\/montreal\/wp-content\/uploads\/sites\/3\/2018\/06\/P2070049.jpg 1024w, https:\/\/www.ludwig-van.com\/montreal\/wp-content\/uploads\/sites\/3\/2018\/06\/P2070049-300x225.jpg 300w, https:\/\/www.ludwig-van.com\/montreal\/wp-content\/uploads\/sites\/3\/2018\/06\/P2070049-768x576.jpg 768w\" sizes=\"(max-width: 1024px) 100vw, 1024px\" \/><figcaption id=\"caption-attachment-54655\" class=\"wp-caption-text\">Hugo Laporte (Photo : Catherine Charron-Drolet)<\/figcaption><\/figure>\n<p><strong>Les Noces de Figaro<\/strong><\/p>\n<p><strong>L&rsquo;Op\u00e9ra de Montr\u00e9al<\/strong> pr\u00e9sente <em>Les Noces de Figaro<\/em> avec une distribution principalement compos\u00e9e des artistes de son Atelier lyrique, dans une mise en sc\u00e8ne de Stephen Lawless. Avec Leon Ko\u0161avi\u0107 (Figaro), Andrea N\u00fa\u00f1ez (Susanna), Hugo Laporte (Comte Almaviva), Kirsten MacKinnon (Comtesse Almaviva), Katie Fernandez (Cherubino). L&rsquo;Orchestre M\u00e9tropolitain sera dirig\u00e9 par Nicolas Ellis.<\/p>\n<p><strong>Les 23, 26 et 28 septembre \u00e0 19 h 30 et 1er octobre \u00e0 14 h, salle Wilfrid-Pelletier.<\/strong> <a href=\"https:\/\/www.operademontreal.com\/programmation\/les-noces-de-figaro\" target=\"_blank\" rel=\"noopener\">D\u00c9TAILS ET BILLETS<\/a><\/p>\n<p>&nbsp;<\/p>\n<p>&nbsp;<\/p>\n<figure id=\"attachment_77952\" aria-describedby=\"caption-attachment-77952\" style=\"width: 1000px\" class=\"wp-caption alignnone\"><img decoding=\"async\" loading=\"lazy\" class=\"size-full wp-image-77952\" src=\"https:\/\/www.ludwig-van.com\/montreal\/wp-content\/uploads\/sites\/3\/2023\/09\/sandeep-bhagwati.jpg\" alt=\"\" width=\"1000\" height=\"1528\" srcset=\"https:\/\/www.ludwig-van.com\/montreal\/wp-content\/uploads\/sites\/3\/2023\/09\/sandeep-bhagwati.jpg 1000w, https:\/\/www.ludwig-van.com\/montreal\/wp-content\/uploads\/sites\/3\/2023\/09\/sandeep-bhagwati-196x300.jpg 196w, https:\/\/www.ludwig-van.com\/montreal\/wp-content\/uploads\/sites\/3\/2023\/09\/sandeep-bhagwati-670x1024.jpg 670w, https:\/\/www.ludwig-van.com\/montreal\/wp-content\/uploads\/sites\/3\/2023\/09\/sandeep-bhagwati-768x1174.jpg 768w\" sizes=\"(max-width: 1000px) 100vw, 1000px\" \/><figcaption id=\"caption-attachment-77952\" class=\"wp-caption-text\">Sandeep Bhagwati, compositeur (Photo: courtoisie de la SMCQ)<\/figcaption><\/figure>\n<h3>SMCQ: Sandeep Bhagwati<\/h3>\n<p>Le compositeur <strong>Sandeep Bhagwati<\/strong> est au c\u0153ur des \u00e9v\u00e9nements qui rythmeront la 8e \u00e9dition de sa s\u00e9rie Hommage pr\u00e9sent\u00e9e par la SMCQ au cours de sa 58e saison 2023-2024. D\u00e8s cet automne, une vingtaine d\u2019\u00e9v\u00e9nements c\u00e9l\u00e9brant sa musique vous seront propos\u00e9s avec 16 concerts, une exposition et des activit\u00e9s jeunesses. Le premier concert de cet hommage, <strong>Amiti\u00e9s et \u00e9tranget\u00e9s<\/strong>, a lieu ce dimanche.<\/p>\n<p><strong>Le 24 septembre, 15 h, salle Pierre-Mercure<\/strong> <a href=\"https:\/\/www.smcq.qc.ca\/smcq\/fr\/evenement\/45608\/amities-et-etrangetes\" target=\"_blank\" rel=\"noopener\">D\u00c9TAILS ET BILLETS<\/a><\/p>\n<p>&nbsp;<\/p>\n<figure id=\"attachment_77171\" aria-describedby=\"caption-attachment-77171\" style=\"width: 801px\" class=\"wp-caption alignnone\"><img decoding=\"async\" loading=\"lazy\" class=\"size-full wp-image-77171\" src=\"https:\/\/www.ludwig-van.com\/montreal\/wp-content\/uploads\/sites\/3\/2017\/09\/Vincent-Lauzer-Matthew-Perrin.jpg\" alt=\"Vincent Lauzer Cr\u00e9dit : Matthew Perrin\" width=\"801\" height=\"1200\" \/><figcaption id=\"caption-attachment-77171\" class=\"wp-caption-text\">Vincent Lauzer<br \/>Cr\u00e9dit : Matthew Perrin<\/figcaption><\/figure>\n<h3>Les Id\u00e9es heureuses: Naples<\/h3>\n<p>\u00c0 l\u2019image de la musique baroque napolitaine d\u00e9peinte comme virtuose, expressive et lumineuse, le fl\u00fbtiste \u00e0 bec <strong>Vincent Lauzer<\/strong> interpr\u00e8tera les plus belles pages du r\u00e9pertoire instrumental du 18e si\u00e8cle, compos\u00e9es dans cette ville foisonnante de culture. Avec sept musicien.ne.s de <strong>Les Id\u00e9es heureuses.<\/strong><\/p>\n<p><strong>Le 24 septembre, 14h30, Salle Bourgie<\/strong> <a href=\"https:\/\/www.mbam.qc.ca\/fr\/activites\/les-idees-heureuses---vincent-lauzer-lart-de-la-flute-a-naples-1\/\" target=\"_blank\" rel=\"noopener\">D\u00c9TAILS ET BILLETS<\/a><\/p>\n<p>&nbsp;<\/p>\n<h2><em>Inscrivez-vous \u00e0 notre infolettre! La musique classique et l&rsquo;op\u00e9ra en 5 minutes, chaque jour<\/em> \u00a0<span style=\"color: #ff0000;\"><a style=\"color: #ff0000;\" href=\"https:\/\/ludwig-van.us9.list-manage.com\/subscribe?u=4f785cb3f9058f2393ccad035&amp;id=b9b160c032\" target=\"_blank\" rel=\"noopener noreferrer\">ICI\u00a0<\/a><\/span><\/h2>\n","protected":false},"excerpt":{"rendered":"<p>C&rsquo;est enfin le retour officiel des Choix de la r\u00e9daction! Cette semaine, la saison 23-24 prend sa vitesse de croisi\u00e8re avec les concerts d&rsquo;ouverture de plusieurs ensembles, dont Les Violons du Roy, tandis que l&rsquo;OSM nous offre la bien nomm\u00e9 Titan de Gustav Mahler et que l&rsquo;Op\u00e9ra de Montr\u00e9al pr\u00e9sente Les Noces de Figaro.<\/p>\n","protected":false},"author":1,"featured_media":77957,"comment_status":"open","ping_status":"open","sticky":false,"template":"","format":"standard","meta":{"om_disable_all_campaigns":false,"jetpack_post_was_ever_published":false},"categories":[42065,10956,10994],"tags":[19643,1947,1949,4485,11968],"yst_prominent_words":[9878,9863,26822,13120,26028,26052,9877,26017,26016,26019],"acf":[],"jetpack_featured_media_url":"https:\/\/www.ludwig-van.com\/montreal\/wp-content\/uploads\/sites\/3\/2023\/09\/Copie-de-CONCERTS-2023-09-18T122331.076-1.jpg","jetpack_sharing_enabled":true,"jetpack_shortlink":"https:\/\/wp.me\/p9bdYt-khe","amp_enabled":true,"_links":{"self":[{"href":"https:\/\/www.ludwig-van.com\/montreal\/wp-json\/wp\/v2\/posts\/77948"}],"collection":[{"href":"https:\/\/www.ludwig-van.com\/montreal\/wp-json\/wp\/v2\/posts"}],"about":[{"href":"https:\/\/www.ludwig-van.com\/montreal\/wp-json\/wp\/v2\/types\/post"}],"author":[{"embeddable":true,"href":"https:\/\/www.ludwig-van.com\/montreal\/wp-json\/wp\/v2\/users\/1"}],"replies":[{"embeddable":true,"href":"https:\/\/www.ludwig-van.com\/montreal\/wp-json\/wp\/v2\/comments?post=77948"}],"version-history":[{"count":8,"href":"https:\/\/www.ludwig-van.com\/montreal\/wp-json\/wp\/v2\/posts\/77948\/revisions"}],"predecessor-version":[{"id":77960,"href":"https:\/\/www.ludwig-van.com\/montreal\/wp-json\/wp\/v2\/posts\/77948\/revisions\/77960"}],"wp:featuredmedia":[{"embeddable":true,"href":"https:\/\/www.ludwig-van.com\/montreal\/wp-json\/wp\/v2\/media\/77957"}],"wp:attachment":[{"href":"https:\/\/www.ludwig-van.com\/montreal\/wp-json\/wp\/v2\/media?parent=77948"}],"wp:term":[{"taxonomy":"category","embeddable":true,"href":"https:\/\/www.ludwig-van.com\/montreal\/wp-json\/wp\/v2\/categories?post=77948"},{"taxonomy":"post_tag","embeddable":true,"href":"https:\/\/www.ludwig-van.com\/montreal\/wp-json\/wp\/v2\/tags?post=77948"},{"taxonomy":"yst_prominent_words","embeddable":true,"href":"https:\/\/www.ludwig-van.com\/montreal\/wp-json\/wp\/v2\/yst_prominent_words?post=77948"}],"curies":[{"name":"wp","href":"https:\/\/api.w.org\/{rel}","templated":true}]}}